{"id":1154,"date":"2024-01-01T14:03:28","date_gmt":"2024-01-01T14:03:28","guid":{"rendered":"https:\/\/vanxhaber.com\/?p=1154"},"modified":"2024-01-01T14:03:30","modified_gmt":"2024-01-01T14:03:30","slug":"tuncelide-42-buyuklugunde-deprem","status":"publish","type":"post","link":"https:\/\/vanxhaber.com\/index.php\/2024\/01\/01\/tuncelide-42-buyuklugunde-deprem\/","title":{"rendered":"TUNCEL\u0130&#8217;DE 4,2 B\u00dcY\u00dcKL\u00dc\u011e\u00dcNDE DEPREM"},"content":{"rendered":"\n<p>Tunceli&#8217;nin P\u00fcl\u00fcm\u00fcr il\u00e7esinde korkutan bir deprem meydana geldi. AFAD saat 16.28&#8217;de ya\u015fanan depremin b\u00fcy\u00fckl\u00fc\u011f\u00fcn\u00fcn 4,2 oldu\u011funu a\u00e7\u0131klad\u0131. Deprem yerin 8,7 kilometre derinli\u011finde meydana geldi.<\/p>\n","protected":false},"excerpt":{"rendered":"<p>Tunceli&#8217;nin P\u00fcl\u00fcm\u00fcr il\u00e7esinde korkutan bir deprem meydana geldi. AFAD saat 16.28&#8217;de ya\u015fanan depremin b\u00fcy\u00fckl\u00fc\u011f\u00fcn\u00fcn 4,2 oldu\u011funu a\u00e7\u0131klad\u0131. Deprem yerin 8,7 kilometre derinli\u011finde meydana geldi.<\/p>\n","protected":false},"author":2,"featured_media":1156,"comment_status":"open","ping_status":"closed","sticky":false,"template":"","format":"standard","meta":{"googlesitekit_rrm_CAowot3VCw:productID":"","footnotes":""},"categories":[28,27,32,1,24,29,25,26,30,31],"tags":[33,38,34,36],"class_list":["post-1154","post","type-post","status-publish","format-standard","has-post-thumbnail","hentry","category-van-egitim","category-van-emniyet","category-van-genclik","category-van-haber","category-van-haberleri","category-van-kaza","category-van-magazin","category-van-siyaset","category-van-x-haber","category-van-yapay-zeka","tag-deprem","tag-son-dakika","tag-van","tag-van-haberleri"],"yoast_head":"<!-- This site is optimized with the Yoast SEO Premium plugin v21.7 (Yoast SEO v26.7) - https:\/\/yoast.com\/wordpress\/plugins\/seo\/ -->\n<title>TUNCEL\u0130&#039;DE 4,2 B\u00dcY\u00dcKL\u00dc\u011e\u00dcNDE DEPREM - Van Haber | Van X Haber | Van Haberleri<\/title>\n<meta name=\"robots\" content=\"index, follow, max-snippet:-1, max-image-preview:large, max-video-preview:-1\" \/>\n<link rel=\"canonical\" href=\"https:\/\/vanxhaber.com\/index.php\/2024\/01\/01\/tuncelide-42-buyuklugunde-deprem\/\" \/>\n<meta property=\"og:locale\" content=\"tr_TR\" \/>\n<meta property=\"og:type\" content=\"article\" \/>\n<meta property=\"og:title\" content=\"TUNCEL\u0130&#039;DE 4,2 B\u00dcY\u00dcKL\u00dc\u011e\u00dcNDE DEPREM\" \/>\n<meta property=\"og:description\" content=\"Tunceli&#8217;nin P\u00fcl\u00fcm\u00fcr il\u00e7esinde korkutan bir deprem meydana geldi. AFAD saat 16.28&#8217;de ya\u015fanan depremin b\u00fcy\u00fckl\u00fc\u011f\u00fcn\u00fcn 4,2 oldu\u011funu a\u00e7\u0131klad\u0131. Deprem yerin 8,7 kilometre derinli\u011finde meydana geldi.\" \/>\n<meta property=\"og:url\" content=\"https:\/\/vanxhaber.com\/index.php\/2024\/01\/01\/tuncelide-42-buyuklugunde-deprem\/\" \/>\n<meta property=\"og:site_name\" content=\"Van Haber | Van X Haber | Van Haberleri\" \/>\n<meta property=\"article:published_time\" content=\"2024-01-01T14:03:28+00:00\" \/>\n<meta property=\"article:modified_time\" content=\"2024-01-01T14:03:30+00:00\" \/>\n<meta property=\"og:image\" content=\"https:\/\/vanxhaber.com\/wp-content\/uploads\/2024\/01\/deprem.jpg\" \/>\n\t<meta property=\"og:image:width\" content=\"641\" \/>\n\t<meta property=\"og:image:height\" content=\"380\" \/>\n\t<meta property=\"og:image:type\" content=\"image\/jpeg\" \/>\n<meta name=\"author\" content=\"Van X Haber\" \/>\n<meta name=\"twitter:card\" content=\"summary_large_image\" \/>\n<meta name=\"twitter:label1\" content=\"Yazan:\" \/>\n\t<meta name=\"twitter:data1\" content=\"Van X Haber\" \/>\n\t<meta name=\"twitter:label2\" content=\"Tahmini okuma s\u00fcresi\" \/>\n\t<meta name=\"twitter:data2\" content=\"1 dakika\" \/>\n<script type=\"application\/ld+json\" class=\"yoast-schema-graph\">{\"@context\":\"https:\/\/schema.org\",\"@graph\":[{\"@type\":\"Article\",\"@id\":\"https:\/\/vanxhaber.com\/index.php\/2024\/01\/01\/tuncelide-42-buyuklugunde-deprem\/#article\",\"isPartOf\":{\"@id\":\"https:\/\/vanxhaber.com\/index.php\/2024\/01\/01\/tuncelide-42-buyuklugunde-deprem\/\"},\"author\":{\"name\":\"Van X Haber\",\"@id\":\"https:\/\/vanxhaber.com\/#\/schema\/person\/a5fd8d89510cb5370e62ad176f7978ee\"},\"headline\":\"TUNCEL\u0130&#8217;DE 4,2 B\u00dcY\u00dcKL\u00dc\u011e\u00dcNDE DEPREM\",\"datePublished\":\"2024-01-01T14:03:28+00:00\",\"dateModified\":\"2024-01-01T14:03:30+00:00\",\"mainEntityOfPage\":{\"@id\":\"https:\/\/vanxhaber.com\/index.php\/2024\/01\/01\/tuncelide-42-buyuklugunde-deprem\/\"},\"wordCount\":42,\"commentCount\":0,\"image\":{\"@id\":\"https:\/\/vanxhaber.com\/index.php\/2024\/01\/01\/tuncelide-42-buyuklugunde-deprem\/#primaryimage\"},\"thumbnailUrl\":\"https:\/\/vanxhaber.com\/wp-content\/uploads\/2024\/01\/deprem.jpg\",\"keywords\":[\"deprem\",\"son dakika\",\"van\",\"van haberleri\"],\"articleSection\":[\"Van E\u011fitim\",\"Van Emniyet\",\"Van\u00a0Gen\u00e7lik\",\"Van Haber\",\"Van Haberleri\",\"Van Kaza\",\"Van Magazin\",\"Van Siyaset\",\"Van X Haber\",\"Van Yapay Zeka\"],\"inLanguage\":\"tr\",\"potentialAction\":[{\"@type\":\"CommentAction\",\"name\":\"Comment\",\"target\":[\"https:\/\/vanxhaber.com\/index.php\/2024\/01\/01\/tuncelide-42-buyuklugunde-deprem\/#respond\"]}],\"copyrightYear\":\"2024\",\"copyrightHolder\":{\"@id\":\"https:\/\/vanxhaber.com\/#organization\"}},{\"@type\":\"WebPage\",\"@id\":\"https:\/\/vanxhaber.com\/index.php\/2024\/01\/01\/tuncelide-42-buyuklugunde-deprem\/\",\"url\":\"https:\/\/vanxhaber.com\/index.php\/2024\/01\/01\/tuncelide-42-buyuklugunde-deprem\/\",\"name\":\"TUNCEL\u0130'DE 4,2 B\u00dcY\u00dcKL\u00dc\u011e\u00dcNDE DEPREM - Van Haber | Van X Haber | Van Haberleri\",\"isPartOf\":{\"@id\":\"https:\/\/vanxhaber.com\/#website\"},\"primaryImageOfPage\":{\"@id\":\"https:\/\/vanxhaber.com\/index.php\/2024\/01\/01\/tuncelide-42-buyuklugunde-deprem\/#primaryimage\"},\"image\":{\"@id\":\"https:\/\/vanxhaber.com\/index.php\/2024\/01\/01\/tuncelide-42-buyuklugunde-deprem\/#primaryimage\"},\"thumbnailUrl\":\"https:\/\/vanxhaber.com\/wp-content\/uploads\/2024\/01\/deprem.jpg\",\"datePublished\":\"2024-01-01T14:03:28+00:00\",\"dateModified\":\"2024-01-01T14:03:30+00:00\",\"author\":{\"@id\":\"https:\/\/vanxhaber.com\/#\/schema\/person\/a5fd8d89510cb5370e62ad176f7978ee\"},\"breadcrumb\":{\"@id\":\"https:\/\/vanxhaber.com\/index.php\/2024\/01\/01\/tuncelide-42-buyuklugunde-deprem\/#breadcrumb\"},\"inLanguage\":\"tr\",\"potentialAction\":[{\"@type\":\"ReadAction\",\"target\":[\"https:\/\/vanxhaber.com\/index.php\/2024\/01\/01\/tuncelide-42-buyuklugunde-deprem\/\"]}]},{\"@type\":\"ImageObject\",\"inLanguage\":\"tr\",\"@id\":\"https:\/\/vanxhaber.com\/index.php\/2024\/01\/01\/tuncelide-42-buyuklugunde-deprem\/#primaryimage\",\"url\":\"https:\/\/vanxhaber.com\/wp-content\/uploads\/2024\/01\/deprem.jpg\",\"contentUrl\":\"https:\/\/vanxhaber.com\/wp-content\/uploads\/2024\/01\/deprem.jpg\",\"width\":641,\"height\":380},{\"@type\":\"BreadcrumbList\",\"@id\":\"https:\/\/vanxhaber.com\/index.php\/2024\/01\/01\/tuncelide-42-buyuklugunde-deprem\/#breadcrumb\",\"itemListElement\":[{\"@type\":\"ListItem\",\"position\":1,\"name\":\"Anasayfa\",\"item\":\"https:\/\/vanxhaber.com\/\"},{\"@type\":\"ListItem\",\"position\":2,\"name\":\"TUNCEL\u0130&#8217;DE 4,2 B\u00dcY\u00dcKL\u00dc\u011e\u00dcNDE DEPREM\"}]},{\"@type\":\"WebSite\",\"@id\":\"https:\/\/vanxhaber.com\/#website\",\"url\":\"https:\/\/vanxhaber.com\/\",\"name\":\"Van Haber | Van X Haber | Van Haberleri\",\"description\":\"Van Haber, Van&#039;\u0131n ilk yapay zeka teknolojileri ile yaz\u0131lan Van X Haber ve Van Haberlerini aktif g\u00fcncel sunan tek vanhaber merkezidir.\",\"potentialAction\":[{\"@type\":\"SearchAction\",\"target\":{\"@type\":\"EntryPoint\",\"urlTemplate\":\"https:\/\/vanxhaber.com\/?s={search_term_string}\"},\"query-input\":{\"@type\":\"PropertyValueSpecification\",\"valueRequired\":true,\"valueName\":\"search_term_string\"}}],\"inLanguage\":\"tr\"},{\"@type\":\"Person\",\"@id\":\"https:\/\/vanxhaber.com\/#\/schema\/person\/a5fd8d89510cb5370e62ad176f7978ee\",\"name\":\"Van X Haber\",\"image\":{\"@type\":\"ImageObject\",\"inLanguage\":\"tr\",\"@id\":\"https:\/\/vanxhaber.com\/#\/schema\/person\/image\/\",\"url\":\"https:\/\/secure.gravatar.com\/avatar\/36f2f63826681263103acb5ca1e7bc1a6db11baea9b75dd091d89b74f2704b07?s=96&d=mm&r=g\",\"contentUrl\":\"https:\/\/secure.gravatar.com\/avatar\/36f2f63826681263103acb5ca1e7bc1a6db11baea9b75dd091d89b74f2704b07?s=96&d=mm&r=g\",\"caption\":\"Van X Haber\"},\"description\":\"Van X Haber Van'\u0131n ilk ve tek yeni nesil Van Haber merkezi. Son Dakika Van Haberleri ve G\u00fcncel Van haber merkezinde s\u0131cak geli\u015fmeleri aktarmaya devam edece\u011fiz.\",\"url\":\"https:\/\/vanxhaber.com\/index.php\/author\/vangazetesi\/\"}]}<\/script>\n<!-- \/ Yoast SEO Premium plugin. -->","yoast_head_json":{"title":"TUNCEL\u0130'DE 4,2 B\u00dcY\u00dcKL\u00dc\u011e\u00dcNDE DEPREM - Van Haber | Van X Haber | Van Haberleri","robots":{"index":"index","follow":"follow","max-snippet":"max-snippet:-1","max-image-preview":"max-image-preview:large","max-video-preview":"max-video-preview:-1"},"canonical":"https:\/\/vanxhaber.com\/index.php\/2024\/01\/01\/tuncelide-42-buyuklugunde-deprem\/","og_locale":"tr_TR","og_type":"article","og_title":"TUNCEL\u0130'DE 4,2 B\u00dcY\u00dcKL\u00dc\u011e\u00dcNDE DEPREM","og_description":"Tunceli&#8217;nin P\u00fcl\u00fcm\u00fcr il\u00e7esinde korkutan bir deprem meydana geldi. AFAD saat 16.28&#8217;de ya\u015fanan depremin b\u00fcy\u00fckl\u00fc\u011f\u00fcn\u00fcn 4,2 oldu\u011funu a\u00e7\u0131klad\u0131. Deprem yerin 8,7 kilometre derinli\u011finde meydana geldi.","og_url":"https:\/\/vanxhaber.com\/index.php\/2024\/01\/01\/tuncelide-42-buyuklugunde-deprem\/","og_site_name":"Van Haber | Van X Haber | Van Haberleri","article_published_time":"2024-01-01T14:03:28+00:00","article_modified_time":"2024-01-01T14:03:30+00:00","og_image":[{"width":641,"height":380,"url":"https:\/\/vanxhaber.com\/wp-content\/uploads\/2024\/01\/deprem.jpg","type":"image\/jpeg"}],"author":"Van X Haber","twitter_card":"summary_large_image","twitter_misc":{"Yazan:":"Van X Haber","Tahmini okuma s\u00fcresi":"1 dakika"},"schema":{"@context":"https:\/\/schema.org","@graph":[{"@type":"Article","@id":"https:\/\/vanxhaber.com\/index.php\/2024\/01\/01\/tuncelide-42-buyuklugunde-deprem\/#article","isPartOf":{"@id":"https:\/\/vanxhaber.com\/index.php\/2024\/01\/01\/tuncelide-42-buyuklugunde-deprem\/"},"author":{"name":"Van X Haber","@id":"https:\/\/vanxhaber.com\/#\/schema\/person\/a5fd8d89510cb5370e62ad176f7978ee"},"headline":"TUNCEL\u0130&#8217;DE 4,2 B\u00dcY\u00dcKL\u00dc\u011e\u00dcNDE DEPREM","datePublished":"2024-01-01T14:03:28+00:00","dateModified":"2024-01-01T14:03:30+00:00","mainEntityOfPage":{"@id":"https:\/\/vanxhaber.com\/index.php\/2024\/01\/01\/tuncelide-42-buyuklugunde-deprem\/"},"wordCount":42,"commentCount":0,"image":{"@id":"https:\/\/vanxhaber.com\/index.php\/2024\/01\/01\/tuncelide-42-buyuklugunde-deprem\/#primaryimage"},"thumbnailUrl":"https:\/\/vanxhaber.com\/wp-content\/uploads\/2024\/01\/deprem.jpg","keywords":["deprem","son dakika","van","van haberleri"],"articleSection":["Van E\u011fitim","Van Emniyet","Van\u00a0Gen\u00e7lik","Van Haber","Van Haberleri","Van Kaza","Van Magazin","Van Siyaset","Van X Haber","Van Yapay Zeka"],"inLanguage":"tr","potentialAction":[{"@type":"CommentAction","name":"Comment","target":["https:\/\/vanxhaber.com\/index.php\/2024\/01\/01\/tuncelide-42-buyuklugunde-deprem\/#respond"]}],"copyrightYear":"2024","copyrightHolder":{"@id":"https:\/\/vanxhaber.com\/#organization"}},{"@type":"WebPage","@id":"https:\/\/vanxhaber.com\/index.php\/2024\/01\/01\/tuncelide-42-buyuklugunde-deprem\/","url":"https:\/\/vanxhaber.com\/index.php\/2024\/01\/01\/tuncelide-42-buyuklugunde-deprem\/","name":"TUNCEL\u0130'DE 4,2 B\u00dcY\u00dcKL\u00dc\u011e\u00dcNDE DEPREM - Van Haber | Van X Haber | Van Haberleri","isPartOf":{"@id":"https:\/\/vanxhaber.com\/#website"},"primaryImageOfPage":{"@id":"https:\/\/vanxhaber.com\/index.php\/2024\/01\/01\/tuncelide-42-buyuklugunde-deprem\/#primaryimage"},"image":{"@id":"https:\/\/vanxhaber.com\/index.php\/2024\/01\/01\/tuncelide-42-buyuklugunde-deprem\/#primaryimage"},"thumbnailUrl":"https:\/\/vanxhaber.com\/wp-content\/uploads\/2024\/01\/deprem.jpg","datePublished":"2024-01-01T14:03:28+00:00","dateModified":"2024-01-01T14:03:30+00:00","author":{"@id":"https:\/\/vanxhaber.com\/#\/schema\/person\/a5fd8d89510cb5370e62ad176f7978ee"},"breadcrumb":{"@id":"https:\/\/vanxhaber.com\/index.php\/2024\/01\/01\/tuncelide-42-buyuklugunde-deprem\/#breadcrumb"},"inLanguage":"tr","potentialAction":[{"@type":"ReadAction","target":["https:\/\/vanxhaber.com\/index.php\/2024\/01\/01\/tuncelide-42-buyuklugunde-deprem\/"]}]},{"@type":"ImageObject","inLanguage":"tr","@id":"https:\/\/vanxhaber.com\/index.php\/2024\/01\/01\/tuncelide-42-buyuklugunde-deprem\/#primaryimage","url":"https:\/\/vanxhaber.com\/wp-content\/uploads\/2024\/01\/deprem.jpg","contentUrl":"https:\/\/vanxhaber.com\/wp-content\/uploads\/2024\/01\/deprem.jpg","width":641,"height":380},{"@type":"BreadcrumbList","@id":"https:\/\/vanxhaber.com\/index.php\/2024\/01\/01\/tuncelide-42-buyuklugunde-deprem\/#breadcrumb","itemListElement":[{"@type":"ListItem","position":1,"name":"Anasayfa","item":"https:\/\/vanxhaber.com\/"},{"@type":"ListItem","position":2,"name":"TUNCEL\u0130&#8217;DE 4,2 B\u00dcY\u00dcKL\u00dc\u011e\u00dcNDE DEPREM"}]},{"@type":"WebSite","@id":"https:\/\/vanxhaber.com\/#website","url":"https:\/\/vanxhaber.com\/","name":"Van Haber | Van X Haber | Van Haberleri","description":"Van Haber, Van&#039;\u0131n ilk yapay zeka teknolojileri ile yaz\u0131lan Van X Haber ve Van Haberlerini aktif g\u00fcncel sunan tek vanhaber merkezidir.","potentialAction":[{"@type":"SearchAction","target":{"@type":"EntryPoint","urlTemplate":"https:\/\/vanxhaber.com\/?s={search_term_string}"},"query-input":{"@type":"PropertyValueSpecification","valueRequired":true,"valueName":"search_term_string"}}],"inLanguage":"tr"},{"@type":"Person","@id":"https:\/\/vanxhaber.com\/#\/schema\/person\/a5fd8d89510cb5370e62ad176f7978ee","name":"Van X Haber","image":{"@type":"ImageObject","inLanguage":"tr","@id":"https:\/\/vanxhaber.com\/#\/schema\/person\/image\/","url":"https:\/\/secure.gravatar.com\/avatar\/36f2f63826681263103acb5ca1e7bc1a6db11baea9b75dd091d89b74f2704b07?s=96&d=mm&r=g","contentUrl":"https:\/\/secure.gravatar.com\/avatar\/36f2f63826681263103acb5ca1e7bc1a6db11baea9b75dd091d89b74f2704b07?s=96&d=mm&r=g","caption":"Van X Haber"},"description":"Van X Haber Van'\u0131n ilk ve tek yeni nesil Van Haber merkezi. Son Dakika Van Haberleri ve G\u00fcncel Van haber merkezinde s\u0131cak geli\u015fmeleri aktarmaya devam edece\u011fiz.","url":"https:\/\/vanxhaber.com\/index.php\/author\/vangazetesi\/"}]}},"_links":{"self":[{"href":"https:\/\/vanxhaber.com\/index.php\/wp-json\/wp\/v2\/posts\/1154","targetHints":{"allow":["GET"]}}],"collection":[{"href":"https:\/\/vanxhaber.com\/index.php\/wp-json\/wp\/v2\/posts"}],"about":[{"href":"https:\/\/vanxhaber.com\/index.php\/wp-json\/wp\/v2\/types\/post"}],"author":[{"embeddable":true,"href":"https:\/\/vanxhaber.com\/index.php\/wp-json\/wp\/v2\/users\/2"}],"replies":[{"embeddable":true,"href":"https:\/\/vanxhaber.com\/index.php\/wp-json\/wp\/v2\/comments?post=1154"}],"version-history":[{"count":1,"href":"https:\/\/vanxhaber.com\/index.php\/wp-json\/wp\/v2\/posts\/1154\/revisions"}],"predecessor-version":[{"id":1157,"href":"https:\/\/vanxhaber.com\/index.php\/wp-json\/wp\/v2\/posts\/1154\/revisions\/1157"}],"wp:featuredmedia":[{"embeddable":true,"href":"https:\/\/vanxhaber.com\/index.php\/wp-json\/wp\/v2\/media\/1156"}],"wp:attachment":[{"href":"https:\/\/vanxhaber.com\/index.php\/wp-json\/wp\/v2\/media?parent=1154"}],"wp:term":[{"taxonomy":"category","embeddable":true,"href":"https:\/\/vanxhaber.com\/index.php\/wp-json\/wp\/v2\/categories?post=1154"},{"taxonomy":"post_tag","embeddable":true,"href":"https:\/\/vanxhaber.com\/index.php\/wp-json\/wp\/v2\/tags?post=1154"}],"curies":[{"name":"wp","href":"https:\/\/api.w.org\/{rel}","templated":true}]}}