{"id":1158,"date":"2024-01-01T14:06:40","date_gmt":"2024-01-01T14:06:40","guid":{"rendered":"https:\/\/vanxhaber.com\/?p=1158"},"modified":"2024-01-01T14:06:42","modified_gmt":"2024-01-01T14:06:42","slug":"japonyada-7-6lik-deprem","status":"publish","type":"post","link":"https:\/\/vanxhaber.com\/index.php\/2024\/01\/01\/japonyada-7-6lik-deprem\/","title":{"rendered":"Japonya&#8217;da 7.6&#8217;l\u0131k deprem"},"content":{"rendered":"\n<p>Japonya&#8217;da 7.6&#8217;l\u0131k depremin ard\u0131ndan tsunami b\u00f6yle geldiJaponya&#8217;n\u0131n bat\u0131s\u0131ndaki \u0130\u015fikawa eyaleti k\u0131y\u0131s\u0131nda 1,5 saat i\u00e7inde 5 ila 7.6 b\u00fcy\u00fckl\u00fc\u011f\u00fcnde 9 deprem meydana geldi. Yetkililer tsunami uyar\u0131s\u0131 yap\u0131p vatanda\u015flardan dikkatli olmalar\u0131n\u0131 isterken, dev dalgalar\u0131n geldi\u011fi anlar kameralara yans\u0131d\u0131. Japonya&#8217;da art arda 9 deprem meydana geldi. En b\u00fcy\u00fc\u011f\u00fc 7.6 b\u00fcy\u00fckl\u00fc\u011f\u00fcnde olan depremlerin ard\u0131ndan tsunami uyar\u0131s\u0131 yap\u0131ld\u0131. B\u00f6lgeden gelen g\u00f6r\u00fcnt\u00fclerde dev dalgalar\u0131n evleri yuttu\u011fu g\u00f6r\u00fcld\u00fc.<\/p>\n\n\n\n<p><\/p>\n\n\n\n<p><strong>BAZI EV VE YOLLARDA HASAR MEYDANA GELD\u0130<\/strong><\/p>\n\n\n\n<p>Japonya&#8217;n\u0131n bat\u0131s\u0131ndaki \u0130\u015fikawa eyaleti k\u0131y\u0131s\u0131nda bug\u00fcn 1.5 saat i\u00e7inde 5 ila 7.6 b\u00fcy\u00fckl\u00fc\u011f\u00fcnde 9 deprem meydana geldi. Japonya&#8217;n\u0131n Ishikawa eyaletinde meydana gelen ve \u00e7evre eyaletlerde de \u015fiddetli \u015fekilde hissedilen 7.6 b\u00fcy\u00fckl\u00fc\u011f\u00fcndeki depremin yol a\u00e7t\u0131\u011f\u0131 hasar netle\u015fmeye ba\u015flad\u0131. Yerel yetkililerden edinilen bilgilere g\u00f6re, Ishikawa, Toyama, Niigata, Fukui ve Gifu eyaletlerindeki baz\u0131 yol ve yap\u0131larda maddi hasar meydana gelirken, b\u00f6lgeden bir\u00e7ok yaralanma vakas\u0131 bildirildi. 32 B\u0130N <\/p>\n\n\n\n<p><strong>HANEDE ELEKTR\u0130K KES\u0130NT\u0130S\u0130 YA\u015eANIYOR <\/strong><\/p>\n\n\n\n<p>Ishikawa eyaletindeki Wajima \u015fehrinde bulunan baz\u0131 evlerde deprem sonras\u0131nda yang\u0131n \u00e7\u0131kt\u0131\u011f\u0131n\u0131 a\u00e7\u0131klayan yetkililer, toplam 32 bin 500 hanede ise elektrik kesintisi ya\u015fand\u0131\u011f\u0131n\u0131 bildirdi. \u0130tfaiye yetkilileri taraf\u0131ndan yap\u0131lan a\u00e7\u0131klamada, eyaletteki Noto b\u00f6lgesi ve Hakui \u015fehrinde de baz\u0131 evlerde y\u0131k\u0131m meydana geldi\u011fi belirtildi. <\/p>\n\n\n\n<p><strong>51 B\u0130N K\u0130\u015e\u0130 TAHL\u0130YE ED\u0130LECEK <\/strong><\/p>\n\n\n\n<p>Depremden en \u00e7ok etkilenen 5 eyalette toplam 51 bin ki\u015fiye y\u00f6nelik tahliye emri yay\u0131nland\u0131\u011f\u0131 kaydedilirken, Japonya Ba\u015f Kabine Sekreteri Yoshimasa Hayashi n\u00fckleer santrallerde herhangi bir hasar tespit edilmedi\u011fini a\u00e7\u0131klad\u0131. Demiryolu i\u015fletmecisi JR ise, Joetsu ve Hokuriku hatlar\u0131ndaki t\u00fcm h\u0131zl\u0131 tren seferlerinin ask\u0131ya al\u0131nd\u0131\u011f\u0131n\u0131 duyurdu. <\/p>\n\n\n\n<p><strong>DEV DALGALAR SAH\u0130L \u015eER\u0130D\u0130N\u0130 YUTTU <\/strong><\/p>\n\n\n\n<p>Depremin ard\u0131ndan Ishikawa, Toyama, Niigata, Fukui ve Gifu eyaletlerinin yan\u0131 s\u0131ra ba\u015fkent Tokyo ve \u00e7evresinde de hissedilen depremin ard\u0131ndan k\u0131y\u0131 kesimler i\u00e7in tsunami uyar\u0131s\u0131 yap\u0131ld\u0131. Baz\u0131 b\u00f6lgelerde y\u00fcksekli\u011fi 1.2 metreyi bulan dalgalar\u0131n g\u00f6zlendi\u011fi bildirildi. Dev dalgalar\u0131n geldi\u011fi anlar kameralara da yans\u0131d\u0131.  <\/p>\n","protected":false},"excerpt":{"rendered":"<p>Japonya&#8217;da 7.6&#8217;l\u0131k depremin ard\u0131ndan tsunami b\u00f6yle geldiJaponya&#8217;n\u0131n bat\u0131s\u0131ndaki \u0130\u015fikawa eyaleti k\u0131y\u0131s\u0131nda 1,5 saat i\u00e7inde 5 ila 7.6 b\u00fcy\u00fckl\u00fc\u011f\u00fcnde 9 deprem meydana geldi. Yetkililer tsunami uyar\u0131s\u0131 yap\u0131p vatanda\u015flardan dikkatli olmalar\u0131n\u0131 isterken, dev dalgalar\u0131n geldi\u011fi anlar kameralara yans\u0131d\u0131. Japonya&#8217;da art arda 9 deprem meydana geldi. En b\u00fcy\u00fc\u011f\u00fc 7.6 b\u00fcy\u00fckl\u00fc\u011f\u00fcnde olan depremlerin ard\u0131ndan tsunami uyar\u0131s\u0131 yap\u0131ld\u0131. B\u00f6lgeden gelen &hellip;<\/p>\n","protected":false},"author":2,"featured_media":1160,"comment_status":"open","ping_status":"closed","sticky":false,"template":"","format":"standard","meta":{"googlesitekit_rrm_CAowot3VCw:productID":"","footnotes":""},"categories":[28,27,32,1,24,29,25,26,30,31],"tags":[33,40],"class_list":["post-1158","post","type-post","status-publish","format-standard","has-post-thumbnail","hentry","category-van-egitim","category-van-emniyet","category-van-genclik","category-van-haber","category-van-haberleri","category-van-kaza","category-van-magazin","category-van-siyaset","category-van-x-haber","category-van-yapay-zeka","tag-deprem","tag-japonya"],"yoast_head":"<!-- This site is optimized with the Yoast SEO Premium plugin v21.7 (Yoast SEO v26.7) - https:\/\/yoast.com\/wordpress\/plugins\/seo\/ -->\n<title>Japonya&#039;da 7.6&#039;l\u0131k deprem - Van Haber | Van X Haber | Van Haberleri<\/title>\n<meta name=\"description\" content=\"Japonya&#039;da 7.6&#039;l\u0131k depremin ard\u0131ndan tsunami b\u00f6yle geldiJaponya&#039;n\u0131n bat\u0131s\u0131ndaki \u0130\u015fikawa eyaleti k\u0131y\u0131s\u0131nda 1,5 saat i\u00e7inde 5 ila 7.6 b\u00fcy\u00fckl\u00fc\u011f\u00fcnde 9 deprem meydana geldi.\" \/>\n<meta name=\"robots\" content=\"index, follow, max-snippet:-1, max-image-preview:large, max-video-preview:-1\" \/>\n<link rel=\"canonical\" href=\"https:\/\/vanxhaber.com\/index.php\/2024\/01\/01\/japonyada-7-6lik-deprem\/\" \/>\n<meta property=\"og:locale\" content=\"tr_TR\" \/>\n<meta property=\"og:type\" content=\"article\" \/>\n<meta property=\"og:title\" content=\"Japonya&#039;da 7.6&#039;l\u0131k deprem\" \/>\n<meta property=\"og:description\" content=\"Japonya&#039;da 7.6&#039;l\u0131k depremin ard\u0131ndan tsunami b\u00f6yle geldiJaponya&#039;n\u0131n bat\u0131s\u0131ndaki \u0130\u015fikawa eyaleti k\u0131y\u0131s\u0131nda 1,5 saat i\u00e7inde 5 ila 7.6 b\u00fcy\u00fckl\u00fc\u011f\u00fcnde 9 deprem meydana geldi.\" \/>\n<meta property=\"og:url\" content=\"https:\/\/vanxhaber.com\/index.php\/2024\/01\/01\/japonyada-7-6lik-deprem\/\" \/>\n<meta property=\"og:site_name\" content=\"Van Haber | Van X Haber | Van Haberleri\" \/>\n<meta property=\"article:published_time\" content=\"2024-01-01T14:06:40+00:00\" \/>\n<meta property=\"article:modified_time\" content=\"2024-01-01T14:06:42+00:00\" \/>\n<meta property=\"og:image\" content=\"https:\/\/vanxhaber.com\/wp-content\/uploads\/2024\/01\/depremler.jpg\" \/>\n\t<meta property=\"og:image:width\" content=\"641\" \/>\n\t<meta property=\"og:image:height\" content=\"380\" \/>\n\t<meta property=\"og:image:type\" content=\"image\/jpeg\" \/>\n<meta name=\"author\" content=\"Van X Haber\" \/>\n<meta name=\"twitter:card\" content=\"summary_large_image\" \/>\n<meta name=\"twitter:label1\" content=\"Yazan:\" \/>\n\t<meta name=\"twitter:data1\" content=\"Van X Haber\" \/>\n\t<meta name=\"twitter:label2\" content=\"Tahmini okuma s\u00fcresi\" \/>\n\t<meta name=\"twitter:data2\" content=\"2 dakika\" \/>\n<script type=\"application\/ld+json\" class=\"yoast-schema-graph\">{\"@context\":\"https:\/\/schema.org\",\"@graph\":[{\"@type\":\"Article\",\"@id\":\"https:\/\/vanxhaber.com\/index.php\/2024\/01\/01\/japonyada-7-6lik-deprem\/#article\",\"isPartOf\":{\"@id\":\"https:\/\/vanxhaber.com\/index.php\/2024\/01\/01\/japonyada-7-6lik-deprem\/\"},\"author\":{\"name\":\"Van X Haber\",\"@id\":\"https:\/\/vanxhaber.com\/#\/schema\/person\/a5fd8d89510cb5370e62ad176f7978ee\"},\"headline\":\"Japonya&#8217;da 7.6&#8217;l\u0131k deprem\",\"datePublished\":\"2024-01-01T14:06:40+00:00\",\"dateModified\":\"2024-01-01T14:06:42+00:00\",\"mainEntityOfPage\":{\"@id\":\"https:\/\/vanxhaber.com\/index.php\/2024\/01\/01\/japonyada-7-6lik-deprem\/\"},\"wordCount\":375,\"commentCount\":0,\"image\":{\"@id\":\"https:\/\/vanxhaber.com\/index.php\/2024\/01\/01\/japonyada-7-6lik-deprem\/#primaryimage\"},\"thumbnailUrl\":\"https:\/\/vanxhaber.com\/wp-content\/uploads\/2024\/01\/depremler.jpg\",\"keywords\":[\"deprem\",\"japonya\"],\"articleSection\":[\"Van E\u011fitim\",\"Van Emniyet\",\"Van\u00a0Gen\u00e7lik\",\"Van Haber\",\"Van Haberleri\",\"Van Kaza\",\"Van Magazin\",\"Van Siyaset\",\"Van X Haber\",\"Van Yapay Zeka\"],\"inLanguage\":\"tr\",\"potentialAction\":[{\"@type\":\"CommentAction\",\"name\":\"Comment\",\"target\":[\"https:\/\/vanxhaber.com\/index.php\/2024\/01\/01\/japonyada-7-6lik-deprem\/#respond\"]}],\"copyrightYear\":\"2024\",\"copyrightHolder\":{\"@id\":\"https:\/\/vanxhaber.com\/#organization\"}},{\"@type\":\"WebPage\",\"@id\":\"https:\/\/vanxhaber.com\/index.php\/2024\/01\/01\/japonyada-7-6lik-deprem\/\",\"url\":\"https:\/\/vanxhaber.com\/index.php\/2024\/01\/01\/japonyada-7-6lik-deprem\/\",\"name\":\"Japonya'da 7.6'l\u0131k deprem - Van Haber | Van X Haber | Van Haberleri\",\"isPartOf\":{\"@id\":\"https:\/\/vanxhaber.com\/#website\"},\"primaryImageOfPage\":{\"@id\":\"https:\/\/vanxhaber.com\/index.php\/2024\/01\/01\/japonyada-7-6lik-deprem\/#primaryimage\"},\"image\":{\"@id\":\"https:\/\/vanxhaber.com\/index.php\/2024\/01\/01\/japonyada-7-6lik-deprem\/#primaryimage\"},\"thumbnailUrl\":\"https:\/\/vanxhaber.com\/wp-content\/uploads\/2024\/01\/depremler.jpg\",\"datePublished\":\"2024-01-01T14:06:40+00:00\",\"dateModified\":\"2024-01-01T14:06:42+00:00\",\"author\":{\"@id\":\"https:\/\/vanxhaber.com\/#\/schema\/person\/a5fd8d89510cb5370e62ad176f7978ee\"},\"description\":\"Japonya'da 7.6'l\u0131k depremin ard\u0131ndan tsunami b\u00f6yle geldiJaponya'n\u0131n bat\u0131s\u0131ndaki \u0130\u015fikawa eyaleti k\u0131y\u0131s\u0131nda 1,5 saat i\u00e7inde 5 ila 7.6 b\u00fcy\u00fckl\u00fc\u011f\u00fcnde 9 deprem meydana geldi.\",\"breadcrumb\":{\"@id\":\"https:\/\/vanxhaber.com\/index.php\/2024\/01\/01\/japonyada-7-6lik-deprem\/#breadcrumb\"},\"inLanguage\":\"tr\",\"potentialAction\":[{\"@type\":\"ReadAction\",\"target\":[\"https:\/\/vanxhaber.com\/index.php\/2024\/01\/01\/japonyada-7-6lik-deprem\/\"]}]},{\"@type\":\"ImageObject\",\"inLanguage\":\"tr\",\"@id\":\"https:\/\/vanxhaber.com\/index.php\/2024\/01\/01\/japonyada-7-6lik-deprem\/#primaryimage\",\"url\":\"https:\/\/vanxhaber.com\/wp-content\/uploads\/2024\/01\/depremler.jpg\",\"contentUrl\":\"https:\/\/vanxhaber.com\/wp-content\/uploads\/2024\/01\/depremler.jpg\",\"width\":641,\"height\":380},{\"@type\":\"BreadcrumbList\",\"@id\":\"https:\/\/vanxhaber.com\/index.php\/2024\/01\/01\/japonyada-7-6lik-deprem\/#breadcrumb\",\"itemListElement\":[{\"@type\":\"ListItem\",\"position\":1,\"name\":\"Anasayfa\",\"item\":\"https:\/\/vanxhaber.com\/\"},{\"@type\":\"ListItem\",\"position\":2,\"name\":\"Japonya&#8217;da 7.6&#8217;l\u0131k deprem\"}]},{\"@type\":\"WebSite\",\"@id\":\"https:\/\/vanxhaber.com\/#website\",\"url\":\"https:\/\/vanxhaber.com\/\",\"name\":\"Van Haber | Van X Haber | Van Haberleri\",\"description\":\"Van Haber, Van&#039;\u0131n ilk yapay zeka teknolojileri ile yaz\u0131lan Van X Haber ve Van Haberlerini aktif g\u00fcncel sunan tek vanhaber merkezidir.\",\"potentialAction\":[{\"@type\":\"SearchAction\",\"target\":{\"@type\":\"EntryPoint\",\"urlTemplate\":\"https:\/\/vanxhaber.com\/?s={search_term_string}\"},\"query-input\":{\"@type\":\"PropertyValueSpecification\",\"valueRequired\":true,\"valueName\":\"search_term_string\"}}],\"inLanguage\":\"tr\"},{\"@type\":\"Person\",\"@id\":\"https:\/\/vanxhaber.com\/#\/schema\/person\/a5fd8d89510cb5370e62ad176f7978ee\",\"name\":\"Van X Haber\",\"image\":{\"@type\":\"ImageObject\",\"inLanguage\":\"tr\",\"@id\":\"https:\/\/vanxhaber.com\/#\/schema\/person\/image\/\",\"url\":\"https:\/\/secure.gravatar.com\/avatar\/36f2f63826681263103acb5ca1e7bc1a6db11baea9b75dd091d89b74f2704b07?s=96&d=mm&r=g\",\"contentUrl\":\"https:\/\/secure.gravatar.com\/avatar\/36f2f63826681263103acb5ca1e7bc1a6db11baea9b75dd091d89b74f2704b07?s=96&d=mm&r=g\",\"caption\":\"Van X Haber\"},\"description\":\"Van X Haber Van'\u0131n ilk ve tek yeni nesil Van Haber merkezi. Son Dakika Van Haberleri ve G\u00fcncel Van haber merkezinde s\u0131cak geli\u015fmeleri aktarmaya devam edece\u011fiz.\",\"url\":\"https:\/\/vanxhaber.com\/index.php\/author\/vangazetesi\/\"}]}<\/script>\n<!-- \/ Yoast SEO Premium plugin. -->","yoast_head_json":{"title":"Japonya'da 7.6'l\u0131k deprem - Van Haber | Van X Haber | Van Haberleri","description":"Japonya'da 7.6'l\u0131k depremin ard\u0131ndan tsunami b\u00f6yle geldiJaponya'n\u0131n bat\u0131s\u0131ndaki \u0130\u015fikawa eyaleti k\u0131y\u0131s\u0131nda 1,5 saat i\u00e7inde 5 ila 7.6 b\u00fcy\u00fckl\u00fc\u011f\u00fcnde 9 deprem meydana geldi.","robots":{"index":"index","follow":"follow","max-snippet":"max-snippet:-1","max-image-preview":"max-image-preview:large","max-video-preview":"max-video-preview:-1"},"canonical":"https:\/\/vanxhaber.com\/index.php\/2024\/01\/01\/japonyada-7-6lik-deprem\/","og_locale":"tr_TR","og_type":"article","og_title":"Japonya'da 7.6'l\u0131k deprem","og_description":"Japonya'da 7.6'l\u0131k depremin ard\u0131ndan tsunami b\u00f6yle geldiJaponya'n\u0131n bat\u0131s\u0131ndaki \u0130\u015fikawa eyaleti k\u0131y\u0131s\u0131nda 1,5 saat i\u00e7inde 5 ila 7.6 b\u00fcy\u00fckl\u00fc\u011f\u00fcnde 9 deprem meydana geldi.","og_url":"https:\/\/vanxhaber.com\/index.php\/2024\/01\/01\/japonyada-7-6lik-deprem\/","og_site_name":"Van Haber | Van X Haber | Van Haberleri","article_published_time":"2024-01-01T14:06:40+00:00","article_modified_time":"2024-01-01T14:06:42+00:00","og_image":[{"width":641,"height":380,"url":"https:\/\/vanxhaber.com\/wp-content\/uploads\/2024\/01\/depremler.jpg","type":"image\/jpeg"}],"author":"Van X Haber","twitter_card":"summary_large_image","twitter_misc":{"Yazan:":"Van X Haber","Tahmini okuma s\u00fcresi":"2 dakika"},"schema":{"@context":"https:\/\/schema.org","@graph":[{"@type":"Article","@id":"https:\/\/vanxhaber.com\/index.php\/2024\/01\/01\/japonyada-7-6lik-deprem\/#article","isPartOf":{"@id":"https:\/\/vanxhaber.com\/index.php\/2024\/01\/01\/japonyada-7-6lik-deprem\/"},"author":{"name":"Van X Haber","@id":"https:\/\/vanxhaber.com\/#\/schema\/person\/a5fd8d89510cb5370e62ad176f7978ee"},"headline":"Japonya&#8217;da 7.6&#8217;l\u0131k deprem","datePublished":"2024-01-01T14:06:40+00:00","dateModified":"2024-01-01T14:06:42+00:00","mainEntityOfPage":{"@id":"https:\/\/vanxhaber.com\/index.php\/2024\/01\/01\/japonyada-7-6lik-deprem\/"},"wordCount":375,"commentCount":0,"image":{"@id":"https:\/\/vanxhaber.com\/index.php\/2024\/01\/01\/japonyada-7-6lik-deprem\/#primaryimage"},"thumbnailUrl":"https:\/\/vanxhaber.com\/wp-content\/uploads\/2024\/01\/depremler.jpg","keywords":["deprem","japonya"],"articleSection":["Van E\u011fitim","Van Emniyet","Van\u00a0Gen\u00e7lik","Van Haber","Van Haberleri","Van Kaza","Van Magazin","Van Siyaset","Van X Haber","Van Yapay Zeka"],"inLanguage":"tr","potentialAction":[{"@type":"CommentAction","name":"Comment","target":["https:\/\/vanxhaber.com\/index.php\/2024\/01\/01\/japonyada-7-6lik-deprem\/#respond"]}],"copyrightYear":"2024","copyrightHolder":{"@id":"https:\/\/vanxhaber.com\/#organization"}},{"@type":"WebPage","@id":"https:\/\/vanxhaber.com\/index.php\/2024\/01\/01\/japonyada-7-6lik-deprem\/","url":"https:\/\/vanxhaber.com\/index.php\/2024\/01\/01\/japonyada-7-6lik-deprem\/","name":"Japonya'da 7.6'l\u0131k deprem - Van Haber | Van X Haber | Van Haberleri","isPartOf":{"@id":"https:\/\/vanxhaber.com\/#website"},"primaryImageOfPage":{"@id":"https:\/\/vanxhaber.com\/index.php\/2024\/01\/01\/japonyada-7-6lik-deprem\/#primaryimage"},"image":{"@id":"https:\/\/vanxhaber.com\/index.php\/2024\/01\/01\/japonyada-7-6lik-deprem\/#primaryimage"},"thumbnailUrl":"https:\/\/vanxhaber.com\/wp-content\/uploads\/2024\/01\/depremler.jpg","datePublished":"2024-01-01T14:06:40+00:00","dateModified":"2024-01-01T14:06:42+00:00","author":{"@id":"https:\/\/vanxhaber.com\/#\/schema\/person\/a5fd8d89510cb5370e62ad176f7978ee"},"description":"Japonya'da 7.6'l\u0131k depremin ard\u0131ndan tsunami b\u00f6yle geldiJaponya'n\u0131n bat\u0131s\u0131ndaki \u0130\u015fikawa eyaleti k\u0131y\u0131s\u0131nda 1,5 saat i\u00e7inde 5 ila 7.6 b\u00fcy\u00fckl\u00fc\u011f\u00fcnde 9 deprem meydana geldi.","breadcrumb":{"@id":"https:\/\/vanxhaber.com\/index.php\/2024\/01\/01\/japonyada-7-6lik-deprem\/#breadcrumb"},"inLanguage":"tr","potentialAction":[{"@type":"ReadAction","target":["https:\/\/vanxhaber.com\/index.php\/2024\/01\/01\/japonyada-7-6lik-deprem\/"]}]},{"@type":"ImageObject","inLanguage":"tr","@id":"https:\/\/vanxhaber.com\/index.php\/2024\/01\/01\/japonyada-7-6lik-deprem\/#primaryimage","url":"https:\/\/vanxhaber.com\/wp-content\/uploads\/2024\/01\/depremler.jpg","contentUrl":"https:\/\/vanxhaber.com\/wp-content\/uploads\/2024\/01\/depremler.jpg","width":641,"height":380},{"@type":"BreadcrumbList","@id":"https:\/\/vanxhaber.com\/index.php\/2024\/01\/01\/japonyada-7-6lik-deprem\/#breadcrumb","itemListElement":[{"@type":"ListItem","position":1,"name":"Anasayfa","item":"https:\/\/vanxhaber.com\/"},{"@type":"ListItem","position":2,"name":"Japonya&#8217;da 7.6&#8217;l\u0131k deprem"}]},{"@type":"WebSite","@id":"https:\/\/vanxhaber.com\/#website","url":"https:\/\/vanxhaber.com\/","name":"Van Haber | Van X Haber | Van Haberleri","description":"Van Haber, Van&#039;\u0131n ilk yapay zeka teknolojileri ile yaz\u0131lan Van X Haber ve Van Haberlerini aktif g\u00fcncel sunan tek vanhaber merkezidir.","potentialAction":[{"@type":"SearchAction","target":{"@type":"EntryPoint","urlTemplate":"https:\/\/vanxhaber.com\/?s={search_term_string}"},"query-input":{"@type":"PropertyValueSpecification","valueRequired":true,"valueName":"search_term_string"}}],"inLanguage":"tr"},{"@type":"Person","@id":"https:\/\/vanxhaber.com\/#\/schema\/person\/a5fd8d89510cb5370e62ad176f7978ee","name":"Van X Haber","image":{"@type":"ImageObject","inLanguage":"tr","@id":"https:\/\/vanxhaber.com\/#\/schema\/person\/image\/","url":"https:\/\/secure.gravatar.com\/avatar\/36f2f63826681263103acb5ca1e7bc1a6db11baea9b75dd091d89b74f2704b07?s=96&d=mm&r=g","contentUrl":"https:\/\/secure.gravatar.com\/avatar\/36f2f63826681263103acb5ca1e7bc1a6db11baea9b75dd091d89b74f2704b07?s=96&d=mm&r=g","caption":"Van X Haber"},"description":"Van X Haber Van'\u0131n ilk ve tek yeni nesil Van Haber merkezi. Son Dakika Van Haberleri ve G\u00fcncel Van haber merkezinde s\u0131cak geli\u015fmeleri aktarmaya devam edece\u011fiz.","url":"https:\/\/vanxhaber.com\/index.php\/author\/vangazetesi\/"}]}},"_links":{"self":[{"href":"https:\/\/vanxhaber.com\/index.php\/wp-json\/wp\/v2\/posts\/1158","targetHints":{"allow":["GET"]}}],"collection":[{"href":"https:\/\/vanxhaber.com\/index.php\/wp-json\/wp\/v2\/posts"}],"about":[{"href":"https:\/\/vanxhaber.com\/index.php\/wp-json\/wp\/v2\/types\/post"}],"author":[{"embeddable":true,"href":"https:\/\/vanxhaber.com\/index.php\/wp-json\/wp\/v2\/users\/2"}],"replies":[{"embeddable":true,"href":"https:\/\/vanxhaber.com\/index.php\/wp-json\/wp\/v2\/comments?post=1158"}],"version-history":[{"count":1,"href":"https:\/\/vanxhaber.com\/index.php\/wp-json\/wp\/v2\/posts\/1158\/revisions"}],"predecessor-version":[{"id":1161,"href":"https:\/\/vanxhaber.com\/index.php\/wp-json\/wp\/v2\/posts\/1158\/revisions\/1161"}],"wp:featuredmedia":[{"embeddable":true,"href":"https:\/\/vanxhaber.com\/index.php\/wp-json\/wp\/v2\/media\/1160"}],"wp:attachment":[{"href":"https:\/\/vanxhaber.com\/index.php\/wp-json\/wp\/v2\/media?parent=1158"}],"wp:term":[{"taxonomy":"category","embeddable":true,"href":"https:\/\/vanxhaber.com\/index.php\/wp-json\/wp\/v2\/categories?post=1158"},{"taxonomy":"post_tag","embeddable":true,"href":"https:\/\/vanxhaber.com\/index.php\/wp-json\/wp\/v2\/tags?post=1158"}],"curies":[{"name":"wp","href":"https:\/\/api.w.org\/{rel}","templated":true}]}}