{"id":1166,"date":"2024-01-01T14:14:14","date_gmt":"2024-01-01T14:14:14","guid":{"rendered":"https:\/\/vanxhaber.com\/?p=1166"},"modified":"2024-01-01T14:14:15","modified_gmt":"2024-01-01T14:14:15","slug":"2-kisinin-cansiz-bedeni-bulundu","status":"publish","type":"post","link":"https:\/\/vanxhaber.com\/index.php\/2024\/01\/01\/2-kisinin-cansiz-bedeni-bulundu\/","title":{"rendered":"2 K\u0130\u015e\u0130N\u0130N CANSIZ BEDEN\u0130 BULUNDU"},"content":{"rendered":"\n<p>Sinop&#8217;ta d\u00fcn gece meydana gelen yang\u0131nda 5 ev zarar g\u00f6rd\u00fc, 2 ki\u015fi de hayat\u0131n\u0131 kaybetti. Yang\u0131n\u0131n neden \u00e7\u0131kt\u0131\u011f\u0131 ise hen\u00fcz bilinmiyor. D\u00fcn gece 02.30 s\u0131ralar\u0131nda Sinop&#8217;un Boyabat il\u00e7esi Da\u011ftabakl\u0131 k\u00f6y\u00fcnde Re\u015fit Sevimo\u011flu&#8217;na ait evde hen\u00fcz belirlenemeyen nedenle yang\u0131n \u00e7\u0131kt\u0131. \u0130hbar \u00fczerine olay yerine Boyabat ve Sarayd\u00fcz\u00fc Belediyesi \u0130tfaiye ekipleri, AFAD, Orman \u0130\u015fletme M\u00fcd\u00fcrl\u00fc\u011f\u00fc araz\u00f6zleri sevk edildi. 4 saatlik \u00e7al\u0131\u015fman\u0131n ard\u0131ndan yang\u0131n s\u00f6nd\u00fcr\u00fcld\u00fc. Yang\u0131n\u0131n s\u00f6nd\u00fcr\u00fclmesinin ard\u0131ndan evlerin enkazlar\u0131nda arama yapan ekipler, Re\u015fit ve M\u00fcnevver Sevimo\u011flu&#8217;nun cesetlerine ula\u015ft\u0131. Cenazeler Boyabat 75. Y\u0131l Devlet Hastanesi morguna kald\u0131r\u0131ld\u0131. Yang\u0131n ile ilgili soru\u015fturma ba\u015flat\u0131ld\u0131.<\/p>\n\n\n\n<p>Sinop Valili\u011fi&#8217;nden yang\u0131n ile ilgili yap\u0131lan a\u00e7\u0131klamada ise, &#8220;1 Ocak 2024 g\u00fcn\u00fc saat 02.30 s\u0131ralar\u0131nda, Boyabat \u0130l\u00e7esi Da\u011ftabakl\u0131 k\u00f6y\u00fc Merkez Mahalle mevkiinde bilinmeyen bir nedenle yang\u0131n meydana gelmi\u015ftir. Belediye ve Orman \u0130\u015fletme&#8217;ye ait 3 itfaiye, 2 araz\u00f6z, 4 Jandarma Asayi\u015f Timi, 1 Jandarma Asayi\u015f Komando timi, AFAD, Sa\u011fl\u0131k ve Yeda\u015f ekiplerimiz olay yerine sevk edilmi\u015ftir. Ekiplerimizin m\u00fcdahalesi sonucu yang\u0131n s\u00f6nd\u00fcr\u00fclm\u00fc\u015f olup so\u011futma \u00e7al\u0131\u015fmalar\u0131 devam etmektedir.<br>Meydana gelen yang\u0131n neticesinde, 3 yazl\u0131k ev olarak kullan\u0131lan\/bo\u015f olan toplam 5 ah\u015fap ev tamamen yanm\u0131\u015f olup yang\u0131n esnas\u0131nda evde oldu\u011fu de\u011ferlendirilen 2 vatanda\u015f\u0131m\u0131z hayat\u0131n\u0131 kaybetmi\u015ftir. Konuya ili\u015fkin incelemeler adli makamlarca y\u00fcr\u00fct\u00fclmektedir. \u0130lgili kurumlar\u0131m\u0131zca gerekli \u00e7al\u0131\u015fmalar aral\u0131ks\u0131z s\u00fcrd\u00fcr\u00fclmektedir. Meydana gelen elim hadisede hayat\u0131n\u0131 kaybeden vatanda\u015flar\u0131m\u0131za Allah&#8217;tan rahmet yak\u0131nlar\u0131na ba\u015fsa\u011fl\u0131\u011f\u0131 ve sab\u0131rlar diliyor, yang\u0131ndan etkilenen vatanda\u015flar\u0131m\u0131za ge\u00e7mi\u015f olsun dileklerimizi iletiyoruz&#8221; ifadelerine yer verildi.<\/p>\n","protected":false},"excerpt":{"rendered":"<p>Sinop&#8217;ta d\u00fcn gece meydana gelen yang\u0131nda 5 ev zarar g\u00f6rd\u00fc, 2 ki\u015fi de hayat\u0131n\u0131 kaybetti. Yang\u0131n\u0131n neden \u00e7\u0131kt\u0131\u011f\u0131 ise hen\u00fcz bilinmiyor. D\u00fcn gece 02.30 s\u0131ralar\u0131nda Sinop&#8217;un Boyabat il\u00e7esi Da\u011ftabakl\u0131 k\u00f6y\u00fcnde Re\u015fit Sevimo\u011flu&#8217;na ait evde hen\u00fcz belirlenemeyen nedenle yang\u0131n \u00e7\u0131kt\u0131. \u0130hbar \u00fczerine olay yerine Boyabat ve Sarayd\u00fcz\u00fc Belediyesi \u0130tfaiye ekipleri, AFAD, Orman \u0130\u015fletme M\u00fcd\u00fcrl\u00fc\u011f\u00fc araz\u00f6zleri sevk &hellip;<\/p>\n","protected":false},"author":2,"featured_media":1168,"comment_status":"open","ping_status":"closed","sticky":false,"template":"","format":"standard","meta":{"googlesitekit_rrm_CAowot3VCw:productID":"","footnotes":""},"categories":[28,27,32,1,24,29,25,26,30,31],"tags":[42],"class_list":["post-1166","post","type-post","status-publish","format-standard","has-post-thumbnail","hentry","category-van-egitim","category-van-emniyet","category-van-genclik","category-van-haber","category-van-haberleri","category-van-kaza","category-van-magazin","category-van-siyaset","category-van-x-haber","category-van-yapay-zeka","tag-yangin"],"yoast_head":"<!-- This site is optimized with the Yoast SEO Premium plugin v21.7 (Yoast SEO v26.7) - https:\/\/yoast.com\/wordpress\/plugins\/seo\/ -->\n<title>2 K\u0130\u015e\u0130N\u0130N CANSIZ BEDEN\u0130 BULUNDU - Van Haber | Van X Haber | Van Haberleri<\/title>\n<meta name=\"description\" content=\"Cenazeler Boyabat 75. Y\u0131l Devlet Hastanesi morguna kald\u0131r\u0131ld\u0131. Yang\u0131n ile ilgili soru\u015fturma ba\u015flat\u0131ld\u0131.\" \/>\n<meta name=\"robots\" content=\"index, follow, max-snippet:-1, max-image-preview:large, max-video-preview:-1\" \/>\n<link rel=\"canonical\" href=\"https:\/\/vanxhaber.com\/index.php\/2024\/01\/01\/2-kisinin-cansiz-bedeni-bulundu\/\" \/>\n<meta property=\"og:locale\" content=\"tr_TR\" \/>\n<meta property=\"og:type\" content=\"article\" \/>\n<meta property=\"og:title\" content=\"2 K\u0130\u015e\u0130N\u0130N CANSIZ BEDEN\u0130 BULUNDU\" \/>\n<meta property=\"og:description\" content=\"Cenazeler Boyabat 75. Y\u0131l Devlet Hastanesi morguna kald\u0131r\u0131ld\u0131. Yang\u0131n ile ilgili soru\u015fturma ba\u015flat\u0131ld\u0131.\" \/>\n<meta property=\"og:url\" content=\"https:\/\/vanxhaber.com\/index.php\/2024\/01\/01\/2-kisinin-cansiz-bedeni-bulundu\/\" \/>\n<meta property=\"og:site_name\" content=\"Van Haber | Van X Haber | Van Haberleri\" \/>\n<meta property=\"article:published_time\" content=\"2024-01-01T14:14:14+00:00\" \/>\n<meta property=\"article:modified_time\" content=\"2024-01-01T14:14:15+00:00\" \/>\n<meta property=\"og:image\" content=\"https:\/\/vanxhaber.com\/wp-content\/uploads\/2024\/01\/yangin.jpg\" \/>\n\t<meta property=\"og:image:width\" content=\"641\" \/>\n\t<meta property=\"og:image:height\" content=\"380\" \/>\n\t<meta property=\"og:image:type\" content=\"image\/jpeg\" \/>\n<meta name=\"author\" content=\"Van X Haber\" \/>\n<meta name=\"twitter:card\" content=\"summary_large_image\" \/>\n<meta name=\"twitter:label1\" content=\"Yazan:\" \/>\n\t<meta name=\"twitter:data1\" content=\"Van X Haber\" \/>\n\t<meta name=\"twitter:label2\" content=\"Tahmini okuma s\u00fcresi\" \/>\n\t<meta name=\"twitter:data2\" content=\"2 dakika\" \/>\n<script type=\"application\/ld+json\" class=\"yoast-schema-graph\">{\"@context\":\"https:\/\/schema.org\",\"@graph\":[{\"@type\":\"Article\",\"@id\":\"https:\/\/vanxhaber.com\/index.php\/2024\/01\/01\/2-kisinin-cansiz-bedeni-bulundu\/#article\",\"isPartOf\":{\"@id\":\"https:\/\/vanxhaber.com\/index.php\/2024\/01\/01\/2-kisinin-cansiz-bedeni-bulundu\/\"},\"author\":{\"name\":\"Van X Haber\",\"@id\":\"https:\/\/vanxhaber.com\/#\/schema\/person\/a5fd8d89510cb5370e62ad176f7978ee\"},\"headline\":\"2 K\u0130\u015e\u0130N\u0130N CANSIZ BEDEN\u0130 BULUNDU\",\"datePublished\":\"2024-01-01T14:14:14+00:00\",\"dateModified\":\"2024-01-01T14:14:15+00:00\",\"mainEntityOfPage\":{\"@id\":\"https:\/\/vanxhaber.com\/index.php\/2024\/01\/01\/2-kisinin-cansiz-bedeni-bulundu\/\"},\"wordCount\":324,\"commentCount\":0,\"image\":{\"@id\":\"https:\/\/vanxhaber.com\/index.php\/2024\/01\/01\/2-kisinin-cansiz-bedeni-bulundu\/#primaryimage\"},\"thumbnailUrl\":\"https:\/\/vanxhaber.com\/wp-content\/uploads\/2024\/01\/yangin.jpg\",\"keywords\":[\"yang\u0131n\"],\"articleSection\":[\"Van E\u011fitim\",\"Van Emniyet\",\"Van\u00a0Gen\u00e7lik\",\"Van Haber\",\"Van Haberleri\",\"Van Kaza\",\"Van Magazin\",\"Van Siyaset\",\"Van X Haber\",\"Van Yapay Zeka\"],\"inLanguage\":\"tr\",\"potentialAction\":[{\"@type\":\"CommentAction\",\"name\":\"Comment\",\"target\":[\"https:\/\/vanxhaber.com\/index.php\/2024\/01\/01\/2-kisinin-cansiz-bedeni-bulundu\/#respond\"]}],\"copyrightYear\":\"2024\",\"copyrightHolder\":{\"@id\":\"https:\/\/vanxhaber.com\/#organization\"}},{\"@type\":\"WebPage\",\"@id\":\"https:\/\/vanxhaber.com\/index.php\/2024\/01\/01\/2-kisinin-cansiz-bedeni-bulundu\/\",\"url\":\"https:\/\/vanxhaber.com\/index.php\/2024\/01\/01\/2-kisinin-cansiz-bedeni-bulundu\/\",\"name\":\"2 K\u0130\u015e\u0130N\u0130N CANSIZ BEDEN\u0130 BULUNDU - Van Haber | Van X Haber | Van Haberleri\",\"isPartOf\":{\"@id\":\"https:\/\/vanxhaber.com\/#website\"},\"primaryImageOfPage\":{\"@id\":\"https:\/\/vanxhaber.com\/index.php\/2024\/01\/01\/2-kisinin-cansiz-bedeni-bulundu\/#primaryimage\"},\"image\":{\"@id\":\"https:\/\/vanxhaber.com\/index.php\/2024\/01\/01\/2-kisinin-cansiz-bedeni-bulundu\/#primaryimage\"},\"thumbnailUrl\":\"https:\/\/vanxhaber.com\/wp-content\/uploads\/2024\/01\/yangin.jpg\",\"datePublished\":\"2024-01-01T14:14:14+00:00\",\"dateModified\":\"2024-01-01T14:14:15+00:00\",\"author\":{\"@id\":\"https:\/\/vanxhaber.com\/#\/schema\/person\/a5fd8d89510cb5370e62ad176f7978ee\"},\"description\":\"Cenazeler Boyabat 75. Y\u0131l Devlet Hastanesi morguna kald\u0131r\u0131ld\u0131. Yang\u0131n ile ilgili soru\u015fturma ba\u015flat\u0131ld\u0131.\",\"breadcrumb\":{\"@id\":\"https:\/\/vanxhaber.com\/index.php\/2024\/01\/01\/2-kisinin-cansiz-bedeni-bulundu\/#breadcrumb\"},\"inLanguage\":\"tr\",\"potentialAction\":[{\"@type\":\"ReadAction\",\"target\":[\"https:\/\/vanxhaber.com\/index.php\/2024\/01\/01\/2-kisinin-cansiz-bedeni-bulundu\/\"]}]},{\"@type\":\"ImageObject\",\"inLanguage\":\"tr\",\"@id\":\"https:\/\/vanxhaber.com\/index.php\/2024\/01\/01\/2-kisinin-cansiz-bedeni-bulundu\/#primaryimage\",\"url\":\"https:\/\/vanxhaber.com\/wp-content\/uploads\/2024\/01\/yangin.jpg\",\"contentUrl\":\"https:\/\/vanxhaber.com\/wp-content\/uploads\/2024\/01\/yangin.jpg\",\"width\":641,\"height\":380},{\"@type\":\"BreadcrumbList\",\"@id\":\"https:\/\/vanxhaber.com\/index.php\/2024\/01\/01\/2-kisinin-cansiz-bedeni-bulundu\/#breadcrumb\",\"itemListElement\":[{\"@type\":\"ListItem\",\"position\":1,\"name\":\"Anasayfa\",\"item\":\"https:\/\/vanxhaber.com\/\"},{\"@type\":\"ListItem\",\"position\":2,\"name\":\"2 K\u0130\u015e\u0130N\u0130N CANSIZ BEDEN\u0130 BULUNDU\"}]},{\"@type\":\"WebSite\",\"@id\":\"https:\/\/vanxhaber.com\/#website\",\"url\":\"https:\/\/vanxhaber.com\/\",\"name\":\"Van Haber | Van X Haber | Van Haberleri\",\"description\":\"Van Haber, Van&#039;\u0131n ilk yapay zeka teknolojileri ile yaz\u0131lan Van X Haber ve Van Haberlerini aktif g\u00fcncel sunan tek vanhaber merkezidir.\",\"potentialAction\":[{\"@type\":\"SearchAction\",\"target\":{\"@type\":\"EntryPoint\",\"urlTemplate\":\"https:\/\/vanxhaber.com\/?s={search_term_string}\"},\"query-input\":{\"@type\":\"PropertyValueSpecification\",\"valueRequired\":true,\"valueName\":\"search_term_string\"}}],\"inLanguage\":\"tr\"},{\"@type\":\"Person\",\"@id\":\"https:\/\/vanxhaber.com\/#\/schema\/person\/a5fd8d89510cb5370e62ad176f7978ee\",\"name\":\"Van X Haber\",\"image\":{\"@type\":\"ImageObject\",\"inLanguage\":\"tr\",\"@id\":\"https:\/\/vanxhaber.com\/#\/schema\/person\/image\/\",\"url\":\"https:\/\/secure.gravatar.com\/avatar\/36f2f63826681263103acb5ca1e7bc1a6db11baea9b75dd091d89b74f2704b07?s=96&d=mm&r=g\",\"contentUrl\":\"https:\/\/secure.gravatar.com\/avatar\/36f2f63826681263103acb5ca1e7bc1a6db11baea9b75dd091d89b74f2704b07?s=96&d=mm&r=g\",\"caption\":\"Van X Haber\"},\"description\":\"Van X Haber Van'\u0131n ilk ve tek yeni nesil Van Haber merkezi. Son Dakika Van Haberleri ve G\u00fcncel Van haber merkezinde s\u0131cak geli\u015fmeleri aktarmaya devam edece\u011fiz.\",\"url\":\"https:\/\/vanxhaber.com\/index.php\/author\/vangazetesi\/\"}]}<\/script>\n<!-- \/ Yoast SEO Premium plugin. -->","yoast_head_json":{"title":"2 K\u0130\u015e\u0130N\u0130N CANSIZ BEDEN\u0130 BULUNDU - Van Haber | Van X Haber | Van Haberleri","description":"Cenazeler Boyabat 75. Y\u0131l Devlet Hastanesi morguna kald\u0131r\u0131ld\u0131. Yang\u0131n ile ilgili soru\u015fturma ba\u015flat\u0131ld\u0131.","robots":{"index":"index","follow":"follow","max-snippet":"max-snippet:-1","max-image-preview":"max-image-preview:large","max-video-preview":"max-video-preview:-1"},"canonical":"https:\/\/vanxhaber.com\/index.php\/2024\/01\/01\/2-kisinin-cansiz-bedeni-bulundu\/","og_locale":"tr_TR","og_type":"article","og_title":"2 K\u0130\u015e\u0130N\u0130N CANSIZ BEDEN\u0130 BULUNDU","og_description":"Cenazeler Boyabat 75. Y\u0131l Devlet Hastanesi morguna kald\u0131r\u0131ld\u0131. Yang\u0131n ile ilgili soru\u015fturma ba\u015flat\u0131ld\u0131.","og_url":"https:\/\/vanxhaber.com\/index.php\/2024\/01\/01\/2-kisinin-cansiz-bedeni-bulundu\/","og_site_name":"Van Haber | Van X Haber | Van Haberleri","article_published_time":"2024-01-01T14:14:14+00:00","article_modified_time":"2024-01-01T14:14:15+00:00","og_image":[{"width":641,"height":380,"url":"https:\/\/vanxhaber.com\/wp-content\/uploads\/2024\/01\/yangin.jpg","type":"image\/jpeg"}],"author":"Van X Haber","twitter_card":"summary_large_image","twitter_misc":{"Yazan:":"Van X Haber","Tahmini okuma s\u00fcresi":"2 dakika"},"schema":{"@context":"https:\/\/schema.org","@graph":[{"@type":"Article","@id":"https:\/\/vanxhaber.com\/index.php\/2024\/01\/01\/2-kisinin-cansiz-bedeni-bulundu\/#article","isPartOf":{"@id":"https:\/\/vanxhaber.com\/index.php\/2024\/01\/01\/2-kisinin-cansiz-bedeni-bulundu\/"},"author":{"name":"Van X Haber","@id":"https:\/\/vanxhaber.com\/#\/schema\/person\/a5fd8d89510cb5370e62ad176f7978ee"},"headline":"2 K\u0130\u015e\u0130N\u0130N CANSIZ BEDEN\u0130 BULUNDU","datePublished":"2024-01-01T14:14:14+00:00","dateModified":"2024-01-01T14:14:15+00:00","mainEntityOfPage":{"@id":"https:\/\/vanxhaber.com\/index.php\/2024\/01\/01\/2-kisinin-cansiz-bedeni-bulundu\/"},"wordCount":324,"commentCount":0,"image":{"@id":"https:\/\/vanxhaber.com\/index.php\/2024\/01\/01\/2-kisinin-cansiz-bedeni-bulundu\/#primaryimage"},"thumbnailUrl":"https:\/\/vanxhaber.com\/wp-content\/uploads\/2024\/01\/yangin.jpg","keywords":["yang\u0131n"],"articleSection":["Van E\u011fitim","Van Emniyet","Van\u00a0Gen\u00e7lik","Van Haber","Van Haberleri","Van Kaza","Van Magazin","Van Siyaset","Van X Haber","Van Yapay Zeka"],"inLanguage":"tr","potentialAction":[{"@type":"CommentAction","name":"Comment","target":["https:\/\/vanxhaber.com\/index.php\/2024\/01\/01\/2-kisinin-cansiz-bedeni-bulundu\/#respond"]}],"copyrightYear":"2024","copyrightHolder":{"@id":"https:\/\/vanxhaber.com\/#organization"}},{"@type":"WebPage","@id":"https:\/\/vanxhaber.com\/index.php\/2024\/01\/01\/2-kisinin-cansiz-bedeni-bulundu\/","url":"https:\/\/vanxhaber.com\/index.php\/2024\/01\/01\/2-kisinin-cansiz-bedeni-bulundu\/","name":"2 K\u0130\u015e\u0130N\u0130N CANSIZ BEDEN\u0130 BULUNDU - Van Haber | Van X Haber | Van Haberleri","isPartOf":{"@id":"https:\/\/vanxhaber.com\/#website"},"primaryImageOfPage":{"@id":"https:\/\/vanxhaber.com\/index.php\/2024\/01\/01\/2-kisinin-cansiz-bedeni-bulundu\/#primaryimage"},"image":{"@id":"https:\/\/vanxhaber.com\/index.php\/2024\/01\/01\/2-kisinin-cansiz-bedeni-bulundu\/#primaryimage"},"thumbnailUrl":"https:\/\/vanxhaber.com\/wp-content\/uploads\/2024\/01\/yangin.jpg","datePublished":"2024-01-01T14:14:14+00:00","dateModified":"2024-01-01T14:14:15+00:00","author":{"@id":"https:\/\/vanxhaber.com\/#\/schema\/person\/a5fd8d89510cb5370e62ad176f7978ee"},"description":"Cenazeler Boyabat 75. Y\u0131l Devlet Hastanesi morguna kald\u0131r\u0131ld\u0131. Yang\u0131n ile ilgili soru\u015fturma ba\u015flat\u0131ld\u0131.","breadcrumb":{"@id":"https:\/\/vanxhaber.com\/index.php\/2024\/01\/01\/2-kisinin-cansiz-bedeni-bulundu\/#breadcrumb"},"inLanguage":"tr","potentialAction":[{"@type":"ReadAction","target":["https:\/\/vanxhaber.com\/index.php\/2024\/01\/01\/2-kisinin-cansiz-bedeni-bulundu\/"]}]},{"@type":"ImageObject","inLanguage":"tr","@id":"https:\/\/vanxhaber.com\/index.php\/2024\/01\/01\/2-kisinin-cansiz-bedeni-bulundu\/#primaryimage","url":"https:\/\/vanxhaber.com\/wp-content\/uploads\/2024\/01\/yangin.jpg","contentUrl":"https:\/\/vanxhaber.com\/wp-content\/uploads\/2024\/01\/yangin.jpg","width":641,"height":380},{"@type":"BreadcrumbList","@id":"https:\/\/vanxhaber.com\/index.php\/2024\/01\/01\/2-kisinin-cansiz-bedeni-bulundu\/#breadcrumb","itemListElement":[{"@type":"ListItem","position":1,"name":"Anasayfa","item":"https:\/\/vanxhaber.com\/"},{"@type":"ListItem","position":2,"name":"2 K\u0130\u015e\u0130N\u0130N CANSIZ BEDEN\u0130 BULUNDU"}]},{"@type":"WebSite","@id":"https:\/\/vanxhaber.com\/#website","url":"https:\/\/vanxhaber.com\/","name":"Van Haber | Van X Haber | Van Haberleri","description":"Van Haber, Van&#039;\u0131n ilk yapay zeka teknolojileri ile yaz\u0131lan Van X Haber ve Van Haberlerini aktif g\u00fcncel sunan tek vanhaber merkezidir.","potentialAction":[{"@type":"SearchAction","target":{"@type":"EntryPoint","urlTemplate":"https:\/\/vanxhaber.com\/?s={search_term_string}"},"query-input":{"@type":"PropertyValueSpecification","valueRequired":true,"valueName":"search_term_string"}}],"inLanguage":"tr"},{"@type":"Person","@id":"https:\/\/vanxhaber.com\/#\/schema\/person\/a5fd8d89510cb5370e62ad176f7978ee","name":"Van X Haber","image":{"@type":"ImageObject","inLanguage":"tr","@id":"https:\/\/vanxhaber.com\/#\/schema\/person\/image\/","url":"https:\/\/secure.gravatar.com\/avatar\/36f2f63826681263103acb5ca1e7bc1a6db11baea9b75dd091d89b74f2704b07?s=96&d=mm&r=g","contentUrl":"https:\/\/secure.gravatar.com\/avatar\/36f2f63826681263103acb5ca1e7bc1a6db11baea9b75dd091d89b74f2704b07?s=96&d=mm&r=g","caption":"Van X Haber"},"description":"Van X Haber Van'\u0131n ilk ve tek yeni nesil Van Haber merkezi. Son Dakika Van Haberleri ve G\u00fcncel Van haber merkezinde s\u0131cak geli\u015fmeleri aktarmaya devam edece\u011fiz.","url":"https:\/\/vanxhaber.com\/index.php\/author\/vangazetesi\/"}]}},"_links":{"self":[{"href":"https:\/\/vanxhaber.com\/index.php\/wp-json\/wp\/v2\/posts\/1166","targetHints":{"allow":["GET"]}}],"collection":[{"href":"https:\/\/vanxhaber.com\/index.php\/wp-json\/wp\/v2\/posts"}],"about":[{"href":"https:\/\/vanxhaber.com\/index.php\/wp-json\/wp\/v2\/types\/post"}],"author":[{"embeddable":true,"href":"https:\/\/vanxhaber.com\/index.php\/wp-json\/wp\/v2\/users\/2"}],"replies":[{"embeddable":true,"href":"https:\/\/vanxhaber.com\/index.php\/wp-json\/wp\/v2\/comments?post=1166"}],"version-history":[{"count":1,"href":"https:\/\/vanxhaber.com\/index.php\/wp-json\/wp\/v2\/posts\/1166\/revisions"}],"predecessor-version":[{"id":1169,"href":"https:\/\/vanxhaber.com\/index.php\/wp-json\/wp\/v2\/posts\/1166\/revisions\/1169"}],"wp:featuredmedia":[{"embeddable":true,"href":"https:\/\/vanxhaber.com\/index.php\/wp-json\/wp\/v2\/media\/1168"}],"wp:attachment":[{"href":"https:\/\/vanxhaber.com\/index.php\/wp-json\/wp\/v2\/media?parent=1166"}],"wp:term":[{"taxonomy":"category","embeddable":true,"href":"https:\/\/vanxhaber.com\/index.php\/wp-json\/wp\/v2\/categories?post=1166"},{"taxonomy":"post_tag","embeddable":true,"href":"https:\/\/vanxhaber.com\/index.php\/wp-json\/wp\/v2\/tags?post=1166"}],"curies":[{"name":"wp","href":"https:\/\/api.w.org\/{rel}","templated":true}]}}