{"id":1184,"date":"2024-01-02T10:48:50","date_gmt":"2024-01-02T10:48:50","guid":{"rendered":"https:\/\/vanxhaber.com\/?p=1184"},"modified":"2024-01-02T10:48:52","modified_gmt":"2024-01-02T10:48:52","slug":"arac-sahiplerine-kis-bakimi-uyarilari","status":"publish","type":"post","link":"https:\/\/vanxhaber.com\/index.php\/2024\/01\/02\/arac-sahiplerine-kis-bakimi-uyarilari\/","title":{"rendered":"Ara\u00e7 sahiplerine \u2018k\u0131\u015f bak\u0131m\u0131\u2019 uyar\u0131lar\u0131"},"content":{"rendered":"\n<p>K\u0131\u015f so\u011fuklar\u0131n\u0131n iyiden iyiye kendini hissettirmesiyle birlikte ara\u00e7lar i\u00e7in bak\u0131m d\u00f6nemi ba\u015fl\u0131yor. Yol ve yolcu g\u00fcvenli\u011fi i\u00e7in arac\u0131n k\u0131\u015f \u015fartlar\u0131na haz\u0131rlanmas\u0131n\u0131n hayati \u00f6nem ta\u015f\u0131d\u0131\u011f\u0131na dikkat \u00e7eken Dr. Hulki B\u00fcy\u00fckkalender, \u00f6zellikle ak\u00fc bak\u0131m\u0131n\u0131n ihmal edilmemesi gerekti\u011fini belirtti.<\/p>\n\n\n\n<p>So\u011fuk hava, ya\u011fmur ve kar ya\u011f\u0131\u015flar\u0131 ile birlikte g\u00fcvenli bir yolculuk i\u00e7in arac\u0131n teknolojisine ve elektriksel donan\u0131m\u0131na uygun ak\u00fcn\u00fcn kullan\u0131lmas\u0131 ve bak\u0131m\u0131n\u0131n yapt\u0131r\u0131lmas\u0131 gerekiyor. Ak\u00fc k\u0131\u015f bak\u0131m\u0131 yapt\u0131r\u0131lan ak\u00fclerin hem ak\u00fc \u00f6mr\u00fc hem de arac\u0131n performans\u0131 korundu\u011funu belirtiyor.<\/p>\n\n\n\n<p><strong>\u201cSo\u011fuk havalarda ak\u00fcn\u00fcn i\u00e7indeki s\u0131v\u0131n\u0131n donma riski bulunuyor\u201d<\/strong><\/p>\n\n\n\n<p>D\u00fc\u015fen hava s\u0131cakl\u0131klar\u0131n\u0131n ak\u00fc ve \u015farj basmaya olumsuz etkileri oldu\u011funu belirten Genel M\u00fcd\u00fcr\u00fc Dr. Hulki B\u00fcy\u00fckkalender, \u201cAk\u00fclerin bak\u0131m\u0131 zaman\u0131nda yapt\u0131r\u0131lmazsa arac\u0131n mar\u015f motoru, ate\u015fleme sistemi, far gibi elektrik ile \u00e7al\u0131\u015fan fonksiyonlar\u0131nda aksama olabilir. \u00d6zellikle \u00e7ok so\u011fuk havalarda ak\u00fcn\u00fcn i\u00e7indeki s\u0131v\u0131n\u0131n (elektrolit) donma riski vard\u0131r. \u015earj\u0131 tam dolu bir ak\u00fc -70 derecelere kadar dayan\u0131rken bo\u015falm\u0131\u015f bir ak\u00fc -5 derecelerde donmaya ba\u015flayabilir. Bu nedenle so\u011fuk havalarda ak\u00fc bak\u0131m\u0131n\u0131n yap\u0131lmas\u0131 ve ak\u00fcn\u00fcn \u015farjl\u0131 halde bulunmas\u0131 \u00e7ok \u00f6nemlidir. \u00d6zellikle, zaman i\u00e7erisinde oksitlenerek elektrik ak\u0131m\u0131n\u0131 engelleyen kutup ba\u015flar\u0131n\u0131n temizli\u011finden mutlaka emin olunmal\u0131. E\u011fer kutup ba\u015flar\u0131 temiz de\u011filse, mar\u015f motoru ile di\u011fer aksamlar \u00e7al\u0131\u015famaz hale gelir\u201d dedi.<\/p>\n","protected":false},"excerpt":{"rendered":"<p>K\u0131\u015f so\u011fuklar\u0131n\u0131n iyiden iyiye kendini hissettirmesiyle birlikte ara\u00e7lar i\u00e7in bak\u0131m d\u00f6nemi ba\u015fl\u0131yor.<\/p>\n","protected":false},"author":1,"featured_media":1186,"comment_status":"open","ping_status":"closed","sticky":false,"template":"","format":"standard","meta":{"googlesitekit_rrm_CAowot3VCw:productID":"","footnotes":""},"categories":[1,25,30,31],"tags":[47,48],"class_list":["post-1184","post","type-post","status-publish","format-standard","has-post-thumbnail","hentry","category-van-haber","category-van-magazin","category-van-x-haber","category-van-yapay-zeka","tag-aku","tag-wan"],"yoast_head":"<!-- This site is optimized with the Yoast SEO Premium plugin v21.7 (Yoast SEO v26.7) - https:\/\/yoast.com\/wordpress\/plugins\/seo\/ -->\n<title>Ara\u00e7 sahiplerine \u2018k\u0131\u015f bak\u0131m\u0131\u2019 uyar\u0131lar\u0131 - Van Haber | Van X Haber | Van Haberleri<\/title>\n<meta name=\"description\" content=\"K\u0131\u015f so\u011fuklar\u0131n\u0131n iyiden iyiye kendini hissettirmesiyle birlikte ara\u00e7lar i\u00e7in bak\u0131m d\u00f6nemi ba\u015fl\u0131yor.\" \/>\n<meta name=\"robots\" content=\"index, follow, max-snippet:-1, max-image-preview:large, max-video-preview:-1\" \/>\n<link rel=\"canonical\" href=\"https:\/\/vanxhaber.com\/index.php\/2024\/01\/02\/arac-sahiplerine-kis-bakimi-uyarilari\/\" \/>\n<meta property=\"og:locale\" content=\"tr_TR\" \/>\n<meta property=\"og:type\" content=\"article\" \/>\n<meta property=\"og:title\" content=\"Ara\u00e7 sahiplerine \u2018k\u0131\u015f bak\u0131m\u0131\u2019 uyar\u0131lar\u0131\" \/>\n<meta property=\"og:description\" content=\"K\u0131\u015f so\u011fuklar\u0131n\u0131n iyiden iyiye kendini hissettirmesiyle birlikte ara\u00e7lar i\u00e7in bak\u0131m d\u00f6nemi ba\u015fl\u0131yor.\" \/>\n<meta property=\"og:url\" content=\"https:\/\/vanxhaber.com\/index.php\/2024\/01\/02\/arac-sahiplerine-kis-bakimi-uyarilari\/\" \/>\n<meta property=\"og:site_name\" content=\"Van Haber | Van X Haber | Van Haberleri\" \/>\n<meta property=\"article:published_time\" content=\"2024-01-02T10:48:50+00:00\" \/>\n<meta property=\"article:modified_time\" content=\"2024-01-02T10:48:52+00:00\" \/>\n<meta property=\"og:image\" content=\"https:\/\/vanxhaber.com\/wp-content\/uploads\/2024\/01\/Arac-sahiplerine-\u2018kis-bakimi-uyarilari.jpg\" \/>\n\t<meta property=\"og:image:width\" content=\"641\" \/>\n\t<meta property=\"og:image:height\" content=\"380\" \/>\n\t<meta property=\"og:image:type\" content=\"image\/jpeg\" \/>\n<meta name=\"author\" content=\"admin\" \/>\n<meta name=\"twitter:card\" content=\"summary_large_image\" \/>\n<meta name=\"twitter:label1\" content=\"Yazan:\" \/>\n\t<meta name=\"twitter:data1\" content=\"admin\" \/>\n\t<meta name=\"twitter:label2\" content=\"Tahmini okuma s\u00fcresi\" \/>\n\t<meta name=\"twitter:data2\" content=\"2 dakika\" \/>\n<script type=\"application\/ld+json\" class=\"yoast-schema-graph\">{\"@context\":\"https:\/\/schema.org\",\"@graph\":[{\"@type\":\"Article\",\"@id\":\"https:\/\/vanxhaber.com\/index.php\/2024\/01\/02\/arac-sahiplerine-kis-bakimi-uyarilari\/#article\",\"isPartOf\":{\"@id\":\"https:\/\/vanxhaber.com\/index.php\/2024\/01\/02\/arac-sahiplerine-kis-bakimi-uyarilari\/\"},\"author\":{\"name\":\"admin\",\"@id\":\"https:\/\/vanxhaber.com\/#\/schema\/person\/05facc98c63d517ce20ef179587dd978\"},\"headline\":\"Ara\u00e7 sahiplerine \u2018k\u0131\u015f bak\u0131m\u0131\u2019 uyar\u0131lar\u0131\",\"datePublished\":\"2024-01-02T10:48:50+00:00\",\"dateModified\":\"2024-01-02T10:48:52+00:00\",\"mainEntityOfPage\":{\"@id\":\"https:\/\/vanxhaber.com\/index.php\/2024\/01\/02\/arac-sahiplerine-kis-bakimi-uyarilari\/\"},\"wordCount\":293,\"commentCount\":0,\"image\":{\"@id\":\"https:\/\/vanxhaber.com\/index.php\/2024\/01\/02\/arac-sahiplerine-kis-bakimi-uyarilari\/#primaryimage\"},\"thumbnailUrl\":\"https:\/\/vanxhaber.com\/wp-content\/uploads\/2024\/01\/Arac-sahiplerine-\u2018kis-bakimi-uyarilari.jpg\",\"keywords\":[\"ak\u00fc\",\"wan\"],\"articleSection\":[\"Van Haber\",\"Van Magazin\",\"Van X Haber\",\"Van Yapay Zeka\"],\"inLanguage\":\"tr\",\"potentialAction\":[{\"@type\":\"CommentAction\",\"name\":\"Comment\",\"target\":[\"https:\/\/vanxhaber.com\/index.php\/2024\/01\/02\/arac-sahiplerine-kis-bakimi-uyarilari\/#respond\"]}],\"copyrightYear\":\"2024\",\"copyrightHolder\":{\"@id\":\"https:\/\/vanxhaber.com\/#organization\"}},{\"@type\":\"WebPage\",\"@id\":\"https:\/\/vanxhaber.com\/index.php\/2024\/01\/02\/arac-sahiplerine-kis-bakimi-uyarilari\/\",\"url\":\"https:\/\/vanxhaber.com\/index.php\/2024\/01\/02\/arac-sahiplerine-kis-bakimi-uyarilari\/\",\"name\":\"Ara\u00e7 sahiplerine \u2018k\u0131\u015f bak\u0131m\u0131\u2019 uyar\u0131lar\u0131 - Van Haber | Van X Haber | Van Haberleri\",\"isPartOf\":{\"@id\":\"https:\/\/vanxhaber.com\/#website\"},\"primaryImageOfPage\":{\"@id\":\"https:\/\/vanxhaber.com\/index.php\/2024\/01\/02\/arac-sahiplerine-kis-bakimi-uyarilari\/#primaryimage\"},\"image\":{\"@id\":\"https:\/\/vanxhaber.com\/index.php\/2024\/01\/02\/arac-sahiplerine-kis-bakimi-uyarilari\/#primaryimage\"},\"thumbnailUrl\":\"https:\/\/vanxhaber.com\/wp-content\/uploads\/2024\/01\/Arac-sahiplerine-\u2018kis-bakimi-uyarilari.jpg\",\"datePublished\":\"2024-01-02T10:48:50+00:00\",\"dateModified\":\"2024-01-02T10:48:52+00:00\",\"author\":{\"@id\":\"https:\/\/vanxhaber.com\/#\/schema\/person\/05facc98c63d517ce20ef179587dd978\"},\"description\":\"K\u0131\u015f so\u011fuklar\u0131n\u0131n iyiden iyiye kendini hissettirmesiyle birlikte ara\u00e7lar i\u00e7in bak\u0131m d\u00f6nemi ba\u015fl\u0131yor.\",\"breadcrumb\":{\"@id\":\"https:\/\/vanxhaber.com\/index.php\/2024\/01\/02\/arac-sahiplerine-kis-bakimi-uyarilari\/#breadcrumb\"},\"inLanguage\":\"tr\",\"potentialAction\":[{\"@type\":\"ReadAction\",\"target\":[\"https:\/\/vanxhaber.com\/index.php\/2024\/01\/02\/arac-sahiplerine-kis-bakimi-uyarilari\/\"]}]},{\"@type\":\"ImageObject\",\"inLanguage\":\"tr\",\"@id\":\"https:\/\/vanxhaber.com\/index.php\/2024\/01\/02\/arac-sahiplerine-kis-bakimi-uyarilari\/#primaryimage\",\"url\":\"https:\/\/vanxhaber.com\/wp-content\/uploads\/2024\/01\/Arac-sahiplerine-\u2018kis-bakimi-uyarilari.jpg\",\"contentUrl\":\"https:\/\/vanxhaber.com\/wp-content\/uploads\/2024\/01\/Arac-sahiplerine-\u2018kis-bakimi-uyarilari.jpg\",\"width\":641,\"height\":380},{\"@type\":\"BreadcrumbList\",\"@id\":\"https:\/\/vanxhaber.com\/index.php\/2024\/01\/02\/arac-sahiplerine-kis-bakimi-uyarilari\/#breadcrumb\",\"itemListElement\":[{\"@type\":\"ListItem\",\"position\":1,\"name\":\"Anasayfa\",\"item\":\"https:\/\/vanxhaber.com\/\"},{\"@type\":\"ListItem\",\"position\":2,\"name\":\"Ara\u00e7 sahiplerine \u2018k\u0131\u015f bak\u0131m\u0131\u2019 uyar\u0131lar\u0131\"}]},{\"@type\":\"WebSite\",\"@id\":\"https:\/\/vanxhaber.com\/#website\",\"url\":\"https:\/\/vanxhaber.com\/\",\"name\":\"Van Haber | Van X Haber | Van Haberleri\",\"description\":\"Van Haber, Van&#039;\u0131n ilk yapay zeka teknolojileri ile yaz\u0131lan Van X Haber ve Van Haberlerini aktif g\u00fcncel sunan tek vanhaber merkezidir.\",\"potentialAction\":[{\"@type\":\"SearchAction\",\"target\":{\"@type\":\"EntryPoint\",\"urlTemplate\":\"https:\/\/vanxhaber.com\/?s={search_term_string}\"},\"query-input\":{\"@type\":\"PropertyValueSpecification\",\"valueRequired\":true,\"valueName\":\"search_term_string\"}}],\"inLanguage\":\"tr\"},{\"@type\":\"Person\",\"@id\":\"https:\/\/vanxhaber.com\/#\/schema\/person\/05facc98c63d517ce20ef179587dd978\",\"name\":\"admin\",\"image\":{\"@type\":\"ImageObject\",\"inLanguage\":\"tr\",\"@id\":\"https:\/\/vanxhaber.com\/#\/schema\/person\/image\/\",\"url\":\"https:\/\/secure.gravatar.com\/avatar\/07c2efce1491b306587fd280bbedcb5a3d78411020eaa14e394b9c2d29b069ff?s=96&d=mm&r=g\",\"contentUrl\":\"https:\/\/secure.gravatar.com\/avatar\/07c2efce1491b306587fd280bbedcb5a3d78411020eaa14e394b9c2d29b069ff?s=96&d=mm&r=g\",\"caption\":\"admin\"},\"sameAs\":[\"https:\/\/vanxhaber.com\"],\"url\":\"https:\/\/vanxhaber.com\/index.php\/author\/havvanuricoz\/\"}]}<\/script>\n<!-- \/ Yoast SEO Premium plugin. -->","yoast_head_json":{"title":"Ara\u00e7 sahiplerine \u2018k\u0131\u015f bak\u0131m\u0131\u2019 uyar\u0131lar\u0131 - Van Haber | Van X Haber | Van Haberleri","description":"K\u0131\u015f so\u011fuklar\u0131n\u0131n iyiden iyiye kendini hissettirmesiyle birlikte ara\u00e7lar i\u00e7in bak\u0131m d\u00f6nemi ba\u015fl\u0131yor.","robots":{"index":"index","follow":"follow","max-snippet":"max-snippet:-1","max-image-preview":"max-image-preview:large","max-video-preview":"max-video-preview:-1"},"canonical":"https:\/\/vanxhaber.com\/index.php\/2024\/01\/02\/arac-sahiplerine-kis-bakimi-uyarilari\/","og_locale":"tr_TR","og_type":"article","og_title":"Ara\u00e7 sahiplerine \u2018k\u0131\u015f bak\u0131m\u0131\u2019 uyar\u0131lar\u0131","og_description":"K\u0131\u015f so\u011fuklar\u0131n\u0131n iyiden iyiye kendini hissettirmesiyle birlikte ara\u00e7lar i\u00e7in bak\u0131m d\u00f6nemi ba\u015fl\u0131yor.","og_url":"https:\/\/vanxhaber.com\/index.php\/2024\/01\/02\/arac-sahiplerine-kis-bakimi-uyarilari\/","og_site_name":"Van Haber | Van X Haber | Van Haberleri","article_published_time":"2024-01-02T10:48:50+00:00","article_modified_time":"2024-01-02T10:48:52+00:00","og_image":[{"width":641,"height":380,"url":"https:\/\/vanxhaber.com\/wp-content\/uploads\/2024\/01\/Arac-sahiplerine-\u2018kis-bakimi-uyarilari.jpg","type":"image\/jpeg"}],"author":"admin","twitter_card":"summary_large_image","twitter_misc":{"Yazan:":"admin","Tahmini okuma s\u00fcresi":"2 dakika"},"schema":{"@context":"https:\/\/schema.org","@graph":[{"@type":"Article","@id":"https:\/\/vanxhaber.com\/index.php\/2024\/01\/02\/arac-sahiplerine-kis-bakimi-uyarilari\/#article","isPartOf":{"@id":"https:\/\/vanxhaber.com\/index.php\/2024\/01\/02\/arac-sahiplerine-kis-bakimi-uyarilari\/"},"author":{"name":"admin","@id":"https:\/\/vanxhaber.com\/#\/schema\/person\/05facc98c63d517ce20ef179587dd978"},"headline":"Ara\u00e7 sahiplerine \u2018k\u0131\u015f bak\u0131m\u0131\u2019 uyar\u0131lar\u0131","datePublished":"2024-01-02T10:48:50+00:00","dateModified":"2024-01-02T10:48:52+00:00","mainEntityOfPage":{"@id":"https:\/\/vanxhaber.com\/index.php\/2024\/01\/02\/arac-sahiplerine-kis-bakimi-uyarilari\/"},"wordCount":293,"commentCount":0,"image":{"@id":"https:\/\/vanxhaber.com\/index.php\/2024\/01\/02\/arac-sahiplerine-kis-bakimi-uyarilari\/#primaryimage"},"thumbnailUrl":"https:\/\/vanxhaber.com\/wp-content\/uploads\/2024\/01\/Arac-sahiplerine-\u2018kis-bakimi-uyarilari.jpg","keywords":["ak\u00fc","wan"],"articleSection":["Van Haber","Van Magazin","Van X Haber","Van Yapay Zeka"],"inLanguage":"tr","potentialAction":[{"@type":"CommentAction","name":"Comment","target":["https:\/\/vanxhaber.com\/index.php\/2024\/01\/02\/arac-sahiplerine-kis-bakimi-uyarilari\/#respond"]}],"copyrightYear":"2024","copyrightHolder":{"@id":"https:\/\/vanxhaber.com\/#organization"}},{"@type":"WebPage","@id":"https:\/\/vanxhaber.com\/index.php\/2024\/01\/02\/arac-sahiplerine-kis-bakimi-uyarilari\/","url":"https:\/\/vanxhaber.com\/index.php\/2024\/01\/02\/arac-sahiplerine-kis-bakimi-uyarilari\/","name":"Ara\u00e7 sahiplerine \u2018k\u0131\u015f bak\u0131m\u0131\u2019 uyar\u0131lar\u0131 - Van Haber | Van X Haber | Van Haberleri","isPartOf":{"@id":"https:\/\/vanxhaber.com\/#website"},"primaryImageOfPage":{"@id":"https:\/\/vanxhaber.com\/index.php\/2024\/01\/02\/arac-sahiplerine-kis-bakimi-uyarilari\/#primaryimage"},"image":{"@id":"https:\/\/vanxhaber.com\/index.php\/2024\/01\/02\/arac-sahiplerine-kis-bakimi-uyarilari\/#primaryimage"},"thumbnailUrl":"https:\/\/vanxhaber.com\/wp-content\/uploads\/2024\/01\/Arac-sahiplerine-\u2018kis-bakimi-uyarilari.jpg","datePublished":"2024-01-02T10:48:50+00:00","dateModified":"2024-01-02T10:48:52+00:00","author":{"@id":"https:\/\/vanxhaber.com\/#\/schema\/person\/05facc98c63d517ce20ef179587dd978"},"description":"K\u0131\u015f so\u011fuklar\u0131n\u0131n iyiden iyiye kendini hissettirmesiyle birlikte ara\u00e7lar i\u00e7in bak\u0131m d\u00f6nemi ba\u015fl\u0131yor.","breadcrumb":{"@id":"https:\/\/vanxhaber.com\/index.php\/2024\/01\/02\/arac-sahiplerine-kis-bakimi-uyarilari\/#breadcrumb"},"inLanguage":"tr","potentialAction":[{"@type":"ReadAction","target":["https:\/\/vanxhaber.com\/index.php\/2024\/01\/02\/arac-sahiplerine-kis-bakimi-uyarilari\/"]}]},{"@type":"ImageObject","inLanguage":"tr","@id":"https:\/\/vanxhaber.com\/index.php\/2024\/01\/02\/arac-sahiplerine-kis-bakimi-uyarilari\/#primaryimage","url":"https:\/\/vanxhaber.com\/wp-content\/uploads\/2024\/01\/Arac-sahiplerine-\u2018kis-bakimi-uyarilari.jpg","contentUrl":"https:\/\/vanxhaber.com\/wp-content\/uploads\/2024\/01\/Arac-sahiplerine-\u2018kis-bakimi-uyarilari.jpg","width":641,"height":380},{"@type":"BreadcrumbList","@id":"https:\/\/vanxhaber.com\/index.php\/2024\/01\/02\/arac-sahiplerine-kis-bakimi-uyarilari\/#breadcrumb","itemListElement":[{"@type":"ListItem","position":1,"name":"Anasayfa","item":"https:\/\/vanxhaber.com\/"},{"@type":"ListItem","position":2,"name":"Ara\u00e7 sahiplerine \u2018k\u0131\u015f bak\u0131m\u0131\u2019 uyar\u0131lar\u0131"}]},{"@type":"WebSite","@id":"https:\/\/vanxhaber.com\/#website","url":"https:\/\/vanxhaber.com\/","name":"Van Haber | Van X Haber | Van Haberleri","description":"Van Haber, Van&#039;\u0131n ilk yapay zeka teknolojileri ile yaz\u0131lan Van X Haber ve Van Haberlerini aktif g\u00fcncel sunan tek vanhaber merkezidir.","potentialAction":[{"@type":"SearchAction","target":{"@type":"EntryPoint","urlTemplate":"https:\/\/vanxhaber.com\/?s={search_term_string}"},"query-input":{"@type":"PropertyValueSpecification","valueRequired":true,"valueName":"search_term_string"}}],"inLanguage":"tr"},{"@type":"Person","@id":"https:\/\/vanxhaber.com\/#\/schema\/person\/05facc98c63d517ce20ef179587dd978","name":"admin","image":{"@type":"ImageObject","inLanguage":"tr","@id":"https:\/\/vanxhaber.com\/#\/schema\/person\/image\/","url":"https:\/\/secure.gravatar.com\/avatar\/07c2efce1491b306587fd280bbedcb5a3d78411020eaa14e394b9c2d29b069ff?s=96&d=mm&r=g","contentUrl":"https:\/\/secure.gravatar.com\/avatar\/07c2efce1491b306587fd280bbedcb5a3d78411020eaa14e394b9c2d29b069ff?s=96&d=mm&r=g","caption":"admin"},"sameAs":["https:\/\/vanxhaber.com"],"url":"https:\/\/vanxhaber.com\/index.php\/author\/havvanuricoz\/"}]}},"_links":{"self":[{"href":"https:\/\/vanxhaber.com\/index.php\/wp-json\/wp\/v2\/posts\/1184","targetHints":{"allow":["GET"]}}],"collection":[{"href":"https:\/\/vanxhaber.com\/index.php\/wp-json\/wp\/v2\/posts"}],"about":[{"href":"https:\/\/vanxhaber.com\/index.php\/wp-json\/wp\/v2\/types\/post"}],"author":[{"embeddable":true,"href":"https:\/\/vanxhaber.com\/index.php\/wp-json\/wp\/v2\/users\/1"}],"replies":[{"embeddable":true,"href":"https:\/\/vanxhaber.com\/index.php\/wp-json\/wp\/v2\/comments?post=1184"}],"version-history":[{"count":1,"href":"https:\/\/vanxhaber.com\/index.php\/wp-json\/wp\/v2\/posts\/1184\/revisions"}],"predecessor-version":[{"id":1187,"href":"https:\/\/vanxhaber.com\/index.php\/wp-json\/wp\/v2\/posts\/1184\/revisions\/1187"}],"wp:featuredmedia":[{"embeddable":true,"href":"https:\/\/vanxhaber.com\/index.php\/wp-json\/wp\/v2\/media\/1186"}],"wp:attachment":[{"href":"https:\/\/vanxhaber.com\/index.php\/wp-json\/wp\/v2\/media?parent=1184"}],"wp:term":[{"taxonomy":"category","embeddable":true,"href":"https:\/\/vanxhaber.com\/index.php\/wp-json\/wp\/v2\/categories?post=1184"},{"taxonomy":"post_tag","embeddable":true,"href":"https:\/\/vanxhaber.com\/index.php\/wp-json\/wp\/v2\/tags?post=1184"}],"curies":[{"name":"wp","href":"https:\/\/api.w.org\/{rel}","templated":true}]}}