{"id":1188,"date":"2024-01-04T12:51:51","date_gmt":"2024-01-04T12:51:51","guid":{"rendered":"https:\/\/vanxhaber.com\/?p=1188"},"modified":"2024-01-04T12:51:53","modified_gmt":"2024-01-04T12:51:53","slug":"hem-ihracat-hem-uretimde-artis","status":"publish","type":"post","link":"https:\/\/vanxhaber.com\/index.php\/2024\/01\/04\/hem-ihracat-hem-uretimde-artis\/","title":{"rendered":"Hem \u0130hracat Hem \u00dcretimde Art\u0131\u015f"},"content":{"rendered":"\n<p>Plastik sekt\u00f6r\u00fcn\u00fcn 2023 y\u0131l\u0131n\u0131 hem ihracatta hem \u00fcretimde art\u0131\u015fla kapatt\u0131\u011f\u0131n\u0131 belirten Karadeniz, \u201c2023 y\u0131l\u0131nda, \u00e7ok say\u0131da insan\u0131n hayat\u0131n\u0131 ve mal\u0131n\u0131 kaybetmesine neden olan ve \u00fclkemizi yasa bo\u011fan depremler, ihracat pazarlar\u0131ndaki talep daralmas\u0131, se\u00e7im s\u00fcreci, b\u00f6lgesel \u00e7at\u0131\u015fmalar ve finansmana eri\u015fimdeki zorluklar gibi \u00e7e\u015fitli olumsuz fakt\u00f6rlerin etkisiyle plastik sekt\u00f6r\u00fcn\u00fcn performans\u0131 yava\u015flad\u0131. \u0130lk \u00fc\u00e7 \u00e7eyrekte yaln\u0131zca %2,5 oran\u0131nda b\u00fcy\u00fcyen sekt\u00f6r, son \u00e7eyrekte ise sevindirici bir performans sergileyerek y\u0131l\u0131 %5 civar\u0131nda bir b\u00fcy\u00fcmeyle tamamlad\u0131. T\u00fcrkiye&#8217;nin d\u0131\u015f ili\u015fkilerde do\u011fru konumlanmas\u0131 sayesinde, co\u011frafyam\u0131zda ya\u015fanan b\u00f6lgesel \u00e7at\u0131\u015fmalar\u0131n \u00fclke ticaretimizi olumsuz etkilemedi\u011fini g\u00f6zlemledik. Hatta geleneksel ihracat pazarlar\u0131m\u0131zdaki talep daralmas\u0131na ba\u011fl\u0131 ihracat kay\u0131plar\u0131m\u0131z, bu do\u011fru konumlanma sayesinde geli\u015fen yeni pazarlara a\u00e7\u0131lmam\u0131z sayesinde telafi edildi. Bu geli\u015fmelerle birlikte, plastik ihracat\u0131m\u0131z y\u0131lsonu itibariyle yakla\u015f\u0131k %2\u2019lik art\u0131\u015fla 4,6 milyon tona y\u00fckseldi. Ancak, k\u00fcresel piyasalarda plastik hammadde fiyatlar\u0131nda ya\u015fanan d\u00fc\u015f\u00fc\u015f, ihracat\u0131m\u0131z\u0131n de\u011fer baz\u0131nda gerilemesine neden oldu ve ihracat\u0131m\u0131z de\u011fer baz\u0131nda y\u0131l\u0131 yakla\u015f\u0131k %7 civar\u0131nda bir kay\u0131pla tamamlad\u0131. Plastik sekt\u00f6r\u00fc, otomotiv ba\u015fta olmak \u00fczere 30\u2019dan fazla sekt\u00f6re ara girdi sa\u011flamaktad\u0131r. Bu nedenle, ihracat\u0131n\u0131n \u00f6nemli bir b\u00f6l\u00fcm\u00fc dolayl\u0131 olarak ger\u00e7ekle\u015fmektedir. Hesaplamalar\u0131m\u0131za g\u00f6re, dolayl\u0131 ihracat\u0131 da dikkate alarak plastik sekt\u00f6r\u00fcn\u00fcn 2023 y\u0131l\u0131 ihracat\u0131n\u0131n yakla\u015f\u0131k olarak 16 milyar dolar seviyesinde ger\u00e7ekle\u015fti\u011fini s\u00f6yleyebiliriz.\u201d dedi.<\/p>\n\n\n\n<p>Katma De\u011ferli \u00dcretimin Anahtar\u0131 Nitelikli \u0130\u015fg\u00fcc\u00fc<\/p>\n\n\n\n<p>Y\u00fcksek katma de\u011ferli \u00fcretim i\u00e7in sekt\u00f6r\u00fcn \u00fcretim kompozisyonunda de\u011fi\u015fikli\u011fe gidilmesi gerekti\u011fini ifade eden Karadeniz, \u201cSekt\u00f6r\u00fcm\u00fcz\u00fcn y\u0131llard\u0131r s\u00fcre gelen en ba\u015fat sorunlar\u0131ndan biri d\u00fc\u015f\u00fck katma de\u011ferli \u00fcretim yap\u0131yor olmam\u0131z. Y\u00fcksek katma de\u011ferli \u00fcretime ge\u00e7mek ad\u0131na s\u00fcrekli hedefler konuluyor olsa da \u00fcretim kompozisyonunu de\u011fi\u015ftirmek i\u00e7in en \u00f6nemli ihtiya\u00e7 olan nitelikli insan kayna\u011f\u0131na eri\u015fimin \u00e7ok k\u0131s\u0131tl\u0131 oldu\u011funu g\u00f6z ard\u0131 etmemeliyiz. E\u011fer \u00fclke olarak verimlili\u011fi art\u0131racaksak kaynaklar\u0131m\u0131z\u0131 mutlaka e\u011fitime aktarmam\u0131z gerekiyor. \u00d6te yandan, son y\u0131llarda \u00f6nemi h\u0131zla artan bir di\u011fer \u00f6nemli sorun ise ya\u015fanmakta olan finansman darbo\u011faz\u0131. Ne yaz\u0131k ki, i\u00e7inden ge\u00e7ti\u011fimiz d\u00f6nemde finans kurulu\u015flar\u0131n\u0131n vadeleri k\u0131st\u0131\u011f\u0131n\u0131 ve finansmana eri\u015fimin giderek zorla\u015ft\u0131\u011f\u0131n\u0131 g\u00f6rmekteyiz. Firmalar i\u015fletme sermayesi bulmakta dahi g\u00fc\u00e7l\u00fck \u00e7ekerken yat\u0131r\u0131m planlar\u0131 \u00f6telenmekte ve buna ba\u011fl\u0131 olarak \u00fclkemiz d\u0131\u015f ticaretteki rakiplerine pozisyon kaybetmektedir. \u0130malat sanayimizin b\u00fcy\u00fcme potansiyelini ger\u00e7ekle\u015ftirebilmesi ad\u0131na finansmana eri\u015fim imkanlar\u0131n\u0131n geli\u015ftirilmesi gerekiyor\u201d dedi.<\/p>\n","protected":false},"excerpt":{"rendered":"<p>Plastik sekt\u00f6r\u00fcn\u00fcn 2023 y\u0131l\u0131n\u0131 hem ihracatta hem \u00fcretimde art\u0131\u015fla kapatt\u0131\u011f\u0131n\u0131 belirten Karadeniz, \u201c2023 y\u0131l\u0131nda, \u00e7ok say\u0131da insan\u0131n hayat\u0131n\u0131 ve mal\u0131n\u0131 kaybetmesine neden olan ve \u00fclkemizi yasa bo\u011fan depremler, ihracat pazarlar\u0131ndaki talep daralmas\u0131, se\u00e7im s\u00fcreci, b\u00f6lgesel \u00e7at\u0131\u015fmalar ve finansmana eri\u015fimdeki zorluklar gibi \u00e7e\u015fitli olumsuz fakt\u00f6rlerin etkisiyle plastik sekt\u00f6r\u00fcn\u00fcn performans\u0131 yava\u015flad\u0131. \u0130lk \u00fc\u00e7 \u00e7eyrekte yaln\u0131zca %2,5 oran\u0131nda &hellip;<\/p>\n","protected":false},"author":2,"featured_media":1190,"comment_status":"open","ping_status":"closed","sticky":false,"template":"","format":"standard","meta":{"googlesitekit_rrm_CAowot3VCw:productID":"","footnotes":""},"categories":[28,27,32,1,24,29,25,26,30,31],"tags":[49,50],"class_list":["post-1188","post","type-post","status-publish","format-standard","has-post-thumbnail","hentry","category-van-egitim","category-van-emniyet","category-van-genclik","category-van-haber","category-van-haberleri","category-van-kaza","category-van-magazin","category-van-siyaset","category-van-x-haber","category-van-yapay-zeka","tag-ihracat","tag-uretim"],"yoast_head":"<!-- This site is optimized with the Yoast SEO Premium plugin v21.7 (Yoast SEO v26.7) - https:\/\/yoast.com\/wordpress\/plugins\/seo\/ -->\n<title>Hem \u0130hracat Hem \u00dcretimde Art\u0131\u015f - Van Haber | Van X Haber | Van Haberleri<\/title>\n<meta name=\"description\" content=\"Karadeniz, \u201cSekt\u00f6r\u00fcm\u00fcz\u00fcn y\u0131llard\u0131r s\u00fcre gelen en ba\u015fat sorunlar\u0131ndan biri d\u00fc\u015f\u00fck katma de\u011ferli \u00fcretim yap\u0131yor olmam\u0131z.&quot;\" \/>\n<meta name=\"robots\" content=\"index, follow, max-snippet:-1, max-image-preview:large, max-video-preview:-1\" \/>\n<link rel=\"canonical\" href=\"https:\/\/vanxhaber.com\/index.php\/2024\/01\/04\/hem-ihracat-hem-uretimde-artis\/\" \/>\n<meta property=\"og:locale\" content=\"tr_TR\" \/>\n<meta property=\"og:type\" content=\"article\" \/>\n<meta property=\"og:title\" content=\"Hem \u0130hracat Hem \u00dcretimde Art\u0131\u015f\" \/>\n<meta property=\"og:description\" content=\"Karadeniz, \u201cSekt\u00f6r\u00fcm\u00fcz\u00fcn y\u0131llard\u0131r s\u00fcre gelen en ba\u015fat sorunlar\u0131ndan biri d\u00fc\u015f\u00fck katma de\u011ferli \u00fcretim yap\u0131yor olmam\u0131z.&quot;\" \/>\n<meta property=\"og:url\" content=\"https:\/\/vanxhaber.com\/index.php\/2024\/01\/04\/hem-ihracat-hem-uretimde-artis\/\" \/>\n<meta property=\"og:site_name\" content=\"Van Haber | Van X Haber | Van Haberleri\" \/>\n<meta property=\"article:published_time\" content=\"2024-01-04T12:51:51+00:00\" \/>\n<meta property=\"article:modified_time\" content=\"2024-01-04T12:51:53+00:00\" \/>\n<meta property=\"og:image\" content=\"https:\/\/vanxhaber.com\/wp-content\/uploads\/2024\/01\/Hem-Ihracat-Hem-Uretimde-Artis.jpg\" \/>\n\t<meta property=\"og:image:width\" content=\"641\" \/>\n\t<meta property=\"og:image:height\" content=\"380\" \/>\n\t<meta property=\"og:image:type\" content=\"image\/jpeg\" \/>\n<meta name=\"author\" content=\"Van X Haber\" \/>\n<meta name=\"twitter:card\" content=\"summary_large_image\" \/>\n<meta name=\"twitter:label1\" content=\"Yazan:\" \/>\n\t<meta name=\"twitter:data1\" content=\"Van X Haber\" \/>\n\t<meta name=\"twitter:label2\" content=\"Tahmini okuma s\u00fcresi\" \/>\n\t<meta name=\"twitter:data2\" content=\"3 dakika\" \/>\n<script type=\"application\/ld+json\" class=\"yoast-schema-graph\">{\"@context\":\"https:\/\/schema.org\",\"@graph\":[{\"@type\":\"Article\",\"@id\":\"https:\/\/vanxhaber.com\/index.php\/2024\/01\/04\/hem-ihracat-hem-uretimde-artis\/#article\",\"isPartOf\":{\"@id\":\"https:\/\/vanxhaber.com\/index.php\/2024\/01\/04\/hem-ihracat-hem-uretimde-artis\/\"},\"author\":{\"name\":\"Van X Haber\",\"@id\":\"https:\/\/vanxhaber.com\/#\/schema\/person\/a5fd8d89510cb5370e62ad176f7978ee\"},\"headline\":\"Hem \u0130hracat Hem \u00dcretimde Art\u0131\u015f\",\"datePublished\":\"2024-01-04T12:51:51+00:00\",\"dateModified\":\"2024-01-04T12:51:53+00:00\",\"mainEntityOfPage\":{\"@id\":\"https:\/\/vanxhaber.com\/index.php\/2024\/01\/04\/hem-ihracat-hem-uretimde-artis\/\"},\"wordCount\":504,\"commentCount\":0,\"image\":{\"@id\":\"https:\/\/vanxhaber.com\/index.php\/2024\/01\/04\/hem-ihracat-hem-uretimde-artis\/#primaryimage\"},\"thumbnailUrl\":\"https:\/\/vanxhaber.com\/wp-content\/uploads\/2024\/01\/Hem-Ihracat-Hem-Uretimde-Artis.jpg\",\"keywords\":[\"\u0130hracat\",\"\u00dcretim\"],\"articleSection\":[\"Van E\u011fitim\",\"Van Emniyet\",\"Van\u00a0Gen\u00e7lik\",\"Van Haber\",\"Van Haberleri\",\"Van Kaza\",\"Van Magazin\",\"Van Siyaset\",\"Van X Haber\",\"Van Yapay Zeka\"],\"inLanguage\":\"tr\",\"potentialAction\":[{\"@type\":\"CommentAction\",\"name\":\"Comment\",\"target\":[\"https:\/\/vanxhaber.com\/index.php\/2024\/01\/04\/hem-ihracat-hem-uretimde-artis\/#respond\"]}],\"copyrightYear\":\"2024\",\"copyrightHolder\":{\"@id\":\"https:\/\/vanxhaber.com\/#organization\"}},{\"@type\":\"WebPage\",\"@id\":\"https:\/\/vanxhaber.com\/index.php\/2024\/01\/04\/hem-ihracat-hem-uretimde-artis\/\",\"url\":\"https:\/\/vanxhaber.com\/index.php\/2024\/01\/04\/hem-ihracat-hem-uretimde-artis\/\",\"name\":\"Hem \u0130hracat Hem \u00dcretimde Art\u0131\u015f - Van Haber | Van X Haber | Van Haberleri\",\"isPartOf\":{\"@id\":\"https:\/\/vanxhaber.com\/#website\"},\"primaryImageOfPage\":{\"@id\":\"https:\/\/vanxhaber.com\/index.php\/2024\/01\/04\/hem-ihracat-hem-uretimde-artis\/#primaryimage\"},\"image\":{\"@id\":\"https:\/\/vanxhaber.com\/index.php\/2024\/01\/04\/hem-ihracat-hem-uretimde-artis\/#primaryimage\"},\"thumbnailUrl\":\"https:\/\/vanxhaber.com\/wp-content\/uploads\/2024\/01\/Hem-Ihracat-Hem-Uretimde-Artis.jpg\",\"datePublished\":\"2024-01-04T12:51:51+00:00\",\"dateModified\":\"2024-01-04T12:51:53+00:00\",\"author\":{\"@id\":\"https:\/\/vanxhaber.com\/#\/schema\/person\/a5fd8d89510cb5370e62ad176f7978ee\"},\"description\":\"Karadeniz, \u201cSekt\u00f6r\u00fcm\u00fcz\u00fcn y\u0131llard\u0131r s\u00fcre gelen en ba\u015fat sorunlar\u0131ndan biri d\u00fc\u015f\u00fck katma de\u011ferli \u00fcretim yap\u0131yor olmam\u0131z.\\\"\",\"breadcrumb\":{\"@id\":\"https:\/\/vanxhaber.com\/index.php\/2024\/01\/04\/hem-ihracat-hem-uretimde-artis\/#breadcrumb\"},\"inLanguage\":\"tr\",\"potentialAction\":[{\"@type\":\"ReadAction\",\"target\":[\"https:\/\/vanxhaber.com\/index.php\/2024\/01\/04\/hem-ihracat-hem-uretimde-artis\/\"]}]},{\"@type\":\"ImageObject\",\"inLanguage\":\"tr\",\"@id\":\"https:\/\/vanxhaber.com\/index.php\/2024\/01\/04\/hem-ihracat-hem-uretimde-artis\/#primaryimage\",\"url\":\"https:\/\/vanxhaber.com\/wp-content\/uploads\/2024\/01\/Hem-Ihracat-Hem-Uretimde-Artis.jpg\",\"contentUrl\":\"https:\/\/vanxhaber.com\/wp-content\/uploads\/2024\/01\/Hem-Ihracat-Hem-Uretimde-Artis.jpg\",\"width\":641,\"height\":380},{\"@type\":\"BreadcrumbList\",\"@id\":\"https:\/\/vanxhaber.com\/index.php\/2024\/01\/04\/hem-ihracat-hem-uretimde-artis\/#breadcrumb\",\"itemListElement\":[{\"@type\":\"ListItem\",\"position\":1,\"name\":\"Anasayfa\",\"item\":\"https:\/\/vanxhaber.com\/\"},{\"@type\":\"ListItem\",\"position\":2,\"name\":\"Hem \u0130hracat Hem \u00dcretimde Art\u0131\u015f\"}]},{\"@type\":\"WebSite\",\"@id\":\"https:\/\/vanxhaber.com\/#website\",\"url\":\"https:\/\/vanxhaber.com\/\",\"name\":\"Van Haber | Van X Haber | Van Haberleri\",\"description\":\"Van Haber, Van&#039;\u0131n ilk yapay zeka teknolojileri ile yaz\u0131lan Van X Haber ve Van Haberlerini aktif g\u00fcncel sunan tek vanhaber merkezidir.\",\"potentialAction\":[{\"@type\":\"SearchAction\",\"target\":{\"@type\":\"EntryPoint\",\"urlTemplate\":\"https:\/\/vanxhaber.com\/?s={search_term_string}\"},\"query-input\":{\"@type\":\"PropertyValueSpecification\",\"valueRequired\":true,\"valueName\":\"search_term_string\"}}],\"inLanguage\":\"tr\"},{\"@type\":\"Person\",\"@id\":\"https:\/\/vanxhaber.com\/#\/schema\/person\/a5fd8d89510cb5370e62ad176f7978ee\",\"name\":\"Van X Haber\",\"image\":{\"@type\":\"ImageObject\",\"inLanguage\":\"tr\",\"@id\":\"https:\/\/vanxhaber.com\/#\/schema\/person\/image\/\",\"url\":\"https:\/\/secure.gravatar.com\/avatar\/36f2f63826681263103acb5ca1e7bc1a6db11baea9b75dd091d89b74f2704b07?s=96&d=mm&r=g\",\"contentUrl\":\"https:\/\/secure.gravatar.com\/avatar\/36f2f63826681263103acb5ca1e7bc1a6db11baea9b75dd091d89b74f2704b07?s=96&d=mm&r=g\",\"caption\":\"Van X Haber\"},\"description\":\"Van X Haber Van'\u0131n ilk ve tek yeni nesil Van Haber merkezi. Son Dakika Van Haberleri ve G\u00fcncel Van haber merkezinde s\u0131cak geli\u015fmeleri aktarmaya devam edece\u011fiz.\",\"url\":\"https:\/\/vanxhaber.com\/index.php\/author\/vangazetesi\/\"}]}<\/script>\n<!-- \/ Yoast SEO Premium plugin. -->","yoast_head_json":{"title":"Hem \u0130hracat Hem \u00dcretimde Art\u0131\u015f - Van Haber | Van X Haber | Van Haberleri","description":"Karadeniz, \u201cSekt\u00f6r\u00fcm\u00fcz\u00fcn y\u0131llard\u0131r s\u00fcre gelen en ba\u015fat sorunlar\u0131ndan biri d\u00fc\u015f\u00fck katma de\u011ferli \u00fcretim yap\u0131yor olmam\u0131z.\"","robots":{"index":"index","follow":"follow","max-snippet":"max-snippet:-1","max-image-preview":"max-image-preview:large","max-video-preview":"max-video-preview:-1"},"canonical":"https:\/\/vanxhaber.com\/index.php\/2024\/01\/04\/hem-ihracat-hem-uretimde-artis\/","og_locale":"tr_TR","og_type":"article","og_title":"Hem \u0130hracat Hem \u00dcretimde Art\u0131\u015f","og_description":"Karadeniz, \u201cSekt\u00f6r\u00fcm\u00fcz\u00fcn y\u0131llard\u0131r s\u00fcre gelen en ba\u015fat sorunlar\u0131ndan biri d\u00fc\u015f\u00fck katma de\u011ferli \u00fcretim yap\u0131yor olmam\u0131z.\"","og_url":"https:\/\/vanxhaber.com\/index.php\/2024\/01\/04\/hem-ihracat-hem-uretimde-artis\/","og_site_name":"Van Haber | Van X Haber | Van Haberleri","article_published_time":"2024-01-04T12:51:51+00:00","article_modified_time":"2024-01-04T12:51:53+00:00","og_image":[{"width":641,"height":380,"url":"https:\/\/vanxhaber.com\/wp-content\/uploads\/2024\/01\/Hem-Ihracat-Hem-Uretimde-Artis.jpg","type":"image\/jpeg"}],"author":"Van X Haber","twitter_card":"summary_large_image","twitter_misc":{"Yazan:":"Van X Haber","Tahmini okuma s\u00fcresi":"3 dakika"},"schema":{"@context":"https:\/\/schema.org","@graph":[{"@type":"Article","@id":"https:\/\/vanxhaber.com\/index.php\/2024\/01\/04\/hem-ihracat-hem-uretimde-artis\/#article","isPartOf":{"@id":"https:\/\/vanxhaber.com\/index.php\/2024\/01\/04\/hem-ihracat-hem-uretimde-artis\/"},"author":{"name":"Van X Haber","@id":"https:\/\/vanxhaber.com\/#\/schema\/person\/a5fd8d89510cb5370e62ad176f7978ee"},"headline":"Hem \u0130hracat Hem \u00dcretimde Art\u0131\u015f","datePublished":"2024-01-04T12:51:51+00:00","dateModified":"2024-01-04T12:51:53+00:00","mainEntityOfPage":{"@id":"https:\/\/vanxhaber.com\/index.php\/2024\/01\/04\/hem-ihracat-hem-uretimde-artis\/"},"wordCount":504,"commentCount":0,"image":{"@id":"https:\/\/vanxhaber.com\/index.php\/2024\/01\/04\/hem-ihracat-hem-uretimde-artis\/#primaryimage"},"thumbnailUrl":"https:\/\/vanxhaber.com\/wp-content\/uploads\/2024\/01\/Hem-Ihracat-Hem-Uretimde-Artis.jpg","keywords":["\u0130hracat","\u00dcretim"],"articleSection":["Van E\u011fitim","Van Emniyet","Van\u00a0Gen\u00e7lik","Van Haber","Van Haberleri","Van Kaza","Van Magazin","Van Siyaset","Van X Haber","Van Yapay Zeka"],"inLanguage":"tr","potentialAction":[{"@type":"CommentAction","name":"Comment","target":["https:\/\/vanxhaber.com\/index.php\/2024\/01\/04\/hem-ihracat-hem-uretimde-artis\/#respond"]}],"copyrightYear":"2024","copyrightHolder":{"@id":"https:\/\/vanxhaber.com\/#organization"}},{"@type":"WebPage","@id":"https:\/\/vanxhaber.com\/index.php\/2024\/01\/04\/hem-ihracat-hem-uretimde-artis\/","url":"https:\/\/vanxhaber.com\/index.php\/2024\/01\/04\/hem-ihracat-hem-uretimde-artis\/","name":"Hem \u0130hracat Hem \u00dcretimde Art\u0131\u015f - Van Haber | Van X Haber | Van Haberleri","isPartOf":{"@id":"https:\/\/vanxhaber.com\/#website"},"primaryImageOfPage":{"@id":"https:\/\/vanxhaber.com\/index.php\/2024\/01\/04\/hem-ihracat-hem-uretimde-artis\/#primaryimage"},"image":{"@id":"https:\/\/vanxhaber.com\/index.php\/2024\/01\/04\/hem-ihracat-hem-uretimde-artis\/#primaryimage"},"thumbnailUrl":"https:\/\/vanxhaber.com\/wp-content\/uploads\/2024\/01\/Hem-Ihracat-Hem-Uretimde-Artis.jpg","datePublished":"2024-01-04T12:51:51+00:00","dateModified":"2024-01-04T12:51:53+00:00","author":{"@id":"https:\/\/vanxhaber.com\/#\/schema\/person\/a5fd8d89510cb5370e62ad176f7978ee"},"description":"Karadeniz, \u201cSekt\u00f6r\u00fcm\u00fcz\u00fcn y\u0131llard\u0131r s\u00fcre gelen en ba\u015fat sorunlar\u0131ndan biri d\u00fc\u015f\u00fck katma de\u011ferli \u00fcretim yap\u0131yor olmam\u0131z.\"","breadcrumb":{"@id":"https:\/\/vanxhaber.com\/index.php\/2024\/01\/04\/hem-ihracat-hem-uretimde-artis\/#breadcrumb"},"inLanguage":"tr","potentialAction":[{"@type":"ReadAction","target":["https:\/\/vanxhaber.com\/index.php\/2024\/01\/04\/hem-ihracat-hem-uretimde-artis\/"]}]},{"@type":"ImageObject","inLanguage":"tr","@id":"https:\/\/vanxhaber.com\/index.php\/2024\/01\/04\/hem-ihracat-hem-uretimde-artis\/#primaryimage","url":"https:\/\/vanxhaber.com\/wp-content\/uploads\/2024\/01\/Hem-Ihracat-Hem-Uretimde-Artis.jpg","contentUrl":"https:\/\/vanxhaber.com\/wp-content\/uploads\/2024\/01\/Hem-Ihracat-Hem-Uretimde-Artis.jpg","width":641,"height":380},{"@type":"BreadcrumbList","@id":"https:\/\/vanxhaber.com\/index.php\/2024\/01\/04\/hem-ihracat-hem-uretimde-artis\/#breadcrumb","itemListElement":[{"@type":"ListItem","position":1,"name":"Anasayfa","item":"https:\/\/vanxhaber.com\/"},{"@type":"ListItem","position":2,"name":"Hem \u0130hracat Hem \u00dcretimde Art\u0131\u015f"}]},{"@type":"WebSite","@id":"https:\/\/vanxhaber.com\/#website","url":"https:\/\/vanxhaber.com\/","name":"Van Haber | Van X Haber | Van Haberleri","description":"Van Haber, Van&#039;\u0131n ilk yapay zeka teknolojileri ile yaz\u0131lan Van X Haber ve Van Haberlerini aktif g\u00fcncel sunan tek vanhaber merkezidir.","potentialAction":[{"@type":"SearchAction","target":{"@type":"EntryPoint","urlTemplate":"https:\/\/vanxhaber.com\/?s={search_term_string}"},"query-input":{"@type":"PropertyValueSpecification","valueRequired":true,"valueName":"search_term_string"}}],"inLanguage":"tr"},{"@type":"Person","@id":"https:\/\/vanxhaber.com\/#\/schema\/person\/a5fd8d89510cb5370e62ad176f7978ee","name":"Van X Haber","image":{"@type":"ImageObject","inLanguage":"tr","@id":"https:\/\/vanxhaber.com\/#\/schema\/person\/image\/","url":"https:\/\/secure.gravatar.com\/avatar\/36f2f63826681263103acb5ca1e7bc1a6db11baea9b75dd091d89b74f2704b07?s=96&d=mm&r=g","contentUrl":"https:\/\/secure.gravatar.com\/avatar\/36f2f63826681263103acb5ca1e7bc1a6db11baea9b75dd091d89b74f2704b07?s=96&d=mm&r=g","caption":"Van X Haber"},"description":"Van X Haber Van'\u0131n ilk ve tek yeni nesil Van Haber merkezi. Son Dakika Van Haberleri ve G\u00fcncel Van haber merkezinde s\u0131cak geli\u015fmeleri aktarmaya devam edece\u011fiz.","url":"https:\/\/vanxhaber.com\/index.php\/author\/vangazetesi\/"}]}},"_links":{"self":[{"href":"https:\/\/vanxhaber.com\/index.php\/wp-json\/wp\/v2\/posts\/1188","targetHints":{"allow":["GET"]}}],"collection":[{"href":"https:\/\/vanxhaber.com\/index.php\/wp-json\/wp\/v2\/posts"}],"about":[{"href":"https:\/\/vanxhaber.com\/index.php\/wp-json\/wp\/v2\/types\/post"}],"author":[{"embeddable":true,"href":"https:\/\/vanxhaber.com\/index.php\/wp-json\/wp\/v2\/users\/2"}],"replies":[{"embeddable":true,"href":"https:\/\/vanxhaber.com\/index.php\/wp-json\/wp\/v2\/comments?post=1188"}],"version-history":[{"count":1,"href":"https:\/\/vanxhaber.com\/index.php\/wp-json\/wp\/v2\/posts\/1188\/revisions"}],"predecessor-version":[{"id":1191,"href":"https:\/\/vanxhaber.com\/index.php\/wp-json\/wp\/v2\/posts\/1188\/revisions\/1191"}],"wp:featuredmedia":[{"embeddable":true,"href":"https:\/\/vanxhaber.com\/index.php\/wp-json\/wp\/v2\/media\/1190"}],"wp:attachment":[{"href":"https:\/\/vanxhaber.com\/index.php\/wp-json\/wp\/v2\/media?parent=1188"}],"wp:term":[{"taxonomy":"category","embeddable":true,"href":"https:\/\/vanxhaber.com\/index.php\/wp-json\/wp\/v2\/categories?post=1188"},{"taxonomy":"post_tag","embeddable":true,"href":"https:\/\/vanxhaber.com\/index.php\/wp-json\/wp\/v2\/tags?post=1188"}],"curies":[{"name":"wp","href":"https:\/\/api.w.org\/{rel}","templated":true}]}}