{"id":1192,"date":"2024-01-04T12:58:37","date_gmt":"2024-01-04T12:58:37","guid":{"rendered":"https:\/\/vanxhaber.com\/?p=1192"},"modified":"2024-01-04T12:58:38","modified_gmt":"2024-01-04T12:58:38","slug":"gurpinar-toki-konutlari-ihale-tarihi-belli-oldu","status":"publish","type":"post","link":"https:\/\/vanxhaber.com\/index.php\/2024\/01\/04\/gurpinar-toki-konutlari-ihale-tarihi-belli-oldu\/","title":{"rendered":"G\u00fcrp\u0131nar TOK\u0130 Konutlar\u0131 \u0130hale Tarihi Belli Oldu"},"content":{"rendered":"\n<p><strong>G\u00fcrp\u0131nar Belediye Ba\u015fkan\u0131 Hayrullah Tan\u0131\u015f\u2019\u0131n giri\u015fimleri sonras\u0131 G\u00fcrp\u0131nar\u2019a 111 TOK\u0130 konutu ve 1 i\u015f yeri yap\u0131l\u0131yor.<br><\/strong>Ba\u015fkan Tan\u0131\u015f, ge\u00e7ti\u011fimiz g\u00fcnlerde Ankara temaslar\u0131 kapsam\u0131nda Toplu Konut \u0130daresi Ba\u015fkan\u0131 \u00d6mer Bulut\u2019u ziyaret ederek \u0130l\u00e7ede artan konut ihtiyac\u0131n\u0131 kar\u015f\u0131lamak amac\u0131yla g\u00f6r\u00fc\u015fme ger\u00e7ekle\u015ftirmi\u015fti.<br>G\u00f6r\u00fc\u015fmeler sonras\u0131 Ba\u015fkan Tan\u0131\u015f, TOK\u0130 taraf\u0131ndan il\u00e7eye 111 konutun ve 1 adet 3 d\u00fckk\u00e2nl\u0131 i\u015f merkezinin yap\u0131laca\u011f\u0131n\u0131n m\u00fcjdesini verdi.<br>G\u00fcrp\u0131nar i\u00e7in yap\u0131lacak olan konutlar\u0131n ihalesi, 24 Ocak 2024 tarihinde Ankara\u2019da Toplu Konut \u0130daresi Ba\u015fkanl\u0131\u011f\u0131 (TOK\u0130) toplant\u0131 salonunda saat 14.30\u2019da yap\u0131lacak.<br>\u0130l\u00e7eye yeni konutlar\u0131n yap\u0131lmas\u0131n\u0131 memnuniyetle kar\u015f\u0131lad\u0131klar\u0131n\u0131 kaydeden Ba\u015fkan Tan\u0131\u015f, \u201cEser siyaseti anlay\u0131\u015f\u0131m\u0131zla G\u00fcrp\u0131nar\u0131m\u0131zdaki yat\u0131r\u0131mlar\u0131m\u0131zda her ge\u00e7en g\u00fcn yeni a\u015famalar kaydediyoruz. Bug\u00fcnde \u0130l\u00e7emizde konut ihtiyac\u0131n\u0131 kar\u015f\u0131lamak i\u00e7in \u00e7al\u0131\u015fmalar\u0131m\u0131z\u0131 aral\u0131ks\u0131z bir \u015fekilde s\u00fcrd\u00fcr\u00fcyoruz. Bir yanda Belediye \u00f6z kayna\u011f\u0131m\u0131zla in\u015fa etti\u011fimiz konutlar tamamlan\u0131rken bir yandan da Ankara temaslar\u0131m\u0131z sonras\u0131 111 TOK\u0130 konutu ve 1 adet 3 d\u00fckk\u00e2nl\u0131 i\u015f merkezinin ihale s\u00fcreci ba\u015fl\u0131yor. 24 Ocak tarihinde yap\u0131lacak ihale sonras\u0131 konutlar tamamlanarak vatanda\u015flar\u0131m\u0131z\u0131n hizmetine sunulacakt\u0131r.\u201d dedi.<\/p>\n","protected":false},"excerpt":{"rendered":"<p>G\u00fcrp\u0131nar Belediye Ba\u015fkan\u0131 Hayrullah Tan\u0131\u015f\u2019\u0131n giri\u015fimleri sonras\u0131 G\u00fcrp\u0131nar\u2019a 111 TOK\u0130 konutu ve 1 i\u015f yeri yap\u0131l\u0131yor.Ba\u015fkan Tan\u0131\u015f, ge\u00e7ti\u011fimiz g\u00fcnlerde Ankara temaslar\u0131 kapsam\u0131nda Toplu Konut \u0130daresi Ba\u015fkan\u0131 \u00d6mer Bulut\u2019u ziyaret ederek \u0130l\u00e7ede artan konut ihtiyac\u0131n\u0131 kar\u015f\u0131lamak amac\u0131yla g\u00f6r\u00fc\u015fme ger\u00e7ekle\u015ftirmi\u015fti.G\u00f6r\u00fc\u015fmeler sonras\u0131 Ba\u015fkan Tan\u0131\u015f, TOK\u0130 taraf\u0131ndan il\u00e7eye 111 konutun ve 1 adet 3 d\u00fckk\u00e2nl\u0131 i\u015f merkezinin yap\u0131laca\u011f\u0131n\u0131n m\u00fcjdesini &hellip;<\/p>\n","protected":false},"author":1,"featured_media":1194,"comment_status":"open","ping_status":"closed","sticky":false,"template":"","format":"standard","meta":{"googlesitekit_rrm_CAowot3VCw:productID":"","footnotes":""},"categories":[28,27,32,1,24,29,25,26,30,31],"tags":[],"class_list":["post-1192","post","type-post","status-publish","format-standard","has-post-thumbnail","hentry","category-van-egitim","category-van-emniyet","category-van-genclik","category-van-haber","category-van-haberleri","category-van-kaza","category-van-magazin","category-van-siyaset","category-van-x-haber","category-van-yapay-zeka"],"yoast_head":"<!-- This site is optimized with the Yoast SEO Premium plugin v21.7 (Yoast SEO v26.7) - https:\/\/yoast.com\/wordpress\/plugins\/seo\/ -->\n<title>G\u00fcrp\u0131nar TOK\u0130 Konutlar\u0131 \u0130hale Tarihi Belli Oldu - Van Haber | Van X Haber | Van Haberleri<\/title>\n<meta name=\"description\" content=\"G\u00fcrp\u0131nar Belediye Ba\u015fkan\u0131 Hayrullah Tan\u0131\u015f\u2019\u0131n giri\u015fimleri sonras\u0131 G\u00fcrp\u0131nar\u2019a 111 TOK\u0130 konutu ve 1 i\u015f yeri yap\u0131l\u0131yor.\" \/>\n<meta name=\"robots\" content=\"index, follow, max-snippet:-1, max-image-preview:large, max-video-preview:-1\" \/>\n<link rel=\"canonical\" href=\"https:\/\/vanxhaber.com\/index.php\/2024\/01\/04\/gurpinar-toki-konutlari-ihale-tarihi-belli-oldu\/\" \/>\n<meta property=\"og:locale\" content=\"tr_TR\" \/>\n<meta property=\"og:type\" content=\"article\" \/>\n<meta property=\"og:title\" content=\"G\u00fcrp\u0131nar TOK\u0130 Konutlar\u0131 \u0130hale Tarihi Belli Oldu\" \/>\n<meta property=\"og:description\" content=\"G\u00fcrp\u0131nar Belediye Ba\u015fkan\u0131 Hayrullah Tan\u0131\u015f\u2019\u0131n giri\u015fimleri sonras\u0131 G\u00fcrp\u0131nar\u2019a 111 TOK\u0130 konutu ve 1 i\u015f yeri yap\u0131l\u0131yor.\" \/>\n<meta property=\"og:url\" content=\"https:\/\/vanxhaber.com\/index.php\/2024\/01\/04\/gurpinar-toki-konutlari-ihale-tarihi-belli-oldu\/\" \/>\n<meta property=\"og:site_name\" content=\"Van Haber | Van X Haber | Van Haberleri\" \/>\n<meta property=\"article:published_time\" content=\"2024-01-04T12:58:37+00:00\" \/>\n<meta property=\"article:modified_time\" content=\"2024-01-04T12:58:38+00:00\" \/>\n<meta property=\"og:image\" content=\"https:\/\/vanxhaber.com\/wp-content\/uploads\/2024\/01\/toki.jpg\" \/>\n\t<meta property=\"og:image:width\" content=\"641\" \/>\n\t<meta property=\"og:image:height\" content=\"380\" \/>\n\t<meta property=\"og:image:type\" content=\"image\/jpeg\" \/>\n<meta name=\"author\" content=\"admin\" \/>\n<meta name=\"twitter:card\" content=\"summary_large_image\" \/>\n<meta name=\"twitter:label1\" content=\"Yazan:\" \/>\n\t<meta name=\"twitter:data1\" content=\"admin\" \/>\n\t<meta name=\"twitter:label2\" content=\"Tahmini okuma s\u00fcresi\" \/>\n\t<meta name=\"twitter:data2\" content=\"2 dakika\" \/>\n<script type=\"application\/ld+json\" class=\"yoast-schema-graph\">{\"@context\":\"https:\/\/schema.org\",\"@graph\":[{\"@type\":\"Article\",\"@id\":\"https:\/\/vanxhaber.com\/index.php\/2024\/01\/04\/gurpinar-toki-konutlari-ihale-tarihi-belli-oldu\/#article\",\"isPartOf\":{\"@id\":\"https:\/\/vanxhaber.com\/index.php\/2024\/01\/04\/gurpinar-toki-konutlari-ihale-tarihi-belli-oldu\/\"},\"author\":{\"name\":\"admin\",\"@id\":\"https:\/\/vanxhaber.com\/#\/schema\/person\/05facc98c63d517ce20ef179587dd978\"},\"headline\":\"G\u00fcrp\u0131nar TOK\u0130 Konutlar\u0131 \u0130hale Tarihi Belli Oldu\",\"datePublished\":\"2024-01-04T12:58:37+00:00\",\"dateModified\":\"2024-01-04T12:58:38+00:00\",\"mainEntityOfPage\":{\"@id\":\"https:\/\/vanxhaber.com\/index.php\/2024\/01\/04\/gurpinar-toki-konutlari-ihale-tarihi-belli-oldu\/\"},\"wordCount\":245,\"commentCount\":0,\"image\":{\"@id\":\"https:\/\/vanxhaber.com\/index.php\/2024\/01\/04\/gurpinar-toki-konutlari-ihale-tarihi-belli-oldu\/#primaryimage\"},\"thumbnailUrl\":\"https:\/\/vanxhaber.com\/wp-content\/uploads\/2024\/01\/toki.jpg\",\"articleSection\":[\"Van E\u011fitim\",\"Van Emniyet\",\"Van\u00a0Gen\u00e7lik\",\"Van Haber\",\"Van Haberleri\",\"Van Kaza\",\"Van Magazin\",\"Van Siyaset\",\"Van X Haber\",\"Van Yapay Zeka\"],\"inLanguage\":\"tr\",\"potentialAction\":[{\"@type\":\"CommentAction\",\"name\":\"Comment\",\"target\":[\"https:\/\/vanxhaber.com\/index.php\/2024\/01\/04\/gurpinar-toki-konutlari-ihale-tarihi-belli-oldu\/#respond\"]}],\"copyrightYear\":\"2024\",\"copyrightHolder\":{\"@id\":\"https:\/\/vanxhaber.com\/#organization\"}},{\"@type\":\"WebPage\",\"@id\":\"https:\/\/vanxhaber.com\/index.php\/2024\/01\/04\/gurpinar-toki-konutlari-ihale-tarihi-belli-oldu\/\",\"url\":\"https:\/\/vanxhaber.com\/index.php\/2024\/01\/04\/gurpinar-toki-konutlari-ihale-tarihi-belli-oldu\/\",\"name\":\"G\u00fcrp\u0131nar TOK\u0130 Konutlar\u0131 \u0130hale Tarihi Belli Oldu - Van Haber | Van X Haber | Van Haberleri\",\"isPartOf\":{\"@id\":\"https:\/\/vanxhaber.com\/#website\"},\"primaryImageOfPage\":{\"@id\":\"https:\/\/vanxhaber.com\/index.php\/2024\/01\/04\/gurpinar-toki-konutlari-ihale-tarihi-belli-oldu\/#primaryimage\"},\"image\":{\"@id\":\"https:\/\/vanxhaber.com\/index.php\/2024\/01\/04\/gurpinar-toki-konutlari-ihale-tarihi-belli-oldu\/#primaryimage\"},\"thumbnailUrl\":\"https:\/\/vanxhaber.com\/wp-content\/uploads\/2024\/01\/toki.jpg\",\"datePublished\":\"2024-01-04T12:58:37+00:00\",\"dateModified\":\"2024-01-04T12:58:38+00:00\",\"author\":{\"@id\":\"https:\/\/vanxhaber.com\/#\/schema\/person\/05facc98c63d517ce20ef179587dd978\"},\"description\":\"G\u00fcrp\u0131nar Belediye Ba\u015fkan\u0131 Hayrullah Tan\u0131\u015f\u2019\u0131n giri\u015fimleri sonras\u0131 G\u00fcrp\u0131nar\u2019a 111 TOK\u0130 konutu ve 1 i\u015f yeri yap\u0131l\u0131yor.\",\"breadcrumb\":{\"@id\":\"https:\/\/vanxhaber.com\/index.php\/2024\/01\/04\/gurpinar-toki-konutlari-ihale-tarihi-belli-oldu\/#breadcrumb\"},\"inLanguage\":\"tr\",\"potentialAction\":[{\"@type\":\"ReadAction\",\"target\":[\"https:\/\/vanxhaber.com\/index.php\/2024\/01\/04\/gurpinar-toki-konutlari-ihale-tarihi-belli-oldu\/\"]}]},{\"@type\":\"ImageObject\",\"inLanguage\":\"tr\",\"@id\":\"https:\/\/vanxhaber.com\/index.php\/2024\/01\/04\/gurpinar-toki-konutlari-ihale-tarihi-belli-oldu\/#primaryimage\",\"url\":\"https:\/\/vanxhaber.com\/wp-content\/uploads\/2024\/01\/toki.jpg\",\"contentUrl\":\"https:\/\/vanxhaber.com\/wp-content\/uploads\/2024\/01\/toki.jpg\",\"width\":641,\"height\":380},{\"@type\":\"BreadcrumbList\",\"@id\":\"https:\/\/vanxhaber.com\/index.php\/2024\/01\/04\/gurpinar-toki-konutlari-ihale-tarihi-belli-oldu\/#breadcrumb\",\"itemListElement\":[{\"@type\":\"ListItem\",\"position\":1,\"name\":\"Anasayfa\",\"item\":\"https:\/\/vanxhaber.com\/\"},{\"@type\":\"ListItem\",\"position\":2,\"name\":\"G\u00fcrp\u0131nar TOK\u0130 Konutlar\u0131 \u0130hale Tarihi Belli Oldu\"}]},{\"@type\":\"WebSite\",\"@id\":\"https:\/\/vanxhaber.com\/#website\",\"url\":\"https:\/\/vanxhaber.com\/\",\"name\":\"Van Haber | Van X Haber | Van Haberleri\",\"description\":\"Van Haber, Van&#039;\u0131n ilk yapay zeka teknolojileri ile yaz\u0131lan Van X Haber ve Van Haberlerini aktif g\u00fcncel sunan tek vanhaber merkezidir.\",\"potentialAction\":[{\"@type\":\"SearchAction\",\"target\":{\"@type\":\"EntryPoint\",\"urlTemplate\":\"https:\/\/vanxhaber.com\/?s={search_term_string}\"},\"query-input\":{\"@type\":\"PropertyValueSpecification\",\"valueRequired\":true,\"valueName\":\"search_term_string\"}}],\"inLanguage\":\"tr\"},{\"@type\":\"Person\",\"@id\":\"https:\/\/vanxhaber.com\/#\/schema\/person\/05facc98c63d517ce20ef179587dd978\",\"name\":\"admin\",\"image\":{\"@type\":\"ImageObject\",\"inLanguage\":\"tr\",\"@id\":\"https:\/\/vanxhaber.com\/#\/schema\/person\/image\/\",\"url\":\"https:\/\/secure.gravatar.com\/avatar\/07c2efce1491b306587fd280bbedcb5a3d78411020eaa14e394b9c2d29b069ff?s=96&d=mm&r=g\",\"contentUrl\":\"https:\/\/secure.gravatar.com\/avatar\/07c2efce1491b306587fd280bbedcb5a3d78411020eaa14e394b9c2d29b069ff?s=96&d=mm&r=g\",\"caption\":\"admin\"},\"sameAs\":[\"https:\/\/vanxhaber.com\"],\"url\":\"https:\/\/vanxhaber.com\/index.php\/author\/havvanuricoz\/\"}]}<\/script>\n<!-- \/ Yoast SEO Premium plugin. -->","yoast_head_json":{"title":"G\u00fcrp\u0131nar TOK\u0130 Konutlar\u0131 \u0130hale Tarihi Belli Oldu - Van Haber | Van X Haber | Van Haberleri","description":"G\u00fcrp\u0131nar Belediye Ba\u015fkan\u0131 Hayrullah Tan\u0131\u015f\u2019\u0131n giri\u015fimleri sonras\u0131 G\u00fcrp\u0131nar\u2019a 111 TOK\u0130 konutu ve 1 i\u015f yeri yap\u0131l\u0131yor.","robots":{"index":"index","follow":"follow","max-snippet":"max-snippet:-1","max-image-preview":"max-image-preview:large","max-video-preview":"max-video-preview:-1"},"canonical":"https:\/\/vanxhaber.com\/index.php\/2024\/01\/04\/gurpinar-toki-konutlari-ihale-tarihi-belli-oldu\/","og_locale":"tr_TR","og_type":"article","og_title":"G\u00fcrp\u0131nar TOK\u0130 Konutlar\u0131 \u0130hale Tarihi Belli Oldu","og_description":"G\u00fcrp\u0131nar Belediye Ba\u015fkan\u0131 Hayrullah Tan\u0131\u015f\u2019\u0131n giri\u015fimleri sonras\u0131 G\u00fcrp\u0131nar\u2019a 111 TOK\u0130 konutu ve 1 i\u015f yeri yap\u0131l\u0131yor.","og_url":"https:\/\/vanxhaber.com\/index.php\/2024\/01\/04\/gurpinar-toki-konutlari-ihale-tarihi-belli-oldu\/","og_site_name":"Van Haber | Van X Haber | Van Haberleri","article_published_time":"2024-01-04T12:58:37+00:00","article_modified_time":"2024-01-04T12:58:38+00:00","og_image":[{"width":641,"height":380,"url":"https:\/\/vanxhaber.com\/wp-content\/uploads\/2024\/01\/toki.jpg","type":"image\/jpeg"}],"author":"admin","twitter_card":"summary_large_image","twitter_misc":{"Yazan:":"admin","Tahmini okuma s\u00fcresi":"2 dakika"},"schema":{"@context":"https:\/\/schema.org","@graph":[{"@type":"Article","@id":"https:\/\/vanxhaber.com\/index.php\/2024\/01\/04\/gurpinar-toki-konutlari-ihale-tarihi-belli-oldu\/#article","isPartOf":{"@id":"https:\/\/vanxhaber.com\/index.php\/2024\/01\/04\/gurpinar-toki-konutlari-ihale-tarihi-belli-oldu\/"},"author":{"name":"admin","@id":"https:\/\/vanxhaber.com\/#\/schema\/person\/05facc98c63d517ce20ef179587dd978"},"headline":"G\u00fcrp\u0131nar TOK\u0130 Konutlar\u0131 \u0130hale Tarihi Belli Oldu","datePublished":"2024-01-04T12:58:37+00:00","dateModified":"2024-01-04T12:58:38+00:00","mainEntityOfPage":{"@id":"https:\/\/vanxhaber.com\/index.php\/2024\/01\/04\/gurpinar-toki-konutlari-ihale-tarihi-belli-oldu\/"},"wordCount":245,"commentCount":0,"image":{"@id":"https:\/\/vanxhaber.com\/index.php\/2024\/01\/04\/gurpinar-toki-konutlari-ihale-tarihi-belli-oldu\/#primaryimage"},"thumbnailUrl":"https:\/\/vanxhaber.com\/wp-content\/uploads\/2024\/01\/toki.jpg","articleSection":["Van E\u011fitim","Van Emniyet","Van\u00a0Gen\u00e7lik","Van Haber","Van Haberleri","Van Kaza","Van Magazin","Van Siyaset","Van X Haber","Van Yapay Zeka"],"inLanguage":"tr","potentialAction":[{"@type":"CommentAction","name":"Comment","target":["https:\/\/vanxhaber.com\/index.php\/2024\/01\/04\/gurpinar-toki-konutlari-ihale-tarihi-belli-oldu\/#respond"]}],"copyrightYear":"2024","copyrightHolder":{"@id":"https:\/\/vanxhaber.com\/#organization"}},{"@type":"WebPage","@id":"https:\/\/vanxhaber.com\/index.php\/2024\/01\/04\/gurpinar-toki-konutlari-ihale-tarihi-belli-oldu\/","url":"https:\/\/vanxhaber.com\/index.php\/2024\/01\/04\/gurpinar-toki-konutlari-ihale-tarihi-belli-oldu\/","name":"G\u00fcrp\u0131nar TOK\u0130 Konutlar\u0131 \u0130hale Tarihi Belli Oldu - Van Haber | Van X Haber | Van Haberleri","isPartOf":{"@id":"https:\/\/vanxhaber.com\/#website"},"primaryImageOfPage":{"@id":"https:\/\/vanxhaber.com\/index.php\/2024\/01\/04\/gurpinar-toki-konutlari-ihale-tarihi-belli-oldu\/#primaryimage"},"image":{"@id":"https:\/\/vanxhaber.com\/index.php\/2024\/01\/04\/gurpinar-toki-konutlari-ihale-tarihi-belli-oldu\/#primaryimage"},"thumbnailUrl":"https:\/\/vanxhaber.com\/wp-content\/uploads\/2024\/01\/toki.jpg","datePublished":"2024-01-04T12:58:37+00:00","dateModified":"2024-01-04T12:58:38+00:00","author":{"@id":"https:\/\/vanxhaber.com\/#\/schema\/person\/05facc98c63d517ce20ef179587dd978"},"description":"G\u00fcrp\u0131nar Belediye Ba\u015fkan\u0131 Hayrullah Tan\u0131\u015f\u2019\u0131n giri\u015fimleri sonras\u0131 G\u00fcrp\u0131nar\u2019a 111 TOK\u0130 konutu ve 1 i\u015f yeri yap\u0131l\u0131yor.","breadcrumb":{"@id":"https:\/\/vanxhaber.com\/index.php\/2024\/01\/04\/gurpinar-toki-konutlari-ihale-tarihi-belli-oldu\/#breadcrumb"},"inLanguage":"tr","potentialAction":[{"@type":"ReadAction","target":["https:\/\/vanxhaber.com\/index.php\/2024\/01\/04\/gurpinar-toki-konutlari-ihale-tarihi-belli-oldu\/"]}]},{"@type":"ImageObject","inLanguage":"tr","@id":"https:\/\/vanxhaber.com\/index.php\/2024\/01\/04\/gurpinar-toki-konutlari-ihale-tarihi-belli-oldu\/#primaryimage","url":"https:\/\/vanxhaber.com\/wp-content\/uploads\/2024\/01\/toki.jpg","contentUrl":"https:\/\/vanxhaber.com\/wp-content\/uploads\/2024\/01\/toki.jpg","width":641,"height":380},{"@type":"BreadcrumbList","@id":"https:\/\/vanxhaber.com\/index.php\/2024\/01\/04\/gurpinar-toki-konutlari-ihale-tarihi-belli-oldu\/#breadcrumb","itemListElement":[{"@type":"ListItem","position":1,"name":"Anasayfa","item":"https:\/\/vanxhaber.com\/"},{"@type":"ListItem","position":2,"name":"G\u00fcrp\u0131nar TOK\u0130 Konutlar\u0131 \u0130hale Tarihi Belli Oldu"}]},{"@type":"WebSite","@id":"https:\/\/vanxhaber.com\/#website","url":"https:\/\/vanxhaber.com\/","name":"Van Haber | Van X Haber | Van Haberleri","description":"Van Haber, Van&#039;\u0131n ilk yapay zeka teknolojileri ile yaz\u0131lan Van X Haber ve Van Haberlerini aktif g\u00fcncel sunan tek vanhaber merkezidir.","potentialAction":[{"@type":"SearchAction","target":{"@type":"EntryPoint","urlTemplate":"https:\/\/vanxhaber.com\/?s={search_term_string}"},"query-input":{"@type":"PropertyValueSpecification","valueRequired":true,"valueName":"search_term_string"}}],"inLanguage":"tr"},{"@type":"Person","@id":"https:\/\/vanxhaber.com\/#\/schema\/person\/05facc98c63d517ce20ef179587dd978","name":"admin","image":{"@type":"ImageObject","inLanguage":"tr","@id":"https:\/\/vanxhaber.com\/#\/schema\/person\/image\/","url":"https:\/\/secure.gravatar.com\/avatar\/07c2efce1491b306587fd280bbedcb5a3d78411020eaa14e394b9c2d29b069ff?s=96&d=mm&r=g","contentUrl":"https:\/\/secure.gravatar.com\/avatar\/07c2efce1491b306587fd280bbedcb5a3d78411020eaa14e394b9c2d29b069ff?s=96&d=mm&r=g","caption":"admin"},"sameAs":["https:\/\/vanxhaber.com"],"url":"https:\/\/vanxhaber.com\/index.php\/author\/havvanuricoz\/"}]}},"_links":{"self":[{"href":"https:\/\/vanxhaber.com\/index.php\/wp-json\/wp\/v2\/posts\/1192","targetHints":{"allow":["GET"]}}],"collection":[{"href":"https:\/\/vanxhaber.com\/index.php\/wp-json\/wp\/v2\/posts"}],"about":[{"href":"https:\/\/vanxhaber.com\/index.php\/wp-json\/wp\/v2\/types\/post"}],"author":[{"embeddable":true,"href":"https:\/\/vanxhaber.com\/index.php\/wp-json\/wp\/v2\/users\/1"}],"replies":[{"embeddable":true,"href":"https:\/\/vanxhaber.com\/index.php\/wp-json\/wp\/v2\/comments?post=1192"}],"version-history":[{"count":1,"href":"https:\/\/vanxhaber.com\/index.php\/wp-json\/wp\/v2\/posts\/1192\/revisions"}],"predecessor-version":[{"id":1195,"href":"https:\/\/vanxhaber.com\/index.php\/wp-json\/wp\/v2\/posts\/1192\/revisions\/1195"}],"wp:featuredmedia":[{"embeddable":true,"href":"https:\/\/vanxhaber.com\/index.php\/wp-json\/wp\/v2\/media\/1194"}],"wp:attachment":[{"href":"https:\/\/vanxhaber.com\/index.php\/wp-json\/wp\/v2\/media?parent=1192"}],"wp:term":[{"taxonomy":"category","embeddable":true,"href":"https:\/\/vanxhaber.com\/index.php\/wp-json\/wp\/v2\/categories?post=1192"},{"taxonomy":"post_tag","embeddable":true,"href":"https:\/\/vanxhaber.com\/index.php\/wp-json\/wp\/v2\/tags?post=1192"}],"curies":[{"name":"wp","href":"https:\/\/api.w.org\/{rel}","templated":true}]}}