{"id":1212,"date":"2024-01-08T08:39:38","date_gmt":"2024-01-08T08:39:38","guid":{"rendered":"https:\/\/vanxhaber.com\/?p=1212"},"modified":"2024-01-08T08:39:40","modified_gmt":"2024-01-08T08:39:40","slug":"vanda-aranan-29-hukumlu-yakalandi","status":"publish","type":"post","link":"https:\/\/vanxhaber.com\/index.php\/2024\/01\/08\/vanda-aranan-29-hukumlu-yakalandi\/","title":{"rendered":"Van&#8217;da aranan 29 h\u00fck\u00fcml\u00fc yakaland\u0131"},"content":{"rendered":"\n<p><strong>Van&#8217;da ge\u00e7en hafta ger\u00e7ekle\u015ftirilen asayi\u015f operasyonlar\u0131nda, haklar\u0131nda kesinle\u015fmi\u015f hapis cezalar\u0131 bulunan 29 h\u00fck\u00fcml\u00fc yakaland\u0131. <\/strong><\/p>\n\n\n\n<p>\u0130l Emniyet M\u00fcd\u00fcrl\u00fc\u011f\u00fc, aranan ki\u015filerin yakalanmas\u0131na y\u00f6nelik \u00e7al\u0131\u015fmalar\u0131n devam etti\u011fini a\u00e7\u0131klad\u0131. 1-7 Ocak tarihleri aras\u0131nda ger\u00e7ekle\u015ftirilen operasyonlarda toplamda 73 y\u0131l 10 ay 15 g\u00fcn kesinle\u015fmi\u015f hapis cezas\u0131 bulunan 31 h\u00fck\u00fcml\u00fc yakaland\u0131. Yakalanan h\u00fck\u00fcml\u00fclerden 29&#8217;u cezaevine teslim edildi.<\/p>\n\n\n\n<p><strong>Van&#8217;<\/strong>da ge\u00e7en hafta ger\u00e7ekle\u015ftirilen asayi\u015f operasyonlar\u0131nda haklar\u0131nda kesinle\u015fmi\u015f hapis cezalar\u0131 bulunan 29 h\u00fck\u00fcml\u00fc yakaland\u0131.\u0130l Emniyet M\u00fcd\u00fcrl\u00fc\u011f\u00fcnden yap\u0131lan a\u00e7\u0131klamaya g\u00f6re, kentte aranan ki\u015filerin yakalanmas\u0131na y\u00f6nelik \u00e7al\u0131\u015fmalar devam ediyor.Asayi\u015f \u015eubesi ekiplerince 1-7 Ocak&#8217;ta d\u00fczenlenen operasyonlarda, haklar\u0131nda toplamda 73 y\u0131l 10 ay 15 g\u00fcn kesinle\u015fmi\u015f hapis cezas\u0131 bulunan 31 h\u00fck\u00fcml\u00fc yakaland\u0131.H\u00fck\u00fcml\u00fclerden 29&#8217;u i\u015flemlerin ard\u0131ndan cezaevine teslim edildi.<\/p>\n","protected":false},"excerpt":{"rendered":"<p>Van&#8217;da ge\u00e7en hafta ger\u00e7ekle\u015ftirilen asayi\u015f operasyonlar\u0131nda, haklar\u0131nda kesinle\u015fmi\u015f hapis cezalar\u0131 bulunan 29 h\u00fck\u00fcml\u00fc yakaland\u0131. \u0130l Emniyet M\u00fcd\u00fcrl\u00fc\u011f\u00fc, aranan ki\u015filerin yakalanmas\u0131na y\u00f6nelik \u00e7al\u0131\u015fmalar\u0131n devam etti\u011fini a\u00e7\u0131klad\u0131. 1-7 Ocak tarihleri aras\u0131nda ger\u00e7ekle\u015ftirilen operasyonlarda toplamda 73 y\u0131l 10 ay 15 g\u00fcn kesinle\u015fmi\u015f hapis cezas\u0131 bulunan 31 h\u00fck\u00fcml\u00fc yakaland\u0131. Yakalanan h\u00fck\u00fcml\u00fclerden 29&#8217;u cezaevine teslim edildi. Van&#8217;da ge\u00e7en hafta ger\u00e7ekle\u015ftirilen &hellip;<\/p>\n","protected":false},"author":2,"featured_media":1214,"comment_status":"open","ping_status":"closed","sticky":false,"template":"","format":"standard","meta":{"googlesitekit_rrm_CAowot3VCw:productID":"","footnotes":""},"categories":[27,1],"tags":[56,57,34],"class_list":["post-1212","post","type-post","status-publish","format-standard","has-post-thumbnail","hentry","category-van-emniyet","category-van-haber","tag-emniyet","tag-operasyon","tag-van"],"yoast_head":"<!-- This site is optimized with the Yoast SEO Premium plugin v21.7 (Yoast SEO v26.7) - https:\/\/yoast.com\/wordpress\/plugins\/seo\/ -->\n<title>Van&#039;da aranan 29 h\u00fck\u00fcml\u00fc yakaland\u0131 - Van Haber | Van X Haber | Van Haberleri<\/title>\n<meta name=\"robots\" content=\"index, follow, max-snippet:-1, max-image-preview:large, max-video-preview:-1\" \/>\n<link rel=\"canonical\" href=\"https:\/\/vanxhaber.com\/index.php\/2024\/01\/08\/vanda-aranan-29-hukumlu-yakalandi\/\" \/>\n<meta property=\"og:locale\" content=\"tr_TR\" \/>\n<meta property=\"og:type\" content=\"article\" \/>\n<meta property=\"og:title\" content=\"Van&#039;da aranan 29 h\u00fck\u00fcml\u00fc yakaland\u0131\" \/>\n<meta property=\"og:description\" content=\"Van&#8217;da ge\u00e7en hafta ger\u00e7ekle\u015ftirilen asayi\u015f operasyonlar\u0131nda, haklar\u0131nda kesinle\u015fmi\u015f hapis cezalar\u0131 bulunan 29 h\u00fck\u00fcml\u00fc yakaland\u0131. \u0130l Emniyet M\u00fcd\u00fcrl\u00fc\u011f\u00fc, aranan ki\u015filerin yakalanmas\u0131na y\u00f6nelik \u00e7al\u0131\u015fmalar\u0131n devam etti\u011fini a\u00e7\u0131klad\u0131. 1-7 Ocak tarihleri aras\u0131nda ger\u00e7ekle\u015ftirilen operasyonlarda toplamda 73 y\u0131l 10 ay 15 g\u00fcn kesinle\u015fmi\u015f hapis cezas\u0131 bulunan 31 h\u00fck\u00fcml\u00fc yakaland\u0131. Yakalanan h\u00fck\u00fcml\u00fclerden 29&#8217;u cezaevine teslim edildi. Van&#8217;da ge\u00e7en hafta ger\u00e7ekle\u015ftirilen &hellip;\" \/>\n<meta property=\"og:url\" content=\"https:\/\/vanxhaber.com\/index.php\/2024\/01\/08\/vanda-aranan-29-hukumlu-yakalandi\/\" \/>\n<meta property=\"og:site_name\" content=\"Van Haber | Van X Haber | Van Haberleri\" \/>\n<meta property=\"article:published_time\" content=\"2024-01-08T08:39:38+00:00\" \/>\n<meta property=\"article:modified_time\" content=\"2024-01-08T08:39:40+00:00\" \/>\n<meta property=\"og:image\" content=\"https:\/\/vanxhaber.com\/wp-content\/uploads\/2024\/01\/van-emniyet.jpg\" \/>\n\t<meta property=\"og:image:width\" content=\"641\" \/>\n\t<meta property=\"og:image:height\" content=\"380\" \/>\n\t<meta property=\"og:image:type\" content=\"image\/jpeg\" \/>\n<meta name=\"author\" content=\"Van X Haber\" \/>\n<meta name=\"twitter:card\" content=\"summary_large_image\" \/>\n<meta name=\"twitter:label1\" content=\"Yazan:\" \/>\n\t<meta name=\"twitter:data1\" content=\"Van X Haber\" \/>\n\t<meta name=\"twitter:label2\" content=\"Tahmini okuma s\u00fcresi\" \/>\n\t<meta name=\"twitter:data2\" content=\"1 dakika\" \/>\n<script type=\"application\/ld+json\" class=\"yoast-schema-graph\">{\"@context\":\"https:\/\/schema.org\",\"@graph\":[{\"@type\":\"Article\",\"@id\":\"https:\/\/vanxhaber.com\/index.php\/2024\/01\/08\/vanda-aranan-29-hukumlu-yakalandi\/#article\",\"isPartOf\":{\"@id\":\"https:\/\/vanxhaber.com\/index.php\/2024\/01\/08\/vanda-aranan-29-hukumlu-yakalandi\/\"},\"author\":{\"name\":\"Van X Haber\",\"@id\":\"https:\/\/vanxhaber.com\/#\/schema\/person\/a5fd8d89510cb5370e62ad176f7978ee\"},\"headline\":\"Van&#8217;da aranan 29 h\u00fck\u00fcml\u00fc yakaland\u0131\",\"datePublished\":\"2024-01-08T08:39:38+00:00\",\"dateModified\":\"2024-01-08T08:39:40+00:00\",\"mainEntityOfPage\":{\"@id\":\"https:\/\/vanxhaber.com\/index.php\/2024\/01\/08\/vanda-aranan-29-hukumlu-yakalandi\/\"},\"wordCount\":166,\"commentCount\":0,\"image\":{\"@id\":\"https:\/\/vanxhaber.com\/index.php\/2024\/01\/08\/vanda-aranan-29-hukumlu-yakalandi\/#primaryimage\"},\"thumbnailUrl\":\"https:\/\/vanxhaber.com\/wp-content\/uploads\/2024\/01\/van-emniyet.jpg\",\"keywords\":[\"emniyet\",\"operasyon\",\"van\"],\"articleSection\":[\"Van Emniyet\",\"Van Haber\"],\"inLanguage\":\"tr\",\"potentialAction\":[{\"@type\":\"CommentAction\",\"name\":\"Comment\",\"target\":[\"https:\/\/vanxhaber.com\/index.php\/2024\/01\/08\/vanda-aranan-29-hukumlu-yakalandi\/#respond\"]}],\"copyrightYear\":\"2024\",\"copyrightHolder\":{\"@id\":\"https:\/\/vanxhaber.com\/#organization\"}},{\"@type\":\"WebPage\",\"@id\":\"https:\/\/vanxhaber.com\/index.php\/2024\/01\/08\/vanda-aranan-29-hukumlu-yakalandi\/\",\"url\":\"https:\/\/vanxhaber.com\/index.php\/2024\/01\/08\/vanda-aranan-29-hukumlu-yakalandi\/\",\"name\":\"Van'da aranan 29 h\u00fck\u00fcml\u00fc yakaland\u0131 - Van Haber | Van X Haber | Van Haberleri\",\"isPartOf\":{\"@id\":\"https:\/\/vanxhaber.com\/#website\"},\"primaryImageOfPage\":{\"@id\":\"https:\/\/vanxhaber.com\/index.php\/2024\/01\/08\/vanda-aranan-29-hukumlu-yakalandi\/#primaryimage\"},\"image\":{\"@id\":\"https:\/\/vanxhaber.com\/index.php\/2024\/01\/08\/vanda-aranan-29-hukumlu-yakalandi\/#primaryimage\"},\"thumbnailUrl\":\"https:\/\/vanxhaber.com\/wp-content\/uploads\/2024\/01\/van-emniyet.jpg\",\"datePublished\":\"2024-01-08T08:39:38+00:00\",\"dateModified\":\"2024-01-08T08:39:40+00:00\",\"author\":{\"@id\":\"https:\/\/vanxhaber.com\/#\/schema\/person\/a5fd8d89510cb5370e62ad176f7978ee\"},\"breadcrumb\":{\"@id\":\"https:\/\/vanxhaber.com\/index.php\/2024\/01\/08\/vanda-aranan-29-hukumlu-yakalandi\/#breadcrumb\"},\"inLanguage\":\"tr\",\"potentialAction\":[{\"@type\":\"ReadAction\",\"target\":[\"https:\/\/vanxhaber.com\/index.php\/2024\/01\/08\/vanda-aranan-29-hukumlu-yakalandi\/\"]}]},{\"@type\":\"ImageObject\",\"inLanguage\":\"tr\",\"@id\":\"https:\/\/vanxhaber.com\/index.php\/2024\/01\/08\/vanda-aranan-29-hukumlu-yakalandi\/#primaryimage\",\"url\":\"https:\/\/vanxhaber.com\/wp-content\/uploads\/2024\/01\/van-emniyet.jpg\",\"contentUrl\":\"https:\/\/vanxhaber.com\/wp-content\/uploads\/2024\/01\/van-emniyet.jpg\",\"width\":641,\"height\":380},{\"@type\":\"BreadcrumbList\",\"@id\":\"https:\/\/vanxhaber.com\/index.php\/2024\/01\/08\/vanda-aranan-29-hukumlu-yakalandi\/#breadcrumb\",\"itemListElement\":[{\"@type\":\"ListItem\",\"position\":1,\"name\":\"Anasayfa\",\"item\":\"https:\/\/vanxhaber.com\/\"},{\"@type\":\"ListItem\",\"position\":2,\"name\":\"Van&#8217;da aranan 29 h\u00fck\u00fcml\u00fc yakaland\u0131\"}]},{\"@type\":\"WebSite\",\"@id\":\"https:\/\/vanxhaber.com\/#website\",\"url\":\"https:\/\/vanxhaber.com\/\",\"name\":\"Van Haber | Van X Haber | Van Haberleri\",\"description\":\"Van Haber, Van&#039;\u0131n ilk yapay zeka teknolojileri ile yaz\u0131lan Van X Haber ve Van Haberlerini aktif g\u00fcncel sunan tek vanhaber merkezidir.\",\"potentialAction\":[{\"@type\":\"SearchAction\",\"target\":{\"@type\":\"EntryPoint\",\"urlTemplate\":\"https:\/\/vanxhaber.com\/?s={search_term_string}\"},\"query-input\":{\"@type\":\"PropertyValueSpecification\",\"valueRequired\":true,\"valueName\":\"search_term_string\"}}],\"inLanguage\":\"tr\"},{\"@type\":\"Person\",\"@id\":\"https:\/\/vanxhaber.com\/#\/schema\/person\/a5fd8d89510cb5370e62ad176f7978ee\",\"name\":\"Van X Haber\",\"image\":{\"@type\":\"ImageObject\",\"inLanguage\":\"tr\",\"@id\":\"https:\/\/vanxhaber.com\/#\/schema\/person\/image\/\",\"url\":\"https:\/\/secure.gravatar.com\/avatar\/36f2f63826681263103acb5ca1e7bc1a6db11baea9b75dd091d89b74f2704b07?s=96&d=mm&r=g\",\"contentUrl\":\"https:\/\/secure.gravatar.com\/avatar\/36f2f63826681263103acb5ca1e7bc1a6db11baea9b75dd091d89b74f2704b07?s=96&d=mm&r=g\",\"caption\":\"Van X Haber\"},\"description\":\"Van X Haber Van'\u0131n ilk ve tek yeni nesil Van Haber merkezi. Son Dakika Van Haberleri ve G\u00fcncel Van haber merkezinde s\u0131cak geli\u015fmeleri aktarmaya devam edece\u011fiz.\",\"url\":\"https:\/\/vanxhaber.com\/index.php\/author\/vangazetesi\/\"}]}<\/script>\n<!-- \/ Yoast SEO Premium plugin. -->","yoast_head_json":{"title":"Van'da aranan 29 h\u00fck\u00fcml\u00fc yakaland\u0131 - Van Haber | Van X Haber | Van Haberleri","robots":{"index":"index","follow":"follow","max-snippet":"max-snippet:-1","max-image-preview":"max-image-preview:large","max-video-preview":"max-video-preview:-1"},"canonical":"https:\/\/vanxhaber.com\/index.php\/2024\/01\/08\/vanda-aranan-29-hukumlu-yakalandi\/","og_locale":"tr_TR","og_type":"article","og_title":"Van'da aranan 29 h\u00fck\u00fcml\u00fc yakaland\u0131","og_description":"Van&#8217;da ge\u00e7en hafta ger\u00e7ekle\u015ftirilen asayi\u015f operasyonlar\u0131nda, haklar\u0131nda kesinle\u015fmi\u015f hapis cezalar\u0131 bulunan 29 h\u00fck\u00fcml\u00fc yakaland\u0131. \u0130l Emniyet M\u00fcd\u00fcrl\u00fc\u011f\u00fc, aranan ki\u015filerin yakalanmas\u0131na y\u00f6nelik \u00e7al\u0131\u015fmalar\u0131n devam etti\u011fini a\u00e7\u0131klad\u0131. 1-7 Ocak tarihleri aras\u0131nda ger\u00e7ekle\u015ftirilen operasyonlarda toplamda 73 y\u0131l 10 ay 15 g\u00fcn kesinle\u015fmi\u015f hapis cezas\u0131 bulunan 31 h\u00fck\u00fcml\u00fc yakaland\u0131. Yakalanan h\u00fck\u00fcml\u00fclerden 29&#8217;u cezaevine teslim edildi. Van&#8217;da ge\u00e7en hafta ger\u00e7ekle\u015ftirilen &hellip;","og_url":"https:\/\/vanxhaber.com\/index.php\/2024\/01\/08\/vanda-aranan-29-hukumlu-yakalandi\/","og_site_name":"Van Haber | Van X Haber | Van Haberleri","article_published_time":"2024-01-08T08:39:38+00:00","article_modified_time":"2024-01-08T08:39:40+00:00","og_image":[{"width":641,"height":380,"url":"https:\/\/vanxhaber.com\/wp-content\/uploads\/2024\/01\/van-emniyet.jpg","type":"image\/jpeg"}],"author":"Van X Haber","twitter_card":"summary_large_image","twitter_misc":{"Yazan:":"Van X Haber","Tahmini okuma s\u00fcresi":"1 dakika"},"schema":{"@context":"https:\/\/schema.org","@graph":[{"@type":"Article","@id":"https:\/\/vanxhaber.com\/index.php\/2024\/01\/08\/vanda-aranan-29-hukumlu-yakalandi\/#article","isPartOf":{"@id":"https:\/\/vanxhaber.com\/index.php\/2024\/01\/08\/vanda-aranan-29-hukumlu-yakalandi\/"},"author":{"name":"Van X Haber","@id":"https:\/\/vanxhaber.com\/#\/schema\/person\/a5fd8d89510cb5370e62ad176f7978ee"},"headline":"Van&#8217;da aranan 29 h\u00fck\u00fcml\u00fc yakaland\u0131","datePublished":"2024-01-08T08:39:38+00:00","dateModified":"2024-01-08T08:39:40+00:00","mainEntityOfPage":{"@id":"https:\/\/vanxhaber.com\/index.php\/2024\/01\/08\/vanda-aranan-29-hukumlu-yakalandi\/"},"wordCount":166,"commentCount":0,"image":{"@id":"https:\/\/vanxhaber.com\/index.php\/2024\/01\/08\/vanda-aranan-29-hukumlu-yakalandi\/#primaryimage"},"thumbnailUrl":"https:\/\/vanxhaber.com\/wp-content\/uploads\/2024\/01\/van-emniyet.jpg","keywords":["emniyet","operasyon","van"],"articleSection":["Van Emniyet","Van Haber"],"inLanguage":"tr","potentialAction":[{"@type":"CommentAction","name":"Comment","target":["https:\/\/vanxhaber.com\/index.php\/2024\/01\/08\/vanda-aranan-29-hukumlu-yakalandi\/#respond"]}],"copyrightYear":"2024","copyrightHolder":{"@id":"https:\/\/vanxhaber.com\/#organization"}},{"@type":"WebPage","@id":"https:\/\/vanxhaber.com\/index.php\/2024\/01\/08\/vanda-aranan-29-hukumlu-yakalandi\/","url":"https:\/\/vanxhaber.com\/index.php\/2024\/01\/08\/vanda-aranan-29-hukumlu-yakalandi\/","name":"Van'da aranan 29 h\u00fck\u00fcml\u00fc yakaland\u0131 - Van Haber | Van X Haber | Van Haberleri","isPartOf":{"@id":"https:\/\/vanxhaber.com\/#website"},"primaryImageOfPage":{"@id":"https:\/\/vanxhaber.com\/index.php\/2024\/01\/08\/vanda-aranan-29-hukumlu-yakalandi\/#primaryimage"},"image":{"@id":"https:\/\/vanxhaber.com\/index.php\/2024\/01\/08\/vanda-aranan-29-hukumlu-yakalandi\/#primaryimage"},"thumbnailUrl":"https:\/\/vanxhaber.com\/wp-content\/uploads\/2024\/01\/van-emniyet.jpg","datePublished":"2024-01-08T08:39:38+00:00","dateModified":"2024-01-08T08:39:40+00:00","author":{"@id":"https:\/\/vanxhaber.com\/#\/schema\/person\/a5fd8d89510cb5370e62ad176f7978ee"},"breadcrumb":{"@id":"https:\/\/vanxhaber.com\/index.php\/2024\/01\/08\/vanda-aranan-29-hukumlu-yakalandi\/#breadcrumb"},"inLanguage":"tr","potentialAction":[{"@type":"ReadAction","target":["https:\/\/vanxhaber.com\/index.php\/2024\/01\/08\/vanda-aranan-29-hukumlu-yakalandi\/"]}]},{"@type":"ImageObject","inLanguage":"tr","@id":"https:\/\/vanxhaber.com\/index.php\/2024\/01\/08\/vanda-aranan-29-hukumlu-yakalandi\/#primaryimage","url":"https:\/\/vanxhaber.com\/wp-content\/uploads\/2024\/01\/van-emniyet.jpg","contentUrl":"https:\/\/vanxhaber.com\/wp-content\/uploads\/2024\/01\/van-emniyet.jpg","width":641,"height":380},{"@type":"BreadcrumbList","@id":"https:\/\/vanxhaber.com\/index.php\/2024\/01\/08\/vanda-aranan-29-hukumlu-yakalandi\/#breadcrumb","itemListElement":[{"@type":"ListItem","position":1,"name":"Anasayfa","item":"https:\/\/vanxhaber.com\/"},{"@type":"ListItem","position":2,"name":"Van&#8217;da aranan 29 h\u00fck\u00fcml\u00fc yakaland\u0131"}]},{"@type":"WebSite","@id":"https:\/\/vanxhaber.com\/#website","url":"https:\/\/vanxhaber.com\/","name":"Van Haber | Van X Haber | Van Haberleri","description":"Van Haber, Van&#039;\u0131n ilk yapay zeka teknolojileri ile yaz\u0131lan Van X Haber ve Van Haberlerini aktif g\u00fcncel sunan tek vanhaber merkezidir.","potentialAction":[{"@type":"SearchAction","target":{"@type":"EntryPoint","urlTemplate":"https:\/\/vanxhaber.com\/?s={search_term_string}"},"query-input":{"@type":"PropertyValueSpecification","valueRequired":true,"valueName":"search_term_string"}}],"inLanguage":"tr"},{"@type":"Person","@id":"https:\/\/vanxhaber.com\/#\/schema\/person\/a5fd8d89510cb5370e62ad176f7978ee","name":"Van X Haber","image":{"@type":"ImageObject","inLanguage":"tr","@id":"https:\/\/vanxhaber.com\/#\/schema\/person\/image\/","url":"https:\/\/secure.gravatar.com\/avatar\/36f2f63826681263103acb5ca1e7bc1a6db11baea9b75dd091d89b74f2704b07?s=96&d=mm&r=g","contentUrl":"https:\/\/secure.gravatar.com\/avatar\/36f2f63826681263103acb5ca1e7bc1a6db11baea9b75dd091d89b74f2704b07?s=96&d=mm&r=g","caption":"Van X Haber"},"description":"Van X Haber Van'\u0131n ilk ve tek yeni nesil Van Haber merkezi. Son Dakika Van Haberleri ve G\u00fcncel Van haber merkezinde s\u0131cak geli\u015fmeleri aktarmaya devam edece\u011fiz.","url":"https:\/\/vanxhaber.com\/index.php\/author\/vangazetesi\/"}]}},"_links":{"self":[{"href":"https:\/\/vanxhaber.com\/index.php\/wp-json\/wp\/v2\/posts\/1212","targetHints":{"allow":["GET"]}}],"collection":[{"href":"https:\/\/vanxhaber.com\/index.php\/wp-json\/wp\/v2\/posts"}],"about":[{"href":"https:\/\/vanxhaber.com\/index.php\/wp-json\/wp\/v2\/types\/post"}],"author":[{"embeddable":true,"href":"https:\/\/vanxhaber.com\/index.php\/wp-json\/wp\/v2\/users\/2"}],"replies":[{"embeddable":true,"href":"https:\/\/vanxhaber.com\/index.php\/wp-json\/wp\/v2\/comments?post=1212"}],"version-history":[{"count":1,"href":"https:\/\/vanxhaber.com\/index.php\/wp-json\/wp\/v2\/posts\/1212\/revisions"}],"predecessor-version":[{"id":1215,"href":"https:\/\/vanxhaber.com\/index.php\/wp-json\/wp\/v2\/posts\/1212\/revisions\/1215"}],"wp:featuredmedia":[{"embeddable":true,"href":"https:\/\/vanxhaber.com\/index.php\/wp-json\/wp\/v2\/media\/1214"}],"wp:attachment":[{"href":"https:\/\/vanxhaber.com\/index.php\/wp-json\/wp\/v2\/media?parent=1212"}],"wp:term":[{"taxonomy":"category","embeddable":true,"href":"https:\/\/vanxhaber.com\/index.php\/wp-json\/wp\/v2\/categories?post=1212"},{"taxonomy":"post_tag","embeddable":true,"href":"https:\/\/vanxhaber.com\/index.php\/wp-json\/wp\/v2\/tags?post=1212"}],"curies":[{"name":"wp","href":"https:\/\/api.w.org\/{rel}","templated":true}]}}