{"id":1216,"date":"2024-01-08T08:44:33","date_gmt":"2024-01-08T08:44:33","guid":{"rendered":"https:\/\/vanxhaber.com\/?p=1216"},"modified":"2024-01-08T08:44:35","modified_gmt":"2024-01-08T08:44:35","slug":"vanda-29-kilo-sentetik-uyusturucu-ele-gecirildi","status":"publish","type":"post","link":"https:\/\/vanxhaber.com\/index.php\/2024\/01\/08\/vanda-29-kilo-sentetik-uyusturucu-ele-gecirildi\/","title":{"rendered":"Van&#8217;da 29 Kilo Sentetik Uyu\u015fturucu Ele Ge\u00e7irildi,"},"content":{"rendered":"\n<p><strong>Van&#8217;da yap\u0131lan operasyonlarda 29 kilo 40 gram sentetik uyu\u015fturucu ele ge\u00e7irildi.<\/strong><\/p>\n\n\n\n<p> \u0130l Emniyet M\u00fcd\u00fcrl\u00fc\u011f\u00fc ekipleri, uyu\u015fturucu madde ticareti yapanlara y\u00f6nelik \u00e7al\u0131\u015fmalar\u0131n\u0131 s\u00fcrd\u00fcr\u00fcyor. <strong>G\u00f6zalt<\/strong>\u0131na al\u0131nan 4 \u015f\u00fcpheli hakk\u0131nda uyu\u015fturucu ticareti ve <strong>uyu\u015fturucu <\/strong>bulundurma su\u00e7lar\u0131ndan i\u015flem yap\u0131ld\u0131.<\/p>\n\n\n\n<p><strong>Van<\/strong>&#8216;da ge\u00e7en hafta 29 kilo 40 gram sentetik uyu\u015fturucu ele ge\u00e7irildi, 4 \u015f\u00fcpheli hakk\u0131nda i\u015flem yap\u0131ld\u0131.\u0130l Emniyet M\u00fcd\u00fcrl\u00fc\u011f\u00fcnden yap\u0131lan a\u00e7\u0131klamaya g\u00f6re, kent genelinde uyu\u015fturucu madde ticareti, nakli veya depolanmas\u0131 faaliyetlerini y\u00fcr\u00fctenlere y\u00f6nelik \u00e7al\u0131\u015fmalar devam ediyor.Bu kapsamda, <strong>Narkotik<\/strong> Su\u00e7larla M\u00fccadele \u015eubesi ekiplerince 1-7 Ocak&#8217;ta ger\u00e7ekle\u015ftirilen operasyonlarda 29 kilo 40 gram sentetik uyu\u015fturucu ele ge\u00e7irildi.G\u00f6zalt\u0131na al\u0131nan 4 \u015f\u00fcpheli hakk\u0131nda &#8220;uyu\u015fturucu veya uyar\u0131c\u0131 madde ticareti yapmak&#8221; ve &#8220;uyu\u015fturucu veya uyar\u0131c\u0131 madde kabul etme ve bulundurma&#8221; su\u00e7lar\u0131ndan i\u015flem yap\u0131ld\u0131.<\/p>\n","protected":false},"excerpt":{"rendered":"<p>Van&#8217;da yap\u0131lan operasyonlarda 29 kilo 40 gram sentetik uyu\u015fturucu ele ge\u00e7irildi. \u0130l Emniyet M\u00fcd\u00fcrl\u00fc\u011f\u00fc ekipleri, uyu\u015fturucu madde ticareti yapanlara y\u00f6nelik \u00e7al\u0131\u015fmalar\u0131n\u0131 s\u00fcrd\u00fcr\u00fcyor. G\u00f6zalt\u0131na al\u0131nan 4 \u015f\u00fcpheli hakk\u0131nda uyu\u015fturucu ticareti ve uyu\u015fturucu bulundurma su\u00e7lar\u0131ndan i\u015flem yap\u0131ld\u0131. Van&#8216;da ge\u00e7en hafta 29 kilo 40 gram sentetik uyu\u015fturucu ele ge\u00e7irildi, 4 \u015f\u00fcpheli hakk\u0131nda i\u015flem yap\u0131ld\u0131.\u0130l Emniyet M\u00fcd\u00fcrl\u00fc\u011f\u00fcnden yap\u0131lan a\u00e7\u0131klamaya &hellip;<\/p>\n","protected":false},"author":2,"featured_media":1218,"comment_status":"open","ping_status":"closed","sticky":false,"template":"","format":"standard","meta":{"googlesitekit_rrm_CAowot3VCw:productID":"","footnotes":""},"categories":[27,1],"tags":[],"class_list":["post-1216","post","type-post","status-publish","format-standard","has-post-thumbnail","hentry","category-van-emniyet","category-van-haber"],"yoast_head":"<!-- This site is optimized with the Yoast SEO Premium plugin v21.7 (Yoast SEO v26.7) - https:\/\/yoast.com\/wordpress\/plugins\/seo\/ -->\n<title>Van&#039;da 29 Kilo Sentetik Uyu\u015fturucu Ele Ge\u00e7irildi, - Van Haber | Van X Haber | Van Haberleri<\/title>\n<meta name=\"robots\" content=\"index, follow, max-snippet:-1, max-image-preview:large, max-video-preview:-1\" \/>\n<link rel=\"canonical\" href=\"https:\/\/vanxhaber.com\/index.php\/2024\/01\/08\/vanda-29-kilo-sentetik-uyusturucu-ele-gecirildi\/\" \/>\n<meta property=\"og:locale\" content=\"tr_TR\" \/>\n<meta property=\"og:type\" content=\"article\" \/>\n<meta property=\"og:title\" content=\"Van&#039;da 29 Kilo Sentetik Uyu\u015fturucu Ele Ge\u00e7irildi,\" \/>\n<meta property=\"og:description\" content=\"Van&#8217;da yap\u0131lan operasyonlarda 29 kilo 40 gram sentetik uyu\u015fturucu ele ge\u00e7irildi. \u0130l Emniyet M\u00fcd\u00fcrl\u00fc\u011f\u00fc ekipleri, uyu\u015fturucu madde ticareti yapanlara y\u00f6nelik \u00e7al\u0131\u015fmalar\u0131n\u0131 s\u00fcrd\u00fcr\u00fcyor. G\u00f6zalt\u0131na al\u0131nan 4 \u015f\u00fcpheli hakk\u0131nda uyu\u015fturucu ticareti ve uyu\u015fturucu bulundurma su\u00e7lar\u0131ndan i\u015flem yap\u0131ld\u0131. Van&#8216;da ge\u00e7en hafta 29 kilo 40 gram sentetik uyu\u015fturucu ele ge\u00e7irildi, 4 \u015f\u00fcpheli hakk\u0131nda i\u015flem yap\u0131ld\u0131.\u0130l Emniyet M\u00fcd\u00fcrl\u00fc\u011f\u00fcnden yap\u0131lan a\u00e7\u0131klamaya &hellip;\" \/>\n<meta property=\"og:url\" content=\"https:\/\/vanxhaber.com\/index.php\/2024\/01\/08\/vanda-29-kilo-sentetik-uyusturucu-ele-gecirildi\/\" \/>\n<meta property=\"og:site_name\" content=\"Van Haber | Van X Haber | Van Haberleri\" \/>\n<meta property=\"article:published_time\" content=\"2024-01-08T08:44:33+00:00\" \/>\n<meta property=\"article:modified_time\" content=\"2024-01-08T08:44:35+00:00\" \/>\n<meta property=\"og:image\" content=\"https:\/\/vanxhaber.com\/wp-content\/uploads\/2024\/01\/vanda-uyusturucu-operasyon.jpg\" \/>\n\t<meta property=\"og:image:width\" content=\"641\" \/>\n\t<meta property=\"og:image:height\" content=\"380\" \/>\n\t<meta property=\"og:image:type\" content=\"image\/jpeg\" \/>\n<meta name=\"author\" content=\"Van X Haber\" \/>\n<meta name=\"twitter:card\" content=\"summary_large_image\" \/>\n<meta name=\"twitter:label1\" content=\"Yazan:\" \/>\n\t<meta name=\"twitter:data1\" content=\"Van X Haber\" \/>\n\t<meta name=\"twitter:label2\" content=\"Tahmini okuma s\u00fcresi\" \/>\n\t<meta name=\"twitter:data2\" content=\"1 dakika\" \/>\n<script type=\"application\/ld+json\" class=\"yoast-schema-graph\">{\"@context\":\"https:\/\/schema.org\",\"@graph\":[{\"@type\":\"Article\",\"@id\":\"https:\/\/vanxhaber.com\/index.php\/2024\/01\/08\/vanda-29-kilo-sentetik-uyusturucu-ele-gecirildi\/#article\",\"isPartOf\":{\"@id\":\"https:\/\/vanxhaber.com\/index.php\/2024\/01\/08\/vanda-29-kilo-sentetik-uyusturucu-ele-gecirildi\/\"},\"author\":{\"name\":\"Van X Haber\",\"@id\":\"https:\/\/vanxhaber.com\/#\/schema\/person\/a5fd8d89510cb5370e62ad176f7978ee\"},\"headline\":\"Van&#8217;da 29 Kilo Sentetik Uyu\u015fturucu Ele Ge\u00e7irildi,\",\"datePublished\":\"2024-01-08T08:44:33+00:00\",\"dateModified\":\"2024-01-08T08:44:35+00:00\",\"mainEntityOfPage\":{\"@id\":\"https:\/\/vanxhaber.com\/index.php\/2024\/01\/08\/vanda-29-kilo-sentetik-uyusturucu-ele-gecirildi\/\"},\"wordCount\":173,\"commentCount\":0,\"image\":{\"@id\":\"https:\/\/vanxhaber.com\/index.php\/2024\/01\/08\/vanda-29-kilo-sentetik-uyusturucu-ele-gecirildi\/#primaryimage\"},\"thumbnailUrl\":\"https:\/\/vanxhaber.com\/wp-content\/uploads\/2024\/01\/vanda-uyusturucu-operasyon.jpg\",\"articleSection\":[\"Van Emniyet\",\"Van Haber\"],\"inLanguage\":\"tr\",\"potentialAction\":[{\"@type\":\"CommentAction\",\"name\":\"Comment\",\"target\":[\"https:\/\/vanxhaber.com\/index.php\/2024\/01\/08\/vanda-29-kilo-sentetik-uyusturucu-ele-gecirildi\/#respond\"]}],\"copyrightYear\":\"2024\",\"copyrightHolder\":{\"@id\":\"https:\/\/vanxhaber.com\/#organization\"}},{\"@type\":\"WebPage\",\"@id\":\"https:\/\/vanxhaber.com\/index.php\/2024\/01\/08\/vanda-29-kilo-sentetik-uyusturucu-ele-gecirildi\/\",\"url\":\"https:\/\/vanxhaber.com\/index.php\/2024\/01\/08\/vanda-29-kilo-sentetik-uyusturucu-ele-gecirildi\/\",\"name\":\"Van'da 29 Kilo Sentetik Uyu\u015fturucu Ele Ge\u00e7irildi, - Van Haber | Van X Haber | Van Haberleri\",\"isPartOf\":{\"@id\":\"https:\/\/vanxhaber.com\/#website\"},\"primaryImageOfPage\":{\"@id\":\"https:\/\/vanxhaber.com\/index.php\/2024\/01\/08\/vanda-29-kilo-sentetik-uyusturucu-ele-gecirildi\/#primaryimage\"},\"image\":{\"@id\":\"https:\/\/vanxhaber.com\/index.php\/2024\/01\/08\/vanda-29-kilo-sentetik-uyusturucu-ele-gecirildi\/#primaryimage\"},\"thumbnailUrl\":\"https:\/\/vanxhaber.com\/wp-content\/uploads\/2024\/01\/vanda-uyusturucu-operasyon.jpg\",\"datePublished\":\"2024-01-08T08:44:33+00:00\",\"dateModified\":\"2024-01-08T08:44:35+00:00\",\"author\":{\"@id\":\"https:\/\/vanxhaber.com\/#\/schema\/person\/a5fd8d89510cb5370e62ad176f7978ee\"},\"breadcrumb\":{\"@id\":\"https:\/\/vanxhaber.com\/index.php\/2024\/01\/08\/vanda-29-kilo-sentetik-uyusturucu-ele-gecirildi\/#breadcrumb\"},\"inLanguage\":\"tr\",\"potentialAction\":[{\"@type\":\"ReadAction\",\"target\":[\"https:\/\/vanxhaber.com\/index.php\/2024\/01\/08\/vanda-29-kilo-sentetik-uyusturucu-ele-gecirildi\/\"]}]},{\"@type\":\"ImageObject\",\"inLanguage\":\"tr\",\"@id\":\"https:\/\/vanxhaber.com\/index.php\/2024\/01\/08\/vanda-29-kilo-sentetik-uyusturucu-ele-gecirildi\/#primaryimage\",\"url\":\"https:\/\/vanxhaber.com\/wp-content\/uploads\/2024\/01\/vanda-uyusturucu-operasyon.jpg\",\"contentUrl\":\"https:\/\/vanxhaber.com\/wp-content\/uploads\/2024\/01\/vanda-uyusturucu-operasyon.jpg\",\"width\":641,\"height\":380},{\"@type\":\"BreadcrumbList\",\"@id\":\"https:\/\/vanxhaber.com\/index.php\/2024\/01\/08\/vanda-29-kilo-sentetik-uyusturucu-ele-gecirildi\/#breadcrumb\",\"itemListElement\":[{\"@type\":\"ListItem\",\"position\":1,\"name\":\"Anasayfa\",\"item\":\"https:\/\/vanxhaber.com\/\"},{\"@type\":\"ListItem\",\"position\":2,\"name\":\"Van&#8217;da 29 Kilo Sentetik Uyu\u015fturucu Ele Ge\u00e7irildi,\"}]},{\"@type\":\"WebSite\",\"@id\":\"https:\/\/vanxhaber.com\/#website\",\"url\":\"https:\/\/vanxhaber.com\/\",\"name\":\"Van Haber | Van X Haber | Van Haberleri\",\"description\":\"Van Haber, Van&#039;\u0131n ilk yapay zeka teknolojileri ile yaz\u0131lan Van X Haber ve Van Haberlerini aktif g\u00fcncel sunan tek vanhaber merkezidir.\",\"potentialAction\":[{\"@type\":\"SearchAction\",\"target\":{\"@type\":\"EntryPoint\",\"urlTemplate\":\"https:\/\/vanxhaber.com\/?s={search_term_string}\"},\"query-input\":{\"@type\":\"PropertyValueSpecification\",\"valueRequired\":true,\"valueName\":\"search_term_string\"}}],\"inLanguage\":\"tr\"},{\"@type\":\"Person\",\"@id\":\"https:\/\/vanxhaber.com\/#\/schema\/person\/a5fd8d89510cb5370e62ad176f7978ee\",\"name\":\"Van X Haber\",\"image\":{\"@type\":\"ImageObject\",\"inLanguage\":\"tr\",\"@id\":\"https:\/\/vanxhaber.com\/#\/schema\/person\/image\/\",\"url\":\"https:\/\/secure.gravatar.com\/avatar\/36f2f63826681263103acb5ca1e7bc1a6db11baea9b75dd091d89b74f2704b07?s=96&d=mm&r=g\",\"contentUrl\":\"https:\/\/secure.gravatar.com\/avatar\/36f2f63826681263103acb5ca1e7bc1a6db11baea9b75dd091d89b74f2704b07?s=96&d=mm&r=g\",\"caption\":\"Van X Haber\"},\"description\":\"Van X Haber Van'\u0131n ilk ve tek yeni nesil Van Haber merkezi. Son Dakika Van Haberleri ve G\u00fcncel Van haber merkezinde s\u0131cak geli\u015fmeleri aktarmaya devam edece\u011fiz.\",\"url\":\"https:\/\/vanxhaber.com\/index.php\/author\/vangazetesi\/\"}]}<\/script>\n<!-- \/ Yoast SEO Premium plugin. -->","yoast_head_json":{"title":"Van'da 29 Kilo Sentetik Uyu\u015fturucu Ele Ge\u00e7irildi, - Van Haber | Van X Haber | Van Haberleri","robots":{"index":"index","follow":"follow","max-snippet":"max-snippet:-1","max-image-preview":"max-image-preview:large","max-video-preview":"max-video-preview:-1"},"canonical":"https:\/\/vanxhaber.com\/index.php\/2024\/01\/08\/vanda-29-kilo-sentetik-uyusturucu-ele-gecirildi\/","og_locale":"tr_TR","og_type":"article","og_title":"Van'da 29 Kilo Sentetik Uyu\u015fturucu Ele Ge\u00e7irildi,","og_description":"Van&#8217;da yap\u0131lan operasyonlarda 29 kilo 40 gram sentetik uyu\u015fturucu ele ge\u00e7irildi. \u0130l Emniyet M\u00fcd\u00fcrl\u00fc\u011f\u00fc ekipleri, uyu\u015fturucu madde ticareti yapanlara y\u00f6nelik \u00e7al\u0131\u015fmalar\u0131n\u0131 s\u00fcrd\u00fcr\u00fcyor. G\u00f6zalt\u0131na al\u0131nan 4 \u015f\u00fcpheli hakk\u0131nda uyu\u015fturucu ticareti ve uyu\u015fturucu bulundurma su\u00e7lar\u0131ndan i\u015flem yap\u0131ld\u0131. Van&#8216;da ge\u00e7en hafta 29 kilo 40 gram sentetik uyu\u015fturucu ele ge\u00e7irildi, 4 \u015f\u00fcpheli hakk\u0131nda i\u015flem yap\u0131ld\u0131.\u0130l Emniyet M\u00fcd\u00fcrl\u00fc\u011f\u00fcnden yap\u0131lan a\u00e7\u0131klamaya &hellip;","og_url":"https:\/\/vanxhaber.com\/index.php\/2024\/01\/08\/vanda-29-kilo-sentetik-uyusturucu-ele-gecirildi\/","og_site_name":"Van Haber | Van X Haber | Van Haberleri","article_published_time":"2024-01-08T08:44:33+00:00","article_modified_time":"2024-01-08T08:44:35+00:00","og_image":[{"width":641,"height":380,"url":"https:\/\/vanxhaber.com\/wp-content\/uploads\/2024\/01\/vanda-uyusturucu-operasyon.jpg","type":"image\/jpeg"}],"author":"Van X Haber","twitter_card":"summary_large_image","twitter_misc":{"Yazan:":"Van X Haber","Tahmini okuma s\u00fcresi":"1 dakika"},"schema":{"@context":"https:\/\/schema.org","@graph":[{"@type":"Article","@id":"https:\/\/vanxhaber.com\/index.php\/2024\/01\/08\/vanda-29-kilo-sentetik-uyusturucu-ele-gecirildi\/#article","isPartOf":{"@id":"https:\/\/vanxhaber.com\/index.php\/2024\/01\/08\/vanda-29-kilo-sentetik-uyusturucu-ele-gecirildi\/"},"author":{"name":"Van X Haber","@id":"https:\/\/vanxhaber.com\/#\/schema\/person\/a5fd8d89510cb5370e62ad176f7978ee"},"headline":"Van&#8217;da 29 Kilo Sentetik Uyu\u015fturucu Ele Ge\u00e7irildi,","datePublished":"2024-01-08T08:44:33+00:00","dateModified":"2024-01-08T08:44:35+00:00","mainEntityOfPage":{"@id":"https:\/\/vanxhaber.com\/index.php\/2024\/01\/08\/vanda-29-kilo-sentetik-uyusturucu-ele-gecirildi\/"},"wordCount":173,"commentCount":0,"image":{"@id":"https:\/\/vanxhaber.com\/index.php\/2024\/01\/08\/vanda-29-kilo-sentetik-uyusturucu-ele-gecirildi\/#primaryimage"},"thumbnailUrl":"https:\/\/vanxhaber.com\/wp-content\/uploads\/2024\/01\/vanda-uyusturucu-operasyon.jpg","articleSection":["Van Emniyet","Van Haber"],"inLanguage":"tr","potentialAction":[{"@type":"CommentAction","name":"Comment","target":["https:\/\/vanxhaber.com\/index.php\/2024\/01\/08\/vanda-29-kilo-sentetik-uyusturucu-ele-gecirildi\/#respond"]}],"copyrightYear":"2024","copyrightHolder":{"@id":"https:\/\/vanxhaber.com\/#organization"}},{"@type":"WebPage","@id":"https:\/\/vanxhaber.com\/index.php\/2024\/01\/08\/vanda-29-kilo-sentetik-uyusturucu-ele-gecirildi\/","url":"https:\/\/vanxhaber.com\/index.php\/2024\/01\/08\/vanda-29-kilo-sentetik-uyusturucu-ele-gecirildi\/","name":"Van'da 29 Kilo Sentetik Uyu\u015fturucu Ele Ge\u00e7irildi, - Van Haber | Van X Haber | Van Haberleri","isPartOf":{"@id":"https:\/\/vanxhaber.com\/#website"},"primaryImageOfPage":{"@id":"https:\/\/vanxhaber.com\/index.php\/2024\/01\/08\/vanda-29-kilo-sentetik-uyusturucu-ele-gecirildi\/#primaryimage"},"image":{"@id":"https:\/\/vanxhaber.com\/index.php\/2024\/01\/08\/vanda-29-kilo-sentetik-uyusturucu-ele-gecirildi\/#primaryimage"},"thumbnailUrl":"https:\/\/vanxhaber.com\/wp-content\/uploads\/2024\/01\/vanda-uyusturucu-operasyon.jpg","datePublished":"2024-01-08T08:44:33+00:00","dateModified":"2024-01-08T08:44:35+00:00","author":{"@id":"https:\/\/vanxhaber.com\/#\/schema\/person\/a5fd8d89510cb5370e62ad176f7978ee"},"breadcrumb":{"@id":"https:\/\/vanxhaber.com\/index.php\/2024\/01\/08\/vanda-29-kilo-sentetik-uyusturucu-ele-gecirildi\/#breadcrumb"},"inLanguage":"tr","potentialAction":[{"@type":"ReadAction","target":["https:\/\/vanxhaber.com\/index.php\/2024\/01\/08\/vanda-29-kilo-sentetik-uyusturucu-ele-gecirildi\/"]}]},{"@type":"ImageObject","inLanguage":"tr","@id":"https:\/\/vanxhaber.com\/index.php\/2024\/01\/08\/vanda-29-kilo-sentetik-uyusturucu-ele-gecirildi\/#primaryimage","url":"https:\/\/vanxhaber.com\/wp-content\/uploads\/2024\/01\/vanda-uyusturucu-operasyon.jpg","contentUrl":"https:\/\/vanxhaber.com\/wp-content\/uploads\/2024\/01\/vanda-uyusturucu-operasyon.jpg","width":641,"height":380},{"@type":"BreadcrumbList","@id":"https:\/\/vanxhaber.com\/index.php\/2024\/01\/08\/vanda-29-kilo-sentetik-uyusturucu-ele-gecirildi\/#breadcrumb","itemListElement":[{"@type":"ListItem","position":1,"name":"Anasayfa","item":"https:\/\/vanxhaber.com\/"},{"@type":"ListItem","position":2,"name":"Van&#8217;da 29 Kilo Sentetik Uyu\u015fturucu Ele Ge\u00e7irildi,"}]},{"@type":"WebSite","@id":"https:\/\/vanxhaber.com\/#website","url":"https:\/\/vanxhaber.com\/","name":"Van Haber | Van X Haber | Van Haberleri","description":"Van Haber, Van&#039;\u0131n ilk yapay zeka teknolojileri ile yaz\u0131lan Van X Haber ve Van Haberlerini aktif g\u00fcncel sunan tek vanhaber merkezidir.","potentialAction":[{"@type":"SearchAction","target":{"@type":"EntryPoint","urlTemplate":"https:\/\/vanxhaber.com\/?s={search_term_string}"},"query-input":{"@type":"PropertyValueSpecification","valueRequired":true,"valueName":"search_term_string"}}],"inLanguage":"tr"},{"@type":"Person","@id":"https:\/\/vanxhaber.com\/#\/schema\/person\/a5fd8d89510cb5370e62ad176f7978ee","name":"Van X Haber","image":{"@type":"ImageObject","inLanguage":"tr","@id":"https:\/\/vanxhaber.com\/#\/schema\/person\/image\/","url":"https:\/\/secure.gravatar.com\/avatar\/36f2f63826681263103acb5ca1e7bc1a6db11baea9b75dd091d89b74f2704b07?s=96&d=mm&r=g","contentUrl":"https:\/\/secure.gravatar.com\/avatar\/36f2f63826681263103acb5ca1e7bc1a6db11baea9b75dd091d89b74f2704b07?s=96&d=mm&r=g","caption":"Van X Haber"},"description":"Van X Haber Van'\u0131n ilk ve tek yeni nesil Van Haber merkezi. Son Dakika Van Haberleri ve G\u00fcncel Van haber merkezinde s\u0131cak geli\u015fmeleri aktarmaya devam edece\u011fiz.","url":"https:\/\/vanxhaber.com\/index.php\/author\/vangazetesi\/"}]}},"_links":{"self":[{"href":"https:\/\/vanxhaber.com\/index.php\/wp-json\/wp\/v2\/posts\/1216","targetHints":{"allow":["GET"]}}],"collection":[{"href":"https:\/\/vanxhaber.com\/index.php\/wp-json\/wp\/v2\/posts"}],"about":[{"href":"https:\/\/vanxhaber.com\/index.php\/wp-json\/wp\/v2\/types\/post"}],"author":[{"embeddable":true,"href":"https:\/\/vanxhaber.com\/index.php\/wp-json\/wp\/v2\/users\/2"}],"replies":[{"embeddable":true,"href":"https:\/\/vanxhaber.com\/index.php\/wp-json\/wp\/v2\/comments?post=1216"}],"version-history":[{"count":1,"href":"https:\/\/vanxhaber.com\/index.php\/wp-json\/wp\/v2\/posts\/1216\/revisions"}],"predecessor-version":[{"id":1219,"href":"https:\/\/vanxhaber.com\/index.php\/wp-json\/wp\/v2\/posts\/1216\/revisions\/1219"}],"wp:featuredmedia":[{"embeddable":true,"href":"https:\/\/vanxhaber.com\/index.php\/wp-json\/wp\/v2\/media\/1218"}],"wp:attachment":[{"href":"https:\/\/vanxhaber.com\/index.php\/wp-json\/wp\/v2\/media?parent=1216"}],"wp:term":[{"taxonomy":"category","embeddable":true,"href":"https:\/\/vanxhaber.com\/index.php\/wp-json\/wp\/v2\/categories?post=1216"},{"taxonomy":"post_tag","embeddable":true,"href":"https:\/\/vanxhaber.com\/index.php\/wp-json\/wp\/v2\/tags?post=1216"}],"curies":[{"name":"wp","href":"https:\/\/api.w.org\/{rel}","templated":true}]}}