{"id":1234,"date":"2024-01-08T12:08:32","date_gmt":"2024-01-08T12:08:32","guid":{"rendered":"https:\/\/vanxhaber.com\/?p=1234"},"modified":"2024-01-08T12:08:33","modified_gmt":"2024-01-08T12:08:33","slug":"caldiranda-duzenlenen-futbol-turnuvasi-heyecani-kaos-teamin-zaferi-ile-son-buldu","status":"publish","type":"post","link":"https:\/\/vanxhaber.com\/index.php\/2024\/01\/08\/caldiranda-duzenlenen-futbol-turnuvasi-heyecani-kaos-teamin-zaferi-ile-son-buldu\/","title":{"rendered":"\u00c7ald\u0131ran&#8217;da D\u00fczenlenen Futbol Turnuvas\u0131 Heyecan\u0131, Kaos Team&#8217;in Zaferi ile Son Buldu"},"content":{"rendered":"\n<p>\u00c7ald\u0131ran&#8217;da D\u00fczenlenen Futbol Turnuvas\u0131 Heyecan\u0131, Kaos Team&#8217;in Zaferi ile Son Buldu.\u00c7ald\u0131ran Belediyesi Futbol Turnuvas\u0131nda Kaos Team \u015eampiyonlu\u011fa Ula\u015ft\u0131, Gen\u00e7ler Filistin \u0130\u00e7in Bir Araya Geldi&#8221;<\/p>\n\n\n\n<p>Spot: \u00c7ald\u0131ran il\u00e7esinde d\u00fczenlenen futbol turnuvas\u0131n\u0131n finalinde Kaos Team&#8217;in zaferi ya\u015fan\u0131rken, gen\u00e7ler Filistin&#8217;e destek mesajlar\u0131yla birlik ve dayan\u0131\u015fma duygular\u0131n\u0131 g\u00fc\u00e7lendirdi.<\/p>\n\n\n\n<p>\u00c7ald\u0131ran il\u00e7esinde d\u00fczenlenen futbol turnuvas\u0131n\u0131n finalinde, Kaos Team Tak\u0131m\u0131, Ya\u011f\u0131basan Mahallesi Tak\u0131m\u0131&#8217;n\u0131 3-1 yenerek birincilik elde etti. Turnuvada gen\u00e7ler aras\u0131nda dayan\u0131\u015fma ve birlik duygular\u0131n\u0131 peki\u015ftirmeyi hedefleyen \u00c7ald\u0131ran Belediye Ba\u015fkan\u0131 \u015eefik Ensari, \u00f6zellikle Filistin&#8217;e destek mesajlar\u0131 veren gen\u00e7lerin duyarl\u0131l\u0131\u011f\u0131n\u0131 takdir etti. Ensari, 24 tak\u0131m\u0131n m\u00fccadele etti\u011fi renkli turnuvaya kat\u0131lan t\u00fcm tak\u0131mlara te\u015fekk\u00fcr etti.**<\/p>\n","protected":false},"excerpt":{"rendered":"<p>\u00c7ald\u0131ran&#8217;da D\u00fczenlenen Futbol Turnuvas\u0131 Heyecan\u0131, Kaos Team&#8217;in Zaferi ile Son Buldu.\u00c7ald\u0131ran Belediyesi Futbol Turnuvas\u0131nda Kaos Team \u015eampiyonlu\u011fa Ula\u015ft\u0131, Gen\u00e7ler Filistin \u0130\u00e7in Bir Araya Geldi&#8221; Spot: \u00c7ald\u0131ran il\u00e7esinde d\u00fczenlenen futbol turnuvas\u0131n\u0131n finalinde Kaos Team&#8217;in zaferi ya\u015fan\u0131rken, gen\u00e7ler Filistin&#8217;e destek mesajlar\u0131yla birlik ve dayan\u0131\u015fma duygular\u0131n\u0131 g\u00fc\u00e7lendirdi. \u00c7ald\u0131ran il\u00e7esinde d\u00fczenlenen futbol turnuvas\u0131n\u0131n finalinde, Kaos Team Tak\u0131m\u0131, Ya\u011f\u0131basan Mahallesi &hellip;<\/p>\n","protected":false},"author":2,"featured_media":1236,"comment_status":"open","ping_status":"closed","sticky":false,"template":"","format":"standard","meta":{"googlesitekit_rrm_CAowot3VCw:productID":"","footnotes":""},"categories":[32,1,30],"tags":[65,66,67],"class_list":["post-1234","post","type-post","status-publish","format-standard","has-post-thumbnail","hentry","category-van-genclik","category-van-haber","category-van-x-haber","tag-caldiran","tag-futbol","tag-sefik-ensari"],"yoast_head":"<!-- This site is optimized with the Yoast SEO Premium plugin v21.7 (Yoast SEO v26.7) - https:\/\/yoast.com\/wordpress\/plugins\/seo\/ -->\n<title>\u00c7ald\u0131ran&#039;da D\u00fczenlenen Futbol Turnuvas\u0131 Heyecan\u0131, Kaos Team&#039;in Zaferi ile Son Buldu - Van Haber | Van X Haber | Van Haberleri<\/title>\n<meta name=\"robots\" content=\"index, follow, max-snippet:-1, max-image-preview:large, max-video-preview:-1\" \/>\n<link rel=\"canonical\" href=\"https:\/\/vanxhaber.com\/index.php\/2024\/01\/08\/caldiranda-duzenlenen-futbol-turnuvasi-heyecani-kaos-teamin-zaferi-ile-son-buldu\/\" \/>\n<meta property=\"og:locale\" content=\"tr_TR\" \/>\n<meta property=\"og:type\" content=\"article\" \/>\n<meta property=\"og:title\" content=\"\u00c7ald\u0131ran&#039;da D\u00fczenlenen Futbol Turnuvas\u0131 Heyecan\u0131, Kaos Team&#039;in Zaferi ile Son Buldu\" \/>\n<meta property=\"og:description\" content=\"\u00c7ald\u0131ran&#8217;da D\u00fczenlenen Futbol Turnuvas\u0131 Heyecan\u0131, Kaos Team&#8217;in Zaferi ile Son Buldu.\u00c7ald\u0131ran Belediyesi Futbol Turnuvas\u0131nda Kaos Team \u015eampiyonlu\u011fa Ula\u015ft\u0131, Gen\u00e7ler Filistin \u0130\u00e7in Bir Araya Geldi&#8221; Spot: \u00c7ald\u0131ran il\u00e7esinde d\u00fczenlenen futbol turnuvas\u0131n\u0131n finalinde Kaos Team&#8217;in zaferi ya\u015fan\u0131rken, gen\u00e7ler Filistin&#8217;e destek mesajlar\u0131yla birlik ve dayan\u0131\u015fma duygular\u0131n\u0131 g\u00fc\u00e7lendirdi. \u00c7ald\u0131ran il\u00e7esinde d\u00fczenlenen futbol turnuvas\u0131n\u0131n finalinde, Kaos Team Tak\u0131m\u0131, Ya\u011f\u0131basan Mahallesi &hellip;\" \/>\n<meta property=\"og:url\" content=\"https:\/\/vanxhaber.com\/index.php\/2024\/01\/08\/caldiranda-duzenlenen-futbol-turnuvasi-heyecani-kaos-teamin-zaferi-ile-son-buldu\/\" \/>\n<meta property=\"og:site_name\" content=\"Van Haber | Van X Haber | Van Haberleri\" \/>\n<meta property=\"article:published_time\" content=\"2024-01-08T12:08:32+00:00\" \/>\n<meta property=\"article:modified_time\" content=\"2024-01-08T12:08:33+00:00\" \/>\n<meta property=\"og:image\" content=\"https:\/\/vanxhaber.com\/wp-content\/uploads\/2024\/01\/WhatsApp-Image-2024-01-08-at-14.54.27.jpeg\" \/>\n\t<meta property=\"og:image:width\" content=\"1600\" \/>\n\t<meta property=\"og:image:height\" content=\"1200\" \/>\n\t<meta property=\"og:image:type\" content=\"image\/jpeg\" \/>\n<meta name=\"author\" content=\"Van X Haber\" \/>\n<meta name=\"twitter:card\" content=\"summary_large_image\" \/>\n<meta name=\"twitter:label1\" content=\"Yazan:\" \/>\n\t<meta name=\"twitter:data1\" content=\"Van X Haber\" \/>\n\t<meta name=\"twitter:label2\" content=\"Tahmini okuma s\u00fcresi\" \/>\n\t<meta name=\"twitter:data2\" content=\"1 dakika\" \/>\n<script type=\"application\/ld+json\" class=\"yoast-schema-graph\">{\"@context\":\"https:\/\/schema.org\",\"@graph\":[{\"@type\":\"Article\",\"@id\":\"https:\/\/vanxhaber.com\/index.php\/2024\/01\/08\/caldiranda-duzenlenen-futbol-turnuvasi-heyecani-kaos-teamin-zaferi-ile-son-buldu\/#article\",\"isPartOf\":{\"@id\":\"https:\/\/vanxhaber.com\/index.php\/2024\/01\/08\/caldiranda-duzenlenen-futbol-turnuvasi-heyecani-kaos-teamin-zaferi-ile-son-buldu\/\"},\"author\":{\"name\":\"Van X Haber\",\"@id\":\"https:\/\/vanxhaber.com\/#\/schema\/person\/a5fd8d89510cb5370e62ad176f7978ee\"},\"headline\":\"\u00c7ald\u0131ran&#8217;da D\u00fczenlenen Futbol Turnuvas\u0131 Heyecan\u0131, Kaos Team&#8217;in Zaferi ile Son Buldu\",\"datePublished\":\"2024-01-08T12:08:32+00:00\",\"dateModified\":\"2024-01-08T12:08:33+00:00\",\"mainEntityOfPage\":{\"@id\":\"https:\/\/vanxhaber.com\/index.php\/2024\/01\/08\/caldiranda-duzenlenen-futbol-turnuvasi-heyecani-kaos-teamin-zaferi-ile-son-buldu\/\"},\"wordCount\":163,\"commentCount\":0,\"image\":{\"@id\":\"https:\/\/vanxhaber.com\/index.php\/2024\/01\/08\/caldiranda-duzenlenen-futbol-turnuvasi-heyecani-kaos-teamin-zaferi-ile-son-buldu\/#primaryimage\"},\"thumbnailUrl\":\"https:\/\/vanxhaber.com\/wp-content\/uploads\/2024\/01\/WhatsApp-Image-2024-01-08-at-14.54.27.jpeg\",\"keywords\":[\"\u00e7ald\u0131ran\",\"futbol\",\"\u015fefik ensari\"],\"articleSection\":[\"Van\u00a0Gen\u00e7lik\",\"Van Haber\",\"Van X Haber\"],\"inLanguage\":\"tr\",\"potentialAction\":[{\"@type\":\"CommentAction\",\"name\":\"Comment\",\"target\":[\"https:\/\/vanxhaber.com\/index.php\/2024\/01\/08\/caldiranda-duzenlenen-futbol-turnuvasi-heyecani-kaos-teamin-zaferi-ile-son-buldu\/#respond\"]}],\"copyrightYear\":\"2024\",\"copyrightHolder\":{\"@id\":\"https:\/\/vanxhaber.com\/#organization\"}},{\"@type\":\"WebPage\",\"@id\":\"https:\/\/vanxhaber.com\/index.php\/2024\/01\/08\/caldiranda-duzenlenen-futbol-turnuvasi-heyecani-kaos-teamin-zaferi-ile-son-buldu\/\",\"url\":\"https:\/\/vanxhaber.com\/index.php\/2024\/01\/08\/caldiranda-duzenlenen-futbol-turnuvasi-heyecani-kaos-teamin-zaferi-ile-son-buldu\/\",\"name\":\"\u00c7ald\u0131ran'da D\u00fczenlenen Futbol Turnuvas\u0131 Heyecan\u0131, Kaos Team'in Zaferi ile Son Buldu - Van Haber | Van X Haber | Van Haberleri\",\"isPartOf\":{\"@id\":\"https:\/\/vanxhaber.com\/#website\"},\"primaryImageOfPage\":{\"@id\":\"https:\/\/vanxhaber.com\/index.php\/2024\/01\/08\/caldiranda-duzenlenen-futbol-turnuvasi-heyecani-kaos-teamin-zaferi-ile-son-buldu\/#primaryimage\"},\"image\":{\"@id\":\"https:\/\/vanxhaber.com\/index.php\/2024\/01\/08\/caldiranda-duzenlenen-futbol-turnuvasi-heyecani-kaos-teamin-zaferi-ile-son-buldu\/#primaryimage\"},\"thumbnailUrl\":\"https:\/\/vanxhaber.com\/wp-content\/uploads\/2024\/01\/WhatsApp-Image-2024-01-08-at-14.54.27.jpeg\",\"datePublished\":\"2024-01-08T12:08:32+00:00\",\"dateModified\":\"2024-01-08T12:08:33+00:00\",\"author\":{\"@id\":\"https:\/\/vanxhaber.com\/#\/schema\/person\/a5fd8d89510cb5370e62ad176f7978ee\"},\"breadcrumb\":{\"@id\":\"https:\/\/vanxhaber.com\/index.php\/2024\/01\/08\/caldiranda-duzenlenen-futbol-turnuvasi-heyecani-kaos-teamin-zaferi-ile-son-buldu\/#breadcrumb\"},\"inLanguage\":\"tr\",\"potentialAction\":[{\"@type\":\"ReadAction\",\"target\":[\"https:\/\/vanxhaber.com\/index.php\/2024\/01\/08\/caldiranda-duzenlenen-futbol-turnuvasi-heyecani-kaos-teamin-zaferi-ile-son-buldu\/\"]}]},{\"@type\":\"ImageObject\",\"inLanguage\":\"tr\",\"@id\":\"https:\/\/vanxhaber.com\/index.php\/2024\/01\/08\/caldiranda-duzenlenen-futbol-turnuvasi-heyecani-kaos-teamin-zaferi-ile-son-buldu\/#primaryimage\",\"url\":\"https:\/\/vanxhaber.com\/wp-content\/uploads\/2024\/01\/WhatsApp-Image-2024-01-08-at-14.54.27.jpeg\",\"contentUrl\":\"https:\/\/vanxhaber.com\/wp-content\/uploads\/2024\/01\/WhatsApp-Image-2024-01-08-at-14.54.27.jpeg\",\"width\":1600,\"height\":1200},{\"@type\":\"BreadcrumbList\",\"@id\":\"https:\/\/vanxhaber.com\/index.php\/2024\/01\/08\/caldiranda-duzenlenen-futbol-turnuvasi-heyecani-kaos-teamin-zaferi-ile-son-buldu\/#breadcrumb\",\"itemListElement\":[{\"@type\":\"ListItem\",\"position\":1,\"name\":\"Anasayfa\",\"item\":\"https:\/\/vanxhaber.com\/\"},{\"@type\":\"ListItem\",\"position\":2,\"name\":\"\u00c7ald\u0131ran&#8217;da D\u00fczenlenen Futbol Turnuvas\u0131 Heyecan\u0131, Kaos Team&#8217;in Zaferi ile Son Buldu\"}]},{\"@type\":\"WebSite\",\"@id\":\"https:\/\/vanxhaber.com\/#website\",\"url\":\"https:\/\/vanxhaber.com\/\",\"name\":\"Van Haber | Van X Haber | Van Haberleri\",\"description\":\"Van Haber, Van&#039;\u0131n ilk yapay zeka teknolojileri ile yaz\u0131lan Van X Haber ve Van Haberlerini aktif g\u00fcncel sunan tek vanhaber merkezidir.\",\"potentialAction\":[{\"@type\":\"SearchAction\",\"target\":{\"@type\":\"EntryPoint\",\"urlTemplate\":\"https:\/\/vanxhaber.com\/?s={search_term_string}\"},\"query-input\":{\"@type\":\"PropertyValueSpecification\",\"valueRequired\":true,\"valueName\":\"search_term_string\"}}],\"inLanguage\":\"tr\"},{\"@type\":\"Person\",\"@id\":\"https:\/\/vanxhaber.com\/#\/schema\/person\/a5fd8d89510cb5370e62ad176f7978ee\",\"name\":\"Van X Haber\",\"image\":{\"@type\":\"ImageObject\",\"inLanguage\":\"tr\",\"@id\":\"https:\/\/vanxhaber.com\/#\/schema\/person\/image\/\",\"url\":\"https:\/\/secure.gravatar.com\/avatar\/36f2f63826681263103acb5ca1e7bc1a6db11baea9b75dd091d89b74f2704b07?s=96&d=mm&r=g\",\"contentUrl\":\"https:\/\/secure.gravatar.com\/avatar\/36f2f63826681263103acb5ca1e7bc1a6db11baea9b75dd091d89b74f2704b07?s=96&d=mm&r=g\",\"caption\":\"Van X Haber\"},\"description\":\"Van X Haber Van'\u0131n ilk ve tek yeni nesil Van Haber merkezi. Son Dakika Van Haberleri ve G\u00fcncel Van haber merkezinde s\u0131cak geli\u015fmeleri aktarmaya devam edece\u011fiz.\",\"url\":\"https:\/\/vanxhaber.com\/index.php\/author\/vangazetesi\/\"}]}<\/script>\n<!-- \/ Yoast SEO Premium plugin. -->","yoast_head_json":{"title":"\u00c7ald\u0131ran'da D\u00fczenlenen Futbol Turnuvas\u0131 Heyecan\u0131, Kaos Team'in Zaferi ile Son Buldu - Van Haber | Van X Haber | Van Haberleri","robots":{"index":"index","follow":"follow","max-snippet":"max-snippet:-1","max-image-preview":"max-image-preview:large","max-video-preview":"max-video-preview:-1"},"canonical":"https:\/\/vanxhaber.com\/index.php\/2024\/01\/08\/caldiranda-duzenlenen-futbol-turnuvasi-heyecani-kaos-teamin-zaferi-ile-son-buldu\/","og_locale":"tr_TR","og_type":"article","og_title":"\u00c7ald\u0131ran'da D\u00fczenlenen Futbol Turnuvas\u0131 Heyecan\u0131, Kaos Team'in Zaferi ile Son Buldu","og_description":"\u00c7ald\u0131ran&#8217;da D\u00fczenlenen Futbol Turnuvas\u0131 Heyecan\u0131, Kaos Team&#8217;in Zaferi ile Son Buldu.\u00c7ald\u0131ran Belediyesi Futbol Turnuvas\u0131nda Kaos Team \u015eampiyonlu\u011fa Ula\u015ft\u0131, Gen\u00e7ler Filistin \u0130\u00e7in Bir Araya Geldi&#8221; Spot: \u00c7ald\u0131ran il\u00e7esinde d\u00fczenlenen futbol turnuvas\u0131n\u0131n finalinde Kaos Team&#8217;in zaferi ya\u015fan\u0131rken, gen\u00e7ler Filistin&#8217;e destek mesajlar\u0131yla birlik ve dayan\u0131\u015fma duygular\u0131n\u0131 g\u00fc\u00e7lendirdi. \u00c7ald\u0131ran il\u00e7esinde d\u00fczenlenen futbol turnuvas\u0131n\u0131n finalinde, Kaos Team Tak\u0131m\u0131, Ya\u011f\u0131basan Mahallesi &hellip;","og_url":"https:\/\/vanxhaber.com\/index.php\/2024\/01\/08\/caldiranda-duzenlenen-futbol-turnuvasi-heyecani-kaos-teamin-zaferi-ile-son-buldu\/","og_site_name":"Van Haber | Van X Haber | Van Haberleri","article_published_time":"2024-01-08T12:08:32+00:00","article_modified_time":"2024-01-08T12:08:33+00:00","og_image":[{"width":1600,"height":1200,"url":"https:\/\/vanxhaber.com\/wp-content\/uploads\/2024\/01\/WhatsApp-Image-2024-01-08-at-14.54.27.jpeg","type":"image\/jpeg"}],"author":"Van X Haber","twitter_card":"summary_large_image","twitter_misc":{"Yazan:":"Van X Haber","Tahmini okuma s\u00fcresi":"1 dakika"},"schema":{"@context":"https:\/\/schema.org","@graph":[{"@type":"Article","@id":"https:\/\/vanxhaber.com\/index.php\/2024\/01\/08\/caldiranda-duzenlenen-futbol-turnuvasi-heyecani-kaos-teamin-zaferi-ile-son-buldu\/#article","isPartOf":{"@id":"https:\/\/vanxhaber.com\/index.php\/2024\/01\/08\/caldiranda-duzenlenen-futbol-turnuvasi-heyecani-kaos-teamin-zaferi-ile-son-buldu\/"},"author":{"name":"Van X Haber","@id":"https:\/\/vanxhaber.com\/#\/schema\/person\/a5fd8d89510cb5370e62ad176f7978ee"},"headline":"\u00c7ald\u0131ran&#8217;da D\u00fczenlenen Futbol Turnuvas\u0131 Heyecan\u0131, Kaos Team&#8217;in Zaferi ile Son Buldu","datePublished":"2024-01-08T12:08:32+00:00","dateModified":"2024-01-08T12:08:33+00:00","mainEntityOfPage":{"@id":"https:\/\/vanxhaber.com\/index.php\/2024\/01\/08\/caldiranda-duzenlenen-futbol-turnuvasi-heyecani-kaos-teamin-zaferi-ile-son-buldu\/"},"wordCount":163,"commentCount":0,"image":{"@id":"https:\/\/vanxhaber.com\/index.php\/2024\/01\/08\/caldiranda-duzenlenen-futbol-turnuvasi-heyecani-kaos-teamin-zaferi-ile-son-buldu\/#primaryimage"},"thumbnailUrl":"https:\/\/vanxhaber.com\/wp-content\/uploads\/2024\/01\/WhatsApp-Image-2024-01-08-at-14.54.27.jpeg","keywords":["\u00e7ald\u0131ran","futbol","\u015fefik ensari"],"articleSection":["Van\u00a0Gen\u00e7lik","Van Haber","Van X Haber"],"inLanguage":"tr","potentialAction":[{"@type":"CommentAction","name":"Comment","target":["https:\/\/vanxhaber.com\/index.php\/2024\/01\/08\/caldiranda-duzenlenen-futbol-turnuvasi-heyecani-kaos-teamin-zaferi-ile-son-buldu\/#respond"]}],"copyrightYear":"2024","copyrightHolder":{"@id":"https:\/\/vanxhaber.com\/#organization"}},{"@type":"WebPage","@id":"https:\/\/vanxhaber.com\/index.php\/2024\/01\/08\/caldiranda-duzenlenen-futbol-turnuvasi-heyecani-kaos-teamin-zaferi-ile-son-buldu\/","url":"https:\/\/vanxhaber.com\/index.php\/2024\/01\/08\/caldiranda-duzenlenen-futbol-turnuvasi-heyecani-kaos-teamin-zaferi-ile-son-buldu\/","name":"\u00c7ald\u0131ran'da D\u00fczenlenen Futbol Turnuvas\u0131 Heyecan\u0131, Kaos Team'in Zaferi ile Son Buldu - Van Haber | Van X Haber | Van Haberleri","isPartOf":{"@id":"https:\/\/vanxhaber.com\/#website"},"primaryImageOfPage":{"@id":"https:\/\/vanxhaber.com\/index.php\/2024\/01\/08\/caldiranda-duzenlenen-futbol-turnuvasi-heyecani-kaos-teamin-zaferi-ile-son-buldu\/#primaryimage"},"image":{"@id":"https:\/\/vanxhaber.com\/index.php\/2024\/01\/08\/caldiranda-duzenlenen-futbol-turnuvasi-heyecani-kaos-teamin-zaferi-ile-son-buldu\/#primaryimage"},"thumbnailUrl":"https:\/\/vanxhaber.com\/wp-content\/uploads\/2024\/01\/WhatsApp-Image-2024-01-08-at-14.54.27.jpeg","datePublished":"2024-01-08T12:08:32+00:00","dateModified":"2024-01-08T12:08:33+00:00","author":{"@id":"https:\/\/vanxhaber.com\/#\/schema\/person\/a5fd8d89510cb5370e62ad176f7978ee"},"breadcrumb":{"@id":"https:\/\/vanxhaber.com\/index.php\/2024\/01\/08\/caldiranda-duzenlenen-futbol-turnuvasi-heyecani-kaos-teamin-zaferi-ile-son-buldu\/#breadcrumb"},"inLanguage":"tr","potentialAction":[{"@type":"ReadAction","target":["https:\/\/vanxhaber.com\/index.php\/2024\/01\/08\/caldiranda-duzenlenen-futbol-turnuvasi-heyecani-kaos-teamin-zaferi-ile-son-buldu\/"]}]},{"@type":"ImageObject","inLanguage":"tr","@id":"https:\/\/vanxhaber.com\/index.php\/2024\/01\/08\/caldiranda-duzenlenen-futbol-turnuvasi-heyecani-kaos-teamin-zaferi-ile-son-buldu\/#primaryimage","url":"https:\/\/vanxhaber.com\/wp-content\/uploads\/2024\/01\/WhatsApp-Image-2024-01-08-at-14.54.27.jpeg","contentUrl":"https:\/\/vanxhaber.com\/wp-content\/uploads\/2024\/01\/WhatsApp-Image-2024-01-08-at-14.54.27.jpeg","width":1600,"height":1200},{"@type":"BreadcrumbList","@id":"https:\/\/vanxhaber.com\/index.php\/2024\/01\/08\/caldiranda-duzenlenen-futbol-turnuvasi-heyecani-kaos-teamin-zaferi-ile-son-buldu\/#breadcrumb","itemListElement":[{"@type":"ListItem","position":1,"name":"Anasayfa","item":"https:\/\/vanxhaber.com\/"},{"@type":"ListItem","position":2,"name":"\u00c7ald\u0131ran&#8217;da D\u00fczenlenen Futbol Turnuvas\u0131 Heyecan\u0131, Kaos Team&#8217;in Zaferi ile Son Buldu"}]},{"@type":"WebSite","@id":"https:\/\/vanxhaber.com\/#website","url":"https:\/\/vanxhaber.com\/","name":"Van Haber | Van X Haber | Van Haberleri","description":"Van Haber, Van&#039;\u0131n ilk yapay zeka teknolojileri ile yaz\u0131lan Van X Haber ve Van Haberlerini aktif g\u00fcncel sunan tek vanhaber merkezidir.","potentialAction":[{"@type":"SearchAction","target":{"@type":"EntryPoint","urlTemplate":"https:\/\/vanxhaber.com\/?s={search_term_string}"},"query-input":{"@type":"PropertyValueSpecification","valueRequired":true,"valueName":"search_term_string"}}],"inLanguage":"tr"},{"@type":"Person","@id":"https:\/\/vanxhaber.com\/#\/schema\/person\/a5fd8d89510cb5370e62ad176f7978ee","name":"Van X Haber","image":{"@type":"ImageObject","inLanguage":"tr","@id":"https:\/\/vanxhaber.com\/#\/schema\/person\/image\/","url":"https:\/\/secure.gravatar.com\/avatar\/36f2f63826681263103acb5ca1e7bc1a6db11baea9b75dd091d89b74f2704b07?s=96&d=mm&r=g","contentUrl":"https:\/\/secure.gravatar.com\/avatar\/36f2f63826681263103acb5ca1e7bc1a6db11baea9b75dd091d89b74f2704b07?s=96&d=mm&r=g","caption":"Van X Haber"},"description":"Van X Haber Van'\u0131n ilk ve tek yeni nesil Van Haber merkezi. Son Dakika Van Haberleri ve G\u00fcncel Van haber merkezinde s\u0131cak geli\u015fmeleri aktarmaya devam edece\u011fiz.","url":"https:\/\/vanxhaber.com\/index.php\/author\/vangazetesi\/"}]}},"_links":{"self":[{"href":"https:\/\/vanxhaber.com\/index.php\/wp-json\/wp\/v2\/posts\/1234","targetHints":{"allow":["GET"]}}],"collection":[{"href":"https:\/\/vanxhaber.com\/index.php\/wp-json\/wp\/v2\/posts"}],"about":[{"href":"https:\/\/vanxhaber.com\/index.php\/wp-json\/wp\/v2\/types\/post"}],"author":[{"embeddable":true,"href":"https:\/\/vanxhaber.com\/index.php\/wp-json\/wp\/v2\/users\/2"}],"replies":[{"embeddable":true,"href":"https:\/\/vanxhaber.com\/index.php\/wp-json\/wp\/v2\/comments?post=1234"}],"version-history":[{"count":1,"href":"https:\/\/vanxhaber.com\/index.php\/wp-json\/wp\/v2\/posts\/1234\/revisions"}],"predecessor-version":[{"id":1237,"href":"https:\/\/vanxhaber.com\/index.php\/wp-json\/wp\/v2\/posts\/1234\/revisions\/1237"}],"wp:featuredmedia":[{"embeddable":true,"href":"https:\/\/vanxhaber.com\/index.php\/wp-json\/wp\/v2\/media\/1236"}],"wp:attachment":[{"href":"https:\/\/vanxhaber.com\/index.php\/wp-json\/wp\/v2\/media?parent=1234"}],"wp:term":[{"taxonomy":"category","embeddable":true,"href":"https:\/\/vanxhaber.com\/index.php\/wp-json\/wp\/v2\/categories?post=1234"},{"taxonomy":"post_tag","embeddable":true,"href":"https:\/\/vanxhaber.com\/index.php\/wp-json\/wp\/v2\/tags?post=1234"}],"curies":[{"name":"wp","href":"https:\/\/api.w.org\/{rel}","templated":true}]}}