{"id":1260,"date":"2024-01-09T09:02:44","date_gmt":"2024-01-09T09:02:44","guid":{"rendered":"https:\/\/vanxhaber.com\/?p=1260"},"modified":"2024-01-09T09:02:46","modified_gmt":"2024-01-09T09:02:46","slug":"vanli-genc-muzisyen-insaattan-duserek-yasamini-yitirdi","status":"publish","type":"post","link":"https:\/\/vanxhaber.com\/index.php\/2024\/01\/09\/vanli-genc-muzisyen-insaattan-duserek-yasamini-yitirdi\/","title":{"rendered":"Vanl\u0131 gen\u00e7 m\u00fczisyen in\u015faattan d\u00fc\u015ferek ya\u015fam\u0131n\u0131 yitirdi!"},"content":{"rendered":"\n<p><br>Vanl\u0131 Diyar Delal, olarak bilinen gen\u00e7 m\u00fczisyen  Manisa\u2019da in\u015faattan d\u00fc\u015ferek ya\u015fam\u0131n\u0131 yitirdi.<\/p>\n\n\n\n<p>Van G\u00fcrp\u0131nar il\u00e7esine ba\u011fl\u0131 Yata\u011fa (Xirk) Mahallesi n\u00fcfusuna kay\u0131tl\u0131 18 ya\u015f\u0131ndaki Mert Bayat, (Diyar Delal) Manisa\u2019da \u00e7al\u0131\u015ft\u0131\u011f\u0131 in\u015faat alan\u0131nda meydana gelen bir kaza sonucu hayat\u0131n\u0131 kaybetti. Gen\u00e7 m\u00fczik sanat\u00e7\u0131s\u0131 ve kule vin\u00e7 operat\u00f6r\u00fc olan Delal\u2019in, \u00e7al\u0131\u015ft\u0131\u011f\u0131 in\u015faat alan\u0131nda kule vincin devrilmesi sonucu i\u00e7inde bulundu\u011fu kuleden d\u00fc\u015ferek ya\u015fam\u0131n\u0131 yitirdi\u011fi belirtildi.<\/p>\n\n\n\n<p>Diyar Delal, K\u00fcrt\u00e7e m\u00fczik sanat\u00e7\u0131l\u0131\u011f\u0131 ile tan\u0131n\u0131yor ve yetene\u011fiyle dikkat \u00e7ekiyordu. Hen\u00fcz bir hafta \u00f6nce yeni bir klibini yay\u0131nlam\u0131\u015f olan gen\u00e7 sanat\u00e7\u0131, m\u00fczikseverler taraf\u0131ndan sevilen ve takip edilen bir isimdi. Yay\u0131nlad\u0131\u011f\u0131 son klibiyle kariyerinde yeni bir ad\u0131m atan Delal\u2019in ani kayb\u0131, sevenlerini ve m\u00fczik d\u00fcnyas\u0131n\u0131 yasa bo\u011fdu.<\/p>\n\n\n\n<p>Delal\u2019in \u00f6l\u00fcm haberinin duyulmas\u0131n\u0131n ard\u0131ndan sosyal medyada sevenleri ve hayranlar\u0131 ba\u015fsa\u011fl\u0131\u011f\u0131 mesajlar\u0131 payla\u015ft\u0131. K\u00fclt\u00fcrel miras\u0131na sahip \u00e7\u0131kan ve sanat\u0131n\u0131 ya\u015fatmaya \u00e7al\u0131\u015fan gen\u00e7 bir yetene\u011fin bu \u015fekilde trajik bir sonla hayat\u0131n\u0131 kaybetmesi, toplumda b\u00fcy\u00fck \u00fcz\u00fcnt\u00fcye neden oldu.<\/p>\n\n\n\n<p>Diyar Delal\u2019in cenazesi, yap\u0131lan incelemelerin ard\u0131ndan ailesine teslim edilecek. Gen\u00e7 sanat\u00e7\u0131n\u0131n \u00f6l\u00fcm\u00fcyle ilgili soru\u015fturma devam ederken, i\u015f g\u00fcvenli\u011fi konusundaki tart\u0131\u015fmalar bir kez daha g\u00fcndeme geldi.<\/p>\n\n\n\n<p>Diyar Delal\u2019in ani kayb\u0131, gen\u00e7 ya\u015fta hayat\u0131n\u0131 kaybeden i\u015f\u00e7ilerin ve sanat\u00e7\u0131lar\u0131n sorunlar\u0131na dikkat \u00e7ekiyor ve bu t\u00fcr kazalar\u0131n \u00f6nlenmesi i\u00e7in daha fazla \u00f6nlem al\u0131nmas\u0131 gerekti\u011fini g\u00f6steriyor.<\/p>\n","protected":false},"excerpt":{"rendered":"<p>Vanl\u0131 Diyar Delal, olarak bilinen gen\u00e7 m\u00fczisyen Manisa\u2019da in\u015faattan d\u00fc\u015ferek ya\u015fam\u0131n\u0131 yitirdi. Van G\u00fcrp\u0131nar il\u00e7esine ba\u011fl\u0131 Yata\u011fa (Xirk) Mahallesi n\u00fcfusuna kay\u0131tl\u0131 18 ya\u015f\u0131ndaki Mert Bayat, (Diyar Delal) Manisa\u2019da \u00e7al\u0131\u015ft\u0131\u011f\u0131 in\u015faat alan\u0131nda meydana gelen bir kaza sonucu hayat\u0131n\u0131 kaybetti. Gen\u00e7 m\u00fczik sanat\u00e7\u0131s\u0131 ve kule vin\u00e7 operat\u00f6r\u00fc olan Delal\u2019in, \u00e7al\u0131\u015ft\u0131\u011f\u0131 in\u015faat alan\u0131nda kule vincin devrilmesi sonucu i\u00e7inde &hellip;<\/p>\n","protected":false},"author":2,"featured_media":1262,"comment_status":"open","ping_status":"closed","sticky":false,"template":"","format":"standard","meta":{"googlesitekit_rrm_CAowot3VCw:productID":"","footnotes":""},"categories":[32,1,24],"tags":[],"class_list":["post-1260","post","type-post","status-publish","format-standard","has-post-thumbnail","hentry","category-van-genclik","category-van-haber","category-van-haberleri"],"yoast_head":"<!-- This site is optimized with the Yoast SEO Premium plugin v21.7 (Yoast SEO v26.7) - https:\/\/yoast.com\/wordpress\/plugins\/seo\/ -->\n<title>Vanl\u0131 gen\u00e7 m\u00fczisyen in\u015faattan d\u00fc\u015ferek ya\u015fam\u0131n\u0131 yitirdi! - Van Haber | Van X Haber | Van Haberleri<\/title>\n<meta name=\"robots\" content=\"index, follow, max-snippet:-1, max-image-preview:large, max-video-preview:-1\" \/>\n<link rel=\"canonical\" href=\"https:\/\/vanxhaber.com\/index.php\/2024\/01\/09\/vanli-genc-muzisyen-insaattan-duserek-yasamini-yitirdi\/\" \/>\n<meta property=\"og:locale\" content=\"tr_TR\" \/>\n<meta property=\"og:type\" content=\"article\" \/>\n<meta property=\"og:title\" content=\"Vanl\u0131 gen\u00e7 m\u00fczisyen in\u015faattan d\u00fc\u015ferek ya\u015fam\u0131n\u0131 yitirdi!\" \/>\n<meta property=\"og:description\" content=\"Vanl\u0131 Diyar Delal, olarak bilinen gen\u00e7 m\u00fczisyen Manisa\u2019da in\u015faattan d\u00fc\u015ferek ya\u015fam\u0131n\u0131 yitirdi. Van G\u00fcrp\u0131nar il\u00e7esine ba\u011fl\u0131 Yata\u011fa (Xirk) Mahallesi n\u00fcfusuna kay\u0131tl\u0131 18 ya\u015f\u0131ndaki Mert Bayat, (Diyar Delal) Manisa\u2019da \u00e7al\u0131\u015ft\u0131\u011f\u0131 in\u015faat alan\u0131nda meydana gelen bir kaza sonucu hayat\u0131n\u0131 kaybetti. Gen\u00e7 m\u00fczik sanat\u00e7\u0131s\u0131 ve kule vin\u00e7 operat\u00f6r\u00fc olan Delal\u2019in, \u00e7al\u0131\u015ft\u0131\u011f\u0131 in\u015faat alan\u0131nda kule vincin devrilmesi sonucu i\u00e7inde &hellip;\" \/>\n<meta property=\"og:url\" content=\"https:\/\/vanxhaber.com\/index.php\/2024\/01\/09\/vanli-genc-muzisyen-insaattan-duserek-yasamini-yitirdi\/\" \/>\n<meta property=\"og:site_name\" content=\"Van Haber | Van X Haber | Van Haberleri\" \/>\n<meta property=\"article:published_time\" content=\"2024-01-09T09:02:44+00:00\" \/>\n<meta property=\"article:modified_time\" content=\"2024-01-09T09:02:46+00:00\" \/>\n<meta property=\"og:image\" content=\"https:\/\/vanxhaber.com\/wp-content\/uploads\/2024\/01\/vanli-muzisyen.jpg\" \/>\n\t<meta property=\"og:image:width\" content=\"641\" \/>\n\t<meta property=\"og:image:height\" content=\"380\" \/>\n\t<meta property=\"og:image:type\" content=\"image\/jpeg\" \/>\n<meta name=\"author\" content=\"Van X Haber\" \/>\n<meta name=\"twitter:card\" content=\"summary_large_image\" \/>\n<meta name=\"twitter:label1\" content=\"Yazan:\" \/>\n\t<meta name=\"twitter:data1\" content=\"Van X Haber\" \/>\n\t<meta name=\"twitter:label2\" content=\"Tahmini okuma s\u00fcresi\" \/>\n\t<meta name=\"twitter:data2\" content=\"2 dakika\" \/>\n<script type=\"application\/ld+json\" class=\"yoast-schema-graph\">{\"@context\":\"https:\/\/schema.org\",\"@graph\":[{\"@type\":\"Article\",\"@id\":\"https:\/\/vanxhaber.com\/index.php\/2024\/01\/09\/vanli-genc-muzisyen-insaattan-duserek-yasamini-yitirdi\/#article\",\"isPartOf\":{\"@id\":\"https:\/\/vanxhaber.com\/index.php\/2024\/01\/09\/vanli-genc-muzisyen-insaattan-duserek-yasamini-yitirdi\/\"},\"author\":{\"name\":\"Van X Haber\",\"@id\":\"https:\/\/vanxhaber.com\/#\/schema\/person\/a5fd8d89510cb5370e62ad176f7978ee\"},\"headline\":\"Vanl\u0131 gen\u00e7 m\u00fczisyen in\u015faattan d\u00fc\u015ferek ya\u015fam\u0131n\u0131 yitirdi!\",\"datePublished\":\"2024-01-09T09:02:44+00:00\",\"dateModified\":\"2024-01-09T09:02:46+00:00\",\"mainEntityOfPage\":{\"@id\":\"https:\/\/vanxhaber.com\/index.php\/2024\/01\/09\/vanli-genc-muzisyen-insaattan-duserek-yasamini-yitirdi\/\"},\"wordCount\":301,\"commentCount\":0,\"image\":{\"@id\":\"https:\/\/vanxhaber.com\/index.php\/2024\/01\/09\/vanli-genc-muzisyen-insaattan-duserek-yasamini-yitirdi\/#primaryimage\"},\"thumbnailUrl\":\"https:\/\/vanxhaber.com\/wp-content\/uploads\/2024\/01\/vanli-muzisyen.jpg\",\"articleSection\":[\"Van\u00a0Gen\u00e7lik\",\"Van Haber\",\"Van Haberleri\"],\"inLanguage\":\"tr\",\"potentialAction\":[{\"@type\":\"CommentAction\",\"name\":\"Comment\",\"target\":[\"https:\/\/vanxhaber.com\/index.php\/2024\/01\/09\/vanli-genc-muzisyen-insaattan-duserek-yasamini-yitirdi\/#respond\"]}],\"copyrightYear\":\"2024\",\"copyrightHolder\":{\"@id\":\"https:\/\/vanxhaber.com\/#organization\"}},{\"@type\":\"WebPage\",\"@id\":\"https:\/\/vanxhaber.com\/index.php\/2024\/01\/09\/vanli-genc-muzisyen-insaattan-duserek-yasamini-yitirdi\/\",\"url\":\"https:\/\/vanxhaber.com\/index.php\/2024\/01\/09\/vanli-genc-muzisyen-insaattan-duserek-yasamini-yitirdi\/\",\"name\":\"Vanl\u0131 gen\u00e7 m\u00fczisyen in\u015faattan d\u00fc\u015ferek ya\u015fam\u0131n\u0131 yitirdi! - Van Haber | Van X Haber | Van Haberleri\",\"isPartOf\":{\"@id\":\"https:\/\/vanxhaber.com\/#website\"},\"primaryImageOfPage\":{\"@id\":\"https:\/\/vanxhaber.com\/index.php\/2024\/01\/09\/vanli-genc-muzisyen-insaattan-duserek-yasamini-yitirdi\/#primaryimage\"},\"image\":{\"@id\":\"https:\/\/vanxhaber.com\/index.php\/2024\/01\/09\/vanli-genc-muzisyen-insaattan-duserek-yasamini-yitirdi\/#primaryimage\"},\"thumbnailUrl\":\"https:\/\/vanxhaber.com\/wp-content\/uploads\/2024\/01\/vanli-muzisyen.jpg\",\"datePublished\":\"2024-01-09T09:02:44+00:00\",\"dateModified\":\"2024-01-09T09:02:46+00:00\",\"author\":{\"@id\":\"https:\/\/vanxhaber.com\/#\/schema\/person\/a5fd8d89510cb5370e62ad176f7978ee\"},\"breadcrumb\":{\"@id\":\"https:\/\/vanxhaber.com\/index.php\/2024\/01\/09\/vanli-genc-muzisyen-insaattan-duserek-yasamini-yitirdi\/#breadcrumb\"},\"inLanguage\":\"tr\",\"potentialAction\":[{\"@type\":\"ReadAction\",\"target\":[\"https:\/\/vanxhaber.com\/index.php\/2024\/01\/09\/vanli-genc-muzisyen-insaattan-duserek-yasamini-yitirdi\/\"]}]},{\"@type\":\"ImageObject\",\"inLanguage\":\"tr\",\"@id\":\"https:\/\/vanxhaber.com\/index.php\/2024\/01\/09\/vanli-genc-muzisyen-insaattan-duserek-yasamini-yitirdi\/#primaryimage\",\"url\":\"https:\/\/vanxhaber.com\/wp-content\/uploads\/2024\/01\/vanli-muzisyen.jpg\",\"contentUrl\":\"https:\/\/vanxhaber.com\/wp-content\/uploads\/2024\/01\/vanli-muzisyen.jpg\",\"width\":641,\"height\":380},{\"@type\":\"BreadcrumbList\",\"@id\":\"https:\/\/vanxhaber.com\/index.php\/2024\/01\/09\/vanli-genc-muzisyen-insaattan-duserek-yasamini-yitirdi\/#breadcrumb\",\"itemListElement\":[{\"@type\":\"ListItem\",\"position\":1,\"name\":\"Anasayfa\",\"item\":\"https:\/\/vanxhaber.com\/\"},{\"@type\":\"ListItem\",\"position\":2,\"name\":\"Vanl\u0131 gen\u00e7 m\u00fczisyen in\u015faattan d\u00fc\u015ferek ya\u015fam\u0131n\u0131 yitirdi!\"}]},{\"@type\":\"WebSite\",\"@id\":\"https:\/\/vanxhaber.com\/#website\",\"url\":\"https:\/\/vanxhaber.com\/\",\"name\":\"Van Haber | Van X Haber | Van Haberleri\",\"description\":\"Van Haber, Van&#039;\u0131n ilk yapay zeka teknolojileri ile yaz\u0131lan Van X Haber ve Van Haberlerini aktif g\u00fcncel sunan tek vanhaber merkezidir.\",\"potentialAction\":[{\"@type\":\"SearchAction\",\"target\":{\"@type\":\"EntryPoint\",\"urlTemplate\":\"https:\/\/vanxhaber.com\/?s={search_term_string}\"},\"query-input\":{\"@type\":\"PropertyValueSpecification\",\"valueRequired\":true,\"valueName\":\"search_term_string\"}}],\"inLanguage\":\"tr\"},{\"@type\":\"Person\",\"@id\":\"https:\/\/vanxhaber.com\/#\/schema\/person\/a5fd8d89510cb5370e62ad176f7978ee\",\"name\":\"Van X Haber\",\"image\":{\"@type\":\"ImageObject\",\"inLanguage\":\"tr\",\"@id\":\"https:\/\/vanxhaber.com\/#\/schema\/person\/image\/\",\"url\":\"https:\/\/secure.gravatar.com\/avatar\/36f2f63826681263103acb5ca1e7bc1a6db11baea9b75dd091d89b74f2704b07?s=96&d=mm&r=g\",\"contentUrl\":\"https:\/\/secure.gravatar.com\/avatar\/36f2f63826681263103acb5ca1e7bc1a6db11baea9b75dd091d89b74f2704b07?s=96&d=mm&r=g\",\"caption\":\"Van X Haber\"},\"description\":\"Van X Haber Van'\u0131n ilk ve tek yeni nesil Van Haber merkezi. Son Dakika Van Haberleri ve G\u00fcncel Van haber merkezinde s\u0131cak geli\u015fmeleri aktarmaya devam edece\u011fiz.\",\"url\":\"https:\/\/vanxhaber.com\/index.php\/author\/vangazetesi\/\"}]}<\/script>\n<!-- \/ Yoast SEO Premium plugin. -->","yoast_head_json":{"title":"Vanl\u0131 gen\u00e7 m\u00fczisyen in\u015faattan d\u00fc\u015ferek ya\u015fam\u0131n\u0131 yitirdi! - Van Haber | Van X Haber | Van Haberleri","robots":{"index":"index","follow":"follow","max-snippet":"max-snippet:-1","max-image-preview":"max-image-preview:large","max-video-preview":"max-video-preview:-1"},"canonical":"https:\/\/vanxhaber.com\/index.php\/2024\/01\/09\/vanli-genc-muzisyen-insaattan-duserek-yasamini-yitirdi\/","og_locale":"tr_TR","og_type":"article","og_title":"Vanl\u0131 gen\u00e7 m\u00fczisyen in\u015faattan d\u00fc\u015ferek ya\u015fam\u0131n\u0131 yitirdi!","og_description":"Vanl\u0131 Diyar Delal, olarak bilinen gen\u00e7 m\u00fczisyen Manisa\u2019da in\u015faattan d\u00fc\u015ferek ya\u015fam\u0131n\u0131 yitirdi. Van G\u00fcrp\u0131nar il\u00e7esine ba\u011fl\u0131 Yata\u011fa (Xirk) Mahallesi n\u00fcfusuna kay\u0131tl\u0131 18 ya\u015f\u0131ndaki Mert Bayat, (Diyar Delal) Manisa\u2019da \u00e7al\u0131\u015ft\u0131\u011f\u0131 in\u015faat alan\u0131nda meydana gelen bir kaza sonucu hayat\u0131n\u0131 kaybetti. Gen\u00e7 m\u00fczik sanat\u00e7\u0131s\u0131 ve kule vin\u00e7 operat\u00f6r\u00fc olan Delal\u2019in, \u00e7al\u0131\u015ft\u0131\u011f\u0131 in\u015faat alan\u0131nda kule vincin devrilmesi sonucu i\u00e7inde &hellip;","og_url":"https:\/\/vanxhaber.com\/index.php\/2024\/01\/09\/vanli-genc-muzisyen-insaattan-duserek-yasamini-yitirdi\/","og_site_name":"Van Haber | Van X Haber | Van Haberleri","article_published_time":"2024-01-09T09:02:44+00:00","article_modified_time":"2024-01-09T09:02:46+00:00","og_image":[{"width":641,"height":380,"url":"https:\/\/vanxhaber.com\/wp-content\/uploads\/2024\/01\/vanli-muzisyen.jpg","type":"image\/jpeg"}],"author":"Van X Haber","twitter_card":"summary_large_image","twitter_misc":{"Yazan:":"Van X Haber","Tahmini okuma s\u00fcresi":"2 dakika"},"schema":{"@context":"https:\/\/schema.org","@graph":[{"@type":"Article","@id":"https:\/\/vanxhaber.com\/index.php\/2024\/01\/09\/vanli-genc-muzisyen-insaattan-duserek-yasamini-yitirdi\/#article","isPartOf":{"@id":"https:\/\/vanxhaber.com\/index.php\/2024\/01\/09\/vanli-genc-muzisyen-insaattan-duserek-yasamini-yitirdi\/"},"author":{"name":"Van X Haber","@id":"https:\/\/vanxhaber.com\/#\/schema\/person\/a5fd8d89510cb5370e62ad176f7978ee"},"headline":"Vanl\u0131 gen\u00e7 m\u00fczisyen in\u015faattan d\u00fc\u015ferek ya\u015fam\u0131n\u0131 yitirdi!","datePublished":"2024-01-09T09:02:44+00:00","dateModified":"2024-01-09T09:02:46+00:00","mainEntityOfPage":{"@id":"https:\/\/vanxhaber.com\/index.php\/2024\/01\/09\/vanli-genc-muzisyen-insaattan-duserek-yasamini-yitirdi\/"},"wordCount":301,"commentCount":0,"image":{"@id":"https:\/\/vanxhaber.com\/index.php\/2024\/01\/09\/vanli-genc-muzisyen-insaattan-duserek-yasamini-yitirdi\/#primaryimage"},"thumbnailUrl":"https:\/\/vanxhaber.com\/wp-content\/uploads\/2024\/01\/vanli-muzisyen.jpg","articleSection":["Van\u00a0Gen\u00e7lik","Van Haber","Van Haberleri"],"inLanguage":"tr","potentialAction":[{"@type":"CommentAction","name":"Comment","target":["https:\/\/vanxhaber.com\/index.php\/2024\/01\/09\/vanli-genc-muzisyen-insaattan-duserek-yasamini-yitirdi\/#respond"]}],"copyrightYear":"2024","copyrightHolder":{"@id":"https:\/\/vanxhaber.com\/#organization"}},{"@type":"WebPage","@id":"https:\/\/vanxhaber.com\/index.php\/2024\/01\/09\/vanli-genc-muzisyen-insaattan-duserek-yasamini-yitirdi\/","url":"https:\/\/vanxhaber.com\/index.php\/2024\/01\/09\/vanli-genc-muzisyen-insaattan-duserek-yasamini-yitirdi\/","name":"Vanl\u0131 gen\u00e7 m\u00fczisyen in\u015faattan d\u00fc\u015ferek ya\u015fam\u0131n\u0131 yitirdi! - Van Haber | Van X Haber | Van Haberleri","isPartOf":{"@id":"https:\/\/vanxhaber.com\/#website"},"primaryImageOfPage":{"@id":"https:\/\/vanxhaber.com\/index.php\/2024\/01\/09\/vanli-genc-muzisyen-insaattan-duserek-yasamini-yitirdi\/#primaryimage"},"image":{"@id":"https:\/\/vanxhaber.com\/index.php\/2024\/01\/09\/vanli-genc-muzisyen-insaattan-duserek-yasamini-yitirdi\/#primaryimage"},"thumbnailUrl":"https:\/\/vanxhaber.com\/wp-content\/uploads\/2024\/01\/vanli-muzisyen.jpg","datePublished":"2024-01-09T09:02:44+00:00","dateModified":"2024-01-09T09:02:46+00:00","author":{"@id":"https:\/\/vanxhaber.com\/#\/schema\/person\/a5fd8d89510cb5370e62ad176f7978ee"},"breadcrumb":{"@id":"https:\/\/vanxhaber.com\/index.php\/2024\/01\/09\/vanli-genc-muzisyen-insaattan-duserek-yasamini-yitirdi\/#breadcrumb"},"inLanguage":"tr","potentialAction":[{"@type":"ReadAction","target":["https:\/\/vanxhaber.com\/index.php\/2024\/01\/09\/vanli-genc-muzisyen-insaattan-duserek-yasamini-yitirdi\/"]}]},{"@type":"ImageObject","inLanguage":"tr","@id":"https:\/\/vanxhaber.com\/index.php\/2024\/01\/09\/vanli-genc-muzisyen-insaattan-duserek-yasamini-yitirdi\/#primaryimage","url":"https:\/\/vanxhaber.com\/wp-content\/uploads\/2024\/01\/vanli-muzisyen.jpg","contentUrl":"https:\/\/vanxhaber.com\/wp-content\/uploads\/2024\/01\/vanli-muzisyen.jpg","width":641,"height":380},{"@type":"BreadcrumbList","@id":"https:\/\/vanxhaber.com\/index.php\/2024\/01\/09\/vanli-genc-muzisyen-insaattan-duserek-yasamini-yitirdi\/#breadcrumb","itemListElement":[{"@type":"ListItem","position":1,"name":"Anasayfa","item":"https:\/\/vanxhaber.com\/"},{"@type":"ListItem","position":2,"name":"Vanl\u0131 gen\u00e7 m\u00fczisyen in\u015faattan d\u00fc\u015ferek ya\u015fam\u0131n\u0131 yitirdi!"}]},{"@type":"WebSite","@id":"https:\/\/vanxhaber.com\/#website","url":"https:\/\/vanxhaber.com\/","name":"Van Haber | Van X Haber | Van Haberleri","description":"Van Haber, Van&#039;\u0131n ilk yapay zeka teknolojileri ile yaz\u0131lan Van X Haber ve Van Haberlerini aktif g\u00fcncel sunan tek vanhaber merkezidir.","potentialAction":[{"@type":"SearchAction","target":{"@type":"EntryPoint","urlTemplate":"https:\/\/vanxhaber.com\/?s={search_term_string}"},"query-input":{"@type":"PropertyValueSpecification","valueRequired":true,"valueName":"search_term_string"}}],"inLanguage":"tr"},{"@type":"Person","@id":"https:\/\/vanxhaber.com\/#\/schema\/person\/a5fd8d89510cb5370e62ad176f7978ee","name":"Van X Haber","image":{"@type":"ImageObject","inLanguage":"tr","@id":"https:\/\/vanxhaber.com\/#\/schema\/person\/image\/","url":"https:\/\/secure.gravatar.com\/avatar\/36f2f63826681263103acb5ca1e7bc1a6db11baea9b75dd091d89b74f2704b07?s=96&d=mm&r=g","contentUrl":"https:\/\/secure.gravatar.com\/avatar\/36f2f63826681263103acb5ca1e7bc1a6db11baea9b75dd091d89b74f2704b07?s=96&d=mm&r=g","caption":"Van X Haber"},"description":"Van X Haber Van'\u0131n ilk ve tek yeni nesil Van Haber merkezi. Son Dakika Van Haberleri ve G\u00fcncel Van haber merkezinde s\u0131cak geli\u015fmeleri aktarmaya devam edece\u011fiz.","url":"https:\/\/vanxhaber.com\/index.php\/author\/vangazetesi\/"}]}},"_links":{"self":[{"href":"https:\/\/vanxhaber.com\/index.php\/wp-json\/wp\/v2\/posts\/1260","targetHints":{"allow":["GET"]}}],"collection":[{"href":"https:\/\/vanxhaber.com\/index.php\/wp-json\/wp\/v2\/posts"}],"about":[{"href":"https:\/\/vanxhaber.com\/index.php\/wp-json\/wp\/v2\/types\/post"}],"author":[{"embeddable":true,"href":"https:\/\/vanxhaber.com\/index.php\/wp-json\/wp\/v2\/users\/2"}],"replies":[{"embeddable":true,"href":"https:\/\/vanxhaber.com\/index.php\/wp-json\/wp\/v2\/comments?post=1260"}],"version-history":[{"count":1,"href":"https:\/\/vanxhaber.com\/index.php\/wp-json\/wp\/v2\/posts\/1260\/revisions"}],"predecessor-version":[{"id":1263,"href":"https:\/\/vanxhaber.com\/index.php\/wp-json\/wp\/v2\/posts\/1260\/revisions\/1263"}],"wp:featuredmedia":[{"embeddable":true,"href":"https:\/\/vanxhaber.com\/index.php\/wp-json\/wp\/v2\/media\/1262"}],"wp:attachment":[{"href":"https:\/\/vanxhaber.com\/index.php\/wp-json\/wp\/v2\/media?parent=1260"}],"wp:term":[{"taxonomy":"category","embeddable":true,"href":"https:\/\/vanxhaber.com\/index.php\/wp-json\/wp\/v2\/categories?post=1260"},{"taxonomy":"post_tag","embeddable":true,"href":"https:\/\/vanxhaber.com\/index.php\/wp-json\/wp\/v2\/tags?post=1260"}],"curies":[{"name":"wp","href":"https:\/\/api.w.org\/{rel}","templated":true}]}}