{"id":1272,"date":"2024-01-09T12:49:39","date_gmt":"2024-01-09T12:49:39","guid":{"rendered":"https:\/\/vanxhaber.com\/?p=1272"},"modified":"2024-01-09T12:49:40","modified_gmt":"2024-01-09T12:49:40","slug":"van-ipekyolunda-iddiali-bagimsiz-adayi","status":"publish","type":"post","link":"https:\/\/vanxhaber.com\/index.php\/2024\/01\/09\/van-ipekyolunda-iddiali-bagimsiz-adayi\/","title":{"rendered":"Van \u0130pekyolu\u2019nda \u0130ddial\u0131 Ba\u011f\u0131ms\u0131z Aday\u0131"},"content":{"rendered":"\n<p><strong>Feq\u00eey\u00ea Teyran K\u00fclt\u00fcr Sanat Spor Yard\u0131mla\u015fma ve Dayan\u0131\u015fma Derne\u011fi Ba\u015fkan\u0131 ve Van \u0130pekyolu Ba\u011f\u0131ms\u0131z Belediye Ba\u015fkan Aday\u0131 Muammer Tak\u0131s, yerel ve ulusal bas\u0131nla bir araya geldi.<\/strong><\/p>\n\n\n\n<p><br><strong>Muammer Tak\u0131s<\/strong>, Van \u0130pekyolu il\u00e7esinde ba\u011f\u0131ms\u0131z belediye ba\u015fkan adayl\u0131\u011f\u0131n\u0131 a\u00e7\u0131klarken, \u00f6nemli a\u00e7\u0131klamalarda bulundu.<\/p>\n\n\n\n<p><br>Van \u0130pekyolu Ba\u011f\u0131ms\u0131z Belediye Ba\u015fkan Aday\u0131 Muammer Tak\u0131s, \u201c1961 D\u00fcnya Gazeteciler G\u00fcn\u00fc ilan\u0131ndan sonra fikir \u00f6zg\u00fcrl\u00fckleri \u00f6n\u00fcn\u00fc a\u00e7mak \u00fczere g\u00fcn\u00fcm\u00fcze kadar uzanan bir s\u00fcre\u00e7 ya\u015fand\u0131. Ge\u00e7mi\u015f tarihlerde, \u015fu ana kadar olan g\u00fcnler i\u00e7inde, siz gazetecilerin memleket \u00fczerindeki eme\u011fi bug\u00fcne kadar ta\u015f\u0131nd\u0131. \u015eehrin vizyon ve misyonunu belirleyen temel ta\u015flar, hi\u00e7 \u015f\u00fcphesiz, siz gazetecilerdiniz. \u0130pekyolu s\u0131n\u0131rlar\u0131 i\u00e7erisinde, yakla\u015f\u0131k 350 bin n\u00fcfusa sahip bir il\u00e7ede, 3. kez se\u00e7ime kat\u0131l\u0131yoruz. 3 se\u00e7imdir, 2 parti aras\u0131nda s\u0131k\u0131\u015f\u0131p kalan bir il\u00e7eden bahsediyoruz. T\u00fcrkiye&#8217;nin 34 ilinden b\u00fcy\u00fck olan bu il\u00e7ede, adayl\u0131\u011f\u0131m\u0131 a\u00e7madan \u00f6nce 10 y\u0131ll\u0131k bir belediyecilik ge\u00e7mi\u015fim var. Bu deneyimleri g\u00f6z \u00f6n\u00fcne alarak bu yola \u00e7\u0131kt\u0131m. Bu d\u00f6nemde ba\u011f\u0131ms\u0131z aday olma karar\u0131 ald\u0131k ve 150 ki\u015filik bir \u00e7al\u0131\u015fma ekibimizle birlikte, ge\u00e7mi\u015fte toplum yarar\u0131na yapt\u0131\u011f\u0131m\u0131z \u00e7al\u0131\u015fmalar\u0131 art\u0131k kurumsal bir \u015fekilde ba\u011f\u0131ms\u0131z s\u00fcrecimizde devam ettirece\u011fiz\u201d dedi.<\/p>\n\n\n\n<p><\/p>\n\n\n\n<p>Tubittum Haber Merkezi<\/p>\n","protected":false},"excerpt":{"rendered":"<p>Feq\u00eey\u00ea Teyran K\u00fclt\u00fcr Sanat Spor Yard\u0131mla\u015fma ve Dayan\u0131\u015fma Derne\u011fi Ba\u015fkan\u0131 ve Van \u0130pekyolu Ba\u011f\u0131ms\u0131z Belediye Ba\u015fkan Aday\u0131 Muammer Tak\u0131s, yerel ve ulusal bas\u0131nla bir araya geldi. Muammer Tak\u0131s, Van \u0130pekyolu il\u00e7esinde ba\u011f\u0131ms\u0131z belediye ba\u015fkan adayl\u0131\u011f\u0131n\u0131 a\u00e7\u0131klarken, \u00f6nemli a\u00e7\u0131klamalarda bulundu. Van \u0130pekyolu Ba\u011f\u0131ms\u0131z Belediye Ba\u015fkan Aday\u0131 Muammer Tak\u0131s, \u201c1961 D\u00fcnya Gazeteciler G\u00fcn\u00fc ilan\u0131ndan sonra fikir \u00f6zg\u00fcrl\u00fckleri &hellip;<\/p>\n","protected":false},"author":2,"featured_media":1274,"comment_status":"open","ping_status":"closed","sticky":false,"template":"","format":"standard","meta":{"googlesitekit_rrm_CAowot3VCw:productID":"","footnotes":""},"categories":[32,1,24,26,30],"tags":[],"class_list":["post-1272","post","type-post","status-publish","format-standard","has-post-thumbnail","hentry","category-van-genclik","category-van-haber","category-van-haberleri","category-van-siyaset","category-van-x-haber"],"yoast_head":"<!-- This site is optimized with the Yoast SEO Premium plugin v21.7 (Yoast SEO v26.7) - https:\/\/yoast.com\/wordpress\/plugins\/seo\/ -->\n<title>Van \u0130pekyolu\u2019nda \u0130ddial\u0131 Ba\u011f\u0131ms\u0131z Aday\u0131 - Van Haber | Van X Haber | Van Haberleri<\/title>\n<meta name=\"robots\" content=\"index, follow, max-snippet:-1, max-image-preview:large, max-video-preview:-1\" \/>\n<link rel=\"canonical\" href=\"https:\/\/vanxhaber.com\/index.php\/2024\/01\/09\/van-ipekyolunda-iddiali-bagimsiz-adayi\/\" \/>\n<meta property=\"og:locale\" content=\"tr_TR\" \/>\n<meta property=\"og:type\" content=\"article\" \/>\n<meta property=\"og:title\" content=\"Van \u0130pekyolu\u2019nda \u0130ddial\u0131 Ba\u011f\u0131ms\u0131z Aday\u0131\" \/>\n<meta property=\"og:description\" content=\"Feq\u00eey\u00ea Teyran K\u00fclt\u00fcr Sanat Spor Yard\u0131mla\u015fma ve Dayan\u0131\u015fma Derne\u011fi Ba\u015fkan\u0131 ve Van \u0130pekyolu Ba\u011f\u0131ms\u0131z Belediye Ba\u015fkan Aday\u0131 Muammer Tak\u0131s, yerel ve ulusal bas\u0131nla bir araya geldi. Muammer Tak\u0131s, Van \u0130pekyolu il\u00e7esinde ba\u011f\u0131ms\u0131z belediye ba\u015fkan adayl\u0131\u011f\u0131n\u0131 a\u00e7\u0131klarken, \u00f6nemli a\u00e7\u0131klamalarda bulundu. Van \u0130pekyolu Ba\u011f\u0131ms\u0131z Belediye Ba\u015fkan Aday\u0131 Muammer Tak\u0131s, \u201c1961 D\u00fcnya Gazeteciler G\u00fcn\u00fc ilan\u0131ndan sonra fikir \u00f6zg\u00fcrl\u00fckleri &hellip;\" \/>\n<meta property=\"og:url\" content=\"https:\/\/vanxhaber.com\/index.php\/2024\/01\/09\/van-ipekyolunda-iddiali-bagimsiz-adayi\/\" \/>\n<meta property=\"og:site_name\" content=\"Van Haber | Van X Haber | Van Haberleri\" \/>\n<meta property=\"article:published_time\" content=\"2024-01-09T12:49:39+00:00\" \/>\n<meta property=\"article:modified_time\" content=\"2024-01-09T12:49:40+00:00\" \/>\n<meta property=\"og:image\" content=\"https:\/\/vanxhaber.com\/wp-content\/uploads\/2024\/01\/ipekyolu-bagimisz-adayi.jpg\" \/>\n\t<meta property=\"og:image:width\" content=\"641\" \/>\n\t<meta property=\"og:image:height\" content=\"380\" \/>\n\t<meta property=\"og:image:type\" content=\"image\/jpeg\" \/>\n<meta name=\"author\" content=\"Van X Haber\" \/>\n<meta name=\"twitter:card\" content=\"summary_large_image\" \/>\n<meta name=\"twitter:label1\" content=\"Yazan:\" \/>\n\t<meta name=\"twitter:data1\" content=\"Van X Haber\" \/>\n\t<meta name=\"twitter:label2\" content=\"Tahmini okuma s\u00fcresi\" \/>\n\t<meta name=\"twitter:data2\" content=\"2 dakika\" \/>\n<script type=\"application\/ld+json\" class=\"yoast-schema-graph\">{\"@context\":\"https:\/\/schema.org\",\"@graph\":[{\"@type\":\"Article\",\"@id\":\"https:\/\/vanxhaber.com\/index.php\/2024\/01\/09\/van-ipekyolunda-iddiali-bagimsiz-adayi\/#article\",\"isPartOf\":{\"@id\":\"https:\/\/vanxhaber.com\/index.php\/2024\/01\/09\/van-ipekyolunda-iddiali-bagimsiz-adayi\/\"},\"author\":{\"name\":\"Van X Haber\",\"@id\":\"https:\/\/vanxhaber.com\/#\/schema\/person\/a5fd8d89510cb5370e62ad176f7978ee\"},\"headline\":\"Van \u0130pekyolu\u2019nda \u0130ddial\u0131 Ba\u011f\u0131ms\u0131z Aday\u0131\",\"datePublished\":\"2024-01-09T12:49:39+00:00\",\"dateModified\":\"2024-01-09T12:49:40+00:00\",\"mainEntityOfPage\":{\"@id\":\"https:\/\/vanxhaber.com\/index.php\/2024\/01\/09\/van-ipekyolunda-iddiali-bagimsiz-adayi\/\"},\"wordCount\":259,\"commentCount\":0,\"image\":{\"@id\":\"https:\/\/vanxhaber.com\/index.php\/2024\/01\/09\/van-ipekyolunda-iddiali-bagimsiz-adayi\/#primaryimage\"},\"thumbnailUrl\":\"https:\/\/vanxhaber.com\/wp-content\/uploads\/2024\/01\/ipekyolu-bagimisz-adayi.jpg\",\"articleSection\":[\"Van\u00a0Gen\u00e7lik\",\"Van Haber\",\"Van Haberleri\",\"Van Siyaset\",\"Van X Haber\"],\"inLanguage\":\"tr\",\"potentialAction\":[{\"@type\":\"CommentAction\",\"name\":\"Comment\",\"target\":[\"https:\/\/vanxhaber.com\/index.php\/2024\/01\/09\/van-ipekyolunda-iddiali-bagimsiz-adayi\/#respond\"]}],\"copyrightYear\":\"2024\",\"copyrightHolder\":{\"@id\":\"https:\/\/vanxhaber.com\/#organization\"}},{\"@type\":\"WebPage\",\"@id\":\"https:\/\/vanxhaber.com\/index.php\/2024\/01\/09\/van-ipekyolunda-iddiali-bagimsiz-adayi\/\",\"url\":\"https:\/\/vanxhaber.com\/index.php\/2024\/01\/09\/van-ipekyolunda-iddiali-bagimsiz-adayi\/\",\"name\":\"Van \u0130pekyolu\u2019nda \u0130ddial\u0131 Ba\u011f\u0131ms\u0131z Aday\u0131 - Van Haber | Van X Haber | Van Haberleri\",\"isPartOf\":{\"@id\":\"https:\/\/vanxhaber.com\/#website\"},\"primaryImageOfPage\":{\"@id\":\"https:\/\/vanxhaber.com\/index.php\/2024\/01\/09\/van-ipekyolunda-iddiali-bagimsiz-adayi\/#primaryimage\"},\"image\":{\"@id\":\"https:\/\/vanxhaber.com\/index.php\/2024\/01\/09\/van-ipekyolunda-iddiali-bagimsiz-adayi\/#primaryimage\"},\"thumbnailUrl\":\"https:\/\/vanxhaber.com\/wp-content\/uploads\/2024\/01\/ipekyolu-bagimisz-adayi.jpg\",\"datePublished\":\"2024-01-09T12:49:39+00:00\",\"dateModified\":\"2024-01-09T12:49:40+00:00\",\"author\":{\"@id\":\"https:\/\/vanxhaber.com\/#\/schema\/person\/a5fd8d89510cb5370e62ad176f7978ee\"},\"breadcrumb\":{\"@id\":\"https:\/\/vanxhaber.com\/index.php\/2024\/01\/09\/van-ipekyolunda-iddiali-bagimsiz-adayi\/#breadcrumb\"},\"inLanguage\":\"tr\",\"potentialAction\":[{\"@type\":\"ReadAction\",\"target\":[\"https:\/\/vanxhaber.com\/index.php\/2024\/01\/09\/van-ipekyolunda-iddiali-bagimsiz-adayi\/\"]}]},{\"@type\":\"ImageObject\",\"inLanguage\":\"tr\",\"@id\":\"https:\/\/vanxhaber.com\/index.php\/2024\/01\/09\/van-ipekyolunda-iddiali-bagimsiz-adayi\/#primaryimage\",\"url\":\"https:\/\/vanxhaber.com\/wp-content\/uploads\/2024\/01\/ipekyolu-bagimisz-adayi.jpg\",\"contentUrl\":\"https:\/\/vanxhaber.com\/wp-content\/uploads\/2024\/01\/ipekyolu-bagimisz-adayi.jpg\",\"width\":641,\"height\":380},{\"@type\":\"BreadcrumbList\",\"@id\":\"https:\/\/vanxhaber.com\/index.php\/2024\/01\/09\/van-ipekyolunda-iddiali-bagimsiz-adayi\/#breadcrumb\",\"itemListElement\":[{\"@type\":\"ListItem\",\"position\":1,\"name\":\"Anasayfa\",\"item\":\"https:\/\/vanxhaber.com\/\"},{\"@type\":\"ListItem\",\"position\":2,\"name\":\"Van \u0130pekyolu\u2019nda \u0130ddial\u0131 Ba\u011f\u0131ms\u0131z Aday\u0131\"}]},{\"@type\":\"WebSite\",\"@id\":\"https:\/\/vanxhaber.com\/#website\",\"url\":\"https:\/\/vanxhaber.com\/\",\"name\":\"Van Haber | Van X Haber | Van Haberleri\",\"description\":\"Van Haber, Van&#039;\u0131n ilk yapay zeka teknolojileri ile yaz\u0131lan Van X Haber ve Van Haberlerini aktif g\u00fcncel sunan tek vanhaber merkezidir.\",\"potentialAction\":[{\"@type\":\"SearchAction\",\"target\":{\"@type\":\"EntryPoint\",\"urlTemplate\":\"https:\/\/vanxhaber.com\/?s={search_term_string}\"},\"query-input\":{\"@type\":\"PropertyValueSpecification\",\"valueRequired\":true,\"valueName\":\"search_term_string\"}}],\"inLanguage\":\"tr\"},{\"@type\":\"Person\",\"@id\":\"https:\/\/vanxhaber.com\/#\/schema\/person\/a5fd8d89510cb5370e62ad176f7978ee\",\"name\":\"Van X Haber\",\"image\":{\"@type\":\"ImageObject\",\"inLanguage\":\"tr\",\"@id\":\"https:\/\/vanxhaber.com\/#\/schema\/person\/image\/\",\"url\":\"https:\/\/secure.gravatar.com\/avatar\/36f2f63826681263103acb5ca1e7bc1a6db11baea9b75dd091d89b74f2704b07?s=96&d=mm&r=g\",\"contentUrl\":\"https:\/\/secure.gravatar.com\/avatar\/36f2f63826681263103acb5ca1e7bc1a6db11baea9b75dd091d89b74f2704b07?s=96&d=mm&r=g\",\"caption\":\"Van X Haber\"},\"description\":\"Van X Haber Van'\u0131n ilk ve tek yeni nesil Van Haber merkezi. Son Dakika Van Haberleri ve G\u00fcncel Van haber merkezinde s\u0131cak geli\u015fmeleri aktarmaya devam edece\u011fiz.\",\"url\":\"https:\/\/vanxhaber.com\/index.php\/author\/vangazetesi\/\"}]}<\/script>\n<!-- \/ Yoast SEO Premium plugin. -->","yoast_head_json":{"title":"Van \u0130pekyolu\u2019nda \u0130ddial\u0131 Ba\u011f\u0131ms\u0131z Aday\u0131 - Van Haber | Van X Haber | Van Haberleri","robots":{"index":"index","follow":"follow","max-snippet":"max-snippet:-1","max-image-preview":"max-image-preview:large","max-video-preview":"max-video-preview:-1"},"canonical":"https:\/\/vanxhaber.com\/index.php\/2024\/01\/09\/van-ipekyolunda-iddiali-bagimsiz-adayi\/","og_locale":"tr_TR","og_type":"article","og_title":"Van \u0130pekyolu\u2019nda \u0130ddial\u0131 Ba\u011f\u0131ms\u0131z Aday\u0131","og_description":"Feq\u00eey\u00ea Teyran K\u00fclt\u00fcr Sanat Spor Yard\u0131mla\u015fma ve Dayan\u0131\u015fma Derne\u011fi Ba\u015fkan\u0131 ve Van \u0130pekyolu Ba\u011f\u0131ms\u0131z Belediye Ba\u015fkan Aday\u0131 Muammer Tak\u0131s, yerel ve ulusal bas\u0131nla bir araya geldi. Muammer Tak\u0131s, Van \u0130pekyolu il\u00e7esinde ba\u011f\u0131ms\u0131z belediye ba\u015fkan adayl\u0131\u011f\u0131n\u0131 a\u00e7\u0131klarken, \u00f6nemli a\u00e7\u0131klamalarda bulundu. Van \u0130pekyolu Ba\u011f\u0131ms\u0131z Belediye Ba\u015fkan Aday\u0131 Muammer Tak\u0131s, \u201c1961 D\u00fcnya Gazeteciler G\u00fcn\u00fc ilan\u0131ndan sonra fikir \u00f6zg\u00fcrl\u00fckleri &hellip;","og_url":"https:\/\/vanxhaber.com\/index.php\/2024\/01\/09\/van-ipekyolunda-iddiali-bagimsiz-adayi\/","og_site_name":"Van Haber | Van X Haber | Van Haberleri","article_published_time":"2024-01-09T12:49:39+00:00","article_modified_time":"2024-01-09T12:49:40+00:00","og_image":[{"width":641,"height":380,"url":"https:\/\/vanxhaber.com\/wp-content\/uploads\/2024\/01\/ipekyolu-bagimisz-adayi.jpg","type":"image\/jpeg"}],"author":"Van X Haber","twitter_card":"summary_large_image","twitter_misc":{"Yazan:":"Van X Haber","Tahmini okuma s\u00fcresi":"2 dakika"},"schema":{"@context":"https:\/\/schema.org","@graph":[{"@type":"Article","@id":"https:\/\/vanxhaber.com\/index.php\/2024\/01\/09\/van-ipekyolunda-iddiali-bagimsiz-adayi\/#article","isPartOf":{"@id":"https:\/\/vanxhaber.com\/index.php\/2024\/01\/09\/van-ipekyolunda-iddiali-bagimsiz-adayi\/"},"author":{"name":"Van X Haber","@id":"https:\/\/vanxhaber.com\/#\/schema\/person\/a5fd8d89510cb5370e62ad176f7978ee"},"headline":"Van \u0130pekyolu\u2019nda \u0130ddial\u0131 Ba\u011f\u0131ms\u0131z Aday\u0131","datePublished":"2024-01-09T12:49:39+00:00","dateModified":"2024-01-09T12:49:40+00:00","mainEntityOfPage":{"@id":"https:\/\/vanxhaber.com\/index.php\/2024\/01\/09\/van-ipekyolunda-iddiali-bagimsiz-adayi\/"},"wordCount":259,"commentCount":0,"image":{"@id":"https:\/\/vanxhaber.com\/index.php\/2024\/01\/09\/van-ipekyolunda-iddiali-bagimsiz-adayi\/#primaryimage"},"thumbnailUrl":"https:\/\/vanxhaber.com\/wp-content\/uploads\/2024\/01\/ipekyolu-bagimisz-adayi.jpg","articleSection":["Van\u00a0Gen\u00e7lik","Van Haber","Van Haberleri","Van Siyaset","Van X Haber"],"inLanguage":"tr","potentialAction":[{"@type":"CommentAction","name":"Comment","target":["https:\/\/vanxhaber.com\/index.php\/2024\/01\/09\/van-ipekyolunda-iddiali-bagimsiz-adayi\/#respond"]}],"copyrightYear":"2024","copyrightHolder":{"@id":"https:\/\/vanxhaber.com\/#organization"}},{"@type":"WebPage","@id":"https:\/\/vanxhaber.com\/index.php\/2024\/01\/09\/van-ipekyolunda-iddiali-bagimsiz-adayi\/","url":"https:\/\/vanxhaber.com\/index.php\/2024\/01\/09\/van-ipekyolunda-iddiali-bagimsiz-adayi\/","name":"Van \u0130pekyolu\u2019nda \u0130ddial\u0131 Ba\u011f\u0131ms\u0131z Aday\u0131 - Van Haber | Van X Haber | Van Haberleri","isPartOf":{"@id":"https:\/\/vanxhaber.com\/#website"},"primaryImageOfPage":{"@id":"https:\/\/vanxhaber.com\/index.php\/2024\/01\/09\/van-ipekyolunda-iddiali-bagimsiz-adayi\/#primaryimage"},"image":{"@id":"https:\/\/vanxhaber.com\/index.php\/2024\/01\/09\/van-ipekyolunda-iddiali-bagimsiz-adayi\/#primaryimage"},"thumbnailUrl":"https:\/\/vanxhaber.com\/wp-content\/uploads\/2024\/01\/ipekyolu-bagimisz-adayi.jpg","datePublished":"2024-01-09T12:49:39+00:00","dateModified":"2024-01-09T12:49:40+00:00","author":{"@id":"https:\/\/vanxhaber.com\/#\/schema\/person\/a5fd8d89510cb5370e62ad176f7978ee"},"breadcrumb":{"@id":"https:\/\/vanxhaber.com\/index.php\/2024\/01\/09\/van-ipekyolunda-iddiali-bagimsiz-adayi\/#breadcrumb"},"inLanguage":"tr","potentialAction":[{"@type":"ReadAction","target":["https:\/\/vanxhaber.com\/index.php\/2024\/01\/09\/van-ipekyolunda-iddiali-bagimsiz-adayi\/"]}]},{"@type":"ImageObject","inLanguage":"tr","@id":"https:\/\/vanxhaber.com\/index.php\/2024\/01\/09\/van-ipekyolunda-iddiali-bagimsiz-adayi\/#primaryimage","url":"https:\/\/vanxhaber.com\/wp-content\/uploads\/2024\/01\/ipekyolu-bagimisz-adayi.jpg","contentUrl":"https:\/\/vanxhaber.com\/wp-content\/uploads\/2024\/01\/ipekyolu-bagimisz-adayi.jpg","width":641,"height":380},{"@type":"BreadcrumbList","@id":"https:\/\/vanxhaber.com\/index.php\/2024\/01\/09\/van-ipekyolunda-iddiali-bagimsiz-adayi\/#breadcrumb","itemListElement":[{"@type":"ListItem","position":1,"name":"Anasayfa","item":"https:\/\/vanxhaber.com\/"},{"@type":"ListItem","position":2,"name":"Van \u0130pekyolu\u2019nda \u0130ddial\u0131 Ba\u011f\u0131ms\u0131z Aday\u0131"}]},{"@type":"WebSite","@id":"https:\/\/vanxhaber.com\/#website","url":"https:\/\/vanxhaber.com\/","name":"Van Haber | Van X Haber | Van Haberleri","description":"Van Haber, Van&#039;\u0131n ilk yapay zeka teknolojileri ile yaz\u0131lan Van X Haber ve Van Haberlerini aktif g\u00fcncel sunan tek vanhaber merkezidir.","potentialAction":[{"@type":"SearchAction","target":{"@type":"EntryPoint","urlTemplate":"https:\/\/vanxhaber.com\/?s={search_term_string}"},"query-input":{"@type":"PropertyValueSpecification","valueRequired":true,"valueName":"search_term_string"}}],"inLanguage":"tr"},{"@type":"Person","@id":"https:\/\/vanxhaber.com\/#\/schema\/person\/a5fd8d89510cb5370e62ad176f7978ee","name":"Van X Haber","image":{"@type":"ImageObject","inLanguage":"tr","@id":"https:\/\/vanxhaber.com\/#\/schema\/person\/image\/","url":"https:\/\/secure.gravatar.com\/avatar\/36f2f63826681263103acb5ca1e7bc1a6db11baea9b75dd091d89b74f2704b07?s=96&d=mm&r=g","contentUrl":"https:\/\/secure.gravatar.com\/avatar\/36f2f63826681263103acb5ca1e7bc1a6db11baea9b75dd091d89b74f2704b07?s=96&d=mm&r=g","caption":"Van X Haber"},"description":"Van X Haber Van'\u0131n ilk ve tek yeni nesil Van Haber merkezi. Son Dakika Van Haberleri ve G\u00fcncel Van haber merkezinde s\u0131cak geli\u015fmeleri aktarmaya devam edece\u011fiz.","url":"https:\/\/vanxhaber.com\/index.php\/author\/vangazetesi\/"}]}},"_links":{"self":[{"href":"https:\/\/vanxhaber.com\/index.php\/wp-json\/wp\/v2\/posts\/1272","targetHints":{"allow":["GET"]}}],"collection":[{"href":"https:\/\/vanxhaber.com\/index.php\/wp-json\/wp\/v2\/posts"}],"about":[{"href":"https:\/\/vanxhaber.com\/index.php\/wp-json\/wp\/v2\/types\/post"}],"author":[{"embeddable":true,"href":"https:\/\/vanxhaber.com\/index.php\/wp-json\/wp\/v2\/users\/2"}],"replies":[{"embeddable":true,"href":"https:\/\/vanxhaber.com\/index.php\/wp-json\/wp\/v2\/comments?post=1272"}],"version-history":[{"count":1,"href":"https:\/\/vanxhaber.com\/index.php\/wp-json\/wp\/v2\/posts\/1272\/revisions"}],"predecessor-version":[{"id":1275,"href":"https:\/\/vanxhaber.com\/index.php\/wp-json\/wp\/v2\/posts\/1272\/revisions\/1275"}],"wp:featuredmedia":[{"embeddable":true,"href":"https:\/\/vanxhaber.com\/index.php\/wp-json\/wp\/v2\/media\/1274"}],"wp:attachment":[{"href":"https:\/\/vanxhaber.com\/index.php\/wp-json\/wp\/v2\/media?parent=1272"}],"wp:term":[{"taxonomy":"category","embeddable":true,"href":"https:\/\/vanxhaber.com\/index.php\/wp-json\/wp\/v2\/categories?post=1272"},{"taxonomy":"post_tag","embeddable":true,"href":"https:\/\/vanxhaber.com\/index.php\/wp-json\/wp\/v2\/tags?post=1272"}],"curies":[{"name":"wp","href":"https:\/\/api.w.org\/{rel}","templated":true}]}}