{"id":1292,"date":"2024-01-10T12:17:31","date_gmt":"2024-01-10T12:17:31","guid":{"rendered":"https:\/\/vanxhaber.com\/?p=1292"},"modified":"2024-01-10T12:17:32","modified_gmt":"2024-01-10T12:17:32","slug":"van-cumhuriyet-caddesi-uzerine-yazilan-tez-odule-layik-goruldu","status":"publish","type":"post","link":"https:\/\/vanxhaber.com\/index.php\/2024\/01\/10\/van-cumhuriyet-caddesi-uzerine-yazilan-tez-odule-layik-goruldu\/","title":{"rendered":"Van Cumhuriyet Caddesi \u00dczerine yaz\u0131lan tez \u00f6d\u00fcle lay\u0131k g\u00f6r\u00fcld\u00fc"},"content":{"rendered":"\n<p><br>Van Y\u00fcz\u00fcnc\u00fc Y\u0131l \u00dcniversitesi Mimarl\u0131k ve Tasar\u0131m Fak\u00fcltesi \u015eehir ve B\u00f6lge Planlama B\u00f6l\u00fcm\u00fc Ara\u015ft\u0131rma G\u00f6revlisi Asude Bolat, \u00f6\u011frencisi oldu\u011fu \u0130stanbul Teknik \u00dcniversitesi\u2019nde 2022 y\u0131l\u0131nda tamamlad\u0131\u011f\u0131 \u2018Kentsel A\u00e7\u0131k Mek\u00e2n Olarak Caddelerin Kalite Kriterleri Ba\u011flam\u0131nda De\u011ferlendirilmesi ve Kavramsal Bir Model \u00d6nerisi: Van Cumhuriyet Caddesi\u2019 adl\u0131 y\u00fcksek lisans tezi ile Prof. Dr. \u0130lhan Tekeli \u015eehircilik K\u00fclt\u00fcr\u00fc Vakf\u0131 taraf\u0131ndan Y\u00fcksek Lisans Tez Te\u015fvik \u00d6d\u00fcl\u00fcne lay\u0131k g\u00f6r\u00fcld\u00fc.<\/p>\n\n\n\n<p>Ba\u015fvuran 78 tez i\u00e7erisinden y\u00fcksek lisans kategorisinde te\u015fvik \u00f6d\u00fcl\u00fcne lay\u0131k g\u00f6r\u00fclen tezde yap\u0131lan \u00e7al\u0131\u015fmalara dair Ar\u015f. G\u00f6r. Asude Bolat \u015fu bilgileri aktard\u0131:\u201cCumhuriyet sonras\u0131 Modern Van Kenti\u2019nin ilk- ve hala- kent merkezi olan Cumhuriyet Caddesinin Be\u015fyol kav\u015fa\u011f\u0131 ile Kaz\u0131m Karabekir Bulvar\u0131 aras\u0131ndaki 560m\u2019lik k\u0131sm\u0131 ve yak\u0131n \u00e7evresi \u00e7al\u0131\u015f\u0131ld\u0131. Yap\u0131lan tez \u00e7al\u0131\u015fmas\u0131nda, cadde bir kentsel a\u00e7\u0131k mek\u00e2n olarak mimarl\u0131k ve kentsel tasar\u0131m disiplinleri kapsam\u0131nda \u2018mek\u00e2nsal kalite kriterleri\u2019 a\u00e7\u0131s\u0131ndan de\u011ferlendirildi. Cadde, 3 ana mek\u00e2nsal kalite kriteri olan \u2018mek\u00e2n konforu, mek\u00e2n kimli\u011fi ve mek\u00e2nsal \u00e7ekicilik\u2019 kriterleri \u00e7er\u00e7evesinde 108 ayr\u0131 parametre ve 26 analiz ile detayl\u0131 bir \u015fekilde analiz edildi. Yap\u0131lan analizler sonucunda, caddenin konfor kriteri a\u00e7\u0131s\u0131ndan kalite d\u00fczeyi k\u00f6t\u00fc, \u00e7ekicilik kriteri a\u00e7\u0131s\u0131ndan \u00e7ok k\u00f6t\u00fc ve kimlik kriteri a\u00e7\u0131s\u0131ndan \u00e7ok k\u00f6t\u00fc oldu\u011fu tespit edildi. Yap\u0131lan de\u011ferlendirmeler sonucunda caddenin konfor kriteri a\u00e7\u0131s\u0131ndan kalite d\u00fczeyini d\u00fc\u015f\u00fcren en b\u00fcy\u00fck niteliksel eksikli\u011fin eri\u015filebilirlik ve kentsel a\u00e7\u0131k mek\u00e2n elemanlar\u0131n\u0131n eksikli\u011fi oldu\u011fu tespit edilmi\u015fken; caddenin \u00e7ekicilik kriteri a\u00e7\u0131s\u0131ndan kalite d\u00fczeyini d\u00fc\u015f\u00fcren en b\u00fcy\u00fck niteliksel eksiklik ise alg\u0131lanabilir ve bi\u00e7imsel a\u00e7\u0131dan estetik olmamas\u0131 gerek mek\u00e2nsal gerekse i\u015flevsel \u00e7e\u015fitlilik sunmamas\u0131 oldu\u011fu tespit edilmi\u015ftir.<\/p>\n\n\n\n<p>Caddenin \u00e7ekicili\u011fini d\u00fc\u015f\u00fcren bir di\u011fer problem farkl\u0131 davran\u0131\u015f ve aktivitelere imk\u00e2n verecek mek\u00e2nsal bi\u00e7imleni\u015flere sahip olmamas\u0131d\u0131r. Caddenin kimlik kriteri a\u00e7\u0131s\u0131ndan kalite d\u00fczeyini d\u00fc\u015f\u00fcren niteliksel eksiklikler ise yere \u00f6zg\u00fc mimari ya da do\u011fal de\u011ferlere sahip olmay\u0131\u015f\u0131d\u0131r. Bununla birlikte cadde, di\u011fer caddelerden ya da kentin di\u011fer k\u0131s\u0131mlar\u0131ndan ayr\u0131\u015ft\u0131r\u0131labilecek \u00f6zg\u00fcn bir forma sahip de\u011fildir. Gerek renk gerek malzeme gerek bi\u00e7im ve boyutta gerekse sahip oldu\u011fu mek\u00e2n elemanlar\u0131nda bir konsept ve kompozisyon bulunmamaktad\u0131r. De\u011ferlendirmeler sonucunda Cumhuriyet Caddesi\u2019nin, ne yaz\u0131k ki di\u011fer herhangi bir caddeden ayr\u0131\u015ft\u0131r\u0131lamayacak kadar kimliksiz oldu\u011fu sonucu \u00e7\u0131kar\u0131lm\u0131\u015ft\u0131r.\u201d<\/p>\n\n\n\n<p>Tezin yazar\u0131 Bolat\u2019a g\u00f6re, cadde, k\u00fcresel \u00f6l\u00e7ekte \u00e7o\u011fu caddenin bar\u0131nd\u0131rd\u0131\u011f\u0131 motorlu ta\u015f\u0131t \u00f6ncelikli bir i\u015fleve sahip olup kamusal mek\u00e2n i\u015flevi a\u00e7\u0131s\u0131ndan olduk\u00e7a zay\u0131ft\u0131r. Ulusal \u00f6l\u00e7ekte, uygulama imar planlar\u0131n\u0131n kentsel a\u00e7\u0131k mek\u00e2ndaki s\u0131n\u0131rlay\u0131c\u0131l\u0131klar\u0131na ve yap-sat\u00e7\u0131 politikayla \u015fekillenmi\u015f kimliksiz ve monoton bir forma sahiptir. Yerel \u00f6l\u00e7ekte ise Van kenti, T\u00fcrkiye ya\u015fam kalitesi s\u0131ralamas\u0131nda 81 il i\u00e7erisinden 72. s\u0131rada olup sosyal hayattan memnuniyet ve mutluluk d\u00fczeyleri d\u00fc\u015f\u00fck de\u011ferlere; Cumhuriyet Caddesi \u00f6zelinde ise kentin do\u011frusal kent merkezi ve en eski kent par\u00e7as\u0131 olmas\u0131 sebebiyle fiziksel ve i\u015flevsel bir eskimeye sahiptir.<\/p>\n\n\n\n<p>Bolat, tezinde Cumhuriyet Caddesi\u2019nin mek\u00e2nsal kalitesinin artt\u0131r\u0131lmas\u0131na y\u00f6nelik caddenin yeniden canland\u0131r\u0131larak kente ve kentliye kazand\u0131r\u0131lmas\u0131 gerekti\u011fine vurgu yapm\u0131\u015f ve tezde \u201cyenileme ve sa\u011fl\u0131kla\u015ft\u0131rma\u201d m\u00fcdahale bi\u00e7imleri \u00f6nermi\u015ftir. Bu m\u00fcdahaleler do\u011frultusunda caddede k\u0131smi yayala\u015ft\u0131rma, Be\u015fyol Meydan\u0131nda yayala\u015ft\u0131rma, \u00e7al\u0131\u015fma alan\u0131ndaki niteliksiz yap\u0131lar\u0131n y\u0131k\u0131lmas\u0131 yoluyla alanda yeniden d\u00fczenleme ve tasar\u0131m, niteli\u011fi iyi yap\u0131larda cephe d\u00fczenlemeleri ve tasar\u0131m, mimari kimli\u011fe sahip yap\u0131lar\u0131n korunmas\u0131 ve restorasyonu tasar\u0131m politikalar\u0131 olarak belirlemi\u015ftir. Bu politikalar do\u011frultusunda caddenin i\u015flevleri, formu ve caddede sunulmas\u0131 beklenen yerel y\u00f6netim hizmetlerine y\u00f6nelik 3 kalite kriteri do\u011frultusunda mek\u00e2nsal \u00f6neriler sunulmu\u015ftur.<\/p>\n\n\n\n<p>Bolat\u2019a g\u00f6re, \u201c\u00c7al\u0131\u015fma, konu kapsam\u0131nda \u00f6rneklem alanda yap\u0131lan ilk \u00e7al\u0131\u015fma olmas\u0131 a\u00e7\u0131s\u0131ndan \u00f6nem ta\u015f\u0131maktad\u0131r. Cumhuriyet Caddesi\u2019nin mek\u00e2n kalitesini artt\u0131r\u0131labilmek ve kamusal bir mek\u00e2n olarak kentlilere kazand\u0131rabilmek ad\u0131na uzun vadeli \u00e7\u00f6z\u00fcmlerin geli\u015ftirilmesi gerekmektedir. Cumhuriyet Caddesi\u2019nin mek\u00e2n kalitesinin artt\u0131r\u0131lmas\u0131, her \u015feyden \u00f6nce kentlilerin o mek\u00e2nda bulunmaktan ve mek\u00e2n\u0131 kullanmaktan duydu\u011fu memnuniyeti artt\u0131racak ve bu yolla kentlilerin ya\u015fam kalitesinin artt\u0131r\u0131lmas\u0131na katk\u0131da bulunacakt\u0131r. \u0130kinci olarak, kullan\u0131c\u0131lar\u0131n fiziksel, ruhsal ve sosyal y\u00f6nden iyilik haline katk\u0131da bulunacak ve sa\u011fl\u0131kl\u0131 bireyler ile sa\u011fl\u0131kl\u0131 toplumlar\u0131n olu\u015fmas\u0131na katk\u0131 sa\u011flayacakt\u0131r. Yo\u011fun kullan\u0131lan bir ticaret aks\u0131 olmas\u0131 ve kentin kalbi olarak nitelendirilmesi sebebi ile kentsel \u00f6l\u00e7ekte bir \u00f6neme sahip olan alan\u0131n mek\u00e2nsal kalitesinin artt\u0131r\u0131lmas\u0131, g\u00f6\u00e7 ile \u015fekillenmi\u015f ve kozmo k\u00fclt\u00fcrel bir yap\u0131ya sahip Van ilinde toplumsal birlik ve beraberli\u011fin sa\u011flanmas\u0131na katk\u0131da bulunacakt\u0131r. Eski \u00f6nemini ve de\u011ferini yitiren caddenin kalitesinin artt\u0131r\u0131lmas\u0131yla, de\u011feri de artacak ve yat\u0131r\u0131mlar\u0131n mek\u00e2na \u00e7ekilmesiyle kente ekonomik katk\u0131da bulunacakt\u0131r. Sahip olaca\u011f\u0131 \u00e7e\u015fitli i\u015flevlerle istihdam olanaklar\u0131 sunacak; \u00e7ekici bir odak noktas\u0131 olarak kentin turizm ve marka de\u011ferini artt\u0131racakt\u0131r.\u201d<\/p>\n\n\n\n<p>Bolat, bu \u00f6d\u00fcll\u00fc tez \u00e7al\u0131\u015fmas\u0131n\u0131 Van gibi kadim bir kente kazand\u0131rmaktan mutluluk duydu\u011funu \u00e7al\u0131\u015fman\u0131n ba\u015fta Van \u0130pekyolu Belediyesi ve Van B\u00fcy\u00fck\u015fehir Belediyesi taraf\u0131ndan dikkate al\u0131nmas\u0131 gereken bir \u00e7al\u0131\u015fma oldu\u011funa vurgu yapmakta ve projelendirilerek hayata ge\u00e7irilmesinin Van i\u00e7in b\u00fcy\u00fck kazan\u00e7 olaca\u011f\u0131n\u0131 ifade etmektedir. Bu do\u011frultuda Bolat, konuyla ilgili t\u00fcm giri\u015fimlere a\u00e7\u0131k oldu\u011funu ve tezin yerel y\u00f6netimler taraf\u0131ndan de\u011ferlendirilmesi h\u00e2linde her t\u00fcrl\u00fc akademik ve teknik deste\u011fi vermekten mutluluk duyaca\u011f\u0131n\u0131 belirtmektedir.<\/p>\n\n\n\n<p>\u00dcniversitemiz akademisyenini ald\u0131\u011f\u0131 \u00f6d\u00fcl vesilesiyle tebrik eden Rekt\u00f6r Prof. Dr. Hamdullah \u015eevli \u015fu s\u00f6zleri kaydetti: \u201cMimarl\u0131k ve Tasar\u0131m Fak\u00fcltesi \u00f6\u011fretim elemanlar\u0131m\u0131zdan Ar\u015f. G\u00f6r. Asude Bolat\u2019\u0131n tezinde Van ilimizin en merkezi noktalar\u0131ndan biri olan Cumhuriyet Caddesi \u00fczerine bir\u00e7ok \u00f6nemli tespit ve de\u011ferlendirmeler yer almaktad\u0131r. Van Y\u00fcz\u00fcnc\u00fc Y\u0131l \u00dcniversitesi olarak akademik bilgi birikimimizin \u00f6ncelikli olarak \u00f6\u011frencilerimize ve \u015fehrimize fayda sa\u011flamas\u0131 en b\u00fcy\u00fck gayemizdir. Bu ba\u011flamda Bolat\u2019\u0131n elde etti\u011fi verilerin ilgili kurumlar taraf\u0131ndan dikkate al\u0131nmas\u0131n\u0131 temenni ediyor, \u015fehrimizin daha da geli\u015fmesi ve g\u00fczelle\u015fmesi i\u00e7in \u00fczerimize d\u00fc\u015feni yapmaya haz\u0131r oldu\u011fumuzu da ifade etmek istiyorum.\u201d<\/p>\n","protected":false},"excerpt":{"rendered":"<p>Van Y\u00fcz\u00fcnc\u00fc Y\u0131l \u00dcniversitesi Mimarl\u0131k ve Tasar\u0131m Fak\u00fcltesi \u015eehir ve B\u00f6lge Planlama B\u00f6l\u00fcm\u00fc Ara\u015ft\u0131rma G\u00f6revlisi Asude Bolat, \u00f6\u011frencisi oldu\u011fu \u0130stanbul Teknik \u00dcniversitesi\u2019nde 2022 y\u0131l\u0131nda tamamlad\u0131\u011f\u0131 \u2018Kentsel A\u00e7\u0131k Mek\u00e2n Olarak Caddelerin Kalite Kriterleri Ba\u011flam\u0131nda De\u011ferlendirilmesi ve Kavramsal Bir Model \u00d6nerisi: Van Cumhuriyet Caddesi\u2019 adl\u0131 y\u00fcksek lisans tezi ile Prof. Dr. \u0130lhan Tekeli \u015eehircilik K\u00fclt\u00fcr\u00fc Vakf\u0131 taraf\u0131ndan &hellip;<\/p>\n","protected":false},"author":2,"featured_media":1294,"comment_status":"open","ping_status":"closed","sticky":false,"template":"","format":"standard","meta":{"googlesitekit_rrm_CAowot3VCw:productID":"","footnotes":""},"categories":[1,24,25],"tags":[],"class_list":["post-1292","post","type-post","status-publish","format-standard","has-post-thumbnail","hentry","category-van-haber","category-van-haberleri","category-van-magazin"],"yoast_head":"<!-- This site is optimized with the Yoast SEO Premium plugin v21.7 (Yoast SEO v26.7) - https:\/\/yoast.com\/wordpress\/plugins\/seo\/ -->\n<title>Van Cumhuriyet Caddesi \u00dczerine yaz\u0131lan tez \u00f6d\u00fcle lay\u0131k g\u00f6r\u00fcld\u00fc - Van Haber | Van X Haber | Van Haberleri<\/title>\n<meta name=\"robots\" content=\"index, follow, max-snippet:-1, max-image-preview:large, max-video-preview:-1\" \/>\n<link rel=\"canonical\" href=\"https:\/\/vanxhaber.com\/index.php\/2024\/01\/10\/van-cumhuriyet-caddesi-uzerine-yazilan-tez-odule-layik-goruldu\/\" \/>\n<meta property=\"og:locale\" content=\"tr_TR\" \/>\n<meta property=\"og:type\" content=\"article\" \/>\n<meta property=\"og:title\" content=\"Van Cumhuriyet Caddesi \u00dczerine yaz\u0131lan tez \u00f6d\u00fcle lay\u0131k g\u00f6r\u00fcld\u00fc\" \/>\n<meta property=\"og:description\" content=\"Van Y\u00fcz\u00fcnc\u00fc Y\u0131l \u00dcniversitesi Mimarl\u0131k ve Tasar\u0131m Fak\u00fcltesi \u015eehir ve B\u00f6lge Planlama B\u00f6l\u00fcm\u00fc Ara\u015ft\u0131rma G\u00f6revlisi Asude Bolat, \u00f6\u011frencisi oldu\u011fu \u0130stanbul Teknik \u00dcniversitesi\u2019nde 2022 y\u0131l\u0131nda tamamlad\u0131\u011f\u0131 \u2018Kentsel A\u00e7\u0131k Mek\u00e2n Olarak Caddelerin Kalite Kriterleri Ba\u011flam\u0131nda De\u011ferlendirilmesi ve Kavramsal Bir Model \u00d6nerisi: Van Cumhuriyet Caddesi\u2019 adl\u0131 y\u00fcksek lisans tezi ile Prof. Dr. \u0130lhan Tekeli \u015eehircilik K\u00fclt\u00fcr\u00fc Vakf\u0131 taraf\u0131ndan &hellip;\" \/>\n<meta property=\"og:url\" content=\"https:\/\/vanxhaber.com\/index.php\/2024\/01\/10\/van-cumhuriyet-caddesi-uzerine-yazilan-tez-odule-layik-goruldu\/\" \/>\n<meta property=\"og:site_name\" content=\"Van Haber | Van X Haber | Van Haberleri\" \/>\n<meta property=\"article:published_time\" content=\"2024-01-10T12:17:31+00:00\" \/>\n<meta property=\"article:modified_time\" content=\"2024-01-10T12:17:32+00:00\" \/>\n<meta property=\"og:image\" content=\"https:\/\/vanxhaber.com\/wp-content\/uploads\/2024\/01\/van-tez-yazisi-birincilik.jpg\" \/>\n\t<meta property=\"og:image:width\" content=\"641\" \/>\n\t<meta property=\"og:image:height\" content=\"380\" \/>\n\t<meta property=\"og:image:type\" content=\"image\/jpeg\" \/>\n<meta name=\"author\" content=\"Van X Haber\" \/>\n<meta name=\"twitter:card\" content=\"summary_large_image\" \/>\n<meta name=\"twitter:label1\" content=\"Yazan:\" \/>\n\t<meta name=\"twitter:data1\" content=\"Van X Haber\" \/>\n\t<meta name=\"twitter:label2\" content=\"Tahmini okuma s\u00fcresi\" \/>\n\t<meta name=\"twitter:data2\" content=\"6 dakika\" \/>\n<script type=\"application\/ld+json\" class=\"yoast-schema-graph\">{\"@context\":\"https:\/\/schema.org\",\"@graph\":[{\"@type\":\"Article\",\"@id\":\"https:\/\/vanxhaber.com\/index.php\/2024\/01\/10\/van-cumhuriyet-caddesi-uzerine-yazilan-tez-odule-layik-goruldu\/#article\",\"isPartOf\":{\"@id\":\"https:\/\/vanxhaber.com\/index.php\/2024\/01\/10\/van-cumhuriyet-caddesi-uzerine-yazilan-tez-odule-layik-goruldu\/\"},\"author\":{\"name\":\"Van X Haber\",\"@id\":\"https:\/\/vanxhaber.com\/#\/schema\/person\/a5fd8d89510cb5370e62ad176f7978ee\"},\"headline\":\"Van Cumhuriyet Caddesi \u00dczerine yaz\u0131lan tez \u00f6d\u00fcle lay\u0131k g\u00f6r\u00fcld\u00fc\",\"datePublished\":\"2024-01-10T12:17:31+00:00\",\"dateModified\":\"2024-01-10T12:17:32+00:00\",\"mainEntityOfPage\":{\"@id\":\"https:\/\/vanxhaber.com\/index.php\/2024\/01\/10\/van-cumhuriyet-caddesi-uzerine-yazilan-tez-odule-layik-goruldu\/\"},\"wordCount\":1203,\"commentCount\":0,\"image\":{\"@id\":\"https:\/\/vanxhaber.com\/index.php\/2024\/01\/10\/van-cumhuriyet-caddesi-uzerine-yazilan-tez-odule-layik-goruldu\/#primaryimage\"},\"thumbnailUrl\":\"https:\/\/vanxhaber.com\/wp-content\/uploads\/2024\/01\/van-tez-yazisi-birincilik.jpg\",\"articleSection\":[\"Van Haber\",\"Van Haberleri\",\"Van Magazin\"],\"inLanguage\":\"tr\",\"potentialAction\":[{\"@type\":\"CommentAction\",\"name\":\"Comment\",\"target\":[\"https:\/\/vanxhaber.com\/index.php\/2024\/01\/10\/van-cumhuriyet-caddesi-uzerine-yazilan-tez-odule-layik-goruldu\/#respond\"]}],\"copyrightYear\":\"2024\",\"copyrightHolder\":{\"@id\":\"https:\/\/vanxhaber.com\/#organization\"}},{\"@type\":\"WebPage\",\"@id\":\"https:\/\/vanxhaber.com\/index.php\/2024\/01\/10\/van-cumhuriyet-caddesi-uzerine-yazilan-tez-odule-layik-goruldu\/\",\"url\":\"https:\/\/vanxhaber.com\/index.php\/2024\/01\/10\/van-cumhuriyet-caddesi-uzerine-yazilan-tez-odule-layik-goruldu\/\",\"name\":\"Van Cumhuriyet Caddesi \u00dczerine yaz\u0131lan tez \u00f6d\u00fcle lay\u0131k g\u00f6r\u00fcld\u00fc - Van Haber | Van X Haber | Van Haberleri\",\"isPartOf\":{\"@id\":\"https:\/\/vanxhaber.com\/#website\"},\"primaryImageOfPage\":{\"@id\":\"https:\/\/vanxhaber.com\/index.php\/2024\/01\/10\/van-cumhuriyet-caddesi-uzerine-yazilan-tez-odule-layik-goruldu\/#primaryimage\"},\"image\":{\"@id\":\"https:\/\/vanxhaber.com\/index.php\/2024\/01\/10\/van-cumhuriyet-caddesi-uzerine-yazilan-tez-odule-layik-goruldu\/#primaryimage\"},\"thumbnailUrl\":\"https:\/\/vanxhaber.com\/wp-content\/uploads\/2024\/01\/van-tez-yazisi-birincilik.jpg\",\"datePublished\":\"2024-01-10T12:17:31+00:00\",\"dateModified\":\"2024-01-10T12:17:32+00:00\",\"author\":{\"@id\":\"https:\/\/vanxhaber.com\/#\/schema\/person\/a5fd8d89510cb5370e62ad176f7978ee\"},\"breadcrumb\":{\"@id\":\"https:\/\/vanxhaber.com\/index.php\/2024\/01\/10\/van-cumhuriyet-caddesi-uzerine-yazilan-tez-odule-layik-goruldu\/#breadcrumb\"},\"inLanguage\":\"tr\",\"potentialAction\":[{\"@type\":\"ReadAction\",\"target\":[\"https:\/\/vanxhaber.com\/index.php\/2024\/01\/10\/van-cumhuriyet-caddesi-uzerine-yazilan-tez-odule-layik-goruldu\/\"]}]},{\"@type\":\"ImageObject\",\"inLanguage\":\"tr\",\"@id\":\"https:\/\/vanxhaber.com\/index.php\/2024\/01\/10\/van-cumhuriyet-caddesi-uzerine-yazilan-tez-odule-layik-goruldu\/#primaryimage\",\"url\":\"https:\/\/vanxhaber.com\/wp-content\/uploads\/2024\/01\/van-tez-yazisi-birincilik.jpg\",\"contentUrl\":\"https:\/\/vanxhaber.com\/wp-content\/uploads\/2024\/01\/van-tez-yazisi-birincilik.jpg\",\"width\":641,\"height\":380},{\"@type\":\"BreadcrumbList\",\"@id\":\"https:\/\/vanxhaber.com\/index.php\/2024\/01\/10\/van-cumhuriyet-caddesi-uzerine-yazilan-tez-odule-layik-goruldu\/#breadcrumb\",\"itemListElement\":[{\"@type\":\"ListItem\",\"position\":1,\"name\":\"Anasayfa\",\"item\":\"https:\/\/vanxhaber.com\/\"},{\"@type\":\"ListItem\",\"position\":2,\"name\":\"Van Cumhuriyet Caddesi \u00dczerine yaz\u0131lan tez \u00f6d\u00fcle lay\u0131k g\u00f6r\u00fcld\u00fc\"}]},{\"@type\":\"WebSite\",\"@id\":\"https:\/\/vanxhaber.com\/#website\",\"url\":\"https:\/\/vanxhaber.com\/\",\"name\":\"Van Haber | Van X Haber | Van Haberleri\",\"description\":\"Van Haber, Van&#039;\u0131n ilk yapay zeka teknolojileri ile yaz\u0131lan Van X Haber ve Van Haberlerini aktif g\u00fcncel sunan tek vanhaber merkezidir.\",\"potentialAction\":[{\"@type\":\"SearchAction\",\"target\":{\"@type\":\"EntryPoint\",\"urlTemplate\":\"https:\/\/vanxhaber.com\/?s={search_term_string}\"},\"query-input\":{\"@type\":\"PropertyValueSpecification\",\"valueRequired\":true,\"valueName\":\"search_term_string\"}}],\"inLanguage\":\"tr\"},{\"@type\":\"Person\",\"@id\":\"https:\/\/vanxhaber.com\/#\/schema\/person\/a5fd8d89510cb5370e62ad176f7978ee\",\"name\":\"Van X Haber\",\"image\":{\"@type\":\"ImageObject\",\"inLanguage\":\"tr\",\"@id\":\"https:\/\/vanxhaber.com\/#\/schema\/person\/image\/\",\"url\":\"https:\/\/secure.gravatar.com\/avatar\/36f2f63826681263103acb5ca1e7bc1a6db11baea9b75dd091d89b74f2704b07?s=96&d=mm&r=g\",\"contentUrl\":\"https:\/\/secure.gravatar.com\/avatar\/36f2f63826681263103acb5ca1e7bc1a6db11baea9b75dd091d89b74f2704b07?s=96&d=mm&r=g\",\"caption\":\"Van X Haber\"},\"description\":\"Van X Haber Van'\u0131n ilk ve tek yeni nesil Van Haber merkezi. Son Dakika Van Haberleri ve G\u00fcncel Van haber merkezinde s\u0131cak geli\u015fmeleri aktarmaya devam edece\u011fiz.\",\"url\":\"https:\/\/vanxhaber.com\/index.php\/author\/vangazetesi\/\"}]}<\/script>\n<!-- \/ Yoast SEO Premium plugin. -->","yoast_head_json":{"title":"Van Cumhuriyet Caddesi \u00dczerine yaz\u0131lan tez \u00f6d\u00fcle lay\u0131k g\u00f6r\u00fcld\u00fc - Van Haber | Van X Haber | Van Haberleri","robots":{"index":"index","follow":"follow","max-snippet":"max-snippet:-1","max-image-preview":"max-image-preview:large","max-video-preview":"max-video-preview:-1"},"canonical":"https:\/\/vanxhaber.com\/index.php\/2024\/01\/10\/van-cumhuriyet-caddesi-uzerine-yazilan-tez-odule-layik-goruldu\/","og_locale":"tr_TR","og_type":"article","og_title":"Van Cumhuriyet Caddesi \u00dczerine yaz\u0131lan tez \u00f6d\u00fcle lay\u0131k g\u00f6r\u00fcld\u00fc","og_description":"Van Y\u00fcz\u00fcnc\u00fc Y\u0131l \u00dcniversitesi Mimarl\u0131k ve Tasar\u0131m Fak\u00fcltesi \u015eehir ve B\u00f6lge Planlama B\u00f6l\u00fcm\u00fc Ara\u015ft\u0131rma G\u00f6revlisi Asude Bolat, \u00f6\u011frencisi oldu\u011fu \u0130stanbul Teknik \u00dcniversitesi\u2019nde 2022 y\u0131l\u0131nda tamamlad\u0131\u011f\u0131 \u2018Kentsel A\u00e7\u0131k Mek\u00e2n Olarak Caddelerin Kalite Kriterleri Ba\u011flam\u0131nda De\u011ferlendirilmesi ve Kavramsal Bir Model \u00d6nerisi: Van Cumhuriyet Caddesi\u2019 adl\u0131 y\u00fcksek lisans tezi ile Prof. Dr. \u0130lhan Tekeli \u015eehircilik K\u00fclt\u00fcr\u00fc Vakf\u0131 taraf\u0131ndan &hellip;","og_url":"https:\/\/vanxhaber.com\/index.php\/2024\/01\/10\/van-cumhuriyet-caddesi-uzerine-yazilan-tez-odule-layik-goruldu\/","og_site_name":"Van Haber | Van X Haber | Van Haberleri","article_published_time":"2024-01-10T12:17:31+00:00","article_modified_time":"2024-01-10T12:17:32+00:00","og_image":[{"width":641,"height":380,"url":"https:\/\/vanxhaber.com\/wp-content\/uploads\/2024\/01\/van-tez-yazisi-birincilik.jpg","type":"image\/jpeg"}],"author":"Van X Haber","twitter_card":"summary_large_image","twitter_misc":{"Yazan:":"Van X Haber","Tahmini okuma s\u00fcresi":"6 dakika"},"schema":{"@context":"https:\/\/schema.org","@graph":[{"@type":"Article","@id":"https:\/\/vanxhaber.com\/index.php\/2024\/01\/10\/van-cumhuriyet-caddesi-uzerine-yazilan-tez-odule-layik-goruldu\/#article","isPartOf":{"@id":"https:\/\/vanxhaber.com\/index.php\/2024\/01\/10\/van-cumhuriyet-caddesi-uzerine-yazilan-tez-odule-layik-goruldu\/"},"author":{"name":"Van X Haber","@id":"https:\/\/vanxhaber.com\/#\/schema\/person\/a5fd8d89510cb5370e62ad176f7978ee"},"headline":"Van Cumhuriyet Caddesi \u00dczerine yaz\u0131lan tez \u00f6d\u00fcle lay\u0131k g\u00f6r\u00fcld\u00fc","datePublished":"2024-01-10T12:17:31+00:00","dateModified":"2024-01-10T12:17:32+00:00","mainEntityOfPage":{"@id":"https:\/\/vanxhaber.com\/index.php\/2024\/01\/10\/van-cumhuriyet-caddesi-uzerine-yazilan-tez-odule-layik-goruldu\/"},"wordCount":1203,"commentCount":0,"image":{"@id":"https:\/\/vanxhaber.com\/index.php\/2024\/01\/10\/van-cumhuriyet-caddesi-uzerine-yazilan-tez-odule-layik-goruldu\/#primaryimage"},"thumbnailUrl":"https:\/\/vanxhaber.com\/wp-content\/uploads\/2024\/01\/van-tez-yazisi-birincilik.jpg","articleSection":["Van Haber","Van Haberleri","Van Magazin"],"inLanguage":"tr","potentialAction":[{"@type":"CommentAction","name":"Comment","target":["https:\/\/vanxhaber.com\/index.php\/2024\/01\/10\/van-cumhuriyet-caddesi-uzerine-yazilan-tez-odule-layik-goruldu\/#respond"]}],"copyrightYear":"2024","copyrightHolder":{"@id":"https:\/\/vanxhaber.com\/#organization"}},{"@type":"WebPage","@id":"https:\/\/vanxhaber.com\/index.php\/2024\/01\/10\/van-cumhuriyet-caddesi-uzerine-yazilan-tez-odule-layik-goruldu\/","url":"https:\/\/vanxhaber.com\/index.php\/2024\/01\/10\/van-cumhuriyet-caddesi-uzerine-yazilan-tez-odule-layik-goruldu\/","name":"Van Cumhuriyet Caddesi \u00dczerine yaz\u0131lan tez \u00f6d\u00fcle lay\u0131k g\u00f6r\u00fcld\u00fc - Van Haber | Van X Haber | Van Haberleri","isPartOf":{"@id":"https:\/\/vanxhaber.com\/#website"},"primaryImageOfPage":{"@id":"https:\/\/vanxhaber.com\/index.php\/2024\/01\/10\/van-cumhuriyet-caddesi-uzerine-yazilan-tez-odule-layik-goruldu\/#primaryimage"},"image":{"@id":"https:\/\/vanxhaber.com\/index.php\/2024\/01\/10\/van-cumhuriyet-caddesi-uzerine-yazilan-tez-odule-layik-goruldu\/#primaryimage"},"thumbnailUrl":"https:\/\/vanxhaber.com\/wp-content\/uploads\/2024\/01\/van-tez-yazisi-birincilik.jpg","datePublished":"2024-01-10T12:17:31+00:00","dateModified":"2024-01-10T12:17:32+00:00","author":{"@id":"https:\/\/vanxhaber.com\/#\/schema\/person\/a5fd8d89510cb5370e62ad176f7978ee"},"breadcrumb":{"@id":"https:\/\/vanxhaber.com\/index.php\/2024\/01\/10\/van-cumhuriyet-caddesi-uzerine-yazilan-tez-odule-layik-goruldu\/#breadcrumb"},"inLanguage":"tr","potentialAction":[{"@type":"ReadAction","target":["https:\/\/vanxhaber.com\/index.php\/2024\/01\/10\/van-cumhuriyet-caddesi-uzerine-yazilan-tez-odule-layik-goruldu\/"]}]},{"@type":"ImageObject","inLanguage":"tr","@id":"https:\/\/vanxhaber.com\/index.php\/2024\/01\/10\/van-cumhuriyet-caddesi-uzerine-yazilan-tez-odule-layik-goruldu\/#primaryimage","url":"https:\/\/vanxhaber.com\/wp-content\/uploads\/2024\/01\/van-tez-yazisi-birincilik.jpg","contentUrl":"https:\/\/vanxhaber.com\/wp-content\/uploads\/2024\/01\/van-tez-yazisi-birincilik.jpg","width":641,"height":380},{"@type":"BreadcrumbList","@id":"https:\/\/vanxhaber.com\/index.php\/2024\/01\/10\/van-cumhuriyet-caddesi-uzerine-yazilan-tez-odule-layik-goruldu\/#breadcrumb","itemListElement":[{"@type":"ListItem","position":1,"name":"Anasayfa","item":"https:\/\/vanxhaber.com\/"},{"@type":"ListItem","position":2,"name":"Van Cumhuriyet Caddesi \u00dczerine yaz\u0131lan tez \u00f6d\u00fcle lay\u0131k g\u00f6r\u00fcld\u00fc"}]},{"@type":"WebSite","@id":"https:\/\/vanxhaber.com\/#website","url":"https:\/\/vanxhaber.com\/","name":"Van Haber | Van X Haber | Van Haberleri","description":"Van Haber, Van&#039;\u0131n ilk yapay zeka teknolojileri ile yaz\u0131lan Van X Haber ve Van Haberlerini aktif g\u00fcncel sunan tek vanhaber merkezidir.","potentialAction":[{"@type":"SearchAction","target":{"@type":"EntryPoint","urlTemplate":"https:\/\/vanxhaber.com\/?s={search_term_string}"},"query-input":{"@type":"PropertyValueSpecification","valueRequired":true,"valueName":"search_term_string"}}],"inLanguage":"tr"},{"@type":"Person","@id":"https:\/\/vanxhaber.com\/#\/schema\/person\/a5fd8d89510cb5370e62ad176f7978ee","name":"Van X Haber","image":{"@type":"ImageObject","inLanguage":"tr","@id":"https:\/\/vanxhaber.com\/#\/schema\/person\/image\/","url":"https:\/\/secure.gravatar.com\/avatar\/36f2f63826681263103acb5ca1e7bc1a6db11baea9b75dd091d89b74f2704b07?s=96&d=mm&r=g","contentUrl":"https:\/\/secure.gravatar.com\/avatar\/36f2f63826681263103acb5ca1e7bc1a6db11baea9b75dd091d89b74f2704b07?s=96&d=mm&r=g","caption":"Van X Haber"},"description":"Van X Haber Van'\u0131n ilk ve tek yeni nesil Van Haber merkezi. Son Dakika Van Haberleri ve G\u00fcncel Van haber merkezinde s\u0131cak geli\u015fmeleri aktarmaya devam edece\u011fiz.","url":"https:\/\/vanxhaber.com\/index.php\/author\/vangazetesi\/"}]}},"_links":{"self":[{"href":"https:\/\/vanxhaber.com\/index.php\/wp-json\/wp\/v2\/posts\/1292","targetHints":{"allow":["GET"]}}],"collection":[{"href":"https:\/\/vanxhaber.com\/index.php\/wp-json\/wp\/v2\/posts"}],"about":[{"href":"https:\/\/vanxhaber.com\/index.php\/wp-json\/wp\/v2\/types\/post"}],"author":[{"embeddable":true,"href":"https:\/\/vanxhaber.com\/index.php\/wp-json\/wp\/v2\/users\/2"}],"replies":[{"embeddable":true,"href":"https:\/\/vanxhaber.com\/index.php\/wp-json\/wp\/v2\/comments?post=1292"}],"version-history":[{"count":1,"href":"https:\/\/vanxhaber.com\/index.php\/wp-json\/wp\/v2\/posts\/1292\/revisions"}],"predecessor-version":[{"id":1295,"href":"https:\/\/vanxhaber.com\/index.php\/wp-json\/wp\/v2\/posts\/1292\/revisions\/1295"}],"wp:featuredmedia":[{"embeddable":true,"href":"https:\/\/vanxhaber.com\/index.php\/wp-json\/wp\/v2\/media\/1294"}],"wp:attachment":[{"href":"https:\/\/vanxhaber.com\/index.php\/wp-json\/wp\/v2\/media?parent=1292"}],"wp:term":[{"taxonomy":"category","embeddable":true,"href":"https:\/\/vanxhaber.com\/index.php\/wp-json\/wp\/v2\/categories?post=1292"},{"taxonomy":"post_tag","embeddable":true,"href":"https:\/\/vanxhaber.com\/index.php\/wp-json\/wp\/v2\/tags?post=1292"}],"curies":[{"name":"wp","href":"https:\/\/api.w.org\/{rel}","templated":true}]}}