{"id":1296,"date":"2024-01-11T08:17:16","date_gmt":"2024-01-11T08:17:16","guid":{"rendered":"https:\/\/vanxhaber.com\/?p=1296"},"modified":"2024-01-11T08:17:17","modified_gmt":"2024-01-11T08:17:17","slug":"vanda-kar-engeli-86-yerlesim-yeri-ulasima-kapandi","status":"publish","type":"post","link":"https:\/\/vanxhaber.com\/index.php\/2024\/01\/11\/vanda-kar-engeli-86-yerlesim-yeri-ulasima-kapandi\/","title":{"rendered":"Van&#8217;da Kar Engeli: 86 Yerle\u015fim Yeri Ula\u015f\u0131ma Kapand\u0131"},"content":{"rendered":"\n<p><strong>Van<\/strong>&#8216;da etkili olan yo\u011fun kar ya\u011f\u0131\u015f\u0131, 43 mahalle ve 43 mezran\u0131n ula\u015f\u0131m\u0131n\u0131 engelledi; toplamda 86 yerle\u015fim yeri ula\u015f\u0131ma kapand\u0131.<\/p>\n\n\n\n<p> B\u00fcy\u00fck\u015fehir Belediyesi karla m\u00fccadele ekipleri, kapanan yollar\u0131n a\u00e7\u0131lmas\u0131 i\u00e7in h\u0131zla \u00e7al\u0131\u015fmalara ba\u015flad\u0131. Van-Bah\u00e7esaray kara yolu ise \u00e7\u0131\u011f riski nedeniyle 21 g\u00fcnd\u00fcr kapal\u0131, Bah\u00e7esarayl\u0131lar ula\u015f\u0131mlar\u0131n\u0131 alternatif yollardan sa\u011fl\u0131yor.<\/p>\n\n\n\n<p>Van&#8217;da ya\u015fanan yo\u011fun kar ya\u011f\u0131\u015f\u0131 sonucunda 86 yerle\u015fim yerinin yolu ula\u015f\u0131ma kapand\u0131. D\u00fcn gece etkisini g\u00f6steren kar ya\u011f\u0131\u015f\u0131, 43 mahalle ve 43 mezran\u0131n ula\u015f\u0131m\u0131n\u0131 engellerken, B\u00fcy\u00fck\u015fehir Belediyesi karla m\u00fccadele ekipleri, kapanan yollar\u0131n a\u00e7\u0131lmas\u0131 i\u00e7in \u00e7al\u0131\u015fma ba\u015flatt\u0131.<\/p>\n\n\n\n<p>Kar kal\u0131nl\u0131\u011f\u0131 \u00f6zellikle k\u0131rsal mahallelerde 10, y\u00fcksek kesimlerde ise yakla\u015f\u0131k 40 santimetreye ula\u015ft\u0131. Bu durum, ula\u015f\u0131m\u0131 olumsuz etkileyerek bir\u00e7ok yerle\u015fim yerini ula\u015f\u0131ma kapal\u0131 hale getirdi.<\/p>\n\n\n\n<p>Van-Bah\u00e7esaray kara yolu ise 80&#8217;inci kilometredeki \u00e7\u0131\u011f riski nedeniyle 21 g\u00fcnd\u00fcr ula\u015f\u0131ma kapal\u0131 tutuluyor. Bu durum, Bah\u00e7esarayl\u0131lar\u0131 ula\u015f\u0131mlar\u0131n\u0131 Bitlis&#8217;in Hizan il\u00e7esi ba\u011flant\u0131l\u0131 yolundan sa\u011flamaya zorluyor.<\/p>\n\n\n\n<p>B\u00fcy\u00fck\u015fehir Belediyesi karla m\u00fccadele ekiplerinin y\u00fcr\u00fctt\u00fc\u011f\u00fc \u00e7al\u0131\u015fmalar, kapanan yollar\u0131n a\u00e7\u0131lmas\u0131n\u0131 ve ula\u015f\u0131m\u0131n normalle\u015fmesini hedefliyor. Vatanda\u015flar, bu zorlu hava ko\u015fullar\u0131na ra\u011fmen g\u00fcvenli bir \u015fekilde ula\u015f\u0131mlar\u0131n\u0131 sa\u011flamak i\u00e7in ilgili ekiplerin \u00e7abalar\u0131n\u0131 bekliyor.<\/p>\n","protected":false},"excerpt":{"rendered":"<p>Van&#8216;da etkili olan yo\u011fun kar ya\u011f\u0131\u015f\u0131, 43 mahalle ve 43 mezran\u0131n ula\u015f\u0131m\u0131n\u0131 engelledi; toplamda 86 yerle\u015fim yeri ula\u015f\u0131ma kapand\u0131. B\u00fcy\u00fck\u015fehir Belediyesi karla m\u00fccadele ekipleri, kapanan yollar\u0131n a\u00e7\u0131lmas\u0131 i\u00e7in h\u0131zla \u00e7al\u0131\u015fmalara ba\u015flad\u0131. Van-Bah\u00e7esaray kara yolu ise \u00e7\u0131\u011f riski nedeniyle 21 g\u00fcnd\u00fcr kapal\u0131, Bah\u00e7esarayl\u0131lar ula\u015f\u0131mlar\u0131n\u0131 alternatif yollardan sa\u011fl\u0131yor. Van&#8217;da ya\u015fanan yo\u011fun kar ya\u011f\u0131\u015f\u0131 sonucunda 86 yerle\u015fim yerinin &hellip;<\/p>\n","protected":false},"author":2,"featured_media":1298,"comment_status":"open","ping_status":"closed","sticky":false,"template":"","format":"standard","meta":{"googlesitekit_rrm_CAowot3VCw:productID":"","footnotes":""},"categories":[1,24],"tags":[86,34,87],"class_list":["post-1296","post","type-post","status-publish","format-standard","has-post-thumbnail","hentry","category-van-haber","category-van-haberleri","tag-kar","tag-van","tag-yagis"],"yoast_head":"<!-- This site is optimized with the Yoast SEO Premium plugin v21.7 (Yoast SEO v26.7) - https:\/\/yoast.com\/wordpress\/plugins\/seo\/ -->\n<title>Van&#039;da Kar Engeli: 86 Yerle\u015fim Yeri Ula\u015f\u0131ma Kapand\u0131 - Van Haber | Van X Haber | Van Haberleri<\/title>\n<meta name=\"robots\" content=\"index, follow, max-snippet:-1, max-image-preview:large, max-video-preview:-1\" \/>\n<link rel=\"canonical\" href=\"https:\/\/vanxhaber.com\/index.php\/2024\/01\/11\/vanda-kar-engeli-86-yerlesim-yeri-ulasima-kapandi\/\" \/>\n<meta property=\"og:locale\" content=\"tr_TR\" \/>\n<meta property=\"og:type\" content=\"article\" \/>\n<meta property=\"og:title\" content=\"Van&#039;da Kar Engeli: 86 Yerle\u015fim Yeri Ula\u015f\u0131ma Kapand\u0131\" \/>\n<meta property=\"og:description\" content=\"Van&#8216;da etkili olan yo\u011fun kar ya\u011f\u0131\u015f\u0131, 43 mahalle ve 43 mezran\u0131n ula\u015f\u0131m\u0131n\u0131 engelledi; toplamda 86 yerle\u015fim yeri ula\u015f\u0131ma kapand\u0131. B\u00fcy\u00fck\u015fehir Belediyesi karla m\u00fccadele ekipleri, kapanan yollar\u0131n a\u00e7\u0131lmas\u0131 i\u00e7in h\u0131zla \u00e7al\u0131\u015fmalara ba\u015flad\u0131. Van-Bah\u00e7esaray kara yolu ise \u00e7\u0131\u011f riski nedeniyle 21 g\u00fcnd\u00fcr kapal\u0131, Bah\u00e7esarayl\u0131lar ula\u015f\u0131mlar\u0131n\u0131 alternatif yollardan sa\u011fl\u0131yor. Van&#8217;da ya\u015fanan yo\u011fun kar ya\u011f\u0131\u015f\u0131 sonucunda 86 yerle\u015fim yerinin &hellip;\" \/>\n<meta property=\"og:url\" content=\"https:\/\/vanxhaber.com\/index.php\/2024\/01\/11\/vanda-kar-engeli-86-yerlesim-yeri-ulasima-kapandi\/\" \/>\n<meta property=\"og:site_name\" content=\"Van Haber | Van X Haber | Van Haberleri\" \/>\n<meta property=\"article:published_time\" content=\"2024-01-11T08:17:16+00:00\" \/>\n<meta property=\"article:modified_time\" content=\"2024-01-11T08:17:17+00:00\" \/>\n<meta property=\"og:image\" content=\"https:\/\/vanxhaber.com\/wp-content\/uploads\/2024\/01\/kar-yagisi.jpg\" \/>\n\t<meta property=\"og:image:width\" content=\"641\" \/>\n\t<meta property=\"og:image:height\" content=\"380\" \/>\n\t<meta property=\"og:image:type\" content=\"image\/jpeg\" \/>\n<meta name=\"author\" content=\"Van X Haber\" \/>\n<meta name=\"twitter:card\" content=\"summary_large_image\" \/>\n<meta name=\"twitter:label1\" content=\"Yazan:\" \/>\n\t<meta name=\"twitter:data1\" content=\"Van X Haber\" \/>\n\t<meta name=\"twitter:label2\" content=\"Tahmini okuma s\u00fcresi\" \/>\n\t<meta name=\"twitter:data2\" content=\"2 dakika\" \/>\n<script type=\"application\/ld+json\" class=\"yoast-schema-graph\">{\"@context\":\"https:\/\/schema.org\",\"@graph\":[{\"@type\":\"Article\",\"@id\":\"https:\/\/vanxhaber.com\/index.php\/2024\/01\/11\/vanda-kar-engeli-86-yerlesim-yeri-ulasima-kapandi\/#article\",\"isPartOf\":{\"@id\":\"https:\/\/vanxhaber.com\/index.php\/2024\/01\/11\/vanda-kar-engeli-86-yerlesim-yeri-ulasima-kapandi\/\"},\"author\":{\"name\":\"Van X Haber\",\"@id\":\"https:\/\/vanxhaber.com\/#\/schema\/person\/a5fd8d89510cb5370e62ad176f7978ee\"},\"headline\":\"Van&#8217;da Kar Engeli: 86 Yerle\u015fim Yeri Ula\u015f\u0131ma Kapand\u0131\",\"datePublished\":\"2024-01-11T08:17:16+00:00\",\"dateModified\":\"2024-01-11T08:17:17+00:00\",\"mainEntityOfPage\":{\"@id\":\"https:\/\/vanxhaber.com\/index.php\/2024\/01\/11\/vanda-kar-engeli-86-yerlesim-yeri-ulasima-kapandi\/\"},\"wordCount\":250,\"commentCount\":0,\"image\":{\"@id\":\"https:\/\/vanxhaber.com\/index.php\/2024\/01\/11\/vanda-kar-engeli-86-yerlesim-yeri-ulasima-kapandi\/#primaryimage\"},\"thumbnailUrl\":\"https:\/\/vanxhaber.com\/wp-content\/uploads\/2024\/01\/kar-yagisi.jpg\",\"keywords\":[\"kar\",\"van\",\"ya\u011f\u0131\u015f\"],\"articleSection\":[\"Van Haber\",\"Van Haberleri\"],\"inLanguage\":\"tr\",\"potentialAction\":[{\"@type\":\"CommentAction\",\"name\":\"Comment\",\"target\":[\"https:\/\/vanxhaber.com\/index.php\/2024\/01\/11\/vanda-kar-engeli-86-yerlesim-yeri-ulasima-kapandi\/#respond\"]}],\"copyrightYear\":\"2024\",\"copyrightHolder\":{\"@id\":\"https:\/\/vanxhaber.com\/#organization\"}},{\"@type\":\"WebPage\",\"@id\":\"https:\/\/vanxhaber.com\/index.php\/2024\/01\/11\/vanda-kar-engeli-86-yerlesim-yeri-ulasima-kapandi\/\",\"url\":\"https:\/\/vanxhaber.com\/index.php\/2024\/01\/11\/vanda-kar-engeli-86-yerlesim-yeri-ulasima-kapandi\/\",\"name\":\"Van'da Kar Engeli: 86 Yerle\u015fim Yeri Ula\u015f\u0131ma Kapand\u0131 - Van Haber | Van X Haber | Van Haberleri\",\"isPartOf\":{\"@id\":\"https:\/\/vanxhaber.com\/#website\"},\"primaryImageOfPage\":{\"@id\":\"https:\/\/vanxhaber.com\/index.php\/2024\/01\/11\/vanda-kar-engeli-86-yerlesim-yeri-ulasima-kapandi\/#primaryimage\"},\"image\":{\"@id\":\"https:\/\/vanxhaber.com\/index.php\/2024\/01\/11\/vanda-kar-engeli-86-yerlesim-yeri-ulasima-kapandi\/#primaryimage\"},\"thumbnailUrl\":\"https:\/\/vanxhaber.com\/wp-content\/uploads\/2024\/01\/kar-yagisi.jpg\",\"datePublished\":\"2024-01-11T08:17:16+00:00\",\"dateModified\":\"2024-01-11T08:17:17+00:00\",\"author\":{\"@id\":\"https:\/\/vanxhaber.com\/#\/schema\/person\/a5fd8d89510cb5370e62ad176f7978ee\"},\"breadcrumb\":{\"@id\":\"https:\/\/vanxhaber.com\/index.php\/2024\/01\/11\/vanda-kar-engeli-86-yerlesim-yeri-ulasima-kapandi\/#breadcrumb\"},\"inLanguage\":\"tr\",\"potentialAction\":[{\"@type\":\"ReadAction\",\"target\":[\"https:\/\/vanxhaber.com\/index.php\/2024\/01\/11\/vanda-kar-engeli-86-yerlesim-yeri-ulasima-kapandi\/\"]}]},{\"@type\":\"ImageObject\",\"inLanguage\":\"tr\",\"@id\":\"https:\/\/vanxhaber.com\/index.php\/2024\/01\/11\/vanda-kar-engeli-86-yerlesim-yeri-ulasima-kapandi\/#primaryimage\",\"url\":\"https:\/\/vanxhaber.com\/wp-content\/uploads\/2024\/01\/kar-yagisi.jpg\",\"contentUrl\":\"https:\/\/vanxhaber.com\/wp-content\/uploads\/2024\/01\/kar-yagisi.jpg\",\"width\":641,\"height\":380},{\"@type\":\"BreadcrumbList\",\"@id\":\"https:\/\/vanxhaber.com\/index.php\/2024\/01\/11\/vanda-kar-engeli-86-yerlesim-yeri-ulasima-kapandi\/#breadcrumb\",\"itemListElement\":[{\"@type\":\"ListItem\",\"position\":1,\"name\":\"Anasayfa\",\"item\":\"https:\/\/vanxhaber.com\/\"},{\"@type\":\"ListItem\",\"position\":2,\"name\":\"Van&#8217;da Kar Engeli: 86 Yerle\u015fim Yeri Ula\u015f\u0131ma Kapand\u0131\"}]},{\"@type\":\"WebSite\",\"@id\":\"https:\/\/vanxhaber.com\/#website\",\"url\":\"https:\/\/vanxhaber.com\/\",\"name\":\"Van Haber | Van X Haber | Van Haberleri\",\"description\":\"Van Haber, Van&#039;\u0131n ilk yapay zeka teknolojileri ile yaz\u0131lan Van X Haber ve Van Haberlerini aktif g\u00fcncel sunan tek vanhaber merkezidir.\",\"potentialAction\":[{\"@type\":\"SearchAction\",\"target\":{\"@type\":\"EntryPoint\",\"urlTemplate\":\"https:\/\/vanxhaber.com\/?s={search_term_string}\"},\"query-input\":{\"@type\":\"PropertyValueSpecification\",\"valueRequired\":true,\"valueName\":\"search_term_string\"}}],\"inLanguage\":\"tr\"},{\"@type\":\"Person\",\"@id\":\"https:\/\/vanxhaber.com\/#\/schema\/person\/a5fd8d89510cb5370e62ad176f7978ee\",\"name\":\"Van X Haber\",\"image\":{\"@type\":\"ImageObject\",\"inLanguage\":\"tr\",\"@id\":\"https:\/\/vanxhaber.com\/#\/schema\/person\/image\/\",\"url\":\"https:\/\/secure.gravatar.com\/avatar\/36f2f63826681263103acb5ca1e7bc1a6db11baea9b75dd091d89b74f2704b07?s=96&d=mm&r=g\",\"contentUrl\":\"https:\/\/secure.gravatar.com\/avatar\/36f2f63826681263103acb5ca1e7bc1a6db11baea9b75dd091d89b74f2704b07?s=96&d=mm&r=g\",\"caption\":\"Van X Haber\"},\"description\":\"Van X Haber Van'\u0131n ilk ve tek yeni nesil Van Haber merkezi. Son Dakika Van Haberleri ve G\u00fcncel Van haber merkezinde s\u0131cak geli\u015fmeleri aktarmaya devam edece\u011fiz.\",\"url\":\"https:\/\/vanxhaber.com\/index.php\/author\/vangazetesi\/\"}]}<\/script>\n<!-- \/ Yoast SEO Premium plugin. -->","yoast_head_json":{"title":"Van'da Kar Engeli: 86 Yerle\u015fim Yeri Ula\u015f\u0131ma Kapand\u0131 - Van Haber | Van X Haber | Van Haberleri","robots":{"index":"index","follow":"follow","max-snippet":"max-snippet:-1","max-image-preview":"max-image-preview:large","max-video-preview":"max-video-preview:-1"},"canonical":"https:\/\/vanxhaber.com\/index.php\/2024\/01\/11\/vanda-kar-engeli-86-yerlesim-yeri-ulasima-kapandi\/","og_locale":"tr_TR","og_type":"article","og_title":"Van'da Kar Engeli: 86 Yerle\u015fim Yeri Ula\u015f\u0131ma Kapand\u0131","og_description":"Van&#8216;da etkili olan yo\u011fun kar ya\u011f\u0131\u015f\u0131, 43 mahalle ve 43 mezran\u0131n ula\u015f\u0131m\u0131n\u0131 engelledi; toplamda 86 yerle\u015fim yeri ula\u015f\u0131ma kapand\u0131. B\u00fcy\u00fck\u015fehir Belediyesi karla m\u00fccadele ekipleri, kapanan yollar\u0131n a\u00e7\u0131lmas\u0131 i\u00e7in h\u0131zla \u00e7al\u0131\u015fmalara ba\u015flad\u0131. Van-Bah\u00e7esaray kara yolu ise \u00e7\u0131\u011f riski nedeniyle 21 g\u00fcnd\u00fcr kapal\u0131, Bah\u00e7esarayl\u0131lar ula\u015f\u0131mlar\u0131n\u0131 alternatif yollardan sa\u011fl\u0131yor. Van&#8217;da ya\u015fanan yo\u011fun kar ya\u011f\u0131\u015f\u0131 sonucunda 86 yerle\u015fim yerinin &hellip;","og_url":"https:\/\/vanxhaber.com\/index.php\/2024\/01\/11\/vanda-kar-engeli-86-yerlesim-yeri-ulasima-kapandi\/","og_site_name":"Van Haber | Van X Haber | Van Haberleri","article_published_time":"2024-01-11T08:17:16+00:00","article_modified_time":"2024-01-11T08:17:17+00:00","og_image":[{"width":641,"height":380,"url":"https:\/\/vanxhaber.com\/wp-content\/uploads\/2024\/01\/kar-yagisi.jpg","type":"image\/jpeg"}],"author":"Van X Haber","twitter_card":"summary_large_image","twitter_misc":{"Yazan:":"Van X Haber","Tahmini okuma s\u00fcresi":"2 dakika"},"schema":{"@context":"https:\/\/schema.org","@graph":[{"@type":"Article","@id":"https:\/\/vanxhaber.com\/index.php\/2024\/01\/11\/vanda-kar-engeli-86-yerlesim-yeri-ulasima-kapandi\/#article","isPartOf":{"@id":"https:\/\/vanxhaber.com\/index.php\/2024\/01\/11\/vanda-kar-engeli-86-yerlesim-yeri-ulasima-kapandi\/"},"author":{"name":"Van X Haber","@id":"https:\/\/vanxhaber.com\/#\/schema\/person\/a5fd8d89510cb5370e62ad176f7978ee"},"headline":"Van&#8217;da Kar Engeli: 86 Yerle\u015fim Yeri Ula\u015f\u0131ma Kapand\u0131","datePublished":"2024-01-11T08:17:16+00:00","dateModified":"2024-01-11T08:17:17+00:00","mainEntityOfPage":{"@id":"https:\/\/vanxhaber.com\/index.php\/2024\/01\/11\/vanda-kar-engeli-86-yerlesim-yeri-ulasima-kapandi\/"},"wordCount":250,"commentCount":0,"image":{"@id":"https:\/\/vanxhaber.com\/index.php\/2024\/01\/11\/vanda-kar-engeli-86-yerlesim-yeri-ulasima-kapandi\/#primaryimage"},"thumbnailUrl":"https:\/\/vanxhaber.com\/wp-content\/uploads\/2024\/01\/kar-yagisi.jpg","keywords":["kar","van","ya\u011f\u0131\u015f"],"articleSection":["Van Haber","Van Haberleri"],"inLanguage":"tr","potentialAction":[{"@type":"CommentAction","name":"Comment","target":["https:\/\/vanxhaber.com\/index.php\/2024\/01\/11\/vanda-kar-engeli-86-yerlesim-yeri-ulasima-kapandi\/#respond"]}],"copyrightYear":"2024","copyrightHolder":{"@id":"https:\/\/vanxhaber.com\/#organization"}},{"@type":"WebPage","@id":"https:\/\/vanxhaber.com\/index.php\/2024\/01\/11\/vanda-kar-engeli-86-yerlesim-yeri-ulasima-kapandi\/","url":"https:\/\/vanxhaber.com\/index.php\/2024\/01\/11\/vanda-kar-engeli-86-yerlesim-yeri-ulasima-kapandi\/","name":"Van'da Kar Engeli: 86 Yerle\u015fim Yeri Ula\u015f\u0131ma Kapand\u0131 - Van Haber | Van X Haber | Van Haberleri","isPartOf":{"@id":"https:\/\/vanxhaber.com\/#website"},"primaryImageOfPage":{"@id":"https:\/\/vanxhaber.com\/index.php\/2024\/01\/11\/vanda-kar-engeli-86-yerlesim-yeri-ulasima-kapandi\/#primaryimage"},"image":{"@id":"https:\/\/vanxhaber.com\/index.php\/2024\/01\/11\/vanda-kar-engeli-86-yerlesim-yeri-ulasima-kapandi\/#primaryimage"},"thumbnailUrl":"https:\/\/vanxhaber.com\/wp-content\/uploads\/2024\/01\/kar-yagisi.jpg","datePublished":"2024-01-11T08:17:16+00:00","dateModified":"2024-01-11T08:17:17+00:00","author":{"@id":"https:\/\/vanxhaber.com\/#\/schema\/person\/a5fd8d89510cb5370e62ad176f7978ee"},"breadcrumb":{"@id":"https:\/\/vanxhaber.com\/index.php\/2024\/01\/11\/vanda-kar-engeli-86-yerlesim-yeri-ulasima-kapandi\/#breadcrumb"},"inLanguage":"tr","potentialAction":[{"@type":"ReadAction","target":["https:\/\/vanxhaber.com\/index.php\/2024\/01\/11\/vanda-kar-engeli-86-yerlesim-yeri-ulasima-kapandi\/"]}]},{"@type":"ImageObject","inLanguage":"tr","@id":"https:\/\/vanxhaber.com\/index.php\/2024\/01\/11\/vanda-kar-engeli-86-yerlesim-yeri-ulasima-kapandi\/#primaryimage","url":"https:\/\/vanxhaber.com\/wp-content\/uploads\/2024\/01\/kar-yagisi.jpg","contentUrl":"https:\/\/vanxhaber.com\/wp-content\/uploads\/2024\/01\/kar-yagisi.jpg","width":641,"height":380},{"@type":"BreadcrumbList","@id":"https:\/\/vanxhaber.com\/index.php\/2024\/01\/11\/vanda-kar-engeli-86-yerlesim-yeri-ulasima-kapandi\/#breadcrumb","itemListElement":[{"@type":"ListItem","position":1,"name":"Anasayfa","item":"https:\/\/vanxhaber.com\/"},{"@type":"ListItem","position":2,"name":"Van&#8217;da Kar Engeli: 86 Yerle\u015fim Yeri Ula\u015f\u0131ma Kapand\u0131"}]},{"@type":"WebSite","@id":"https:\/\/vanxhaber.com\/#website","url":"https:\/\/vanxhaber.com\/","name":"Van Haber | Van X Haber | Van Haberleri","description":"Van Haber, Van&#039;\u0131n ilk yapay zeka teknolojileri ile yaz\u0131lan Van X Haber ve Van Haberlerini aktif g\u00fcncel sunan tek vanhaber merkezidir.","potentialAction":[{"@type":"SearchAction","target":{"@type":"EntryPoint","urlTemplate":"https:\/\/vanxhaber.com\/?s={search_term_string}"},"query-input":{"@type":"PropertyValueSpecification","valueRequired":true,"valueName":"search_term_string"}}],"inLanguage":"tr"},{"@type":"Person","@id":"https:\/\/vanxhaber.com\/#\/schema\/person\/a5fd8d89510cb5370e62ad176f7978ee","name":"Van X Haber","image":{"@type":"ImageObject","inLanguage":"tr","@id":"https:\/\/vanxhaber.com\/#\/schema\/person\/image\/","url":"https:\/\/secure.gravatar.com\/avatar\/36f2f63826681263103acb5ca1e7bc1a6db11baea9b75dd091d89b74f2704b07?s=96&d=mm&r=g","contentUrl":"https:\/\/secure.gravatar.com\/avatar\/36f2f63826681263103acb5ca1e7bc1a6db11baea9b75dd091d89b74f2704b07?s=96&d=mm&r=g","caption":"Van X Haber"},"description":"Van X Haber Van'\u0131n ilk ve tek yeni nesil Van Haber merkezi. Son Dakika Van Haberleri ve G\u00fcncel Van haber merkezinde s\u0131cak geli\u015fmeleri aktarmaya devam edece\u011fiz.","url":"https:\/\/vanxhaber.com\/index.php\/author\/vangazetesi\/"}]}},"_links":{"self":[{"href":"https:\/\/vanxhaber.com\/index.php\/wp-json\/wp\/v2\/posts\/1296","targetHints":{"allow":["GET"]}}],"collection":[{"href":"https:\/\/vanxhaber.com\/index.php\/wp-json\/wp\/v2\/posts"}],"about":[{"href":"https:\/\/vanxhaber.com\/index.php\/wp-json\/wp\/v2\/types\/post"}],"author":[{"embeddable":true,"href":"https:\/\/vanxhaber.com\/index.php\/wp-json\/wp\/v2\/users\/2"}],"replies":[{"embeddable":true,"href":"https:\/\/vanxhaber.com\/index.php\/wp-json\/wp\/v2\/comments?post=1296"}],"version-history":[{"count":1,"href":"https:\/\/vanxhaber.com\/index.php\/wp-json\/wp\/v2\/posts\/1296\/revisions"}],"predecessor-version":[{"id":1299,"href":"https:\/\/vanxhaber.com\/index.php\/wp-json\/wp\/v2\/posts\/1296\/revisions\/1299"}],"wp:featuredmedia":[{"embeddable":true,"href":"https:\/\/vanxhaber.com\/index.php\/wp-json\/wp\/v2\/media\/1298"}],"wp:attachment":[{"href":"https:\/\/vanxhaber.com\/index.php\/wp-json\/wp\/v2\/media?parent=1296"}],"wp:term":[{"taxonomy":"category","embeddable":true,"href":"https:\/\/vanxhaber.com\/index.php\/wp-json\/wp\/v2\/categories?post=1296"},{"taxonomy":"post_tag","embeddable":true,"href":"https:\/\/vanxhaber.com\/index.php\/wp-json\/wp\/v2\/tags?post=1296"}],"curies":[{"name":"wp","href":"https:\/\/api.w.org\/{rel}","templated":true}]}}