{"id":1304,"date":"2024-01-11T08:57:10","date_gmt":"2024-01-11T08:57:10","guid":{"rendered":"https:\/\/vanxhaber.com\/?p=1304"},"modified":"2024-01-11T08:57:11","modified_gmt":"2024-01-11T08:57:11","slug":"van-emniyet-mudurluguvanin-yol-durumunu-paylasti","status":"publish","type":"post","link":"https:\/\/vanxhaber.com\/index.php\/2024\/01\/11\/van-emniyet-mudurluguvanin-yol-durumunu-paylasti\/","title":{"rendered":"Van Emniyet M\u00fcd\u00fcrl\u00fc\u011f\u00fc,Van\u2019\u0131n yol durumunu payla\u015ft\u0131!"},"content":{"rendered":"\n<p><br>Van&#8217;da D\u00fcn ak\u015fam saatlerinde etkili olan kar ya\u011f\u0131\u015f\u0131ndan dolay\u0131 trafik polisleri, yol durumu hakk\u0131nda \u00e7ektikleri k\u0131sa video ve Yaz\u0131l\u0131 A\u00e7\u0131klama ile s\u00fcr\u00fcc\u00fcleri uyard\u0131.<\/p>\n\n\n\n<p>11 OCAK PER\u015eEMBE YOL DURUMU<br>VAN-B\u0130TL\u0130S KARAYOLU<br>HAVA KAPALI, YA\u011eI\u015e YOK, ZEM\u0130N ISLAK YOL TRAF\u0130\u011eE A\u00c7IK<br>VAN-ERC\u0130\u015e KARAYOLU<br>HAVA KAPALI, YA\u011eI\u015e YOK, ZEM\u0130N ISLAK YOL TRAF\u0130\u011eE A\u00c7IK<br>VAN-G\u00dcRPINAR KARAYOLU<br>HAVA KAPALI, YA\u011eI\u015e YOK, ZEM\u0130N KARLI YOL TRAF\u0130\u011eE A\u00c7IK<br>VAN-\u00d6ZALP KARAYOLU<br>HAVA KAPALI, YA\u011eI\u015e YOK, ZEM\u0130N ISLAK YOL TRAF\u0130\u011eE A\u00c7IK<br>VAN-BA\u015eKALE KARAYOLU<br>HAVA KAPALI, YA\u011eI\u015e YOK, ZEM\u0130N ISLAK YOL TRAF\u0130\u011eE A\u00c7IK<br>BA\u015eKALE-Y\u00dcKSEKOVA KARAYOLU<br>HAVA KAPALI, YA\u011eI\u015e YOK, ZEM\u0130N KURU YOL TRAF\u0130\u011eE A\u00c7IK<br>\u00c7ALDIRAN-DO\u011eUBAYAZIT KARAYOLU<br>HAVA KAPALI, HAF\u0130F KAR YA\u011eI\u015eI MEVCUT, ZEM\u0130N KARLI VE BUZLU YOL TRAF\u0130\u011eE A\u00c7IK<br>ERC\u0130\u015e-AD\u0130LCEVAZ KARAYOLU<br>HAVA KAPALI, YA\u011eI\u015e YOK, ZEM\u0130N ISLAK YOL TRAF\u0130\u011eE A\u00c7IK<br>ERC\u0130\u015e-PATNOS KARAYOLU<br>HAVA KAPALI, YA\u011eI\u015e YOK, ZEM\u0130N KARLI YOL TRAF\u0130\u011eE A\u00c7IK<\/p>\n","protected":false},"excerpt":{"rendered":"<p>Van&#8217;da D\u00fcn ak\u015fam saatlerinde etkili olan kar ya\u011f\u0131\u015f\u0131ndan dolay\u0131 trafik polisleri, yol durumu hakk\u0131nda \u00e7ektikleri k\u0131sa video ve Yaz\u0131l\u0131 A\u00e7\u0131klama ile s\u00fcr\u00fcc\u00fcleri uyard\u0131. 11 OCAK PER\u015eEMBE YOL DURUMUVAN-B\u0130TL\u0130S KARAYOLUHAVA KAPALI, YA\u011eI\u015e YOK, ZEM\u0130N ISLAK YOL TRAF\u0130\u011eE A\u00c7IKVAN-ERC\u0130\u015e KARAYOLUHAVA KAPALI, YA\u011eI\u015e YOK, ZEM\u0130N ISLAK YOL TRAF\u0130\u011eE A\u00c7IKVAN-G\u00dcRPINAR KARAYOLUHAVA KAPALI, YA\u011eI\u015e YOK, ZEM\u0130N KARLI YOL TRAF\u0130\u011eE A\u00c7IKVAN-\u00d6ZALP &hellip;<\/p>\n","protected":false},"author":2,"featured_media":1306,"comment_status":"open","ping_status":"closed","sticky":false,"template":"","format":"standard","meta":{"googlesitekit_rrm_CAowot3VCw:productID":"","footnotes":""},"categories":[28,32,1],"tags":[],"class_list":["post-1304","post","type-post","status-publish","format-standard","has-post-thumbnail","hentry","category-van-egitim","category-van-genclik","category-van-haber"],"yoast_head":"<!-- This site is optimized with the Yoast SEO Premium plugin v21.7 (Yoast SEO v26.7) - https:\/\/yoast.com\/wordpress\/plugins\/seo\/ -->\n<title>Van Emniyet M\u00fcd\u00fcrl\u00fc\u011f\u00fc,Van\u2019\u0131n yol durumunu payla\u015ft\u0131! - Van Haber | Van X Haber | Van Haberleri<\/title>\n<meta name=\"robots\" content=\"index, follow, max-snippet:-1, max-image-preview:large, max-video-preview:-1\" \/>\n<link rel=\"canonical\" href=\"https:\/\/vanxhaber.com\/index.php\/2024\/01\/11\/van-emniyet-mudurluguvanin-yol-durumunu-paylasti\/\" \/>\n<meta property=\"og:locale\" content=\"tr_TR\" \/>\n<meta property=\"og:type\" content=\"article\" \/>\n<meta property=\"og:title\" content=\"Van Emniyet M\u00fcd\u00fcrl\u00fc\u011f\u00fc,Van\u2019\u0131n yol durumunu payla\u015ft\u0131!\" \/>\n<meta property=\"og:description\" content=\"Van&#8217;da D\u00fcn ak\u015fam saatlerinde etkili olan kar ya\u011f\u0131\u015f\u0131ndan dolay\u0131 trafik polisleri, yol durumu hakk\u0131nda \u00e7ektikleri k\u0131sa video ve Yaz\u0131l\u0131 A\u00e7\u0131klama ile s\u00fcr\u00fcc\u00fcleri uyard\u0131. 11 OCAK PER\u015eEMBE YOL DURUMUVAN-B\u0130TL\u0130S KARAYOLUHAVA KAPALI, YA\u011eI\u015e YOK, ZEM\u0130N ISLAK YOL TRAF\u0130\u011eE A\u00c7IKVAN-ERC\u0130\u015e KARAYOLUHAVA KAPALI, YA\u011eI\u015e YOK, ZEM\u0130N ISLAK YOL TRAF\u0130\u011eE A\u00c7IKVAN-G\u00dcRPINAR KARAYOLUHAVA KAPALI, YA\u011eI\u015e YOK, ZEM\u0130N KARLI YOL TRAF\u0130\u011eE A\u00c7IKVAN-\u00d6ZALP &hellip;\" \/>\n<meta property=\"og:url\" content=\"https:\/\/vanxhaber.com\/index.php\/2024\/01\/11\/van-emniyet-mudurluguvanin-yol-durumunu-paylasti\/\" \/>\n<meta property=\"og:site_name\" content=\"Van Haber | Van X Haber | Van Haberleri\" \/>\n<meta property=\"article:published_time\" content=\"2024-01-11T08:57:10+00:00\" \/>\n<meta property=\"article:modified_time\" content=\"2024-01-11T08:57:11+00:00\" \/>\n<meta property=\"og:image\" content=\"https:\/\/vanxhaber.com\/wp-content\/uploads\/2024\/01\/yol-ne-durumda.jpg\" \/>\n\t<meta property=\"og:image:width\" content=\"641\" \/>\n\t<meta property=\"og:image:height\" content=\"380\" \/>\n\t<meta property=\"og:image:type\" content=\"image\/jpeg\" \/>\n<meta name=\"author\" content=\"Van X Haber\" \/>\n<meta name=\"twitter:card\" content=\"summary_large_image\" \/>\n<meta name=\"twitter:label1\" content=\"Yazan:\" \/>\n\t<meta name=\"twitter:data1\" content=\"Van X Haber\" \/>\n\t<meta name=\"twitter:label2\" content=\"Tahmini okuma s\u00fcresi\" \/>\n\t<meta name=\"twitter:data2\" content=\"1 dakika\" \/>\n<script type=\"application\/ld+json\" class=\"yoast-schema-graph\">{\"@context\":\"https:\/\/schema.org\",\"@graph\":[{\"@type\":\"Article\",\"@id\":\"https:\/\/vanxhaber.com\/index.php\/2024\/01\/11\/van-emniyet-mudurluguvanin-yol-durumunu-paylasti\/#article\",\"isPartOf\":{\"@id\":\"https:\/\/vanxhaber.com\/index.php\/2024\/01\/11\/van-emniyet-mudurluguvanin-yol-durumunu-paylasti\/\"},\"author\":{\"name\":\"Van X Haber\",\"@id\":\"https:\/\/vanxhaber.com\/#\/schema\/person\/a5fd8d89510cb5370e62ad176f7978ee\"},\"headline\":\"Van Emniyet M\u00fcd\u00fcrl\u00fc\u011f\u00fc,Van\u2019\u0131n yol durumunu payla\u015ft\u0131!\",\"datePublished\":\"2024-01-11T08:57:10+00:00\",\"dateModified\":\"2024-01-11T08:57:11+00:00\",\"mainEntityOfPage\":{\"@id\":\"https:\/\/vanxhaber.com\/index.php\/2024\/01\/11\/van-emniyet-mudurluguvanin-yol-durumunu-paylasti\/\"},\"wordCount\":185,\"commentCount\":0,\"image\":{\"@id\":\"https:\/\/vanxhaber.com\/index.php\/2024\/01\/11\/van-emniyet-mudurluguvanin-yol-durumunu-paylasti\/#primaryimage\"},\"thumbnailUrl\":\"https:\/\/vanxhaber.com\/wp-content\/uploads\/2024\/01\/yol-ne-durumda.jpg\",\"articleSection\":[\"Van E\u011fitim\",\"Van\u00a0Gen\u00e7lik\",\"Van Haber\"],\"inLanguage\":\"tr\",\"potentialAction\":[{\"@type\":\"CommentAction\",\"name\":\"Comment\",\"target\":[\"https:\/\/vanxhaber.com\/index.php\/2024\/01\/11\/van-emniyet-mudurluguvanin-yol-durumunu-paylasti\/#respond\"]}],\"copyrightYear\":\"2024\",\"copyrightHolder\":{\"@id\":\"https:\/\/vanxhaber.com\/#organization\"}},{\"@type\":\"WebPage\",\"@id\":\"https:\/\/vanxhaber.com\/index.php\/2024\/01\/11\/van-emniyet-mudurluguvanin-yol-durumunu-paylasti\/\",\"url\":\"https:\/\/vanxhaber.com\/index.php\/2024\/01\/11\/van-emniyet-mudurluguvanin-yol-durumunu-paylasti\/\",\"name\":\"Van Emniyet M\u00fcd\u00fcrl\u00fc\u011f\u00fc,Van\u2019\u0131n yol durumunu payla\u015ft\u0131! - Van Haber | Van X Haber | Van Haberleri\",\"isPartOf\":{\"@id\":\"https:\/\/vanxhaber.com\/#website\"},\"primaryImageOfPage\":{\"@id\":\"https:\/\/vanxhaber.com\/index.php\/2024\/01\/11\/van-emniyet-mudurluguvanin-yol-durumunu-paylasti\/#primaryimage\"},\"image\":{\"@id\":\"https:\/\/vanxhaber.com\/index.php\/2024\/01\/11\/van-emniyet-mudurluguvanin-yol-durumunu-paylasti\/#primaryimage\"},\"thumbnailUrl\":\"https:\/\/vanxhaber.com\/wp-content\/uploads\/2024\/01\/yol-ne-durumda.jpg\",\"datePublished\":\"2024-01-11T08:57:10+00:00\",\"dateModified\":\"2024-01-11T08:57:11+00:00\",\"author\":{\"@id\":\"https:\/\/vanxhaber.com\/#\/schema\/person\/a5fd8d89510cb5370e62ad176f7978ee\"},\"breadcrumb\":{\"@id\":\"https:\/\/vanxhaber.com\/index.php\/2024\/01\/11\/van-emniyet-mudurluguvanin-yol-durumunu-paylasti\/#breadcrumb\"},\"inLanguage\":\"tr\",\"potentialAction\":[{\"@type\":\"ReadAction\",\"target\":[\"https:\/\/vanxhaber.com\/index.php\/2024\/01\/11\/van-emniyet-mudurluguvanin-yol-durumunu-paylasti\/\"]}]},{\"@type\":\"ImageObject\",\"inLanguage\":\"tr\",\"@id\":\"https:\/\/vanxhaber.com\/index.php\/2024\/01\/11\/van-emniyet-mudurluguvanin-yol-durumunu-paylasti\/#primaryimage\",\"url\":\"https:\/\/vanxhaber.com\/wp-content\/uploads\/2024\/01\/yol-ne-durumda.jpg\",\"contentUrl\":\"https:\/\/vanxhaber.com\/wp-content\/uploads\/2024\/01\/yol-ne-durumda.jpg\",\"width\":641,\"height\":380},{\"@type\":\"BreadcrumbList\",\"@id\":\"https:\/\/vanxhaber.com\/index.php\/2024\/01\/11\/van-emniyet-mudurluguvanin-yol-durumunu-paylasti\/#breadcrumb\",\"itemListElement\":[{\"@type\":\"ListItem\",\"position\":1,\"name\":\"Anasayfa\",\"item\":\"https:\/\/vanxhaber.com\/\"},{\"@type\":\"ListItem\",\"position\":2,\"name\":\"Van Emniyet M\u00fcd\u00fcrl\u00fc\u011f\u00fc,Van\u2019\u0131n yol durumunu payla\u015ft\u0131!\"}]},{\"@type\":\"WebSite\",\"@id\":\"https:\/\/vanxhaber.com\/#website\",\"url\":\"https:\/\/vanxhaber.com\/\",\"name\":\"Van Haber | Van X Haber | Van Haberleri\",\"description\":\"Van Haber, Van&#039;\u0131n ilk yapay zeka teknolojileri ile yaz\u0131lan Van X Haber ve Van Haberlerini aktif g\u00fcncel sunan tek vanhaber merkezidir.\",\"potentialAction\":[{\"@type\":\"SearchAction\",\"target\":{\"@type\":\"EntryPoint\",\"urlTemplate\":\"https:\/\/vanxhaber.com\/?s={search_term_string}\"},\"query-input\":{\"@type\":\"PropertyValueSpecification\",\"valueRequired\":true,\"valueName\":\"search_term_string\"}}],\"inLanguage\":\"tr\"},{\"@type\":\"Person\",\"@id\":\"https:\/\/vanxhaber.com\/#\/schema\/person\/a5fd8d89510cb5370e62ad176f7978ee\",\"name\":\"Van X Haber\",\"image\":{\"@type\":\"ImageObject\",\"inLanguage\":\"tr\",\"@id\":\"https:\/\/vanxhaber.com\/#\/schema\/person\/image\/\",\"url\":\"https:\/\/secure.gravatar.com\/avatar\/36f2f63826681263103acb5ca1e7bc1a6db11baea9b75dd091d89b74f2704b07?s=96&d=mm&r=g\",\"contentUrl\":\"https:\/\/secure.gravatar.com\/avatar\/36f2f63826681263103acb5ca1e7bc1a6db11baea9b75dd091d89b74f2704b07?s=96&d=mm&r=g\",\"caption\":\"Van X Haber\"},\"description\":\"Van X Haber Van'\u0131n ilk ve tek yeni nesil Van Haber merkezi. Son Dakika Van Haberleri ve G\u00fcncel Van haber merkezinde s\u0131cak geli\u015fmeleri aktarmaya devam edece\u011fiz.\",\"url\":\"https:\/\/vanxhaber.com\/index.php\/author\/vangazetesi\/\"}]}<\/script>\n<!-- \/ Yoast SEO Premium plugin. -->","yoast_head_json":{"title":"Van Emniyet M\u00fcd\u00fcrl\u00fc\u011f\u00fc,Van\u2019\u0131n yol durumunu payla\u015ft\u0131! - Van Haber | Van X Haber | Van Haberleri","robots":{"index":"index","follow":"follow","max-snippet":"max-snippet:-1","max-image-preview":"max-image-preview:large","max-video-preview":"max-video-preview:-1"},"canonical":"https:\/\/vanxhaber.com\/index.php\/2024\/01\/11\/van-emniyet-mudurluguvanin-yol-durumunu-paylasti\/","og_locale":"tr_TR","og_type":"article","og_title":"Van Emniyet M\u00fcd\u00fcrl\u00fc\u011f\u00fc,Van\u2019\u0131n yol durumunu payla\u015ft\u0131!","og_description":"Van&#8217;da D\u00fcn ak\u015fam saatlerinde etkili olan kar ya\u011f\u0131\u015f\u0131ndan dolay\u0131 trafik polisleri, yol durumu hakk\u0131nda \u00e7ektikleri k\u0131sa video ve Yaz\u0131l\u0131 A\u00e7\u0131klama ile s\u00fcr\u00fcc\u00fcleri uyard\u0131. 11 OCAK PER\u015eEMBE YOL DURUMUVAN-B\u0130TL\u0130S KARAYOLUHAVA KAPALI, YA\u011eI\u015e YOK, ZEM\u0130N ISLAK YOL TRAF\u0130\u011eE A\u00c7IKVAN-ERC\u0130\u015e KARAYOLUHAVA KAPALI, YA\u011eI\u015e YOK, ZEM\u0130N ISLAK YOL TRAF\u0130\u011eE A\u00c7IKVAN-G\u00dcRPINAR KARAYOLUHAVA KAPALI, YA\u011eI\u015e YOK, ZEM\u0130N KARLI YOL TRAF\u0130\u011eE A\u00c7IKVAN-\u00d6ZALP &hellip;","og_url":"https:\/\/vanxhaber.com\/index.php\/2024\/01\/11\/van-emniyet-mudurluguvanin-yol-durumunu-paylasti\/","og_site_name":"Van Haber | Van X Haber | Van Haberleri","article_published_time":"2024-01-11T08:57:10+00:00","article_modified_time":"2024-01-11T08:57:11+00:00","og_image":[{"width":641,"height":380,"url":"https:\/\/vanxhaber.com\/wp-content\/uploads\/2024\/01\/yol-ne-durumda.jpg","type":"image\/jpeg"}],"author":"Van X Haber","twitter_card":"summary_large_image","twitter_misc":{"Yazan:":"Van X Haber","Tahmini okuma s\u00fcresi":"1 dakika"},"schema":{"@context":"https:\/\/schema.org","@graph":[{"@type":"Article","@id":"https:\/\/vanxhaber.com\/index.php\/2024\/01\/11\/van-emniyet-mudurluguvanin-yol-durumunu-paylasti\/#article","isPartOf":{"@id":"https:\/\/vanxhaber.com\/index.php\/2024\/01\/11\/van-emniyet-mudurluguvanin-yol-durumunu-paylasti\/"},"author":{"name":"Van X Haber","@id":"https:\/\/vanxhaber.com\/#\/schema\/person\/a5fd8d89510cb5370e62ad176f7978ee"},"headline":"Van Emniyet M\u00fcd\u00fcrl\u00fc\u011f\u00fc,Van\u2019\u0131n yol durumunu payla\u015ft\u0131!","datePublished":"2024-01-11T08:57:10+00:00","dateModified":"2024-01-11T08:57:11+00:00","mainEntityOfPage":{"@id":"https:\/\/vanxhaber.com\/index.php\/2024\/01\/11\/van-emniyet-mudurluguvanin-yol-durumunu-paylasti\/"},"wordCount":185,"commentCount":0,"image":{"@id":"https:\/\/vanxhaber.com\/index.php\/2024\/01\/11\/van-emniyet-mudurluguvanin-yol-durumunu-paylasti\/#primaryimage"},"thumbnailUrl":"https:\/\/vanxhaber.com\/wp-content\/uploads\/2024\/01\/yol-ne-durumda.jpg","articleSection":["Van E\u011fitim","Van\u00a0Gen\u00e7lik","Van Haber"],"inLanguage":"tr","potentialAction":[{"@type":"CommentAction","name":"Comment","target":["https:\/\/vanxhaber.com\/index.php\/2024\/01\/11\/van-emniyet-mudurluguvanin-yol-durumunu-paylasti\/#respond"]}],"copyrightYear":"2024","copyrightHolder":{"@id":"https:\/\/vanxhaber.com\/#organization"}},{"@type":"WebPage","@id":"https:\/\/vanxhaber.com\/index.php\/2024\/01\/11\/van-emniyet-mudurluguvanin-yol-durumunu-paylasti\/","url":"https:\/\/vanxhaber.com\/index.php\/2024\/01\/11\/van-emniyet-mudurluguvanin-yol-durumunu-paylasti\/","name":"Van Emniyet M\u00fcd\u00fcrl\u00fc\u011f\u00fc,Van\u2019\u0131n yol durumunu payla\u015ft\u0131! - Van Haber | Van X Haber | Van Haberleri","isPartOf":{"@id":"https:\/\/vanxhaber.com\/#website"},"primaryImageOfPage":{"@id":"https:\/\/vanxhaber.com\/index.php\/2024\/01\/11\/van-emniyet-mudurluguvanin-yol-durumunu-paylasti\/#primaryimage"},"image":{"@id":"https:\/\/vanxhaber.com\/index.php\/2024\/01\/11\/van-emniyet-mudurluguvanin-yol-durumunu-paylasti\/#primaryimage"},"thumbnailUrl":"https:\/\/vanxhaber.com\/wp-content\/uploads\/2024\/01\/yol-ne-durumda.jpg","datePublished":"2024-01-11T08:57:10+00:00","dateModified":"2024-01-11T08:57:11+00:00","author":{"@id":"https:\/\/vanxhaber.com\/#\/schema\/person\/a5fd8d89510cb5370e62ad176f7978ee"},"breadcrumb":{"@id":"https:\/\/vanxhaber.com\/index.php\/2024\/01\/11\/van-emniyet-mudurluguvanin-yol-durumunu-paylasti\/#breadcrumb"},"inLanguage":"tr","potentialAction":[{"@type":"ReadAction","target":["https:\/\/vanxhaber.com\/index.php\/2024\/01\/11\/van-emniyet-mudurluguvanin-yol-durumunu-paylasti\/"]}]},{"@type":"ImageObject","inLanguage":"tr","@id":"https:\/\/vanxhaber.com\/index.php\/2024\/01\/11\/van-emniyet-mudurluguvanin-yol-durumunu-paylasti\/#primaryimage","url":"https:\/\/vanxhaber.com\/wp-content\/uploads\/2024\/01\/yol-ne-durumda.jpg","contentUrl":"https:\/\/vanxhaber.com\/wp-content\/uploads\/2024\/01\/yol-ne-durumda.jpg","width":641,"height":380},{"@type":"BreadcrumbList","@id":"https:\/\/vanxhaber.com\/index.php\/2024\/01\/11\/van-emniyet-mudurluguvanin-yol-durumunu-paylasti\/#breadcrumb","itemListElement":[{"@type":"ListItem","position":1,"name":"Anasayfa","item":"https:\/\/vanxhaber.com\/"},{"@type":"ListItem","position":2,"name":"Van Emniyet M\u00fcd\u00fcrl\u00fc\u011f\u00fc,Van\u2019\u0131n yol durumunu payla\u015ft\u0131!"}]},{"@type":"WebSite","@id":"https:\/\/vanxhaber.com\/#website","url":"https:\/\/vanxhaber.com\/","name":"Van Haber | Van X Haber | Van Haberleri","description":"Van Haber, Van&#039;\u0131n ilk yapay zeka teknolojileri ile yaz\u0131lan Van X Haber ve Van Haberlerini aktif g\u00fcncel sunan tek vanhaber merkezidir.","potentialAction":[{"@type":"SearchAction","target":{"@type":"EntryPoint","urlTemplate":"https:\/\/vanxhaber.com\/?s={search_term_string}"},"query-input":{"@type":"PropertyValueSpecification","valueRequired":true,"valueName":"search_term_string"}}],"inLanguage":"tr"},{"@type":"Person","@id":"https:\/\/vanxhaber.com\/#\/schema\/person\/a5fd8d89510cb5370e62ad176f7978ee","name":"Van X Haber","image":{"@type":"ImageObject","inLanguage":"tr","@id":"https:\/\/vanxhaber.com\/#\/schema\/person\/image\/","url":"https:\/\/secure.gravatar.com\/avatar\/36f2f63826681263103acb5ca1e7bc1a6db11baea9b75dd091d89b74f2704b07?s=96&d=mm&r=g","contentUrl":"https:\/\/secure.gravatar.com\/avatar\/36f2f63826681263103acb5ca1e7bc1a6db11baea9b75dd091d89b74f2704b07?s=96&d=mm&r=g","caption":"Van X Haber"},"description":"Van X Haber Van'\u0131n ilk ve tek yeni nesil Van Haber merkezi. Son Dakika Van Haberleri ve G\u00fcncel Van haber merkezinde s\u0131cak geli\u015fmeleri aktarmaya devam edece\u011fiz.","url":"https:\/\/vanxhaber.com\/index.php\/author\/vangazetesi\/"}]}},"_links":{"self":[{"href":"https:\/\/vanxhaber.com\/index.php\/wp-json\/wp\/v2\/posts\/1304","targetHints":{"allow":["GET"]}}],"collection":[{"href":"https:\/\/vanxhaber.com\/index.php\/wp-json\/wp\/v2\/posts"}],"about":[{"href":"https:\/\/vanxhaber.com\/index.php\/wp-json\/wp\/v2\/types\/post"}],"author":[{"embeddable":true,"href":"https:\/\/vanxhaber.com\/index.php\/wp-json\/wp\/v2\/users\/2"}],"replies":[{"embeddable":true,"href":"https:\/\/vanxhaber.com\/index.php\/wp-json\/wp\/v2\/comments?post=1304"}],"version-history":[{"count":1,"href":"https:\/\/vanxhaber.com\/index.php\/wp-json\/wp\/v2\/posts\/1304\/revisions"}],"predecessor-version":[{"id":1307,"href":"https:\/\/vanxhaber.com\/index.php\/wp-json\/wp\/v2\/posts\/1304\/revisions\/1307"}],"wp:featuredmedia":[{"embeddable":true,"href":"https:\/\/vanxhaber.com\/index.php\/wp-json\/wp\/v2\/media\/1306"}],"wp:attachment":[{"href":"https:\/\/vanxhaber.com\/index.php\/wp-json\/wp\/v2\/media?parent=1304"}],"wp:term":[{"taxonomy":"category","embeddable":true,"href":"https:\/\/vanxhaber.com\/index.php\/wp-json\/wp\/v2\/categories?post=1304"},{"taxonomy":"post_tag","embeddable":true,"href":"https:\/\/vanxhaber.com\/index.php\/wp-json\/wp\/v2\/tags?post=1304"}],"curies":[{"name":"wp","href":"https:\/\/api.w.org\/{rel}","templated":true}]}}