{"id":1308,"date":"2024-01-11T09:13:45","date_gmt":"2024-01-11T09:13:45","guid":{"rendered":"https:\/\/vanxhaber.com\/?p=1308"},"modified":"2024-01-11T09:13:46","modified_gmt":"2024-01-11T09:13:46","slug":"muradiyede-yolda-mahsur-kalan-araclar-kurtarildi","status":"publish","type":"post","link":"https:\/\/vanxhaber.com\/index.php\/2024\/01\/11\/muradiyede-yolda-mahsur-kalan-araclar-kurtarildi\/","title":{"rendered":"Muradiye&#8217;de yolda mahsur kalan ara\u00e7lar kurtar\u0131ld\u0131"},"content":{"rendered":"\n<p><br>Van\u2019\u0131n Muradiye il\u00e7esinde yo\u011fun kar ya\u011f\u0131\u015f\u0131 nedeniyle yolda mahsur kalan ara\u00e7lar ekiplerin \u00e7al\u0131\u015fmalar\u0131yla kurtar\u0131ld\u0131.<\/p>\n\n\n\n<p>Muradiye\u2019nin Adakl\u0131 grup yolunda, yoldan \u00e7\u0131kan baz\u0131 ara\u00e7lar kara saplanarak mahsur kald\u0131. B\u00f6lgeye ula\u015fan Van B\u00fcy\u00fck\u015fehir ve Muradiye Belediyesi karla m\u00fccadele ekipleri, kurtarma \u00e7al\u0131\u015fmas\u0131 ba\u015flatt\u0131.<\/p>\n\n\n\n<p>Karla m\u00fccadele ekipleri yolu a\u00e7arak, ara\u00e7lar\u0131 sapland\u0131klar\u0131 yerden kurtard\u0131.<\/p>\n","protected":false},"excerpt":{"rendered":"<p>Van\u2019\u0131n Muradiye il\u00e7esinde yo\u011fun kar ya\u011f\u0131\u015f\u0131 nedeniyle yolda mahsur kalan ara\u00e7lar ekiplerin \u00e7al\u0131\u015fmalar\u0131yla kurtar\u0131ld\u0131. Muradiye\u2019nin Adakl\u0131 grup yolunda, yoldan \u00e7\u0131kan baz\u0131 ara\u00e7lar kara saplanarak mahsur kald\u0131. B\u00f6lgeye ula\u015fan Van B\u00fcy\u00fck\u015fehir ve Muradiye Belediyesi karla m\u00fccadele ekipleri, kurtarma \u00e7al\u0131\u015fmas\u0131 ba\u015flatt\u0131. Karla m\u00fccadele ekipleri yolu a\u00e7arak, ara\u00e7lar\u0131 sapland\u0131klar\u0131 yerden kurtard\u0131.<\/p>\n","protected":false},"author":2,"featured_media":1310,"comment_status":"open","ping_status":"closed","sticky":false,"template":"","format":"standard","meta":{"googlesitekit_rrm_CAowot3VCw:productID":"","footnotes":""},"categories":[1],"tags":[],"class_list":["post-1308","post","type-post","status-publish","format-standard","has-post-thumbnail","hentry","category-van-haber"],"yoast_head":"<!-- This site is optimized with the Yoast SEO Premium plugin v21.7 (Yoast SEO v26.7) - https:\/\/yoast.com\/wordpress\/plugins\/seo\/ -->\n<title>Muradiye&#039;de yolda mahsur kalan ara\u00e7lar kurtar\u0131ld\u0131 - Van Haber | Van X Haber | Van Haberleri<\/title>\n<meta name=\"robots\" content=\"index, follow, max-snippet:-1, max-image-preview:large, max-video-preview:-1\" \/>\n<link rel=\"canonical\" href=\"https:\/\/vanxhaber.com\/index.php\/2024\/01\/11\/muradiyede-yolda-mahsur-kalan-araclar-kurtarildi\/\" \/>\n<meta property=\"og:locale\" content=\"tr_TR\" \/>\n<meta property=\"og:type\" content=\"article\" \/>\n<meta property=\"og:title\" content=\"Muradiye&#039;de yolda mahsur kalan ara\u00e7lar kurtar\u0131ld\u0131\" \/>\n<meta property=\"og:description\" content=\"Van\u2019\u0131n Muradiye il\u00e7esinde yo\u011fun kar ya\u011f\u0131\u015f\u0131 nedeniyle yolda mahsur kalan ara\u00e7lar ekiplerin \u00e7al\u0131\u015fmalar\u0131yla kurtar\u0131ld\u0131. Muradiye\u2019nin Adakl\u0131 grup yolunda, yoldan \u00e7\u0131kan baz\u0131 ara\u00e7lar kara saplanarak mahsur kald\u0131. B\u00f6lgeye ula\u015fan Van B\u00fcy\u00fck\u015fehir ve Muradiye Belediyesi karla m\u00fccadele ekipleri, kurtarma \u00e7al\u0131\u015fmas\u0131 ba\u015flatt\u0131. Karla m\u00fccadele ekipleri yolu a\u00e7arak, ara\u00e7lar\u0131 sapland\u0131klar\u0131 yerden kurtard\u0131.\" \/>\n<meta property=\"og:url\" content=\"https:\/\/vanxhaber.com\/index.php\/2024\/01\/11\/muradiyede-yolda-mahsur-kalan-araclar-kurtarildi\/\" \/>\n<meta property=\"og:site_name\" content=\"Van Haber | Van X Haber | Van Haberleri\" \/>\n<meta property=\"article:published_time\" content=\"2024-01-11T09:13:45+00:00\" \/>\n<meta property=\"article:modified_time\" content=\"2024-01-11T09:13:46+00:00\" \/>\n<meta property=\"og:image\" content=\"https:\/\/vanxhaber.com\/wp-content\/uploads\/2024\/01\/YOL-YAPIM-CALISMASI.jpg\" \/>\n\t<meta property=\"og:image:width\" content=\"641\" \/>\n\t<meta property=\"og:image:height\" content=\"380\" \/>\n\t<meta property=\"og:image:type\" content=\"image\/jpeg\" \/>\n<meta name=\"author\" content=\"Van X Haber\" \/>\n<meta name=\"twitter:card\" content=\"summary_large_image\" \/>\n<meta name=\"twitter:label1\" content=\"Yazan:\" \/>\n\t<meta name=\"twitter:data1\" content=\"Van X Haber\" \/>\n\t<meta name=\"twitter:label2\" content=\"Tahmini okuma s\u00fcresi\" \/>\n\t<meta name=\"twitter:data2\" content=\"1 dakika\" \/>\n<script type=\"application\/ld+json\" class=\"yoast-schema-graph\">{\"@context\":\"https:\/\/schema.org\",\"@graph\":[{\"@type\":\"Article\",\"@id\":\"https:\/\/vanxhaber.com\/index.php\/2024\/01\/11\/muradiyede-yolda-mahsur-kalan-araclar-kurtarildi\/#article\",\"isPartOf\":{\"@id\":\"https:\/\/vanxhaber.com\/index.php\/2024\/01\/11\/muradiyede-yolda-mahsur-kalan-araclar-kurtarildi\/\"},\"author\":{\"name\":\"Van X Haber\",\"@id\":\"https:\/\/vanxhaber.com\/#\/schema\/person\/a5fd8d89510cb5370e62ad176f7978ee\"},\"headline\":\"Muradiye&#8217;de yolda mahsur kalan ara\u00e7lar kurtar\u0131ld\u0131\",\"datePublished\":\"2024-01-11T09:13:45+00:00\",\"dateModified\":\"2024-01-11T09:13:46+00:00\",\"mainEntityOfPage\":{\"@id\":\"https:\/\/vanxhaber.com\/index.php\/2024\/01\/11\/muradiyede-yolda-mahsur-kalan-araclar-kurtarildi\/\"},\"wordCount\":78,\"commentCount\":0,\"image\":{\"@id\":\"https:\/\/vanxhaber.com\/index.php\/2024\/01\/11\/muradiyede-yolda-mahsur-kalan-araclar-kurtarildi\/#primaryimage\"},\"thumbnailUrl\":\"https:\/\/vanxhaber.com\/wp-content\/uploads\/2024\/01\/YOL-YAPIM-CALISMASI.jpg\",\"articleSection\":[\"Van Haber\"],\"inLanguage\":\"tr\",\"potentialAction\":[{\"@type\":\"CommentAction\",\"name\":\"Comment\",\"target\":[\"https:\/\/vanxhaber.com\/index.php\/2024\/01\/11\/muradiyede-yolda-mahsur-kalan-araclar-kurtarildi\/#respond\"]}],\"copyrightYear\":\"2024\",\"copyrightHolder\":{\"@id\":\"https:\/\/vanxhaber.com\/#organization\"}},{\"@type\":\"WebPage\",\"@id\":\"https:\/\/vanxhaber.com\/index.php\/2024\/01\/11\/muradiyede-yolda-mahsur-kalan-araclar-kurtarildi\/\",\"url\":\"https:\/\/vanxhaber.com\/index.php\/2024\/01\/11\/muradiyede-yolda-mahsur-kalan-araclar-kurtarildi\/\",\"name\":\"Muradiye'de yolda mahsur kalan ara\u00e7lar kurtar\u0131ld\u0131 - Van Haber | Van X Haber | Van Haberleri\",\"isPartOf\":{\"@id\":\"https:\/\/vanxhaber.com\/#website\"},\"primaryImageOfPage\":{\"@id\":\"https:\/\/vanxhaber.com\/index.php\/2024\/01\/11\/muradiyede-yolda-mahsur-kalan-araclar-kurtarildi\/#primaryimage\"},\"image\":{\"@id\":\"https:\/\/vanxhaber.com\/index.php\/2024\/01\/11\/muradiyede-yolda-mahsur-kalan-araclar-kurtarildi\/#primaryimage\"},\"thumbnailUrl\":\"https:\/\/vanxhaber.com\/wp-content\/uploads\/2024\/01\/YOL-YAPIM-CALISMASI.jpg\",\"datePublished\":\"2024-01-11T09:13:45+00:00\",\"dateModified\":\"2024-01-11T09:13:46+00:00\",\"author\":{\"@id\":\"https:\/\/vanxhaber.com\/#\/schema\/person\/a5fd8d89510cb5370e62ad176f7978ee\"},\"breadcrumb\":{\"@id\":\"https:\/\/vanxhaber.com\/index.php\/2024\/01\/11\/muradiyede-yolda-mahsur-kalan-araclar-kurtarildi\/#breadcrumb\"},\"inLanguage\":\"tr\",\"potentialAction\":[{\"@type\":\"ReadAction\",\"target\":[\"https:\/\/vanxhaber.com\/index.php\/2024\/01\/11\/muradiyede-yolda-mahsur-kalan-araclar-kurtarildi\/\"]}]},{\"@type\":\"ImageObject\",\"inLanguage\":\"tr\",\"@id\":\"https:\/\/vanxhaber.com\/index.php\/2024\/01\/11\/muradiyede-yolda-mahsur-kalan-araclar-kurtarildi\/#primaryimage\",\"url\":\"https:\/\/vanxhaber.com\/wp-content\/uploads\/2024\/01\/YOL-YAPIM-CALISMASI.jpg\",\"contentUrl\":\"https:\/\/vanxhaber.com\/wp-content\/uploads\/2024\/01\/YOL-YAPIM-CALISMASI.jpg\",\"width\":641,\"height\":380},{\"@type\":\"BreadcrumbList\",\"@id\":\"https:\/\/vanxhaber.com\/index.php\/2024\/01\/11\/muradiyede-yolda-mahsur-kalan-araclar-kurtarildi\/#breadcrumb\",\"itemListElement\":[{\"@type\":\"ListItem\",\"position\":1,\"name\":\"Anasayfa\",\"item\":\"https:\/\/vanxhaber.com\/\"},{\"@type\":\"ListItem\",\"position\":2,\"name\":\"Muradiye&#8217;de yolda mahsur kalan ara\u00e7lar kurtar\u0131ld\u0131\"}]},{\"@type\":\"WebSite\",\"@id\":\"https:\/\/vanxhaber.com\/#website\",\"url\":\"https:\/\/vanxhaber.com\/\",\"name\":\"Van Haber | Van X Haber | Van Haberleri\",\"description\":\"Van Haber, Van&#039;\u0131n ilk yapay zeka teknolojileri ile yaz\u0131lan Van X Haber ve Van Haberlerini aktif g\u00fcncel sunan tek vanhaber merkezidir.\",\"potentialAction\":[{\"@type\":\"SearchAction\",\"target\":{\"@type\":\"EntryPoint\",\"urlTemplate\":\"https:\/\/vanxhaber.com\/?s={search_term_string}\"},\"query-input\":{\"@type\":\"PropertyValueSpecification\",\"valueRequired\":true,\"valueName\":\"search_term_string\"}}],\"inLanguage\":\"tr\"},{\"@type\":\"Person\",\"@id\":\"https:\/\/vanxhaber.com\/#\/schema\/person\/a5fd8d89510cb5370e62ad176f7978ee\",\"name\":\"Van X Haber\",\"image\":{\"@type\":\"ImageObject\",\"inLanguage\":\"tr\",\"@id\":\"https:\/\/vanxhaber.com\/#\/schema\/person\/image\/\",\"url\":\"https:\/\/secure.gravatar.com\/avatar\/36f2f63826681263103acb5ca1e7bc1a6db11baea9b75dd091d89b74f2704b07?s=96&d=mm&r=g\",\"contentUrl\":\"https:\/\/secure.gravatar.com\/avatar\/36f2f63826681263103acb5ca1e7bc1a6db11baea9b75dd091d89b74f2704b07?s=96&d=mm&r=g\",\"caption\":\"Van X Haber\"},\"description\":\"Van X Haber Van'\u0131n ilk ve tek yeni nesil Van Haber merkezi. Son Dakika Van Haberleri ve G\u00fcncel Van haber merkezinde s\u0131cak geli\u015fmeleri aktarmaya devam edece\u011fiz.\",\"url\":\"https:\/\/vanxhaber.com\/index.php\/author\/vangazetesi\/\"}]}<\/script>\n<!-- \/ Yoast SEO Premium plugin. -->","yoast_head_json":{"title":"Muradiye'de yolda mahsur kalan ara\u00e7lar kurtar\u0131ld\u0131 - Van Haber | Van X Haber | Van Haberleri","robots":{"index":"index","follow":"follow","max-snippet":"max-snippet:-1","max-image-preview":"max-image-preview:large","max-video-preview":"max-video-preview:-1"},"canonical":"https:\/\/vanxhaber.com\/index.php\/2024\/01\/11\/muradiyede-yolda-mahsur-kalan-araclar-kurtarildi\/","og_locale":"tr_TR","og_type":"article","og_title":"Muradiye'de yolda mahsur kalan ara\u00e7lar kurtar\u0131ld\u0131","og_description":"Van\u2019\u0131n Muradiye il\u00e7esinde yo\u011fun kar ya\u011f\u0131\u015f\u0131 nedeniyle yolda mahsur kalan ara\u00e7lar ekiplerin \u00e7al\u0131\u015fmalar\u0131yla kurtar\u0131ld\u0131. Muradiye\u2019nin Adakl\u0131 grup yolunda, yoldan \u00e7\u0131kan baz\u0131 ara\u00e7lar kara saplanarak mahsur kald\u0131. B\u00f6lgeye ula\u015fan Van B\u00fcy\u00fck\u015fehir ve Muradiye Belediyesi karla m\u00fccadele ekipleri, kurtarma \u00e7al\u0131\u015fmas\u0131 ba\u015flatt\u0131. Karla m\u00fccadele ekipleri yolu a\u00e7arak, ara\u00e7lar\u0131 sapland\u0131klar\u0131 yerden kurtard\u0131.","og_url":"https:\/\/vanxhaber.com\/index.php\/2024\/01\/11\/muradiyede-yolda-mahsur-kalan-araclar-kurtarildi\/","og_site_name":"Van Haber | Van X Haber | Van Haberleri","article_published_time":"2024-01-11T09:13:45+00:00","article_modified_time":"2024-01-11T09:13:46+00:00","og_image":[{"width":641,"height":380,"url":"https:\/\/vanxhaber.com\/wp-content\/uploads\/2024\/01\/YOL-YAPIM-CALISMASI.jpg","type":"image\/jpeg"}],"author":"Van X Haber","twitter_card":"summary_large_image","twitter_misc":{"Yazan:":"Van X Haber","Tahmini okuma s\u00fcresi":"1 dakika"},"schema":{"@context":"https:\/\/schema.org","@graph":[{"@type":"Article","@id":"https:\/\/vanxhaber.com\/index.php\/2024\/01\/11\/muradiyede-yolda-mahsur-kalan-araclar-kurtarildi\/#article","isPartOf":{"@id":"https:\/\/vanxhaber.com\/index.php\/2024\/01\/11\/muradiyede-yolda-mahsur-kalan-araclar-kurtarildi\/"},"author":{"name":"Van X Haber","@id":"https:\/\/vanxhaber.com\/#\/schema\/person\/a5fd8d89510cb5370e62ad176f7978ee"},"headline":"Muradiye&#8217;de yolda mahsur kalan ara\u00e7lar kurtar\u0131ld\u0131","datePublished":"2024-01-11T09:13:45+00:00","dateModified":"2024-01-11T09:13:46+00:00","mainEntityOfPage":{"@id":"https:\/\/vanxhaber.com\/index.php\/2024\/01\/11\/muradiyede-yolda-mahsur-kalan-araclar-kurtarildi\/"},"wordCount":78,"commentCount":0,"image":{"@id":"https:\/\/vanxhaber.com\/index.php\/2024\/01\/11\/muradiyede-yolda-mahsur-kalan-araclar-kurtarildi\/#primaryimage"},"thumbnailUrl":"https:\/\/vanxhaber.com\/wp-content\/uploads\/2024\/01\/YOL-YAPIM-CALISMASI.jpg","articleSection":["Van Haber"],"inLanguage":"tr","potentialAction":[{"@type":"CommentAction","name":"Comment","target":["https:\/\/vanxhaber.com\/index.php\/2024\/01\/11\/muradiyede-yolda-mahsur-kalan-araclar-kurtarildi\/#respond"]}],"copyrightYear":"2024","copyrightHolder":{"@id":"https:\/\/vanxhaber.com\/#organization"}},{"@type":"WebPage","@id":"https:\/\/vanxhaber.com\/index.php\/2024\/01\/11\/muradiyede-yolda-mahsur-kalan-araclar-kurtarildi\/","url":"https:\/\/vanxhaber.com\/index.php\/2024\/01\/11\/muradiyede-yolda-mahsur-kalan-araclar-kurtarildi\/","name":"Muradiye'de yolda mahsur kalan ara\u00e7lar kurtar\u0131ld\u0131 - Van Haber | Van X Haber | Van Haberleri","isPartOf":{"@id":"https:\/\/vanxhaber.com\/#website"},"primaryImageOfPage":{"@id":"https:\/\/vanxhaber.com\/index.php\/2024\/01\/11\/muradiyede-yolda-mahsur-kalan-araclar-kurtarildi\/#primaryimage"},"image":{"@id":"https:\/\/vanxhaber.com\/index.php\/2024\/01\/11\/muradiyede-yolda-mahsur-kalan-araclar-kurtarildi\/#primaryimage"},"thumbnailUrl":"https:\/\/vanxhaber.com\/wp-content\/uploads\/2024\/01\/YOL-YAPIM-CALISMASI.jpg","datePublished":"2024-01-11T09:13:45+00:00","dateModified":"2024-01-11T09:13:46+00:00","author":{"@id":"https:\/\/vanxhaber.com\/#\/schema\/person\/a5fd8d89510cb5370e62ad176f7978ee"},"breadcrumb":{"@id":"https:\/\/vanxhaber.com\/index.php\/2024\/01\/11\/muradiyede-yolda-mahsur-kalan-araclar-kurtarildi\/#breadcrumb"},"inLanguage":"tr","potentialAction":[{"@type":"ReadAction","target":["https:\/\/vanxhaber.com\/index.php\/2024\/01\/11\/muradiyede-yolda-mahsur-kalan-araclar-kurtarildi\/"]}]},{"@type":"ImageObject","inLanguage":"tr","@id":"https:\/\/vanxhaber.com\/index.php\/2024\/01\/11\/muradiyede-yolda-mahsur-kalan-araclar-kurtarildi\/#primaryimage","url":"https:\/\/vanxhaber.com\/wp-content\/uploads\/2024\/01\/YOL-YAPIM-CALISMASI.jpg","contentUrl":"https:\/\/vanxhaber.com\/wp-content\/uploads\/2024\/01\/YOL-YAPIM-CALISMASI.jpg","width":641,"height":380},{"@type":"BreadcrumbList","@id":"https:\/\/vanxhaber.com\/index.php\/2024\/01\/11\/muradiyede-yolda-mahsur-kalan-araclar-kurtarildi\/#breadcrumb","itemListElement":[{"@type":"ListItem","position":1,"name":"Anasayfa","item":"https:\/\/vanxhaber.com\/"},{"@type":"ListItem","position":2,"name":"Muradiye&#8217;de yolda mahsur kalan ara\u00e7lar kurtar\u0131ld\u0131"}]},{"@type":"WebSite","@id":"https:\/\/vanxhaber.com\/#website","url":"https:\/\/vanxhaber.com\/","name":"Van Haber | Van X Haber | Van Haberleri","description":"Van Haber, Van&#039;\u0131n ilk yapay zeka teknolojileri ile yaz\u0131lan Van X Haber ve Van Haberlerini aktif g\u00fcncel sunan tek vanhaber merkezidir.","potentialAction":[{"@type":"SearchAction","target":{"@type":"EntryPoint","urlTemplate":"https:\/\/vanxhaber.com\/?s={search_term_string}"},"query-input":{"@type":"PropertyValueSpecification","valueRequired":true,"valueName":"search_term_string"}}],"inLanguage":"tr"},{"@type":"Person","@id":"https:\/\/vanxhaber.com\/#\/schema\/person\/a5fd8d89510cb5370e62ad176f7978ee","name":"Van X Haber","image":{"@type":"ImageObject","inLanguage":"tr","@id":"https:\/\/vanxhaber.com\/#\/schema\/person\/image\/","url":"https:\/\/secure.gravatar.com\/avatar\/36f2f63826681263103acb5ca1e7bc1a6db11baea9b75dd091d89b74f2704b07?s=96&d=mm&r=g","contentUrl":"https:\/\/secure.gravatar.com\/avatar\/36f2f63826681263103acb5ca1e7bc1a6db11baea9b75dd091d89b74f2704b07?s=96&d=mm&r=g","caption":"Van X Haber"},"description":"Van X Haber Van'\u0131n ilk ve tek yeni nesil Van Haber merkezi. Son Dakika Van Haberleri ve G\u00fcncel Van haber merkezinde s\u0131cak geli\u015fmeleri aktarmaya devam edece\u011fiz.","url":"https:\/\/vanxhaber.com\/index.php\/author\/vangazetesi\/"}]}},"_links":{"self":[{"href":"https:\/\/vanxhaber.com\/index.php\/wp-json\/wp\/v2\/posts\/1308","targetHints":{"allow":["GET"]}}],"collection":[{"href":"https:\/\/vanxhaber.com\/index.php\/wp-json\/wp\/v2\/posts"}],"about":[{"href":"https:\/\/vanxhaber.com\/index.php\/wp-json\/wp\/v2\/types\/post"}],"author":[{"embeddable":true,"href":"https:\/\/vanxhaber.com\/index.php\/wp-json\/wp\/v2\/users\/2"}],"replies":[{"embeddable":true,"href":"https:\/\/vanxhaber.com\/index.php\/wp-json\/wp\/v2\/comments?post=1308"}],"version-history":[{"count":1,"href":"https:\/\/vanxhaber.com\/index.php\/wp-json\/wp\/v2\/posts\/1308\/revisions"}],"predecessor-version":[{"id":1311,"href":"https:\/\/vanxhaber.com\/index.php\/wp-json\/wp\/v2\/posts\/1308\/revisions\/1311"}],"wp:featuredmedia":[{"embeddable":true,"href":"https:\/\/vanxhaber.com\/index.php\/wp-json\/wp\/v2\/media\/1310"}],"wp:attachment":[{"href":"https:\/\/vanxhaber.com\/index.php\/wp-json\/wp\/v2\/media?parent=1308"}],"wp:term":[{"taxonomy":"category","embeddable":true,"href":"https:\/\/vanxhaber.com\/index.php\/wp-json\/wp\/v2\/categories?post=1308"},{"taxonomy":"post_tag","embeddable":true,"href":"https:\/\/vanxhaber.com\/index.php\/wp-json\/wp\/v2\/tags?post=1308"}],"curies":[{"name":"wp","href":"https:\/\/api.w.org\/{rel}","templated":true}]}}