{"id":1326,"date":"2024-01-12T09:15:33","date_gmt":"2024-01-12T09:15:33","guid":{"rendered":"https:\/\/vanxhaber.com\/?p=1326"},"modified":"2024-01-12T09:15:34","modified_gmt":"2024-01-12T09:15:34","slug":"vanda-etkili-olan-yogun-kar-yagisi-nedeniyle-bircok-yol-ulasima-kapandi","status":"publish","type":"post","link":"https:\/\/vanxhaber.com\/index.php\/2024\/01\/12\/vanda-etkili-olan-yogun-kar-yagisi-nedeniyle-bircok-yol-ulasima-kapandi\/","title":{"rendered":"Van&#8217;da etkili olan yo\u011fun kar ya\u011f\u0131\u015f\u0131 nedeniyle bir\u00e7ok yol ula\u015f\u0131ma kapand\u0131"},"content":{"rendered":"\n<p><strong> \u00d6zellikle Bah\u00e7esaray&#8217;\u0131n k\u0131rsal mahallelerinde kar kal\u0131nl\u0131\u011f\u0131 50 santimetreye ula\u015farak hayat\u0131 olumsuz etkiledi. Kar ya\u011f\u0131\u015f\u0131n\u0131n etkisiyle okullar tatil edilirken, b\u00f6lgede besicilikle u\u011fra\u015fanlar k\u00fc\u00e7\u00fckba\u015f hayvanlar\u0131n\u0131 kar \u00fczerinde otlatt\u0131, ancak tipi de besicilere zor anlar ya\u015fatt\u0131.<\/strong><\/p>\n\n\n\n<p>Van genelinde 53 mahalle ve 71 mezrada ula\u015f\u0131m sa\u011flanam\u0131yor. Kapanan 124 yerle\u015fim yerinin yolunu a\u00e7mak i\u00e7in Van B\u00fcy\u00fck\u015fehir Belediyesi karla m\u00fccadele ekipleri yo\u011fun bir \u00e7al\u0131\u015fma ba\u015flatt\u0131. \u00d6zellikle k\u0131rsal mahallelerde ya\u015fayan vatanda\u015flar, karla m\u00fccadele ekiplerinin \u00e7abalar\u0131n\u0131 bekliyor.<\/p>\n\n\n\n<p>Bah\u00e7esaray kara yolu ise \u00e7\u0131\u011f riski nedeniyle 22 g\u00fcnd\u00fcr kapal\u0131 tutuluyor. Bu durum, b\u00f6lgedeki ula\u015f\u0131m\u0131 b\u00fcy\u00fck \u00f6l\u00e7\u00fcde olumsuz etkiliyor. Karla m\u00fccadele ekipleri, \u00e7\u0131\u011f riskinin ortadan kald\u0131r\u0131lmas\u0131 i\u00e7in \u00f6zel \u00f6nlemler alarak yolun g\u00fcvenli bir \u015fekilde a\u00e7\u0131lmas\u0131n\u0131 sa\u011flamaya \u00e7al\u0131\u015f\u0131yor.<\/p>\n\n\n\n<p>Van&#8217;da etkili olan kar ya\u011f\u0131\u015f\u0131 ve olumsuz hava ko\u015fullar\u0131 nedeniyle vatanda\u015flar, \u00f6zellikle k\u0131rsal b\u00f6lgelerde zorlu bir d\u00f6nem ge\u00e7iriyor. Karla m\u00fccadele \u00e7al\u0131\u015fmalar\u0131n\u0131n h\u0131zla devam etmesi beklenirken, b\u00f6lge halk\u0131 ve yetkililer kar\u015f\u0131la\u015f\u0131lan zorluklar\u0131n a\u015f\u0131labilmesi i\u00e7in birlikte \u00e7aba sarf ediyor.<\/p>\n","protected":false},"excerpt":{"rendered":"<p>\u00d6zellikle Bah\u00e7esaray&#8217;\u0131n k\u0131rsal mahallelerinde kar kal\u0131nl\u0131\u011f\u0131 50 santimetreye ula\u015farak hayat\u0131 olumsuz etkiledi. Kar ya\u011f\u0131\u015f\u0131n\u0131n etkisiyle okullar tatil edilirken, b\u00f6lgede besicilikle u\u011fra\u015fanlar k\u00fc\u00e7\u00fckba\u015f hayvanlar\u0131n\u0131 kar \u00fczerinde otlatt\u0131, ancak tipi de besicilere zor anlar ya\u015fatt\u0131. Van genelinde 53 mahalle ve 71 mezrada ula\u015f\u0131m sa\u011flanam\u0131yor. Kapanan 124 yerle\u015fim yerinin yolunu a\u00e7mak i\u00e7in Van B\u00fcy\u00fck\u015fehir Belediyesi karla m\u00fccadele ekipleri &hellip;<\/p>\n","protected":false},"author":2,"featured_media":1328,"comment_status":"open","ping_status":"closed","sticky":false,"template":"","format":"standard","meta":{"googlesitekit_rrm_CAowot3VCw:productID":"","footnotes":""},"categories":[32,1,24],"tags":[],"class_list":["post-1326","post","type-post","status-publish","format-standard","has-post-thumbnail","hentry","category-van-genclik","category-van-haber","category-van-haberleri"],"yoast_head":"<!-- This site is optimized with the Yoast SEO Premium plugin v21.7 (Yoast SEO v26.7) - https:\/\/yoast.com\/wordpress\/plugins\/seo\/ -->\n<title>Van&#039;da etkili olan yo\u011fun kar ya\u011f\u0131\u015f\u0131 nedeniyle bir\u00e7ok yol ula\u015f\u0131ma kapand\u0131 - Van Haber | Van X Haber | Van Haberleri<\/title>\n<meta name=\"robots\" content=\"index, follow, max-snippet:-1, max-image-preview:large, max-video-preview:-1\" \/>\n<link rel=\"canonical\" href=\"https:\/\/vanxhaber.com\/index.php\/2024\/01\/12\/vanda-etkili-olan-yogun-kar-yagisi-nedeniyle-bircok-yol-ulasima-kapandi\/\" \/>\n<meta property=\"og:locale\" content=\"tr_TR\" \/>\n<meta property=\"og:type\" content=\"article\" \/>\n<meta property=\"og:title\" content=\"Van&#039;da etkili olan yo\u011fun kar ya\u011f\u0131\u015f\u0131 nedeniyle bir\u00e7ok yol ula\u015f\u0131ma kapand\u0131\" \/>\n<meta property=\"og:description\" content=\"\u00d6zellikle Bah\u00e7esaray&#8217;\u0131n k\u0131rsal mahallelerinde kar kal\u0131nl\u0131\u011f\u0131 50 santimetreye ula\u015farak hayat\u0131 olumsuz etkiledi. Kar ya\u011f\u0131\u015f\u0131n\u0131n etkisiyle okullar tatil edilirken, b\u00f6lgede besicilikle u\u011fra\u015fanlar k\u00fc\u00e7\u00fckba\u015f hayvanlar\u0131n\u0131 kar \u00fczerinde otlatt\u0131, ancak tipi de besicilere zor anlar ya\u015fatt\u0131. Van genelinde 53 mahalle ve 71 mezrada ula\u015f\u0131m sa\u011flanam\u0131yor. Kapanan 124 yerle\u015fim yerinin yolunu a\u00e7mak i\u00e7in Van B\u00fcy\u00fck\u015fehir Belediyesi karla m\u00fccadele ekipleri &hellip;\" \/>\n<meta property=\"og:url\" content=\"https:\/\/vanxhaber.com\/index.php\/2024\/01\/12\/vanda-etkili-olan-yogun-kar-yagisi-nedeniyle-bircok-yol-ulasima-kapandi\/\" \/>\n<meta property=\"og:site_name\" content=\"Van Haber | Van X Haber | Van Haberleri\" \/>\n<meta property=\"article:published_time\" content=\"2024-01-12T09:15:33+00:00\" \/>\n<meta property=\"article:modified_time\" content=\"2024-01-12T09:15:34+00:00\" \/>\n<meta property=\"og:image\" content=\"https:\/\/vanxhaber.com\/wp-content\/uploads\/2024\/01\/kar.jpg\" \/>\n\t<meta property=\"og:image:width\" content=\"641\" \/>\n\t<meta property=\"og:image:height\" content=\"380\" \/>\n\t<meta property=\"og:image:type\" content=\"image\/jpeg\" \/>\n<meta name=\"author\" content=\"Van X Haber\" \/>\n<meta name=\"twitter:card\" content=\"summary_large_image\" \/>\n<meta name=\"twitter:label1\" content=\"Yazan:\" \/>\n\t<meta name=\"twitter:data1\" content=\"Van X Haber\" \/>\n\t<meta name=\"twitter:label2\" content=\"Tahmini okuma s\u00fcresi\" \/>\n\t<meta name=\"twitter:data2\" content=\"2 dakika\" \/>\n<script type=\"application\/ld+json\" class=\"yoast-schema-graph\">{\"@context\":\"https:\/\/schema.org\",\"@graph\":[{\"@type\":\"Article\",\"@id\":\"https:\/\/vanxhaber.com\/index.php\/2024\/01\/12\/vanda-etkili-olan-yogun-kar-yagisi-nedeniyle-bircok-yol-ulasima-kapandi\/#article\",\"isPartOf\":{\"@id\":\"https:\/\/vanxhaber.com\/index.php\/2024\/01\/12\/vanda-etkili-olan-yogun-kar-yagisi-nedeniyle-bircok-yol-ulasima-kapandi\/\"},\"author\":{\"name\":\"Van X Haber\",\"@id\":\"https:\/\/vanxhaber.com\/#\/schema\/person\/a5fd8d89510cb5370e62ad176f7978ee\"},\"headline\":\"Van&#8217;da etkili olan yo\u011fun kar ya\u011f\u0131\u015f\u0131 nedeniyle bir\u00e7ok yol ula\u015f\u0131ma kapand\u0131\",\"datePublished\":\"2024-01-12T09:15:33+00:00\",\"dateModified\":\"2024-01-12T09:15:34+00:00\",\"mainEntityOfPage\":{\"@id\":\"https:\/\/vanxhaber.com\/index.php\/2024\/01\/12\/vanda-etkili-olan-yogun-kar-yagisi-nedeniyle-bircok-yol-ulasima-kapandi\/\"},\"wordCount\":217,\"commentCount\":0,\"image\":{\"@id\":\"https:\/\/vanxhaber.com\/index.php\/2024\/01\/12\/vanda-etkili-olan-yogun-kar-yagisi-nedeniyle-bircok-yol-ulasima-kapandi\/#primaryimage\"},\"thumbnailUrl\":\"https:\/\/vanxhaber.com\/wp-content\/uploads\/2024\/01\/kar.jpg\",\"articleSection\":[\"Van\u00a0Gen\u00e7lik\",\"Van Haber\",\"Van Haberleri\"],\"inLanguage\":\"tr\",\"potentialAction\":[{\"@type\":\"CommentAction\",\"name\":\"Comment\",\"target\":[\"https:\/\/vanxhaber.com\/index.php\/2024\/01\/12\/vanda-etkili-olan-yogun-kar-yagisi-nedeniyle-bircok-yol-ulasima-kapandi\/#respond\"]}],\"copyrightYear\":\"2024\",\"copyrightHolder\":{\"@id\":\"https:\/\/vanxhaber.com\/#organization\"}},{\"@type\":\"WebPage\",\"@id\":\"https:\/\/vanxhaber.com\/index.php\/2024\/01\/12\/vanda-etkili-olan-yogun-kar-yagisi-nedeniyle-bircok-yol-ulasima-kapandi\/\",\"url\":\"https:\/\/vanxhaber.com\/index.php\/2024\/01\/12\/vanda-etkili-olan-yogun-kar-yagisi-nedeniyle-bircok-yol-ulasima-kapandi\/\",\"name\":\"Van'da etkili olan yo\u011fun kar ya\u011f\u0131\u015f\u0131 nedeniyle bir\u00e7ok yol ula\u015f\u0131ma kapand\u0131 - Van Haber | Van X Haber | Van Haberleri\",\"isPartOf\":{\"@id\":\"https:\/\/vanxhaber.com\/#website\"},\"primaryImageOfPage\":{\"@id\":\"https:\/\/vanxhaber.com\/index.php\/2024\/01\/12\/vanda-etkili-olan-yogun-kar-yagisi-nedeniyle-bircok-yol-ulasima-kapandi\/#primaryimage\"},\"image\":{\"@id\":\"https:\/\/vanxhaber.com\/index.php\/2024\/01\/12\/vanda-etkili-olan-yogun-kar-yagisi-nedeniyle-bircok-yol-ulasima-kapandi\/#primaryimage\"},\"thumbnailUrl\":\"https:\/\/vanxhaber.com\/wp-content\/uploads\/2024\/01\/kar.jpg\",\"datePublished\":\"2024-01-12T09:15:33+00:00\",\"dateModified\":\"2024-01-12T09:15:34+00:00\",\"author\":{\"@id\":\"https:\/\/vanxhaber.com\/#\/schema\/person\/a5fd8d89510cb5370e62ad176f7978ee\"},\"breadcrumb\":{\"@id\":\"https:\/\/vanxhaber.com\/index.php\/2024\/01\/12\/vanda-etkili-olan-yogun-kar-yagisi-nedeniyle-bircok-yol-ulasima-kapandi\/#breadcrumb\"},\"inLanguage\":\"tr\",\"potentialAction\":[{\"@type\":\"ReadAction\",\"target\":[\"https:\/\/vanxhaber.com\/index.php\/2024\/01\/12\/vanda-etkili-olan-yogun-kar-yagisi-nedeniyle-bircok-yol-ulasima-kapandi\/\"]}]},{\"@type\":\"ImageObject\",\"inLanguage\":\"tr\",\"@id\":\"https:\/\/vanxhaber.com\/index.php\/2024\/01\/12\/vanda-etkili-olan-yogun-kar-yagisi-nedeniyle-bircok-yol-ulasima-kapandi\/#primaryimage\",\"url\":\"https:\/\/vanxhaber.com\/wp-content\/uploads\/2024\/01\/kar.jpg\",\"contentUrl\":\"https:\/\/vanxhaber.com\/wp-content\/uploads\/2024\/01\/kar.jpg\",\"width\":641,\"height\":380},{\"@type\":\"BreadcrumbList\",\"@id\":\"https:\/\/vanxhaber.com\/index.php\/2024\/01\/12\/vanda-etkili-olan-yogun-kar-yagisi-nedeniyle-bircok-yol-ulasima-kapandi\/#breadcrumb\",\"itemListElement\":[{\"@type\":\"ListItem\",\"position\":1,\"name\":\"Anasayfa\",\"item\":\"https:\/\/vanxhaber.com\/\"},{\"@type\":\"ListItem\",\"position\":2,\"name\":\"Van&#8217;da etkili olan yo\u011fun kar ya\u011f\u0131\u015f\u0131 nedeniyle bir\u00e7ok yol ula\u015f\u0131ma kapand\u0131\"}]},{\"@type\":\"WebSite\",\"@id\":\"https:\/\/vanxhaber.com\/#website\",\"url\":\"https:\/\/vanxhaber.com\/\",\"name\":\"Van Haber | Van X Haber | Van Haberleri\",\"description\":\"Van Haber, Van&#039;\u0131n ilk yapay zeka teknolojileri ile yaz\u0131lan Van X Haber ve Van Haberlerini aktif g\u00fcncel sunan tek vanhaber merkezidir.\",\"potentialAction\":[{\"@type\":\"SearchAction\",\"target\":{\"@type\":\"EntryPoint\",\"urlTemplate\":\"https:\/\/vanxhaber.com\/?s={search_term_string}\"},\"query-input\":{\"@type\":\"PropertyValueSpecification\",\"valueRequired\":true,\"valueName\":\"search_term_string\"}}],\"inLanguage\":\"tr\"},{\"@type\":\"Person\",\"@id\":\"https:\/\/vanxhaber.com\/#\/schema\/person\/a5fd8d89510cb5370e62ad176f7978ee\",\"name\":\"Van X Haber\",\"image\":{\"@type\":\"ImageObject\",\"inLanguage\":\"tr\",\"@id\":\"https:\/\/vanxhaber.com\/#\/schema\/person\/image\/\",\"url\":\"https:\/\/secure.gravatar.com\/avatar\/36f2f63826681263103acb5ca1e7bc1a6db11baea9b75dd091d89b74f2704b07?s=96&d=mm&r=g\",\"contentUrl\":\"https:\/\/secure.gravatar.com\/avatar\/36f2f63826681263103acb5ca1e7bc1a6db11baea9b75dd091d89b74f2704b07?s=96&d=mm&r=g\",\"caption\":\"Van X Haber\"},\"description\":\"Van X Haber Van'\u0131n ilk ve tek yeni nesil Van Haber merkezi. Son Dakika Van Haberleri ve G\u00fcncel Van haber merkezinde s\u0131cak geli\u015fmeleri aktarmaya devam edece\u011fiz.\",\"url\":\"https:\/\/vanxhaber.com\/index.php\/author\/vangazetesi\/\"}]}<\/script>\n<!-- \/ Yoast SEO Premium plugin. -->","yoast_head_json":{"title":"Van'da etkili olan yo\u011fun kar ya\u011f\u0131\u015f\u0131 nedeniyle bir\u00e7ok yol ula\u015f\u0131ma kapand\u0131 - Van Haber | Van X Haber | Van Haberleri","robots":{"index":"index","follow":"follow","max-snippet":"max-snippet:-1","max-image-preview":"max-image-preview:large","max-video-preview":"max-video-preview:-1"},"canonical":"https:\/\/vanxhaber.com\/index.php\/2024\/01\/12\/vanda-etkili-olan-yogun-kar-yagisi-nedeniyle-bircok-yol-ulasima-kapandi\/","og_locale":"tr_TR","og_type":"article","og_title":"Van'da etkili olan yo\u011fun kar ya\u011f\u0131\u015f\u0131 nedeniyle bir\u00e7ok yol ula\u015f\u0131ma kapand\u0131","og_description":"\u00d6zellikle Bah\u00e7esaray&#8217;\u0131n k\u0131rsal mahallelerinde kar kal\u0131nl\u0131\u011f\u0131 50 santimetreye ula\u015farak hayat\u0131 olumsuz etkiledi. Kar ya\u011f\u0131\u015f\u0131n\u0131n etkisiyle okullar tatil edilirken, b\u00f6lgede besicilikle u\u011fra\u015fanlar k\u00fc\u00e7\u00fckba\u015f hayvanlar\u0131n\u0131 kar \u00fczerinde otlatt\u0131, ancak tipi de besicilere zor anlar ya\u015fatt\u0131. Van genelinde 53 mahalle ve 71 mezrada ula\u015f\u0131m sa\u011flanam\u0131yor. Kapanan 124 yerle\u015fim yerinin yolunu a\u00e7mak i\u00e7in Van B\u00fcy\u00fck\u015fehir Belediyesi karla m\u00fccadele ekipleri &hellip;","og_url":"https:\/\/vanxhaber.com\/index.php\/2024\/01\/12\/vanda-etkili-olan-yogun-kar-yagisi-nedeniyle-bircok-yol-ulasima-kapandi\/","og_site_name":"Van Haber | Van X Haber | Van Haberleri","article_published_time":"2024-01-12T09:15:33+00:00","article_modified_time":"2024-01-12T09:15:34+00:00","og_image":[{"width":641,"height":380,"url":"https:\/\/vanxhaber.com\/wp-content\/uploads\/2024\/01\/kar.jpg","type":"image\/jpeg"}],"author":"Van X Haber","twitter_card":"summary_large_image","twitter_misc":{"Yazan:":"Van X Haber","Tahmini okuma s\u00fcresi":"2 dakika"},"schema":{"@context":"https:\/\/schema.org","@graph":[{"@type":"Article","@id":"https:\/\/vanxhaber.com\/index.php\/2024\/01\/12\/vanda-etkili-olan-yogun-kar-yagisi-nedeniyle-bircok-yol-ulasima-kapandi\/#article","isPartOf":{"@id":"https:\/\/vanxhaber.com\/index.php\/2024\/01\/12\/vanda-etkili-olan-yogun-kar-yagisi-nedeniyle-bircok-yol-ulasima-kapandi\/"},"author":{"name":"Van X Haber","@id":"https:\/\/vanxhaber.com\/#\/schema\/person\/a5fd8d89510cb5370e62ad176f7978ee"},"headline":"Van&#8217;da etkili olan yo\u011fun kar ya\u011f\u0131\u015f\u0131 nedeniyle bir\u00e7ok yol ula\u015f\u0131ma kapand\u0131","datePublished":"2024-01-12T09:15:33+00:00","dateModified":"2024-01-12T09:15:34+00:00","mainEntityOfPage":{"@id":"https:\/\/vanxhaber.com\/index.php\/2024\/01\/12\/vanda-etkili-olan-yogun-kar-yagisi-nedeniyle-bircok-yol-ulasima-kapandi\/"},"wordCount":217,"commentCount":0,"image":{"@id":"https:\/\/vanxhaber.com\/index.php\/2024\/01\/12\/vanda-etkili-olan-yogun-kar-yagisi-nedeniyle-bircok-yol-ulasima-kapandi\/#primaryimage"},"thumbnailUrl":"https:\/\/vanxhaber.com\/wp-content\/uploads\/2024\/01\/kar.jpg","articleSection":["Van\u00a0Gen\u00e7lik","Van Haber","Van Haberleri"],"inLanguage":"tr","potentialAction":[{"@type":"CommentAction","name":"Comment","target":["https:\/\/vanxhaber.com\/index.php\/2024\/01\/12\/vanda-etkili-olan-yogun-kar-yagisi-nedeniyle-bircok-yol-ulasima-kapandi\/#respond"]}],"copyrightYear":"2024","copyrightHolder":{"@id":"https:\/\/vanxhaber.com\/#organization"}},{"@type":"WebPage","@id":"https:\/\/vanxhaber.com\/index.php\/2024\/01\/12\/vanda-etkili-olan-yogun-kar-yagisi-nedeniyle-bircok-yol-ulasima-kapandi\/","url":"https:\/\/vanxhaber.com\/index.php\/2024\/01\/12\/vanda-etkili-olan-yogun-kar-yagisi-nedeniyle-bircok-yol-ulasima-kapandi\/","name":"Van'da etkili olan yo\u011fun kar ya\u011f\u0131\u015f\u0131 nedeniyle bir\u00e7ok yol ula\u015f\u0131ma kapand\u0131 - Van Haber | Van X Haber | Van Haberleri","isPartOf":{"@id":"https:\/\/vanxhaber.com\/#website"},"primaryImageOfPage":{"@id":"https:\/\/vanxhaber.com\/index.php\/2024\/01\/12\/vanda-etkili-olan-yogun-kar-yagisi-nedeniyle-bircok-yol-ulasima-kapandi\/#primaryimage"},"image":{"@id":"https:\/\/vanxhaber.com\/index.php\/2024\/01\/12\/vanda-etkili-olan-yogun-kar-yagisi-nedeniyle-bircok-yol-ulasima-kapandi\/#primaryimage"},"thumbnailUrl":"https:\/\/vanxhaber.com\/wp-content\/uploads\/2024\/01\/kar.jpg","datePublished":"2024-01-12T09:15:33+00:00","dateModified":"2024-01-12T09:15:34+00:00","author":{"@id":"https:\/\/vanxhaber.com\/#\/schema\/person\/a5fd8d89510cb5370e62ad176f7978ee"},"breadcrumb":{"@id":"https:\/\/vanxhaber.com\/index.php\/2024\/01\/12\/vanda-etkili-olan-yogun-kar-yagisi-nedeniyle-bircok-yol-ulasima-kapandi\/#breadcrumb"},"inLanguage":"tr","potentialAction":[{"@type":"ReadAction","target":["https:\/\/vanxhaber.com\/index.php\/2024\/01\/12\/vanda-etkili-olan-yogun-kar-yagisi-nedeniyle-bircok-yol-ulasima-kapandi\/"]}]},{"@type":"ImageObject","inLanguage":"tr","@id":"https:\/\/vanxhaber.com\/index.php\/2024\/01\/12\/vanda-etkili-olan-yogun-kar-yagisi-nedeniyle-bircok-yol-ulasima-kapandi\/#primaryimage","url":"https:\/\/vanxhaber.com\/wp-content\/uploads\/2024\/01\/kar.jpg","contentUrl":"https:\/\/vanxhaber.com\/wp-content\/uploads\/2024\/01\/kar.jpg","width":641,"height":380},{"@type":"BreadcrumbList","@id":"https:\/\/vanxhaber.com\/index.php\/2024\/01\/12\/vanda-etkili-olan-yogun-kar-yagisi-nedeniyle-bircok-yol-ulasima-kapandi\/#breadcrumb","itemListElement":[{"@type":"ListItem","position":1,"name":"Anasayfa","item":"https:\/\/vanxhaber.com\/"},{"@type":"ListItem","position":2,"name":"Van&#8217;da etkili olan yo\u011fun kar ya\u011f\u0131\u015f\u0131 nedeniyle bir\u00e7ok yol ula\u015f\u0131ma kapand\u0131"}]},{"@type":"WebSite","@id":"https:\/\/vanxhaber.com\/#website","url":"https:\/\/vanxhaber.com\/","name":"Van Haber | Van X Haber | Van Haberleri","description":"Van Haber, Van&#039;\u0131n ilk yapay zeka teknolojileri ile yaz\u0131lan Van X Haber ve Van Haberlerini aktif g\u00fcncel sunan tek vanhaber merkezidir.","potentialAction":[{"@type":"SearchAction","target":{"@type":"EntryPoint","urlTemplate":"https:\/\/vanxhaber.com\/?s={search_term_string}"},"query-input":{"@type":"PropertyValueSpecification","valueRequired":true,"valueName":"search_term_string"}}],"inLanguage":"tr"},{"@type":"Person","@id":"https:\/\/vanxhaber.com\/#\/schema\/person\/a5fd8d89510cb5370e62ad176f7978ee","name":"Van X Haber","image":{"@type":"ImageObject","inLanguage":"tr","@id":"https:\/\/vanxhaber.com\/#\/schema\/person\/image\/","url":"https:\/\/secure.gravatar.com\/avatar\/36f2f63826681263103acb5ca1e7bc1a6db11baea9b75dd091d89b74f2704b07?s=96&d=mm&r=g","contentUrl":"https:\/\/secure.gravatar.com\/avatar\/36f2f63826681263103acb5ca1e7bc1a6db11baea9b75dd091d89b74f2704b07?s=96&d=mm&r=g","caption":"Van X Haber"},"description":"Van X Haber Van'\u0131n ilk ve tek yeni nesil Van Haber merkezi. Son Dakika Van Haberleri ve G\u00fcncel Van haber merkezinde s\u0131cak geli\u015fmeleri aktarmaya devam edece\u011fiz.","url":"https:\/\/vanxhaber.com\/index.php\/author\/vangazetesi\/"}]}},"_links":{"self":[{"href":"https:\/\/vanxhaber.com\/index.php\/wp-json\/wp\/v2\/posts\/1326","targetHints":{"allow":["GET"]}}],"collection":[{"href":"https:\/\/vanxhaber.com\/index.php\/wp-json\/wp\/v2\/posts"}],"about":[{"href":"https:\/\/vanxhaber.com\/index.php\/wp-json\/wp\/v2\/types\/post"}],"author":[{"embeddable":true,"href":"https:\/\/vanxhaber.com\/index.php\/wp-json\/wp\/v2\/users\/2"}],"replies":[{"embeddable":true,"href":"https:\/\/vanxhaber.com\/index.php\/wp-json\/wp\/v2\/comments?post=1326"}],"version-history":[{"count":1,"href":"https:\/\/vanxhaber.com\/index.php\/wp-json\/wp\/v2\/posts\/1326\/revisions"}],"predecessor-version":[{"id":1329,"href":"https:\/\/vanxhaber.com\/index.php\/wp-json\/wp\/v2\/posts\/1326\/revisions\/1329"}],"wp:featuredmedia":[{"embeddable":true,"href":"https:\/\/vanxhaber.com\/index.php\/wp-json\/wp\/v2\/media\/1328"}],"wp:attachment":[{"href":"https:\/\/vanxhaber.com\/index.php\/wp-json\/wp\/v2\/media?parent=1326"}],"wp:term":[{"taxonomy":"category","embeddable":true,"href":"https:\/\/vanxhaber.com\/index.php\/wp-json\/wp\/v2\/categories?post=1326"},{"taxonomy":"post_tag","embeddable":true,"href":"https:\/\/vanxhaber.com\/index.php\/wp-json\/wp\/v2\/tags?post=1326"}],"curies":[{"name":"wp","href":"https:\/\/api.w.org\/{rel}","templated":true}]}}