{"id":1349,"date":"2024-01-15T10:50:21","date_gmt":"2024-01-15T10:50:21","guid":{"rendered":"https:\/\/vanxhaber.com\/?p=1349"},"modified":"2024-01-15T10:50:23","modified_gmt":"2024-01-15T10:50:23","slug":"dem-parti-van-buyuksehir-belediyesi-esbaskan-adaylari-belli-oldu","status":"publish","type":"post","link":"https:\/\/vanxhaber.com\/index.php\/2024\/01\/15\/dem-parti-van-buyuksehir-belediyesi-esbaskan-adaylari-belli-oldu\/","title":{"rendered":"DEM Parti Van B\u00fcy\u00fck\u015fehir Belediyesi E\u015fba\u015fkan adaylar\u0131 belli oldu"},"content":{"rendered":"\n<p><strong>DEM Parti Van \u00f6n se\u00e7im, DEM Parti Van halk oylamas\u0131. HEDEP Van \u00f6n se\u00e7im. HEDEP Van halk oylamas\u0131. Halklar\u0131n E\u015fitlik ve Demokrasi Partisi Van \u00f6n se\u00e7im sonu\u00e7lar\u0131. Abdullah Zeydan e\u015fba\u015fkan aday\u0131 oldu.<\/strong><\/p>\n\n\n\n<p>DEM Parti Van\u2019da d\u00fcn ba\u015flayan \u00f6n se\u00e7imleri tamamlad\u0131. Bug\u00fcn 2\u2019inci tura kalan adaylar tekrar delege oylamas\u0131ndan ge\u00e7ti. Bir\u00e7ok il\u00e7enin adaylar\u0131 kesinle\u015firken b\u00fcy\u00fck\u015fehir adaylar\u0131n\u0131n oy say\u0131m\u0131 ise tamamland\u0131. Yap\u0131lan say\u0131mlar sonucu kesinle\u015fen resmi sonu\u00e7lar \u015f\u00f6yle:<\/p>\n\n\n\n<p>Abdullah Zeydan 2358<br>Mustafa Avc\u0131 2287<\/p>\n\n\n\n<p>Van B\u00fcy\u00fck\u015fehir Belediye E\u015f Ba\u015fkan adaylar\u0131 Neslihan \u015eedal ve Abdullah Zeydan oldu.<\/p>\n","protected":false},"excerpt":{"rendered":"<p>DEM Parti Van \u00f6n se\u00e7im, DEM Parti Van halk oylamas\u0131. HEDEP Van \u00f6n se\u00e7im. HEDEP Van halk oylamas\u0131. Halklar\u0131n E\u015fitlik ve Demokrasi Partisi Van \u00f6n se\u00e7im sonu\u00e7lar\u0131. Abdullah Zeydan e\u015fba\u015fkan aday\u0131 oldu. DEM Parti Van\u2019da d\u00fcn ba\u015flayan \u00f6n se\u00e7imleri tamamlad\u0131. Bug\u00fcn 2\u2019inci tura kalan adaylar tekrar delege oylamas\u0131ndan ge\u00e7ti. Bir\u00e7ok il\u00e7enin adaylar\u0131 kesinle\u015firken b\u00fcy\u00fck\u015fehir adaylar\u0131n\u0131n &hellip;<\/p>\n","protected":false},"author":2,"featured_media":1351,"comment_status":"open","ping_status":"closed","sticky":false,"template":"","format":"standard","meta":{"googlesitekit_rrm_CAowot3VCw:productID":"","footnotes":""},"categories":[28,1,24],"tags":[],"class_list":["post-1349","post","type-post","status-publish","format-standard","has-post-thumbnail","hentry","category-van-egitim","category-van-haber","category-van-haberleri"],"yoast_head":"<!-- This site is optimized with the Yoast SEO Premium plugin v21.7 (Yoast SEO v26.7) - https:\/\/yoast.com\/wordpress\/plugins\/seo\/ -->\n<title>DEM Parti Van B\u00fcy\u00fck\u015fehir Belediyesi E\u015fba\u015fkan adaylar\u0131 belli oldu - Van Haber | Van X Haber | Van Haberleri<\/title>\n<meta name=\"robots\" content=\"index, follow, max-snippet:-1, max-image-preview:large, max-video-preview:-1\" \/>\n<link rel=\"canonical\" href=\"https:\/\/vanxhaber.com\/index.php\/2024\/01\/15\/dem-parti-van-buyuksehir-belediyesi-esbaskan-adaylari-belli-oldu\/\" \/>\n<meta property=\"og:locale\" content=\"tr_TR\" \/>\n<meta property=\"og:type\" content=\"article\" \/>\n<meta property=\"og:title\" content=\"DEM Parti Van B\u00fcy\u00fck\u015fehir Belediyesi E\u015fba\u015fkan adaylar\u0131 belli oldu\" \/>\n<meta property=\"og:description\" content=\"DEM Parti Van \u00f6n se\u00e7im, DEM Parti Van halk oylamas\u0131. HEDEP Van \u00f6n se\u00e7im. HEDEP Van halk oylamas\u0131. Halklar\u0131n E\u015fitlik ve Demokrasi Partisi Van \u00f6n se\u00e7im sonu\u00e7lar\u0131. Abdullah Zeydan e\u015fba\u015fkan aday\u0131 oldu. DEM Parti Van\u2019da d\u00fcn ba\u015flayan \u00f6n se\u00e7imleri tamamlad\u0131. Bug\u00fcn 2\u2019inci tura kalan adaylar tekrar delege oylamas\u0131ndan ge\u00e7ti. Bir\u00e7ok il\u00e7enin adaylar\u0131 kesinle\u015firken b\u00fcy\u00fck\u015fehir adaylar\u0131n\u0131n &hellip;\" \/>\n<meta property=\"og:url\" content=\"https:\/\/vanxhaber.com\/index.php\/2024\/01\/15\/dem-parti-van-buyuksehir-belediyesi-esbaskan-adaylari-belli-oldu\/\" \/>\n<meta property=\"og:site_name\" content=\"Van Haber | Van X Haber | Van Haberleri\" \/>\n<meta property=\"article:published_time\" content=\"2024-01-15T10:50:21+00:00\" \/>\n<meta property=\"article:modified_time\" content=\"2024-01-15T10:50:23+00:00\" \/>\n<meta property=\"og:image\" content=\"https:\/\/vanxhaber.com\/wp-content\/uploads\/2024\/01\/dem-parti-adaylari.jpg\" \/>\n\t<meta property=\"og:image:width\" content=\"641\" \/>\n\t<meta property=\"og:image:height\" content=\"380\" \/>\n\t<meta property=\"og:image:type\" content=\"image\/jpeg\" \/>\n<meta name=\"author\" content=\"Van X Haber\" \/>\n<meta name=\"twitter:card\" content=\"summary_large_image\" \/>\n<meta name=\"twitter:label1\" content=\"Yazan:\" \/>\n\t<meta name=\"twitter:data1\" content=\"Van X Haber\" \/>\n\t<meta name=\"twitter:label2\" content=\"Tahmini okuma s\u00fcresi\" \/>\n\t<meta name=\"twitter:data2\" content=\"1 dakika\" \/>\n<script type=\"application\/ld+json\" class=\"yoast-schema-graph\">{\"@context\":\"https:\/\/schema.org\",\"@graph\":[{\"@type\":\"Article\",\"@id\":\"https:\/\/vanxhaber.com\/index.php\/2024\/01\/15\/dem-parti-van-buyuksehir-belediyesi-esbaskan-adaylari-belli-oldu\/#article\",\"isPartOf\":{\"@id\":\"https:\/\/vanxhaber.com\/index.php\/2024\/01\/15\/dem-parti-van-buyuksehir-belediyesi-esbaskan-adaylari-belli-oldu\/\"},\"author\":{\"name\":\"Van X Haber\",\"@id\":\"https:\/\/vanxhaber.com\/#\/schema\/person\/a5fd8d89510cb5370e62ad176f7978ee\"},\"headline\":\"DEM Parti Van B\u00fcy\u00fck\u015fehir Belediyesi E\u015fba\u015fkan adaylar\u0131 belli oldu\",\"datePublished\":\"2024-01-15T10:50:21+00:00\",\"dateModified\":\"2024-01-15T10:50:23+00:00\",\"mainEntityOfPage\":{\"@id\":\"https:\/\/vanxhaber.com\/index.php\/2024\/01\/15\/dem-parti-van-buyuksehir-belediyesi-esbaskan-adaylari-belli-oldu\/\"},\"wordCount\":128,\"commentCount\":0,\"image\":{\"@id\":\"https:\/\/vanxhaber.com\/index.php\/2024\/01\/15\/dem-parti-van-buyuksehir-belediyesi-esbaskan-adaylari-belli-oldu\/#primaryimage\"},\"thumbnailUrl\":\"https:\/\/vanxhaber.com\/wp-content\/uploads\/2024\/01\/dem-parti-adaylari.jpg\",\"articleSection\":[\"Van E\u011fitim\",\"Van Haber\",\"Van Haberleri\"],\"inLanguage\":\"tr\",\"potentialAction\":[{\"@type\":\"CommentAction\",\"name\":\"Comment\",\"target\":[\"https:\/\/vanxhaber.com\/index.php\/2024\/01\/15\/dem-parti-van-buyuksehir-belediyesi-esbaskan-adaylari-belli-oldu\/#respond\"]}],\"copyrightYear\":\"2024\",\"copyrightHolder\":{\"@id\":\"https:\/\/vanxhaber.com\/#organization\"}},{\"@type\":\"WebPage\",\"@id\":\"https:\/\/vanxhaber.com\/index.php\/2024\/01\/15\/dem-parti-van-buyuksehir-belediyesi-esbaskan-adaylari-belli-oldu\/\",\"url\":\"https:\/\/vanxhaber.com\/index.php\/2024\/01\/15\/dem-parti-van-buyuksehir-belediyesi-esbaskan-adaylari-belli-oldu\/\",\"name\":\"DEM Parti Van B\u00fcy\u00fck\u015fehir Belediyesi E\u015fba\u015fkan adaylar\u0131 belli oldu - Van Haber | Van X Haber | Van Haberleri\",\"isPartOf\":{\"@id\":\"https:\/\/vanxhaber.com\/#website\"},\"primaryImageOfPage\":{\"@id\":\"https:\/\/vanxhaber.com\/index.php\/2024\/01\/15\/dem-parti-van-buyuksehir-belediyesi-esbaskan-adaylari-belli-oldu\/#primaryimage\"},\"image\":{\"@id\":\"https:\/\/vanxhaber.com\/index.php\/2024\/01\/15\/dem-parti-van-buyuksehir-belediyesi-esbaskan-adaylari-belli-oldu\/#primaryimage\"},\"thumbnailUrl\":\"https:\/\/vanxhaber.com\/wp-content\/uploads\/2024\/01\/dem-parti-adaylari.jpg\",\"datePublished\":\"2024-01-15T10:50:21+00:00\",\"dateModified\":\"2024-01-15T10:50:23+00:00\",\"author\":{\"@id\":\"https:\/\/vanxhaber.com\/#\/schema\/person\/a5fd8d89510cb5370e62ad176f7978ee\"},\"breadcrumb\":{\"@id\":\"https:\/\/vanxhaber.com\/index.php\/2024\/01\/15\/dem-parti-van-buyuksehir-belediyesi-esbaskan-adaylari-belli-oldu\/#breadcrumb\"},\"inLanguage\":\"tr\",\"potentialAction\":[{\"@type\":\"ReadAction\",\"target\":[\"https:\/\/vanxhaber.com\/index.php\/2024\/01\/15\/dem-parti-van-buyuksehir-belediyesi-esbaskan-adaylari-belli-oldu\/\"]}]},{\"@type\":\"ImageObject\",\"inLanguage\":\"tr\",\"@id\":\"https:\/\/vanxhaber.com\/index.php\/2024\/01\/15\/dem-parti-van-buyuksehir-belediyesi-esbaskan-adaylari-belli-oldu\/#primaryimage\",\"url\":\"https:\/\/vanxhaber.com\/wp-content\/uploads\/2024\/01\/dem-parti-adaylari.jpg\",\"contentUrl\":\"https:\/\/vanxhaber.com\/wp-content\/uploads\/2024\/01\/dem-parti-adaylari.jpg\",\"width\":641,\"height\":380},{\"@type\":\"BreadcrumbList\",\"@id\":\"https:\/\/vanxhaber.com\/index.php\/2024\/01\/15\/dem-parti-van-buyuksehir-belediyesi-esbaskan-adaylari-belli-oldu\/#breadcrumb\",\"itemListElement\":[{\"@type\":\"ListItem\",\"position\":1,\"name\":\"Anasayfa\",\"item\":\"https:\/\/vanxhaber.com\/\"},{\"@type\":\"ListItem\",\"position\":2,\"name\":\"DEM Parti Van B\u00fcy\u00fck\u015fehir Belediyesi E\u015fba\u015fkan adaylar\u0131 belli oldu\"}]},{\"@type\":\"WebSite\",\"@id\":\"https:\/\/vanxhaber.com\/#website\",\"url\":\"https:\/\/vanxhaber.com\/\",\"name\":\"Van Haber | Van X Haber | Van Haberleri\",\"description\":\"Van Haber, Van&#039;\u0131n ilk yapay zeka teknolojileri ile yaz\u0131lan Van X Haber ve Van Haberlerini aktif g\u00fcncel sunan tek vanhaber merkezidir.\",\"potentialAction\":[{\"@type\":\"SearchAction\",\"target\":{\"@type\":\"EntryPoint\",\"urlTemplate\":\"https:\/\/vanxhaber.com\/?s={search_term_string}\"},\"query-input\":{\"@type\":\"PropertyValueSpecification\",\"valueRequired\":true,\"valueName\":\"search_term_string\"}}],\"inLanguage\":\"tr\"},{\"@type\":\"Person\",\"@id\":\"https:\/\/vanxhaber.com\/#\/schema\/person\/a5fd8d89510cb5370e62ad176f7978ee\",\"name\":\"Van X Haber\",\"image\":{\"@type\":\"ImageObject\",\"inLanguage\":\"tr\",\"@id\":\"https:\/\/vanxhaber.com\/#\/schema\/person\/image\/\",\"url\":\"https:\/\/secure.gravatar.com\/avatar\/36f2f63826681263103acb5ca1e7bc1a6db11baea9b75dd091d89b74f2704b07?s=96&d=mm&r=g\",\"contentUrl\":\"https:\/\/secure.gravatar.com\/avatar\/36f2f63826681263103acb5ca1e7bc1a6db11baea9b75dd091d89b74f2704b07?s=96&d=mm&r=g\",\"caption\":\"Van X Haber\"},\"description\":\"Van X Haber Van'\u0131n ilk ve tek yeni nesil Van Haber merkezi. Son Dakika Van Haberleri ve G\u00fcncel Van haber merkezinde s\u0131cak geli\u015fmeleri aktarmaya devam edece\u011fiz.\",\"url\":\"https:\/\/vanxhaber.com\/index.php\/author\/vangazetesi\/\"}]}<\/script>\n<!-- \/ Yoast SEO Premium plugin. -->","yoast_head_json":{"title":"DEM Parti Van B\u00fcy\u00fck\u015fehir Belediyesi E\u015fba\u015fkan adaylar\u0131 belli oldu - Van Haber | Van X Haber | Van Haberleri","robots":{"index":"index","follow":"follow","max-snippet":"max-snippet:-1","max-image-preview":"max-image-preview:large","max-video-preview":"max-video-preview:-1"},"canonical":"https:\/\/vanxhaber.com\/index.php\/2024\/01\/15\/dem-parti-van-buyuksehir-belediyesi-esbaskan-adaylari-belli-oldu\/","og_locale":"tr_TR","og_type":"article","og_title":"DEM Parti Van B\u00fcy\u00fck\u015fehir Belediyesi E\u015fba\u015fkan adaylar\u0131 belli oldu","og_description":"DEM Parti Van \u00f6n se\u00e7im, DEM Parti Van halk oylamas\u0131. HEDEP Van \u00f6n se\u00e7im. HEDEP Van halk oylamas\u0131. Halklar\u0131n E\u015fitlik ve Demokrasi Partisi Van \u00f6n se\u00e7im sonu\u00e7lar\u0131. Abdullah Zeydan e\u015fba\u015fkan aday\u0131 oldu. DEM Parti Van\u2019da d\u00fcn ba\u015flayan \u00f6n se\u00e7imleri tamamlad\u0131. Bug\u00fcn 2\u2019inci tura kalan adaylar tekrar delege oylamas\u0131ndan ge\u00e7ti. Bir\u00e7ok il\u00e7enin adaylar\u0131 kesinle\u015firken b\u00fcy\u00fck\u015fehir adaylar\u0131n\u0131n &hellip;","og_url":"https:\/\/vanxhaber.com\/index.php\/2024\/01\/15\/dem-parti-van-buyuksehir-belediyesi-esbaskan-adaylari-belli-oldu\/","og_site_name":"Van Haber | Van X Haber | Van Haberleri","article_published_time":"2024-01-15T10:50:21+00:00","article_modified_time":"2024-01-15T10:50:23+00:00","og_image":[{"width":641,"height":380,"url":"https:\/\/vanxhaber.com\/wp-content\/uploads\/2024\/01\/dem-parti-adaylari.jpg","type":"image\/jpeg"}],"author":"Van X Haber","twitter_card":"summary_large_image","twitter_misc":{"Yazan:":"Van X Haber","Tahmini okuma s\u00fcresi":"1 dakika"},"schema":{"@context":"https:\/\/schema.org","@graph":[{"@type":"Article","@id":"https:\/\/vanxhaber.com\/index.php\/2024\/01\/15\/dem-parti-van-buyuksehir-belediyesi-esbaskan-adaylari-belli-oldu\/#article","isPartOf":{"@id":"https:\/\/vanxhaber.com\/index.php\/2024\/01\/15\/dem-parti-van-buyuksehir-belediyesi-esbaskan-adaylari-belli-oldu\/"},"author":{"name":"Van X Haber","@id":"https:\/\/vanxhaber.com\/#\/schema\/person\/a5fd8d89510cb5370e62ad176f7978ee"},"headline":"DEM Parti Van B\u00fcy\u00fck\u015fehir Belediyesi E\u015fba\u015fkan adaylar\u0131 belli oldu","datePublished":"2024-01-15T10:50:21+00:00","dateModified":"2024-01-15T10:50:23+00:00","mainEntityOfPage":{"@id":"https:\/\/vanxhaber.com\/index.php\/2024\/01\/15\/dem-parti-van-buyuksehir-belediyesi-esbaskan-adaylari-belli-oldu\/"},"wordCount":128,"commentCount":0,"image":{"@id":"https:\/\/vanxhaber.com\/index.php\/2024\/01\/15\/dem-parti-van-buyuksehir-belediyesi-esbaskan-adaylari-belli-oldu\/#primaryimage"},"thumbnailUrl":"https:\/\/vanxhaber.com\/wp-content\/uploads\/2024\/01\/dem-parti-adaylari.jpg","articleSection":["Van E\u011fitim","Van Haber","Van Haberleri"],"inLanguage":"tr","potentialAction":[{"@type":"CommentAction","name":"Comment","target":["https:\/\/vanxhaber.com\/index.php\/2024\/01\/15\/dem-parti-van-buyuksehir-belediyesi-esbaskan-adaylari-belli-oldu\/#respond"]}],"copyrightYear":"2024","copyrightHolder":{"@id":"https:\/\/vanxhaber.com\/#organization"}},{"@type":"WebPage","@id":"https:\/\/vanxhaber.com\/index.php\/2024\/01\/15\/dem-parti-van-buyuksehir-belediyesi-esbaskan-adaylari-belli-oldu\/","url":"https:\/\/vanxhaber.com\/index.php\/2024\/01\/15\/dem-parti-van-buyuksehir-belediyesi-esbaskan-adaylari-belli-oldu\/","name":"DEM Parti Van B\u00fcy\u00fck\u015fehir Belediyesi E\u015fba\u015fkan adaylar\u0131 belli oldu - Van Haber | Van X Haber | Van Haberleri","isPartOf":{"@id":"https:\/\/vanxhaber.com\/#website"},"primaryImageOfPage":{"@id":"https:\/\/vanxhaber.com\/index.php\/2024\/01\/15\/dem-parti-van-buyuksehir-belediyesi-esbaskan-adaylari-belli-oldu\/#primaryimage"},"image":{"@id":"https:\/\/vanxhaber.com\/index.php\/2024\/01\/15\/dem-parti-van-buyuksehir-belediyesi-esbaskan-adaylari-belli-oldu\/#primaryimage"},"thumbnailUrl":"https:\/\/vanxhaber.com\/wp-content\/uploads\/2024\/01\/dem-parti-adaylari.jpg","datePublished":"2024-01-15T10:50:21+00:00","dateModified":"2024-01-15T10:50:23+00:00","author":{"@id":"https:\/\/vanxhaber.com\/#\/schema\/person\/a5fd8d89510cb5370e62ad176f7978ee"},"breadcrumb":{"@id":"https:\/\/vanxhaber.com\/index.php\/2024\/01\/15\/dem-parti-van-buyuksehir-belediyesi-esbaskan-adaylari-belli-oldu\/#breadcrumb"},"inLanguage":"tr","potentialAction":[{"@type":"ReadAction","target":["https:\/\/vanxhaber.com\/index.php\/2024\/01\/15\/dem-parti-van-buyuksehir-belediyesi-esbaskan-adaylari-belli-oldu\/"]}]},{"@type":"ImageObject","inLanguage":"tr","@id":"https:\/\/vanxhaber.com\/index.php\/2024\/01\/15\/dem-parti-van-buyuksehir-belediyesi-esbaskan-adaylari-belli-oldu\/#primaryimage","url":"https:\/\/vanxhaber.com\/wp-content\/uploads\/2024\/01\/dem-parti-adaylari.jpg","contentUrl":"https:\/\/vanxhaber.com\/wp-content\/uploads\/2024\/01\/dem-parti-adaylari.jpg","width":641,"height":380},{"@type":"BreadcrumbList","@id":"https:\/\/vanxhaber.com\/index.php\/2024\/01\/15\/dem-parti-van-buyuksehir-belediyesi-esbaskan-adaylari-belli-oldu\/#breadcrumb","itemListElement":[{"@type":"ListItem","position":1,"name":"Anasayfa","item":"https:\/\/vanxhaber.com\/"},{"@type":"ListItem","position":2,"name":"DEM Parti Van B\u00fcy\u00fck\u015fehir Belediyesi E\u015fba\u015fkan adaylar\u0131 belli oldu"}]},{"@type":"WebSite","@id":"https:\/\/vanxhaber.com\/#website","url":"https:\/\/vanxhaber.com\/","name":"Van Haber | Van X Haber | Van Haberleri","description":"Van Haber, Van&#039;\u0131n ilk yapay zeka teknolojileri ile yaz\u0131lan Van X Haber ve Van Haberlerini aktif g\u00fcncel sunan tek vanhaber merkezidir.","potentialAction":[{"@type":"SearchAction","target":{"@type":"EntryPoint","urlTemplate":"https:\/\/vanxhaber.com\/?s={search_term_string}"},"query-input":{"@type":"PropertyValueSpecification","valueRequired":true,"valueName":"search_term_string"}}],"inLanguage":"tr"},{"@type":"Person","@id":"https:\/\/vanxhaber.com\/#\/schema\/person\/a5fd8d89510cb5370e62ad176f7978ee","name":"Van X Haber","image":{"@type":"ImageObject","inLanguage":"tr","@id":"https:\/\/vanxhaber.com\/#\/schema\/person\/image\/","url":"https:\/\/secure.gravatar.com\/avatar\/36f2f63826681263103acb5ca1e7bc1a6db11baea9b75dd091d89b74f2704b07?s=96&d=mm&r=g","contentUrl":"https:\/\/secure.gravatar.com\/avatar\/36f2f63826681263103acb5ca1e7bc1a6db11baea9b75dd091d89b74f2704b07?s=96&d=mm&r=g","caption":"Van X Haber"},"description":"Van X Haber Van'\u0131n ilk ve tek yeni nesil Van Haber merkezi. Son Dakika Van Haberleri ve G\u00fcncel Van haber merkezinde s\u0131cak geli\u015fmeleri aktarmaya devam edece\u011fiz.","url":"https:\/\/vanxhaber.com\/index.php\/author\/vangazetesi\/"}]}},"_links":{"self":[{"href":"https:\/\/vanxhaber.com\/index.php\/wp-json\/wp\/v2\/posts\/1349","targetHints":{"allow":["GET"]}}],"collection":[{"href":"https:\/\/vanxhaber.com\/index.php\/wp-json\/wp\/v2\/posts"}],"about":[{"href":"https:\/\/vanxhaber.com\/index.php\/wp-json\/wp\/v2\/types\/post"}],"author":[{"embeddable":true,"href":"https:\/\/vanxhaber.com\/index.php\/wp-json\/wp\/v2\/users\/2"}],"replies":[{"embeddable":true,"href":"https:\/\/vanxhaber.com\/index.php\/wp-json\/wp\/v2\/comments?post=1349"}],"version-history":[{"count":1,"href":"https:\/\/vanxhaber.com\/index.php\/wp-json\/wp\/v2\/posts\/1349\/revisions"}],"predecessor-version":[{"id":1352,"href":"https:\/\/vanxhaber.com\/index.php\/wp-json\/wp\/v2\/posts\/1349\/revisions\/1352"}],"wp:featuredmedia":[{"embeddable":true,"href":"https:\/\/vanxhaber.com\/index.php\/wp-json\/wp\/v2\/media\/1351"}],"wp:attachment":[{"href":"https:\/\/vanxhaber.com\/index.php\/wp-json\/wp\/v2\/media?parent=1349"}],"wp:term":[{"taxonomy":"category","embeddable":true,"href":"https:\/\/vanxhaber.com\/index.php\/wp-json\/wp\/v2\/categories?post=1349"},{"taxonomy":"post_tag","embeddable":true,"href":"https:\/\/vanxhaber.com\/index.php\/wp-json\/wp\/v2\/tags?post=1349"}],"curies":[{"name":"wp","href":"https:\/\/api.w.org\/{rel}","templated":true}]}}