{"id":1359,"date":"2024-01-15T14:24:53","date_gmt":"2024-01-15T14:24:53","guid":{"rendered":"https:\/\/vanxhaber.com\/?p=1359"},"modified":"2024-01-15T14:24:54","modified_gmt":"2024-01-15T14:24:54","slug":"vanda-boyle-bir-muhtar-adayi-gorulmedi-30-proje","status":"publish","type":"post","link":"https:\/\/vanxhaber.com\/index.php\/2024\/01\/15\/vanda-boyle-bir-muhtar-adayi-gorulmedi-30-proje\/","title":{"rendered":"Van&#8217;da b\u00f6yle bir muhtar aday\u0131 g\u00f6r\u00fclmedi 30 proje"},"content":{"rendered":"\n<p><strong>Van \u0130pekyolu il\u00e7esi Vali Mithatbey mahallesi muhtar aday\u0131 &#8220;40 y\u0131ll\u0131k mahalleli bu mahalleye Ayten Toplao\u011flu eli de\u011fmeli&#8221;dedi, Van Haber&#8217;de g\u00fcndem oldu.<\/strong><\/p>\n\n\n\n<p><strong>Vali Mithatbey mahallesi <\/strong>Muhtar aday\u0131 ve Topalo\u011flu Gayrimenkul i\u015fletme sahibi Ayten Toplao\u011flu, Van Haber Gazetesi&#8217;ne konuk olarak a\u00e7\u0131klamada bulundu.<\/p>\n\n\n\n<p>Topalo\u011flu, &#8220;Uzun s\u00fcredir emlak\u00e7\u0131l\u0131k hizmeti veriyorum. Vali Mithat Bey mahallesi, b\u00fcy\u00fcd\u00fc\u011f\u00fcm ve bildi\u011fim bir mahalledir. Muhtar aday\u0131 olmam\u0131n en b\u00fcy\u00fck sebeplerden biri ise; mahallede bulunan eksiklerdir. Van&#8217;\u0131n en iyi mahallelerinden biri olmas\u0131na ra\u011fmen baz\u0131 eksiklikler giderilmemi\u015f ve bu durumdan dolay\u0131 Aday oldum. En \u00fccra mahallelere bak\u0131ld\u0131\u011f\u0131nda bir\u00e7ok s\u0131k\u0131nt\u0131lar\u0131 giderilmi\u015ftir. Vali Mithat Bey Mahallesi merkez mahallesi olmas\u0131na ra\u011fmen bir\u00e7ok s\u0131k\u0131nt\u0131 ile kar\u015f\u0131 kar\u015f\u0131ya oldu\u011funu g\u00f6rmekteyiz. Van ilinde muhtar olmak \u00e7al\u0131\u015fman\u0131n bir par\u00e7as\u0131d\u0131r.<\/p>\n\n\n\n<p>Kad\u0131n muhtar olarak &#8220;40 y\u0131ll\u0131k mahalleli bu mahalleye Ayten Toplao\u011flu eli de\u011fmeli&#8221; slogan\u0131yla farkl\u0131l\u0131k getirece\u011fime inan\u0131yorum. Kad\u0131nlar\u0131n \u00e7o\u011funlukta oldu\u011fu bir mahalle oldu\u011fu i\u00e7in t\u00fcm sorunlar\u0131 birebir ara\u015ft\u0131rarak, \u00e7\u00f6z\u00fcme kavu\u015fturmak i\u00e7in var g\u00fcc\u00fcmle \u00e7al\u0131\u015faca\u011f\u0131m. Sosyal yard\u0131mlar ve bir\u00e7ok projelerimizle mahalle halk\u0131m\u0131za hizmet edece\u011fim. Bir kad\u0131n olarak; daha b\u00fcy\u00fck hizmetler sunaca\u011f\u0131z. Her gitti\u011fimiz kap\u0131da g\u00fczel kar\u015f\u0131lan\u0131yoruz. Bu da bizleri ayr\u0131ca mutlu etmektedir. Umar\u0131z, <strong>Vali Mithatbey Mahallesi <\/strong>sakinleri, bizlere oy vererek hizmetlerimize biran \u00f6nce ba\u015flar\u0131z.<\/p>\n\n\n\n<p><strong>Kad\u0131n muhtar <\/strong>olarak; \u00e7ok daha iyi problemlere \u00e7\u00f6z\u00fcm getirece\u011fimi, mahalleye huzur getirece\u011fimi daha g\u00fczel i\u015fler yap\u0131laca\u011f\u0131m\u0131 biliyorum. Muhtar oldu\u011fumda baya bir problem \u00e7\u00f6z\u00fclece\u011fine inan\u0131yorum. Van&#8217;\u0131n en b\u00fcy\u00fck mahallelerden biri olan Vali Mithatbey mahallesinde ikamet eden g\u00fczel y\u00fcrekli halk\u0131m\u0131n oylar\u0131na talibim. Gelin beraber, mahallemizi g\u00fczelle\u015ftirelim. Birlikte daha g\u00fczel bir mahalle in\u015fa edelim.&#8221;deyerek konu\u015fmalar\u0131na projeleriyle devam etti.<\/p>\n\n\n\n<p><strong>VAL\u0130 M\u0130THATBEY MAHALLES\u0130 MUHTAR ADAYININ MADDE MADDE PROJELER\u0130<\/strong><br>&#8220;1. Sokak ve caddelerin estetik g\u00fczelli\u011fine \u00f6nem vermek i\u00e7in peyzaj d\u00fczenlemeleri ve sanatsal dokunu\u015flar planlamak.<\/p>\n\n\n\n<ol class=\"wp-block-list\" start=\"2\">\n<li>Sokak lambalar\u0131na estetik g\u00f6r\u00fcn\u00fcm kazand\u0131rmak ve kald\u0131r\u0131mlardan kald\u0131rmak, modern ayd\u0131nlatma \u00e7\u00f6z\u00fcmleri ile \u015fehir g\u00f6r\u00fcnt\u00fcs\u00fcn\u00fc iyile\u015ftirmek.<\/li>\n\n\n\n<li>D\u00fczensiz park sorununu \u00e7\u00f6zmek i\u00e7in yeni d\u00fczenlemeler ve park alanlar\u0131 olu\u015fturmak.<\/li>\n\n\n\n<li>Okul \u00f6nlerindeki kald\u0131r\u0131m ve yollar\u0131 \u00e7ocuklar i\u00e7in daha g\u00fcvenli hale getirmek i\u00e7in tasar\u0131m de\u011fi\u015fiklikleri yapmak.<\/li>\n\n\n\n<li>Mahalle genelinde temizlik ve \u00e7\u00f6p sorunlar\u0131n\u0131 \u00e7\u00f6zmek i\u00e7in d\u00fczenli temizlik kampanyalar\u0131 ve at\u0131k y\u00f6netim sistemleri kurmak.<\/li>\n\n\n\n<li>Trafik kazalar\u0131n\u0131 \u00f6nlemek i\u00e7in trafik \u0131\u015f\u0131klar\u0131n\u0131 g\u00f6zden ge\u00e7irip g\u00fcvenli\u011fi art\u0131rmak.<\/li>\n\n\n\n<li>Akk\u00f6pr\u00fc park\u0131n\u0131 etkinlik ve organizasyonlarla canl\u0131 ve e\u011flence merkezi haline getirerek mahallelinin kullan\u0131m\u0131na uygun hale getirmek.<\/li>\n\n\n\n<li>Akk\u00f6pr\u00fc park\u0131nda haftal\u0131k kad\u0131n el eme\u011fi pazar\u0131 d\u00fczenlemek.<\/li>\n\n\n\n<li>Yaz \u015fenlikleri kapsam\u0131nda Akk\u00f6pr\u00fc park\u0131nda konserler d\u00fczenlemek.<\/li>\n\n\n\n<li>Akk\u00f6pr\u00fc park\u0131nda hafta sonlar\u0131 \u00e7ocuk etkinlikleri d\u00fczenlemek.<\/li>\n\n\n\n<li>Muhtarl\u0131\u011f\u0131 konteynerdan \u00e7\u0131kar\u0131p modern muhtarl\u0131k binalar\u0131 kurmak.<\/li>\n\n\n\n<li>Muhtarl\u0131k binalar\u0131nda aile destek e\u011fitim birimleri olu\u015fturmak.<\/li>\n\n\n\n<li>Bayanlar i\u00e7in spor ve egzersiz alanlar\u0131 a\u00e7mak.<\/li>\n\n\n\n<li>Erkekler i\u00e7in \u00fccretsiz hal\u0131 saha yapmak.<\/li>\n\n\n\n<li>Mahalle toplant\u0131 bulu\u015fma evi in\u015fa etmek.<\/li>\n\n\n\n<li>Erkek ve bayanlar i\u00e7in ayr\u0131 g\u00fcn ve t\u00fcrk\u00fc geceleri d\u00fczenleyerek mahalle sakinlerinin birlik ve beraberli\u011fini sa\u011flamak.<\/li>\n\n\n\n<li>Tur \u015firketleri ile yurt i\u00e7i seyahatler d\u00fczenlemek.<\/li>\n\n\n\n<li>Van&#8217;\u0131n turistik yerlerine piknik organizasyonlar\u0131 yapmak.<\/li>\n\n\n\n<li>Sosyal yard\u0131mla\u015fma desteklerini tek kalemde toplamak.<\/li>\n\n\n\n<li>Da\u011f\u0131n\u0131k verilen destekleri kald\u0131r\u0131p yard\u0131ma ihtiya\u00e7 duyulan hanelere enflasyon oran\u0131nda parasal destek sa\u011flamak.<\/li>\n\n\n\n<li>D\u00fc\u015f\u00fck rakamlarla verilen yard\u0131m miktar\u0131n\u0131 en az 5 bin TL yapmak.<\/li>\n\n\n\n<li>Sosyal yard\u0131mla\u015fma kurumunu muhtarl\u0131klara ba\u011fl\u0131 bir kurum haline getirerek ger\u00e7ek ihtiya\u00e7 sahiplerini tespit etmek.<\/li>\n\n\n\n<li>Gereksiz m\u00fclkiyet ve gelir getirmeyen mallardan dolay\u0131 yard\u0131ma muhta\u00e7 olan ger\u00e7ek d\u00fc\u015fk\u00fcn durumdaki mahalle sakinlerine yard\u0131mc\u0131 olmak.<\/li>\n\n\n\n<li>Valimithat Bey Mahallesi grubu olu\u015fturarak mahalledeki sorunlar\u0131 payla\u015fmak ve \u00e7\u00f6z\u00fcm bulmak.<\/li>\n\n\n\n<li>Vali Mithat Bey Mahallesi aile grubu kurarak taziyeler, d\u00fc\u011f\u00fcnler, sevin\u00e7 ve h\u00fcz\u00fcnleri birbirleriyle payla\u015fmak.<\/li>\n\n\n\n<li>E\u011fitim alan\u0131nda \u00e7ocuklar\u0131n okullar\u0131nda temizlik, d\u00fczen, hijyen ve g\u00fcvenli\u011fi sa\u011flamak i\u00e7in gerekli ara\u00e7 ve gere\u00e7leri temin etmek.<\/li>\n\n\n\n<li>Milli E\u011fitim Bakanl\u0131\u011f\u0131 ile ileti\u015fime ge\u00e7ip merkezi okullardaki s\u0131n\u0131f mevcudunun d\u00fc\u015f\u00fcr\u00fclmesi i\u00e7in ek s\u0131n\u0131flar a\u00e7t\u0131rmak.<\/li>\n\n\n\n<li>Okullarda kursa kalma sistemini geri getirerek \u00f6\u011frencilerin d\u00fczeyini e\u015fitlemek.<\/li>\n\n\n\n<li>Mahalleye ait olan Rus pazar\u0131n\u0131n turistik bir g\u00f6r\u00fcn\u00fcme kavu\u015fturularak Akk\u00f6pr\u00fc park\u0131nda tekrar in\u015fa edilmesini sa\u011flamak.<\/li>\n\n\n\n<li>Be\u015fyol merkezinin tam ortas\u0131na in\u015fa edilmi\u015f Rus pazar\u0131n\u0131n yerini Be\u015fyol meydan\u0131 olarak d\u00fczenleyip g\u00f6steri sanat etkinlikleri ve toplant\u0131 meydan\u0131 olarak kullanmak.&#8221;dedi.<\/li>\n<\/ol>\n","protected":false},"excerpt":{"rendered":"<p>Van \u0130pekyolu il\u00e7esi Vali Mithatbey mahallesi muhtar aday\u0131 &#8220;40 y\u0131ll\u0131k mahalleli bu mahalleye Ayten Toplao\u011flu eli de\u011fmeli&#8221;dedi, Van Haber&#8217;de g\u00fcndem oldu. Vali Mithatbey mahallesi Muhtar aday\u0131 ve Topalo\u011flu Gayrimenkul i\u015fletme sahibi Ayten Toplao\u011flu, Van Haber Gazetesi&#8217;ne konuk olarak a\u00e7\u0131klamada bulundu. Topalo\u011flu, &#8220;Uzun s\u00fcredir emlak\u00e7\u0131l\u0131k hizmeti veriyorum. Vali Mithat Bey mahallesi, b\u00fcy\u00fcd\u00fc\u011f\u00fcm ve bildi\u011fim bir mahalledir. &hellip;<\/p>\n","protected":false},"author":2,"featured_media":1361,"comment_status":"open","ping_status":"closed","sticky":false,"template":"","format":"standard","meta":{"googlesitekit_rrm_CAowot3VCw:productID":"","footnotes":""},"categories":[24],"tags":[],"class_list":["post-1359","post","type-post","status-publish","format-standard","has-post-thumbnail","hentry","category-van-haberleri"],"yoast_head":"<!-- This site is optimized with the Yoast SEO Premium plugin v21.7 (Yoast SEO v26.7) - https:\/\/yoast.com\/wordpress\/plugins\/seo\/ -->\n<title>Van&#039;da b\u00f6yle bir muhtar aday\u0131 g\u00f6r\u00fclmedi 30 proje - Van Haber | Van X Haber | Van Haberleri<\/title>\n<meta name=\"robots\" content=\"index, follow, max-snippet:-1, max-image-preview:large, max-video-preview:-1\" \/>\n<link rel=\"canonical\" href=\"https:\/\/vanxhaber.com\/index.php\/2024\/01\/15\/vanda-boyle-bir-muhtar-adayi-gorulmedi-30-proje\/\" \/>\n<meta property=\"og:locale\" content=\"tr_TR\" \/>\n<meta property=\"og:type\" content=\"article\" \/>\n<meta property=\"og:title\" content=\"Van&#039;da b\u00f6yle bir muhtar aday\u0131 g\u00f6r\u00fclmedi 30 proje\" \/>\n<meta property=\"og:description\" content=\"Van \u0130pekyolu il\u00e7esi Vali Mithatbey mahallesi muhtar aday\u0131 &#8220;40 y\u0131ll\u0131k mahalleli bu mahalleye Ayten Toplao\u011flu eli de\u011fmeli&#8221;dedi, Van Haber&#8217;de g\u00fcndem oldu. Vali Mithatbey mahallesi Muhtar aday\u0131 ve Topalo\u011flu Gayrimenkul i\u015fletme sahibi Ayten Toplao\u011flu, Van Haber Gazetesi&#8217;ne konuk olarak a\u00e7\u0131klamada bulundu. Topalo\u011flu, &#8220;Uzun s\u00fcredir emlak\u00e7\u0131l\u0131k hizmeti veriyorum. Vali Mithat Bey mahallesi, b\u00fcy\u00fcd\u00fc\u011f\u00fcm ve bildi\u011fim bir mahalledir. &hellip;\" \/>\n<meta property=\"og:url\" content=\"https:\/\/vanxhaber.com\/index.php\/2024\/01\/15\/vanda-boyle-bir-muhtar-adayi-gorulmedi-30-proje\/\" \/>\n<meta property=\"og:site_name\" content=\"Van Haber | Van X Haber | Van Haberleri\" \/>\n<meta property=\"article:published_time\" content=\"2024-01-15T14:24:53+00:00\" \/>\n<meta property=\"article:modified_time\" content=\"2024-01-15T14:24:54+00:00\" \/>\n<meta property=\"og:image\" content=\"https:\/\/vanxhaber.com\/wp-content\/uploads\/2024\/01\/ay-ten-topaloglu.jpg\" \/>\n\t<meta property=\"og:image:width\" content=\"641\" \/>\n\t<meta property=\"og:image:height\" content=\"380\" \/>\n\t<meta property=\"og:image:type\" content=\"image\/jpeg\" \/>\n<meta name=\"author\" content=\"Van X Haber\" \/>\n<meta name=\"twitter:card\" content=\"summary_large_image\" \/>\n<meta name=\"twitter:label1\" content=\"Yazan:\" \/>\n\t<meta name=\"twitter:data1\" content=\"Van X Haber\" \/>\n\t<meta name=\"twitter:label2\" content=\"Tahmini okuma s\u00fcresi\" \/>\n\t<meta name=\"twitter:data2\" content=\"4 dakika\" \/>\n<script type=\"application\/ld+json\" class=\"yoast-schema-graph\">{\"@context\":\"https:\/\/schema.org\",\"@graph\":[{\"@type\":\"Article\",\"@id\":\"https:\/\/vanxhaber.com\/index.php\/2024\/01\/15\/vanda-boyle-bir-muhtar-adayi-gorulmedi-30-proje\/#article\",\"isPartOf\":{\"@id\":\"https:\/\/vanxhaber.com\/index.php\/2024\/01\/15\/vanda-boyle-bir-muhtar-adayi-gorulmedi-30-proje\/\"},\"author\":{\"name\":\"Van X Haber\",\"@id\":\"https:\/\/vanxhaber.com\/#\/schema\/person\/a5fd8d89510cb5370e62ad176f7978ee\"},\"headline\":\"Van&#8217;da b\u00f6yle bir muhtar aday\u0131 g\u00f6r\u00fclmedi 30 proje\",\"datePublished\":\"2024-01-15T14:24:53+00:00\",\"dateModified\":\"2024-01-15T14:24:54+00:00\",\"mainEntityOfPage\":{\"@id\":\"https:\/\/vanxhaber.com\/index.php\/2024\/01\/15\/vanda-boyle-bir-muhtar-adayi-gorulmedi-30-proje\/\"},\"wordCount\":873,\"commentCount\":0,\"image\":{\"@id\":\"https:\/\/vanxhaber.com\/index.php\/2024\/01\/15\/vanda-boyle-bir-muhtar-adayi-gorulmedi-30-proje\/#primaryimage\"},\"thumbnailUrl\":\"https:\/\/vanxhaber.com\/wp-content\/uploads\/2024\/01\/ay-ten-topaloglu.jpg\",\"articleSection\":[\"Van Haberleri\"],\"inLanguage\":\"tr\",\"potentialAction\":[{\"@type\":\"CommentAction\",\"name\":\"Comment\",\"target\":[\"https:\/\/vanxhaber.com\/index.php\/2024\/01\/15\/vanda-boyle-bir-muhtar-adayi-gorulmedi-30-proje\/#respond\"]}],\"copyrightYear\":\"2024\",\"copyrightHolder\":{\"@id\":\"https:\/\/vanxhaber.com\/#organization\"}},{\"@type\":\"WebPage\",\"@id\":\"https:\/\/vanxhaber.com\/index.php\/2024\/01\/15\/vanda-boyle-bir-muhtar-adayi-gorulmedi-30-proje\/\",\"url\":\"https:\/\/vanxhaber.com\/index.php\/2024\/01\/15\/vanda-boyle-bir-muhtar-adayi-gorulmedi-30-proje\/\",\"name\":\"Van'da b\u00f6yle bir muhtar aday\u0131 g\u00f6r\u00fclmedi 30 proje - Van Haber | Van X Haber | Van Haberleri\",\"isPartOf\":{\"@id\":\"https:\/\/vanxhaber.com\/#website\"},\"primaryImageOfPage\":{\"@id\":\"https:\/\/vanxhaber.com\/index.php\/2024\/01\/15\/vanda-boyle-bir-muhtar-adayi-gorulmedi-30-proje\/#primaryimage\"},\"image\":{\"@id\":\"https:\/\/vanxhaber.com\/index.php\/2024\/01\/15\/vanda-boyle-bir-muhtar-adayi-gorulmedi-30-proje\/#primaryimage\"},\"thumbnailUrl\":\"https:\/\/vanxhaber.com\/wp-content\/uploads\/2024\/01\/ay-ten-topaloglu.jpg\",\"datePublished\":\"2024-01-15T14:24:53+00:00\",\"dateModified\":\"2024-01-15T14:24:54+00:00\",\"author\":{\"@id\":\"https:\/\/vanxhaber.com\/#\/schema\/person\/a5fd8d89510cb5370e62ad176f7978ee\"},\"breadcrumb\":{\"@id\":\"https:\/\/vanxhaber.com\/index.php\/2024\/01\/15\/vanda-boyle-bir-muhtar-adayi-gorulmedi-30-proje\/#breadcrumb\"},\"inLanguage\":\"tr\",\"potentialAction\":[{\"@type\":\"ReadAction\",\"target\":[\"https:\/\/vanxhaber.com\/index.php\/2024\/01\/15\/vanda-boyle-bir-muhtar-adayi-gorulmedi-30-proje\/\"]}]},{\"@type\":\"ImageObject\",\"inLanguage\":\"tr\",\"@id\":\"https:\/\/vanxhaber.com\/index.php\/2024\/01\/15\/vanda-boyle-bir-muhtar-adayi-gorulmedi-30-proje\/#primaryimage\",\"url\":\"https:\/\/vanxhaber.com\/wp-content\/uploads\/2024\/01\/ay-ten-topaloglu.jpg\",\"contentUrl\":\"https:\/\/vanxhaber.com\/wp-content\/uploads\/2024\/01\/ay-ten-topaloglu.jpg\",\"width\":641,\"height\":380},{\"@type\":\"BreadcrumbList\",\"@id\":\"https:\/\/vanxhaber.com\/index.php\/2024\/01\/15\/vanda-boyle-bir-muhtar-adayi-gorulmedi-30-proje\/#breadcrumb\",\"itemListElement\":[{\"@type\":\"ListItem\",\"position\":1,\"name\":\"Anasayfa\",\"item\":\"https:\/\/vanxhaber.com\/\"},{\"@type\":\"ListItem\",\"position\":2,\"name\":\"Van&#8217;da b\u00f6yle bir muhtar aday\u0131 g\u00f6r\u00fclmedi 30 proje\"}]},{\"@type\":\"WebSite\",\"@id\":\"https:\/\/vanxhaber.com\/#website\",\"url\":\"https:\/\/vanxhaber.com\/\",\"name\":\"Van Haber | Van X Haber | Van Haberleri\",\"description\":\"Van Haber, Van&#039;\u0131n ilk yapay zeka teknolojileri ile yaz\u0131lan Van X Haber ve Van Haberlerini aktif g\u00fcncel sunan tek vanhaber merkezidir.\",\"potentialAction\":[{\"@type\":\"SearchAction\",\"target\":{\"@type\":\"EntryPoint\",\"urlTemplate\":\"https:\/\/vanxhaber.com\/?s={search_term_string}\"},\"query-input\":{\"@type\":\"PropertyValueSpecification\",\"valueRequired\":true,\"valueName\":\"search_term_string\"}}],\"inLanguage\":\"tr\"},{\"@type\":\"Person\",\"@id\":\"https:\/\/vanxhaber.com\/#\/schema\/person\/a5fd8d89510cb5370e62ad176f7978ee\",\"name\":\"Van X Haber\",\"image\":{\"@type\":\"ImageObject\",\"inLanguage\":\"tr\",\"@id\":\"https:\/\/vanxhaber.com\/#\/schema\/person\/image\/\",\"url\":\"https:\/\/secure.gravatar.com\/avatar\/36f2f63826681263103acb5ca1e7bc1a6db11baea9b75dd091d89b74f2704b07?s=96&d=mm&r=g\",\"contentUrl\":\"https:\/\/secure.gravatar.com\/avatar\/36f2f63826681263103acb5ca1e7bc1a6db11baea9b75dd091d89b74f2704b07?s=96&d=mm&r=g\",\"caption\":\"Van X Haber\"},\"description\":\"Van X Haber Van'\u0131n ilk ve tek yeni nesil Van Haber merkezi. Son Dakika Van Haberleri ve G\u00fcncel Van haber merkezinde s\u0131cak geli\u015fmeleri aktarmaya devam edece\u011fiz.\",\"url\":\"https:\/\/vanxhaber.com\/index.php\/author\/vangazetesi\/\"}]}<\/script>\n<!-- \/ Yoast SEO Premium plugin. -->","yoast_head_json":{"title":"Van'da b\u00f6yle bir muhtar aday\u0131 g\u00f6r\u00fclmedi 30 proje - Van Haber | Van X Haber | Van Haberleri","robots":{"index":"index","follow":"follow","max-snippet":"max-snippet:-1","max-image-preview":"max-image-preview:large","max-video-preview":"max-video-preview:-1"},"canonical":"https:\/\/vanxhaber.com\/index.php\/2024\/01\/15\/vanda-boyle-bir-muhtar-adayi-gorulmedi-30-proje\/","og_locale":"tr_TR","og_type":"article","og_title":"Van'da b\u00f6yle bir muhtar aday\u0131 g\u00f6r\u00fclmedi 30 proje","og_description":"Van \u0130pekyolu il\u00e7esi Vali Mithatbey mahallesi muhtar aday\u0131 &#8220;40 y\u0131ll\u0131k mahalleli bu mahalleye Ayten Toplao\u011flu eli de\u011fmeli&#8221;dedi, Van Haber&#8217;de g\u00fcndem oldu. Vali Mithatbey mahallesi Muhtar aday\u0131 ve Topalo\u011flu Gayrimenkul i\u015fletme sahibi Ayten Toplao\u011flu, Van Haber Gazetesi&#8217;ne konuk olarak a\u00e7\u0131klamada bulundu. Topalo\u011flu, &#8220;Uzun s\u00fcredir emlak\u00e7\u0131l\u0131k hizmeti veriyorum. Vali Mithat Bey mahallesi, b\u00fcy\u00fcd\u00fc\u011f\u00fcm ve bildi\u011fim bir mahalledir. &hellip;","og_url":"https:\/\/vanxhaber.com\/index.php\/2024\/01\/15\/vanda-boyle-bir-muhtar-adayi-gorulmedi-30-proje\/","og_site_name":"Van Haber | Van X Haber | Van Haberleri","article_published_time":"2024-01-15T14:24:53+00:00","article_modified_time":"2024-01-15T14:24:54+00:00","og_image":[{"width":641,"height":380,"url":"https:\/\/vanxhaber.com\/wp-content\/uploads\/2024\/01\/ay-ten-topaloglu.jpg","type":"image\/jpeg"}],"author":"Van X Haber","twitter_card":"summary_large_image","twitter_misc":{"Yazan:":"Van X Haber","Tahmini okuma s\u00fcresi":"4 dakika"},"schema":{"@context":"https:\/\/schema.org","@graph":[{"@type":"Article","@id":"https:\/\/vanxhaber.com\/index.php\/2024\/01\/15\/vanda-boyle-bir-muhtar-adayi-gorulmedi-30-proje\/#article","isPartOf":{"@id":"https:\/\/vanxhaber.com\/index.php\/2024\/01\/15\/vanda-boyle-bir-muhtar-adayi-gorulmedi-30-proje\/"},"author":{"name":"Van X Haber","@id":"https:\/\/vanxhaber.com\/#\/schema\/person\/a5fd8d89510cb5370e62ad176f7978ee"},"headline":"Van&#8217;da b\u00f6yle bir muhtar aday\u0131 g\u00f6r\u00fclmedi 30 proje","datePublished":"2024-01-15T14:24:53+00:00","dateModified":"2024-01-15T14:24:54+00:00","mainEntityOfPage":{"@id":"https:\/\/vanxhaber.com\/index.php\/2024\/01\/15\/vanda-boyle-bir-muhtar-adayi-gorulmedi-30-proje\/"},"wordCount":873,"commentCount":0,"image":{"@id":"https:\/\/vanxhaber.com\/index.php\/2024\/01\/15\/vanda-boyle-bir-muhtar-adayi-gorulmedi-30-proje\/#primaryimage"},"thumbnailUrl":"https:\/\/vanxhaber.com\/wp-content\/uploads\/2024\/01\/ay-ten-topaloglu.jpg","articleSection":["Van Haberleri"],"inLanguage":"tr","potentialAction":[{"@type":"CommentAction","name":"Comment","target":["https:\/\/vanxhaber.com\/index.php\/2024\/01\/15\/vanda-boyle-bir-muhtar-adayi-gorulmedi-30-proje\/#respond"]}],"copyrightYear":"2024","copyrightHolder":{"@id":"https:\/\/vanxhaber.com\/#organization"}},{"@type":"WebPage","@id":"https:\/\/vanxhaber.com\/index.php\/2024\/01\/15\/vanda-boyle-bir-muhtar-adayi-gorulmedi-30-proje\/","url":"https:\/\/vanxhaber.com\/index.php\/2024\/01\/15\/vanda-boyle-bir-muhtar-adayi-gorulmedi-30-proje\/","name":"Van'da b\u00f6yle bir muhtar aday\u0131 g\u00f6r\u00fclmedi 30 proje - Van Haber | Van X Haber | Van Haberleri","isPartOf":{"@id":"https:\/\/vanxhaber.com\/#website"},"primaryImageOfPage":{"@id":"https:\/\/vanxhaber.com\/index.php\/2024\/01\/15\/vanda-boyle-bir-muhtar-adayi-gorulmedi-30-proje\/#primaryimage"},"image":{"@id":"https:\/\/vanxhaber.com\/index.php\/2024\/01\/15\/vanda-boyle-bir-muhtar-adayi-gorulmedi-30-proje\/#primaryimage"},"thumbnailUrl":"https:\/\/vanxhaber.com\/wp-content\/uploads\/2024\/01\/ay-ten-topaloglu.jpg","datePublished":"2024-01-15T14:24:53+00:00","dateModified":"2024-01-15T14:24:54+00:00","author":{"@id":"https:\/\/vanxhaber.com\/#\/schema\/person\/a5fd8d89510cb5370e62ad176f7978ee"},"breadcrumb":{"@id":"https:\/\/vanxhaber.com\/index.php\/2024\/01\/15\/vanda-boyle-bir-muhtar-adayi-gorulmedi-30-proje\/#breadcrumb"},"inLanguage":"tr","potentialAction":[{"@type":"ReadAction","target":["https:\/\/vanxhaber.com\/index.php\/2024\/01\/15\/vanda-boyle-bir-muhtar-adayi-gorulmedi-30-proje\/"]}]},{"@type":"ImageObject","inLanguage":"tr","@id":"https:\/\/vanxhaber.com\/index.php\/2024\/01\/15\/vanda-boyle-bir-muhtar-adayi-gorulmedi-30-proje\/#primaryimage","url":"https:\/\/vanxhaber.com\/wp-content\/uploads\/2024\/01\/ay-ten-topaloglu.jpg","contentUrl":"https:\/\/vanxhaber.com\/wp-content\/uploads\/2024\/01\/ay-ten-topaloglu.jpg","width":641,"height":380},{"@type":"BreadcrumbList","@id":"https:\/\/vanxhaber.com\/index.php\/2024\/01\/15\/vanda-boyle-bir-muhtar-adayi-gorulmedi-30-proje\/#breadcrumb","itemListElement":[{"@type":"ListItem","position":1,"name":"Anasayfa","item":"https:\/\/vanxhaber.com\/"},{"@type":"ListItem","position":2,"name":"Van&#8217;da b\u00f6yle bir muhtar aday\u0131 g\u00f6r\u00fclmedi 30 proje"}]},{"@type":"WebSite","@id":"https:\/\/vanxhaber.com\/#website","url":"https:\/\/vanxhaber.com\/","name":"Van Haber | Van X Haber | Van Haberleri","description":"Van Haber, Van&#039;\u0131n ilk yapay zeka teknolojileri ile yaz\u0131lan Van X Haber ve Van Haberlerini aktif g\u00fcncel sunan tek vanhaber merkezidir.","potentialAction":[{"@type":"SearchAction","target":{"@type":"EntryPoint","urlTemplate":"https:\/\/vanxhaber.com\/?s={search_term_string}"},"query-input":{"@type":"PropertyValueSpecification","valueRequired":true,"valueName":"search_term_string"}}],"inLanguage":"tr"},{"@type":"Person","@id":"https:\/\/vanxhaber.com\/#\/schema\/person\/a5fd8d89510cb5370e62ad176f7978ee","name":"Van X Haber","image":{"@type":"ImageObject","inLanguage":"tr","@id":"https:\/\/vanxhaber.com\/#\/schema\/person\/image\/","url":"https:\/\/secure.gravatar.com\/avatar\/36f2f63826681263103acb5ca1e7bc1a6db11baea9b75dd091d89b74f2704b07?s=96&d=mm&r=g","contentUrl":"https:\/\/secure.gravatar.com\/avatar\/36f2f63826681263103acb5ca1e7bc1a6db11baea9b75dd091d89b74f2704b07?s=96&d=mm&r=g","caption":"Van X Haber"},"description":"Van X Haber Van'\u0131n ilk ve tek yeni nesil Van Haber merkezi. Son Dakika Van Haberleri ve G\u00fcncel Van haber merkezinde s\u0131cak geli\u015fmeleri aktarmaya devam edece\u011fiz.","url":"https:\/\/vanxhaber.com\/index.php\/author\/vangazetesi\/"}]}},"_links":{"self":[{"href":"https:\/\/vanxhaber.com\/index.php\/wp-json\/wp\/v2\/posts\/1359","targetHints":{"allow":["GET"]}}],"collection":[{"href":"https:\/\/vanxhaber.com\/index.php\/wp-json\/wp\/v2\/posts"}],"about":[{"href":"https:\/\/vanxhaber.com\/index.php\/wp-json\/wp\/v2\/types\/post"}],"author":[{"embeddable":true,"href":"https:\/\/vanxhaber.com\/index.php\/wp-json\/wp\/v2\/users\/2"}],"replies":[{"embeddable":true,"href":"https:\/\/vanxhaber.com\/index.php\/wp-json\/wp\/v2\/comments?post=1359"}],"version-history":[{"count":1,"href":"https:\/\/vanxhaber.com\/index.php\/wp-json\/wp\/v2\/posts\/1359\/revisions"}],"predecessor-version":[{"id":1362,"href":"https:\/\/vanxhaber.com\/index.php\/wp-json\/wp\/v2\/posts\/1359\/revisions\/1362"}],"wp:featuredmedia":[{"embeddable":true,"href":"https:\/\/vanxhaber.com\/index.php\/wp-json\/wp\/v2\/media\/1361"}],"wp:attachment":[{"href":"https:\/\/vanxhaber.com\/index.php\/wp-json\/wp\/v2\/media?parent=1359"}],"wp:term":[{"taxonomy":"category","embeddable":true,"href":"https:\/\/vanxhaber.com\/index.php\/wp-json\/wp\/v2\/categories?post=1359"},{"taxonomy":"post_tag","embeddable":true,"href":"https:\/\/vanxhaber.com\/index.php\/wp-json\/wp\/v2\/tags?post=1359"}],"curies":[{"name":"wp","href":"https:\/\/api.w.org\/{rel}","templated":true}]}}