{"id":1363,"date":"2024-01-16T08:37:03","date_gmt":"2024-01-16T08:37:03","guid":{"rendered":"https:\/\/vanxhaber.com\/?p=1363"},"modified":"2024-01-16T08:37:04","modified_gmt":"2024-01-16T08:37:04","slug":"catbayir-mahallesinde-cig-felaketi-sonrasi-su-sebekesi","status":"publish","type":"post","link":"https:\/\/vanxhaber.com\/index.php\/2024\/01\/16\/catbayir-mahallesinde-cig-felaketi-sonrasi-su-sebekesi\/","title":{"rendered":"\u00c7atbay\u0131r Mahallesi&#8217;nde \u00c7\u0131\u011f Felaketi Sonras\u0131 Su \u015eebekesi"},"content":{"rendered":"\n<p>Van&#8217;\u0131n Bah\u00e7esaray il\u00e7esine ba\u011fl\u0131 \u00c7atbay\u0131r Mahallesi, 3 g\u00fcn \u00f6nce d\u00fc\u015fen \u00e7\u0131\u011f\u0131n alt\u0131nda kalan su \u015febekesine ra\u011fmen mahalle sakinleri, su krizini kendi \u00e7\u00f6z\u00fcm yollar\u0131yla a\u015ft\u0131. Karl\u0131 yollar\u0131 k\u00fcreklerle a\u00e7arak 1.5 kilometre boru d\u00f6\u015feyen halk, dayan\u0131\u015fma ve azimle su sorununa \u00e7\u00f6z\u00fcm \u00fcretti.<\/p>\n\n\n\n<p>Bah\u00e7esaray il\u00e7esine ba\u011fl\u0131 <strong>\u00c7atbay\u0131r Mahallesi<\/strong>&#8216;nde ya\u015fanan<strong> \u00e7\u0131\u011f <\/strong>felaketi, mahalle sakinlerini su sorunuyla ba\u015f ba\u015fa b\u0131rakt\u0131. 1.5 metreyi a\u015fan kar kal\u0131nl\u0131\u011f\u0131 ve \u00e7\u0131\u011f\u0131n etkisiyle su \u015febekesi hasar g\u00f6ren mahalle, 3 g\u00fcn boyunca susuz kald\u0131.<\/p>\n\n\n\n<p>Mahalle sakinleri, yetkililerin m\u00fcdahalesini beklemek yerine kendi \u00e7\u00f6z\u00fcm yollar\u0131n\u0131 aramaya karar verdiler. \u0130l\u00e7e Kaymakaml\u0131\u011f\u0131 ve<strong> VASK\u0130&#8217;<\/strong>den temin ettikleri borular\u0131 yanlar\u0131na alan mahalle sakinleri, ba\u015fka bir su kayna\u011f\u0131na ula\u015fmak amac\u0131yla karl\u0131 yollar\u0131 k\u00fcreklerle a\u00e7t\u0131lar.<\/p>\n\n\n\n<p><strong>\u00c7atbay\u0131r Mahalles<\/strong>i sakinleri, 1.5 kilometrelik zorlu bir yolculuk sonucunda su kayna\u011f\u0131na ula\u015ft\u0131lar. Burada bir araya gelerek birle\u015ftirdikleri borular\u0131 dikkatlice d\u00f6\u015feyen mahalle sakinleri, kendi \u00e7abalar\u0131yla yeni bir su hatt\u0131 olu\u015fturmay\u0131 ba\u015fard\u0131lar.<\/p>\n\n\n\n<p>Mahalle halk\u0131, zorlu \u015fartlara ra\u011fmen g\u00f6sterdikleri dayan\u0131\u015fma ve azimle, su s\u0131k\u0131nt\u0131s\u0131n\u0131 k\u0131sa s\u00fcrede \u00e7\u00f6zerek normal ya\u015fant\u0131lar\u0131na d\u00f6nmeyi ba\u015fard\u0131. Ancak, \u00e7\u0131\u011f\u0131n etkisiyle hala kapal\u0131 olan di\u011fer yerle\u015fim yerlerinin yol a\u00e7ma \u00e7al\u0131\u015fmalar\u0131 devam ediyor.<\/p>\n\n\n\n<p>Van genelinde 3 g\u00fcn boyunca etkili olan kar ya\u011f\u0131\u015f\u0131 sonras\u0131nda kapanan 671 mahalle ve mezra yolundan 644&#8217;\u00fc a\u00e7\u0131ld\u0131. Ancak, halen kapal\u0131 olan 27 yerle\u015fim yerinin yolunun a\u00e7\u0131lmas\u0131 i\u00e7in ekiplerin \u00e7al\u0131\u015fmalar\u0131 devam ediyor.<\/p>\n","protected":false},"excerpt":{"rendered":"<p>Van&#8217;\u0131n Bah\u00e7esaray il\u00e7esine ba\u011fl\u0131 \u00c7atbay\u0131r Mahallesi, 3 g\u00fcn \u00f6nce d\u00fc\u015fen \u00e7\u0131\u011f\u0131n alt\u0131nda kalan su \u015febekesine ra\u011fmen mahalle sakinleri, su krizini kendi \u00e7\u00f6z\u00fcm yollar\u0131yla a\u015ft\u0131. Karl\u0131 yollar\u0131 k\u00fcreklerle a\u00e7arak 1.5 kilometre boru d\u00f6\u015feyen halk, dayan\u0131\u015fma ve azimle su sorununa \u00e7\u00f6z\u00fcm \u00fcretti. Bah\u00e7esaray il\u00e7esine ba\u011fl\u0131 \u00c7atbay\u0131r Mahallesi&#8216;nde ya\u015fanan \u00e7\u0131\u011f felaketi, mahalle sakinlerini su sorunuyla ba\u015f ba\u015fa b\u0131rakt\u0131. &hellip;<\/p>\n","protected":false},"author":2,"featured_media":1365,"comment_status":"open","ping_status":"closed","sticky":false,"template":"","format":"standard","meta":{"googlesitekit_rrm_CAowot3VCw:productID":"","footnotes":""},"categories":[1,24],"tags":[],"class_list":["post-1363","post","type-post","status-publish","format-standard","has-post-thumbnail","hentry","category-van-haber","category-van-haberleri"],"yoast_head":"<!-- This site is optimized with the Yoast SEO Premium plugin v21.7 (Yoast SEO v26.7) - https:\/\/yoast.com\/wordpress\/plugins\/seo\/ -->\n<title>\u00c7atbay\u0131r Mahallesi&#039;nde \u00c7\u0131\u011f Felaketi Sonras\u0131 Su \u015eebekesi - Van Haber | Van X Haber | Van Haberleri<\/title>\n<meta name=\"robots\" content=\"index, follow, max-snippet:-1, max-image-preview:large, max-video-preview:-1\" \/>\n<link rel=\"canonical\" href=\"https:\/\/vanxhaber.com\/index.php\/2024\/01\/16\/catbayir-mahallesinde-cig-felaketi-sonrasi-su-sebekesi\/\" \/>\n<meta property=\"og:locale\" content=\"tr_TR\" \/>\n<meta property=\"og:type\" content=\"article\" \/>\n<meta property=\"og:title\" content=\"\u00c7atbay\u0131r Mahallesi&#039;nde \u00c7\u0131\u011f Felaketi Sonras\u0131 Su \u015eebekesi\" \/>\n<meta property=\"og:description\" content=\"Van&#8217;\u0131n Bah\u00e7esaray il\u00e7esine ba\u011fl\u0131 \u00c7atbay\u0131r Mahallesi, 3 g\u00fcn \u00f6nce d\u00fc\u015fen \u00e7\u0131\u011f\u0131n alt\u0131nda kalan su \u015febekesine ra\u011fmen mahalle sakinleri, su krizini kendi \u00e7\u00f6z\u00fcm yollar\u0131yla a\u015ft\u0131. Karl\u0131 yollar\u0131 k\u00fcreklerle a\u00e7arak 1.5 kilometre boru d\u00f6\u015feyen halk, dayan\u0131\u015fma ve azimle su sorununa \u00e7\u00f6z\u00fcm \u00fcretti. Bah\u00e7esaray il\u00e7esine ba\u011fl\u0131 \u00c7atbay\u0131r Mahallesi&#8216;nde ya\u015fanan \u00e7\u0131\u011f felaketi, mahalle sakinlerini su sorunuyla ba\u015f ba\u015fa b\u0131rakt\u0131. &hellip;\" \/>\n<meta property=\"og:url\" content=\"https:\/\/vanxhaber.com\/index.php\/2024\/01\/16\/catbayir-mahallesinde-cig-felaketi-sonrasi-su-sebekesi\/\" \/>\n<meta property=\"og:site_name\" content=\"Van Haber | Van X Haber | Van Haberleri\" \/>\n<meta property=\"article:published_time\" content=\"2024-01-16T08:37:03+00:00\" \/>\n<meta property=\"article:modified_time\" content=\"2024-01-16T08:37:04+00:00\" \/>\n<meta property=\"og:image\" content=\"https:\/\/vanxhaber.com\/wp-content\/uploads\/2024\/01\/cig-felaketi.jpg\" \/>\n\t<meta property=\"og:image:width\" content=\"641\" \/>\n\t<meta property=\"og:image:height\" content=\"380\" \/>\n\t<meta property=\"og:image:type\" content=\"image\/jpeg\" \/>\n<meta name=\"author\" content=\"Van X Haber\" \/>\n<meta name=\"twitter:card\" content=\"summary_large_image\" \/>\n<meta name=\"twitter:label1\" content=\"Yazan:\" \/>\n\t<meta name=\"twitter:data1\" content=\"Van X Haber\" \/>\n\t<meta name=\"twitter:label2\" content=\"Tahmini okuma s\u00fcresi\" \/>\n\t<meta name=\"twitter:data2\" content=\"2 dakika\" \/>\n<script type=\"application\/ld+json\" class=\"yoast-schema-graph\">{\"@context\":\"https:\/\/schema.org\",\"@graph\":[{\"@type\":\"Article\",\"@id\":\"https:\/\/vanxhaber.com\/index.php\/2024\/01\/16\/catbayir-mahallesinde-cig-felaketi-sonrasi-su-sebekesi\/#article\",\"isPartOf\":{\"@id\":\"https:\/\/vanxhaber.com\/index.php\/2024\/01\/16\/catbayir-mahallesinde-cig-felaketi-sonrasi-su-sebekesi\/\"},\"author\":{\"name\":\"Van X Haber\",\"@id\":\"https:\/\/vanxhaber.com\/#\/schema\/person\/a5fd8d89510cb5370e62ad176f7978ee\"},\"headline\":\"\u00c7atbay\u0131r Mahallesi&#8217;nde \u00c7\u0131\u011f Felaketi Sonras\u0131 Su \u015eebekesi\",\"datePublished\":\"2024-01-16T08:37:03+00:00\",\"dateModified\":\"2024-01-16T08:37:04+00:00\",\"mainEntityOfPage\":{\"@id\":\"https:\/\/vanxhaber.com\/index.php\/2024\/01\/16\/catbayir-mahallesinde-cig-felaketi-sonrasi-su-sebekesi\/\"},\"wordCount\":275,\"commentCount\":0,\"image\":{\"@id\":\"https:\/\/vanxhaber.com\/index.php\/2024\/01\/16\/catbayir-mahallesinde-cig-felaketi-sonrasi-su-sebekesi\/#primaryimage\"},\"thumbnailUrl\":\"https:\/\/vanxhaber.com\/wp-content\/uploads\/2024\/01\/cig-felaketi.jpg\",\"articleSection\":[\"Van Haber\",\"Van Haberleri\"],\"inLanguage\":\"tr\",\"potentialAction\":[{\"@type\":\"CommentAction\",\"name\":\"Comment\",\"target\":[\"https:\/\/vanxhaber.com\/index.php\/2024\/01\/16\/catbayir-mahallesinde-cig-felaketi-sonrasi-su-sebekesi\/#respond\"]}],\"copyrightYear\":\"2024\",\"copyrightHolder\":{\"@id\":\"https:\/\/vanxhaber.com\/#organization\"}},{\"@type\":\"WebPage\",\"@id\":\"https:\/\/vanxhaber.com\/index.php\/2024\/01\/16\/catbayir-mahallesinde-cig-felaketi-sonrasi-su-sebekesi\/\",\"url\":\"https:\/\/vanxhaber.com\/index.php\/2024\/01\/16\/catbayir-mahallesinde-cig-felaketi-sonrasi-su-sebekesi\/\",\"name\":\"\u00c7atbay\u0131r Mahallesi'nde \u00c7\u0131\u011f Felaketi Sonras\u0131 Su \u015eebekesi - Van Haber | Van X Haber | Van Haberleri\",\"isPartOf\":{\"@id\":\"https:\/\/vanxhaber.com\/#website\"},\"primaryImageOfPage\":{\"@id\":\"https:\/\/vanxhaber.com\/index.php\/2024\/01\/16\/catbayir-mahallesinde-cig-felaketi-sonrasi-su-sebekesi\/#primaryimage\"},\"image\":{\"@id\":\"https:\/\/vanxhaber.com\/index.php\/2024\/01\/16\/catbayir-mahallesinde-cig-felaketi-sonrasi-su-sebekesi\/#primaryimage\"},\"thumbnailUrl\":\"https:\/\/vanxhaber.com\/wp-content\/uploads\/2024\/01\/cig-felaketi.jpg\",\"datePublished\":\"2024-01-16T08:37:03+00:00\",\"dateModified\":\"2024-01-16T08:37:04+00:00\",\"author\":{\"@id\":\"https:\/\/vanxhaber.com\/#\/schema\/person\/a5fd8d89510cb5370e62ad176f7978ee\"},\"breadcrumb\":{\"@id\":\"https:\/\/vanxhaber.com\/index.php\/2024\/01\/16\/catbayir-mahallesinde-cig-felaketi-sonrasi-su-sebekesi\/#breadcrumb\"},\"inLanguage\":\"tr\",\"potentialAction\":[{\"@type\":\"ReadAction\",\"target\":[\"https:\/\/vanxhaber.com\/index.php\/2024\/01\/16\/catbayir-mahallesinde-cig-felaketi-sonrasi-su-sebekesi\/\"]}]},{\"@type\":\"ImageObject\",\"inLanguage\":\"tr\",\"@id\":\"https:\/\/vanxhaber.com\/index.php\/2024\/01\/16\/catbayir-mahallesinde-cig-felaketi-sonrasi-su-sebekesi\/#primaryimage\",\"url\":\"https:\/\/vanxhaber.com\/wp-content\/uploads\/2024\/01\/cig-felaketi.jpg\",\"contentUrl\":\"https:\/\/vanxhaber.com\/wp-content\/uploads\/2024\/01\/cig-felaketi.jpg\",\"width\":641,\"height\":380},{\"@type\":\"BreadcrumbList\",\"@id\":\"https:\/\/vanxhaber.com\/index.php\/2024\/01\/16\/catbayir-mahallesinde-cig-felaketi-sonrasi-su-sebekesi\/#breadcrumb\",\"itemListElement\":[{\"@type\":\"ListItem\",\"position\":1,\"name\":\"Anasayfa\",\"item\":\"https:\/\/vanxhaber.com\/\"},{\"@type\":\"ListItem\",\"position\":2,\"name\":\"\u00c7atbay\u0131r Mahallesi&#8217;nde \u00c7\u0131\u011f Felaketi Sonras\u0131 Su \u015eebekesi\"}]},{\"@type\":\"WebSite\",\"@id\":\"https:\/\/vanxhaber.com\/#website\",\"url\":\"https:\/\/vanxhaber.com\/\",\"name\":\"Van Haber | Van X Haber | Van Haberleri\",\"description\":\"Van Haber, Van&#039;\u0131n ilk yapay zeka teknolojileri ile yaz\u0131lan Van X Haber ve Van Haberlerini aktif g\u00fcncel sunan tek vanhaber merkezidir.\",\"potentialAction\":[{\"@type\":\"SearchAction\",\"target\":{\"@type\":\"EntryPoint\",\"urlTemplate\":\"https:\/\/vanxhaber.com\/?s={search_term_string}\"},\"query-input\":{\"@type\":\"PropertyValueSpecification\",\"valueRequired\":true,\"valueName\":\"search_term_string\"}}],\"inLanguage\":\"tr\"},{\"@type\":\"Person\",\"@id\":\"https:\/\/vanxhaber.com\/#\/schema\/person\/a5fd8d89510cb5370e62ad176f7978ee\",\"name\":\"Van X Haber\",\"image\":{\"@type\":\"ImageObject\",\"inLanguage\":\"tr\",\"@id\":\"https:\/\/vanxhaber.com\/#\/schema\/person\/image\/\",\"url\":\"https:\/\/secure.gravatar.com\/avatar\/36f2f63826681263103acb5ca1e7bc1a6db11baea9b75dd091d89b74f2704b07?s=96&d=mm&r=g\",\"contentUrl\":\"https:\/\/secure.gravatar.com\/avatar\/36f2f63826681263103acb5ca1e7bc1a6db11baea9b75dd091d89b74f2704b07?s=96&d=mm&r=g\",\"caption\":\"Van X Haber\"},\"description\":\"Van X Haber Van'\u0131n ilk ve tek yeni nesil Van Haber merkezi. Son Dakika Van Haberleri ve G\u00fcncel Van haber merkezinde s\u0131cak geli\u015fmeleri aktarmaya devam edece\u011fiz.\",\"url\":\"https:\/\/vanxhaber.com\/index.php\/author\/vangazetesi\/\"}]}<\/script>\n<!-- \/ Yoast SEO Premium plugin. -->","yoast_head_json":{"title":"\u00c7atbay\u0131r Mahallesi'nde \u00c7\u0131\u011f Felaketi Sonras\u0131 Su \u015eebekesi - Van Haber | Van X Haber | Van Haberleri","robots":{"index":"index","follow":"follow","max-snippet":"max-snippet:-1","max-image-preview":"max-image-preview:large","max-video-preview":"max-video-preview:-1"},"canonical":"https:\/\/vanxhaber.com\/index.php\/2024\/01\/16\/catbayir-mahallesinde-cig-felaketi-sonrasi-su-sebekesi\/","og_locale":"tr_TR","og_type":"article","og_title":"\u00c7atbay\u0131r Mahallesi'nde \u00c7\u0131\u011f Felaketi Sonras\u0131 Su \u015eebekesi","og_description":"Van&#8217;\u0131n Bah\u00e7esaray il\u00e7esine ba\u011fl\u0131 \u00c7atbay\u0131r Mahallesi, 3 g\u00fcn \u00f6nce d\u00fc\u015fen \u00e7\u0131\u011f\u0131n alt\u0131nda kalan su \u015febekesine ra\u011fmen mahalle sakinleri, su krizini kendi \u00e7\u00f6z\u00fcm yollar\u0131yla a\u015ft\u0131. Karl\u0131 yollar\u0131 k\u00fcreklerle a\u00e7arak 1.5 kilometre boru d\u00f6\u015feyen halk, dayan\u0131\u015fma ve azimle su sorununa \u00e7\u00f6z\u00fcm \u00fcretti. Bah\u00e7esaray il\u00e7esine ba\u011fl\u0131 \u00c7atbay\u0131r Mahallesi&#8216;nde ya\u015fanan \u00e7\u0131\u011f felaketi, mahalle sakinlerini su sorunuyla ba\u015f ba\u015fa b\u0131rakt\u0131. &hellip;","og_url":"https:\/\/vanxhaber.com\/index.php\/2024\/01\/16\/catbayir-mahallesinde-cig-felaketi-sonrasi-su-sebekesi\/","og_site_name":"Van Haber | Van X Haber | Van Haberleri","article_published_time":"2024-01-16T08:37:03+00:00","article_modified_time":"2024-01-16T08:37:04+00:00","og_image":[{"width":641,"height":380,"url":"https:\/\/vanxhaber.com\/wp-content\/uploads\/2024\/01\/cig-felaketi.jpg","type":"image\/jpeg"}],"author":"Van X Haber","twitter_card":"summary_large_image","twitter_misc":{"Yazan:":"Van X Haber","Tahmini okuma s\u00fcresi":"2 dakika"},"schema":{"@context":"https:\/\/schema.org","@graph":[{"@type":"Article","@id":"https:\/\/vanxhaber.com\/index.php\/2024\/01\/16\/catbayir-mahallesinde-cig-felaketi-sonrasi-su-sebekesi\/#article","isPartOf":{"@id":"https:\/\/vanxhaber.com\/index.php\/2024\/01\/16\/catbayir-mahallesinde-cig-felaketi-sonrasi-su-sebekesi\/"},"author":{"name":"Van X Haber","@id":"https:\/\/vanxhaber.com\/#\/schema\/person\/a5fd8d89510cb5370e62ad176f7978ee"},"headline":"\u00c7atbay\u0131r Mahallesi&#8217;nde \u00c7\u0131\u011f Felaketi Sonras\u0131 Su \u015eebekesi","datePublished":"2024-01-16T08:37:03+00:00","dateModified":"2024-01-16T08:37:04+00:00","mainEntityOfPage":{"@id":"https:\/\/vanxhaber.com\/index.php\/2024\/01\/16\/catbayir-mahallesinde-cig-felaketi-sonrasi-su-sebekesi\/"},"wordCount":275,"commentCount":0,"image":{"@id":"https:\/\/vanxhaber.com\/index.php\/2024\/01\/16\/catbayir-mahallesinde-cig-felaketi-sonrasi-su-sebekesi\/#primaryimage"},"thumbnailUrl":"https:\/\/vanxhaber.com\/wp-content\/uploads\/2024\/01\/cig-felaketi.jpg","articleSection":["Van Haber","Van Haberleri"],"inLanguage":"tr","potentialAction":[{"@type":"CommentAction","name":"Comment","target":["https:\/\/vanxhaber.com\/index.php\/2024\/01\/16\/catbayir-mahallesinde-cig-felaketi-sonrasi-su-sebekesi\/#respond"]}],"copyrightYear":"2024","copyrightHolder":{"@id":"https:\/\/vanxhaber.com\/#organization"}},{"@type":"WebPage","@id":"https:\/\/vanxhaber.com\/index.php\/2024\/01\/16\/catbayir-mahallesinde-cig-felaketi-sonrasi-su-sebekesi\/","url":"https:\/\/vanxhaber.com\/index.php\/2024\/01\/16\/catbayir-mahallesinde-cig-felaketi-sonrasi-su-sebekesi\/","name":"\u00c7atbay\u0131r Mahallesi'nde \u00c7\u0131\u011f Felaketi Sonras\u0131 Su \u015eebekesi - Van Haber | Van X Haber | Van Haberleri","isPartOf":{"@id":"https:\/\/vanxhaber.com\/#website"},"primaryImageOfPage":{"@id":"https:\/\/vanxhaber.com\/index.php\/2024\/01\/16\/catbayir-mahallesinde-cig-felaketi-sonrasi-su-sebekesi\/#primaryimage"},"image":{"@id":"https:\/\/vanxhaber.com\/index.php\/2024\/01\/16\/catbayir-mahallesinde-cig-felaketi-sonrasi-su-sebekesi\/#primaryimage"},"thumbnailUrl":"https:\/\/vanxhaber.com\/wp-content\/uploads\/2024\/01\/cig-felaketi.jpg","datePublished":"2024-01-16T08:37:03+00:00","dateModified":"2024-01-16T08:37:04+00:00","author":{"@id":"https:\/\/vanxhaber.com\/#\/schema\/person\/a5fd8d89510cb5370e62ad176f7978ee"},"breadcrumb":{"@id":"https:\/\/vanxhaber.com\/index.php\/2024\/01\/16\/catbayir-mahallesinde-cig-felaketi-sonrasi-su-sebekesi\/#breadcrumb"},"inLanguage":"tr","potentialAction":[{"@type":"ReadAction","target":["https:\/\/vanxhaber.com\/index.php\/2024\/01\/16\/catbayir-mahallesinde-cig-felaketi-sonrasi-su-sebekesi\/"]}]},{"@type":"ImageObject","inLanguage":"tr","@id":"https:\/\/vanxhaber.com\/index.php\/2024\/01\/16\/catbayir-mahallesinde-cig-felaketi-sonrasi-su-sebekesi\/#primaryimage","url":"https:\/\/vanxhaber.com\/wp-content\/uploads\/2024\/01\/cig-felaketi.jpg","contentUrl":"https:\/\/vanxhaber.com\/wp-content\/uploads\/2024\/01\/cig-felaketi.jpg","width":641,"height":380},{"@type":"BreadcrumbList","@id":"https:\/\/vanxhaber.com\/index.php\/2024\/01\/16\/catbayir-mahallesinde-cig-felaketi-sonrasi-su-sebekesi\/#breadcrumb","itemListElement":[{"@type":"ListItem","position":1,"name":"Anasayfa","item":"https:\/\/vanxhaber.com\/"},{"@type":"ListItem","position":2,"name":"\u00c7atbay\u0131r Mahallesi&#8217;nde \u00c7\u0131\u011f Felaketi Sonras\u0131 Su \u015eebekesi"}]},{"@type":"WebSite","@id":"https:\/\/vanxhaber.com\/#website","url":"https:\/\/vanxhaber.com\/","name":"Van Haber | Van X Haber | Van Haberleri","description":"Van Haber, Van&#039;\u0131n ilk yapay zeka teknolojileri ile yaz\u0131lan Van X Haber ve Van Haberlerini aktif g\u00fcncel sunan tek vanhaber merkezidir.","potentialAction":[{"@type":"SearchAction","target":{"@type":"EntryPoint","urlTemplate":"https:\/\/vanxhaber.com\/?s={search_term_string}"},"query-input":{"@type":"PropertyValueSpecification","valueRequired":true,"valueName":"search_term_string"}}],"inLanguage":"tr"},{"@type":"Person","@id":"https:\/\/vanxhaber.com\/#\/schema\/person\/a5fd8d89510cb5370e62ad176f7978ee","name":"Van X Haber","image":{"@type":"ImageObject","inLanguage":"tr","@id":"https:\/\/vanxhaber.com\/#\/schema\/person\/image\/","url":"https:\/\/secure.gravatar.com\/avatar\/36f2f63826681263103acb5ca1e7bc1a6db11baea9b75dd091d89b74f2704b07?s=96&d=mm&r=g","contentUrl":"https:\/\/secure.gravatar.com\/avatar\/36f2f63826681263103acb5ca1e7bc1a6db11baea9b75dd091d89b74f2704b07?s=96&d=mm&r=g","caption":"Van X Haber"},"description":"Van X Haber Van'\u0131n ilk ve tek yeni nesil Van Haber merkezi. Son Dakika Van Haberleri ve G\u00fcncel Van haber merkezinde s\u0131cak geli\u015fmeleri aktarmaya devam edece\u011fiz.","url":"https:\/\/vanxhaber.com\/index.php\/author\/vangazetesi\/"}]}},"_links":{"self":[{"href":"https:\/\/vanxhaber.com\/index.php\/wp-json\/wp\/v2\/posts\/1363","targetHints":{"allow":["GET"]}}],"collection":[{"href":"https:\/\/vanxhaber.com\/index.php\/wp-json\/wp\/v2\/posts"}],"about":[{"href":"https:\/\/vanxhaber.com\/index.php\/wp-json\/wp\/v2\/types\/post"}],"author":[{"embeddable":true,"href":"https:\/\/vanxhaber.com\/index.php\/wp-json\/wp\/v2\/users\/2"}],"replies":[{"embeddable":true,"href":"https:\/\/vanxhaber.com\/index.php\/wp-json\/wp\/v2\/comments?post=1363"}],"version-history":[{"count":1,"href":"https:\/\/vanxhaber.com\/index.php\/wp-json\/wp\/v2\/posts\/1363\/revisions"}],"predecessor-version":[{"id":1366,"href":"https:\/\/vanxhaber.com\/index.php\/wp-json\/wp\/v2\/posts\/1363\/revisions\/1366"}],"wp:featuredmedia":[{"embeddable":true,"href":"https:\/\/vanxhaber.com\/index.php\/wp-json\/wp\/v2\/media\/1365"}],"wp:attachment":[{"href":"https:\/\/vanxhaber.com\/index.php\/wp-json\/wp\/v2\/media?parent=1363"}],"wp:term":[{"taxonomy":"category","embeddable":true,"href":"https:\/\/vanxhaber.com\/index.php\/wp-json\/wp\/v2\/categories?post=1363"},{"taxonomy":"post_tag","embeddable":true,"href":"https:\/\/vanxhaber.com\/index.php\/wp-json\/wp\/v2\/tags?post=1363"}],"curies":[{"name":"wp","href":"https:\/\/api.w.org\/{rel}","templated":true}]}}