{"id":1371,"date":"2024-01-16T09:08:12","date_gmt":"2024-01-16T09:08:12","guid":{"rendered":"https:\/\/vanxhaber.com\/?p=1371"},"modified":"2024-01-16T09:16:03","modified_gmt":"2024-01-16T09:16:03","slug":"vanin-en-islek-caddesi-trafige-kapatildi","status":"publish","type":"post","link":"https:\/\/vanxhaber.com\/index.php\/2024\/01\/16\/vanin-en-islek-caddesi-trafige-kapatildi\/","title":{"rendered":"Van&#8217;\u0131n en i\u015flek caddesi trafi\u011fe kapat\u0131ld\u0131"},"content":{"rendered":"\n<p>Van&#8217;\u0131n en i\u015flek caddelerinden biri olan Mara\u015f Caddesi Vaski&#8217;nin \u00e7al\u0131\u015fmalar\u0131ndan dolay\u0131 tek y\u00f6nl\u00fc trafi\u011fe kapat\u0131ld\u0131.<\/p>\n\n\n\n<p>\u015ei\u015fli \u00d6\u011fretmen Evi \u00f6n\u00fcnden Soydan Kav\u015fa\u011f\u0131na kadar ara\u00e7 ge\u00e7i\u015fine izin verilmiyor.<\/p>\n\n\n\n<p>\u00c7al\u0131\u015fman\u0131n sebebinin su patla\u011f\u0131 oldu\u011fu \u00f6\u011frenildi.<\/p>\n\n\n\n<p>Vatanda\u015flar ve s\u00fcr\u00fcc\u00fcler, bu t\u00fcr \u00e7al\u0131\u015fmalar\u0131n mesaiye ba\u015flama saatlerinde de\u011fil gece saatlerinde yap\u0131lmas\u0131 gerekti\u011fini belirtti.<\/p>\n\n\n\n<p>Uzun ara\u00e7 kuyruklar\u0131n\u0131n olu\u015ftu\u011fu cadde \u00e7al\u0131\u015fmalar\u0131n ard\u0131ndan trafi\u011fe a\u00e7\u0131lacak.<\/p>\n\n\n\n<p><\/p>\n\n\n\n<p>kaynak: Van olay<\/p>\n","protected":false},"excerpt":{"rendered":"<p>Van&#8217;\u0131n en i\u015flek caddelerinden biri olan Mara\u015f Caddesi Vaski&#8217;nin \u00e7al\u0131\u015fmalar\u0131ndan dolay\u0131 tek y\u00f6nl\u00fc trafi\u011fe kapat\u0131ld\u0131. \u015ei\u015fli \u00d6\u011fretmen Evi \u00f6n\u00fcnden Soydan Kav\u015fa\u011f\u0131na kadar ara\u00e7 ge\u00e7i\u015fine izin verilmiyor. \u00c7al\u0131\u015fman\u0131n sebebinin su patla\u011f\u0131 oldu\u011fu \u00f6\u011frenildi. Vatanda\u015flar ve s\u00fcr\u00fcc\u00fcler, bu t\u00fcr \u00e7al\u0131\u015fmalar\u0131n mesaiye ba\u015flama saatlerinde de\u011fil gece saatlerinde yap\u0131lmas\u0131 gerekti\u011fini belirtti. Uzun ara\u00e7 kuyruklar\u0131n\u0131n olu\u015ftu\u011fu cadde \u00e7al\u0131\u015fmalar\u0131n ard\u0131ndan trafi\u011fe &hellip;<\/p>\n","protected":false},"author":2,"featured_media":1373,"comment_status":"open","ping_status":"closed","sticky":false,"template":"","format":"standard","meta":{"googlesitekit_rrm_CAowot3VCw:productID":"","footnotes":""},"categories":[24],"tags":[],"class_list":["post-1371","post","type-post","status-publish","format-standard","has-post-thumbnail","hentry","category-van-haberleri"],"yoast_head":"<!-- This site is optimized with the Yoast SEO Premium plugin v21.7 (Yoast SEO v26.7) - https:\/\/yoast.com\/wordpress\/plugins\/seo\/ -->\n<title>Van&#039;\u0131n en i\u015flek caddesi trafi\u011fe kapat\u0131ld\u0131 - Van Haber | Van X Haber | Van Haberleri<\/title>\n<meta name=\"robots\" content=\"index, follow, max-snippet:-1, max-image-preview:large, max-video-preview:-1\" \/>\n<link rel=\"canonical\" href=\"https:\/\/vanxhaber.com\/index.php\/2024\/01\/16\/vanin-en-islek-caddesi-trafige-kapatildi\/\" \/>\n<meta property=\"og:locale\" content=\"tr_TR\" \/>\n<meta property=\"og:type\" content=\"article\" \/>\n<meta property=\"og:title\" content=\"Van&#039;\u0131n en i\u015flek caddesi trafi\u011fe kapat\u0131ld\u0131\" \/>\n<meta property=\"og:description\" content=\"Van&#8217;\u0131n en i\u015flek caddelerinden biri olan Mara\u015f Caddesi Vaski&#8217;nin \u00e7al\u0131\u015fmalar\u0131ndan dolay\u0131 tek y\u00f6nl\u00fc trafi\u011fe kapat\u0131ld\u0131. \u015ei\u015fli \u00d6\u011fretmen Evi \u00f6n\u00fcnden Soydan Kav\u015fa\u011f\u0131na kadar ara\u00e7 ge\u00e7i\u015fine izin verilmiyor. \u00c7al\u0131\u015fman\u0131n sebebinin su patla\u011f\u0131 oldu\u011fu \u00f6\u011frenildi. Vatanda\u015flar ve s\u00fcr\u00fcc\u00fcler, bu t\u00fcr \u00e7al\u0131\u015fmalar\u0131n mesaiye ba\u015flama saatlerinde de\u011fil gece saatlerinde yap\u0131lmas\u0131 gerekti\u011fini belirtti. Uzun ara\u00e7 kuyruklar\u0131n\u0131n olu\u015ftu\u011fu cadde \u00e7al\u0131\u015fmalar\u0131n ard\u0131ndan trafi\u011fe &hellip;\" \/>\n<meta property=\"og:url\" content=\"https:\/\/vanxhaber.com\/index.php\/2024\/01\/16\/vanin-en-islek-caddesi-trafige-kapatildi\/\" \/>\n<meta property=\"og:site_name\" content=\"Van Haber | Van X Haber | Van Haberleri\" \/>\n<meta property=\"article:published_time\" content=\"2024-01-16T09:08:12+00:00\" \/>\n<meta property=\"article:modified_time\" content=\"2024-01-16T09:16:03+00:00\" \/>\n<meta property=\"og:image\" content=\"https:\/\/vanxhaber.com\/wp-content\/uploads\/2024\/01\/van-trafigi.jpg\" \/>\n\t<meta property=\"og:image:width\" content=\"641\" \/>\n\t<meta property=\"og:image:height\" content=\"380\" \/>\n\t<meta property=\"og:image:type\" content=\"image\/jpeg\" \/>\n<meta name=\"author\" content=\"Van X Haber\" \/>\n<meta name=\"twitter:card\" content=\"summary_large_image\" \/>\n<meta name=\"twitter:label1\" content=\"Yazan:\" \/>\n\t<meta name=\"twitter:data1\" content=\"Van X Haber\" \/>\n\t<meta name=\"twitter:label2\" content=\"Tahmini okuma s\u00fcresi\" \/>\n\t<meta name=\"twitter:data2\" content=\"1 dakika\" \/>\n<script type=\"application\/ld+json\" class=\"yoast-schema-graph\">{\"@context\":\"https:\/\/schema.org\",\"@graph\":[{\"@type\":\"Article\",\"@id\":\"https:\/\/vanxhaber.com\/index.php\/2024\/01\/16\/vanin-en-islek-caddesi-trafige-kapatildi\/#article\",\"isPartOf\":{\"@id\":\"https:\/\/vanxhaber.com\/index.php\/2024\/01\/16\/vanin-en-islek-caddesi-trafige-kapatildi\/\"},\"author\":{\"name\":\"Van X Haber\",\"@id\":\"https:\/\/vanxhaber.com\/#\/schema\/person\/a5fd8d89510cb5370e62ad176f7978ee\"},\"headline\":\"Van&#8217;\u0131n en i\u015flek caddesi trafi\u011fe kapat\u0131ld\u0131\",\"datePublished\":\"2024-01-16T09:08:12+00:00\",\"dateModified\":\"2024-01-16T09:16:03+00:00\",\"mainEntityOfPage\":{\"@id\":\"https:\/\/vanxhaber.com\/index.php\/2024\/01\/16\/vanin-en-islek-caddesi-trafige-kapatildi\/\"},\"wordCount\":106,\"commentCount\":0,\"image\":{\"@id\":\"https:\/\/vanxhaber.com\/index.php\/2024\/01\/16\/vanin-en-islek-caddesi-trafige-kapatildi\/#primaryimage\"},\"thumbnailUrl\":\"https:\/\/vanxhaber.com\/wp-content\/uploads\/2024\/01\/van-trafigi.jpg\",\"articleSection\":[\"Van Haberleri\"],\"inLanguage\":\"tr\",\"potentialAction\":[{\"@type\":\"CommentAction\",\"name\":\"Comment\",\"target\":[\"https:\/\/vanxhaber.com\/index.php\/2024\/01\/16\/vanin-en-islek-caddesi-trafige-kapatildi\/#respond\"]}],\"copyrightYear\":\"2024\",\"copyrightHolder\":{\"@id\":\"https:\/\/vanxhaber.com\/#organization\"}},{\"@type\":\"WebPage\",\"@id\":\"https:\/\/vanxhaber.com\/index.php\/2024\/01\/16\/vanin-en-islek-caddesi-trafige-kapatildi\/\",\"url\":\"https:\/\/vanxhaber.com\/index.php\/2024\/01\/16\/vanin-en-islek-caddesi-trafige-kapatildi\/\",\"name\":\"Van'\u0131n en i\u015flek caddesi trafi\u011fe kapat\u0131ld\u0131 - Van Haber | Van X Haber | Van Haberleri\",\"isPartOf\":{\"@id\":\"https:\/\/vanxhaber.com\/#website\"},\"primaryImageOfPage\":{\"@id\":\"https:\/\/vanxhaber.com\/index.php\/2024\/01\/16\/vanin-en-islek-caddesi-trafige-kapatildi\/#primaryimage\"},\"image\":{\"@id\":\"https:\/\/vanxhaber.com\/index.php\/2024\/01\/16\/vanin-en-islek-caddesi-trafige-kapatildi\/#primaryimage\"},\"thumbnailUrl\":\"https:\/\/vanxhaber.com\/wp-content\/uploads\/2024\/01\/van-trafigi.jpg\",\"datePublished\":\"2024-01-16T09:08:12+00:00\",\"dateModified\":\"2024-01-16T09:16:03+00:00\",\"author\":{\"@id\":\"https:\/\/vanxhaber.com\/#\/schema\/person\/a5fd8d89510cb5370e62ad176f7978ee\"},\"breadcrumb\":{\"@id\":\"https:\/\/vanxhaber.com\/index.php\/2024\/01\/16\/vanin-en-islek-caddesi-trafige-kapatildi\/#breadcrumb\"},\"inLanguage\":\"tr\",\"potentialAction\":[{\"@type\":\"ReadAction\",\"target\":[\"https:\/\/vanxhaber.com\/index.php\/2024\/01\/16\/vanin-en-islek-caddesi-trafige-kapatildi\/\"]}]},{\"@type\":\"ImageObject\",\"inLanguage\":\"tr\",\"@id\":\"https:\/\/vanxhaber.com\/index.php\/2024\/01\/16\/vanin-en-islek-caddesi-trafige-kapatildi\/#primaryimage\",\"url\":\"https:\/\/vanxhaber.com\/wp-content\/uploads\/2024\/01\/van-trafigi.jpg\",\"contentUrl\":\"https:\/\/vanxhaber.com\/wp-content\/uploads\/2024\/01\/van-trafigi.jpg\",\"width\":641,\"height\":380},{\"@type\":\"BreadcrumbList\",\"@id\":\"https:\/\/vanxhaber.com\/index.php\/2024\/01\/16\/vanin-en-islek-caddesi-trafige-kapatildi\/#breadcrumb\",\"itemListElement\":[{\"@type\":\"ListItem\",\"position\":1,\"name\":\"Anasayfa\",\"item\":\"https:\/\/vanxhaber.com\/\"},{\"@type\":\"ListItem\",\"position\":2,\"name\":\"Van&#8217;\u0131n en i\u015flek caddesi trafi\u011fe kapat\u0131ld\u0131\"}]},{\"@type\":\"WebSite\",\"@id\":\"https:\/\/vanxhaber.com\/#website\",\"url\":\"https:\/\/vanxhaber.com\/\",\"name\":\"Van Haber | Van X Haber | Van Haberleri\",\"description\":\"Van Haber, Van&#039;\u0131n ilk yapay zeka teknolojileri ile yaz\u0131lan Van X Haber ve Van Haberlerini aktif g\u00fcncel sunan tek vanhaber merkezidir.\",\"potentialAction\":[{\"@type\":\"SearchAction\",\"target\":{\"@type\":\"EntryPoint\",\"urlTemplate\":\"https:\/\/vanxhaber.com\/?s={search_term_string}\"},\"query-input\":{\"@type\":\"PropertyValueSpecification\",\"valueRequired\":true,\"valueName\":\"search_term_string\"}}],\"inLanguage\":\"tr\"},{\"@type\":\"Person\",\"@id\":\"https:\/\/vanxhaber.com\/#\/schema\/person\/a5fd8d89510cb5370e62ad176f7978ee\",\"name\":\"Van X Haber\",\"image\":{\"@type\":\"ImageObject\",\"inLanguage\":\"tr\",\"@id\":\"https:\/\/vanxhaber.com\/#\/schema\/person\/image\/\",\"url\":\"https:\/\/secure.gravatar.com\/avatar\/36f2f63826681263103acb5ca1e7bc1a6db11baea9b75dd091d89b74f2704b07?s=96&d=mm&r=g\",\"contentUrl\":\"https:\/\/secure.gravatar.com\/avatar\/36f2f63826681263103acb5ca1e7bc1a6db11baea9b75dd091d89b74f2704b07?s=96&d=mm&r=g\",\"caption\":\"Van X Haber\"},\"description\":\"Van X Haber Van'\u0131n ilk ve tek yeni nesil Van Haber merkezi. Son Dakika Van Haberleri ve G\u00fcncel Van haber merkezinde s\u0131cak geli\u015fmeleri aktarmaya devam edece\u011fiz.\",\"url\":\"https:\/\/vanxhaber.com\/index.php\/author\/vangazetesi\/\"}]}<\/script>\n<!-- \/ Yoast SEO Premium plugin. -->","yoast_head_json":{"title":"Van'\u0131n en i\u015flek caddesi trafi\u011fe kapat\u0131ld\u0131 - Van Haber | Van X Haber | Van Haberleri","robots":{"index":"index","follow":"follow","max-snippet":"max-snippet:-1","max-image-preview":"max-image-preview:large","max-video-preview":"max-video-preview:-1"},"canonical":"https:\/\/vanxhaber.com\/index.php\/2024\/01\/16\/vanin-en-islek-caddesi-trafige-kapatildi\/","og_locale":"tr_TR","og_type":"article","og_title":"Van'\u0131n en i\u015flek caddesi trafi\u011fe kapat\u0131ld\u0131","og_description":"Van&#8217;\u0131n en i\u015flek caddelerinden biri olan Mara\u015f Caddesi Vaski&#8217;nin \u00e7al\u0131\u015fmalar\u0131ndan dolay\u0131 tek y\u00f6nl\u00fc trafi\u011fe kapat\u0131ld\u0131. \u015ei\u015fli \u00d6\u011fretmen Evi \u00f6n\u00fcnden Soydan Kav\u015fa\u011f\u0131na kadar ara\u00e7 ge\u00e7i\u015fine izin verilmiyor. \u00c7al\u0131\u015fman\u0131n sebebinin su patla\u011f\u0131 oldu\u011fu \u00f6\u011frenildi. Vatanda\u015flar ve s\u00fcr\u00fcc\u00fcler, bu t\u00fcr \u00e7al\u0131\u015fmalar\u0131n mesaiye ba\u015flama saatlerinde de\u011fil gece saatlerinde yap\u0131lmas\u0131 gerekti\u011fini belirtti. Uzun ara\u00e7 kuyruklar\u0131n\u0131n olu\u015ftu\u011fu cadde \u00e7al\u0131\u015fmalar\u0131n ard\u0131ndan trafi\u011fe &hellip;","og_url":"https:\/\/vanxhaber.com\/index.php\/2024\/01\/16\/vanin-en-islek-caddesi-trafige-kapatildi\/","og_site_name":"Van Haber | Van X Haber | Van Haberleri","article_published_time":"2024-01-16T09:08:12+00:00","article_modified_time":"2024-01-16T09:16:03+00:00","og_image":[{"width":641,"height":380,"url":"https:\/\/vanxhaber.com\/wp-content\/uploads\/2024\/01\/van-trafigi.jpg","type":"image\/jpeg"}],"author":"Van X Haber","twitter_card":"summary_large_image","twitter_misc":{"Yazan:":"Van X Haber","Tahmini okuma s\u00fcresi":"1 dakika"},"schema":{"@context":"https:\/\/schema.org","@graph":[{"@type":"Article","@id":"https:\/\/vanxhaber.com\/index.php\/2024\/01\/16\/vanin-en-islek-caddesi-trafige-kapatildi\/#article","isPartOf":{"@id":"https:\/\/vanxhaber.com\/index.php\/2024\/01\/16\/vanin-en-islek-caddesi-trafige-kapatildi\/"},"author":{"name":"Van X Haber","@id":"https:\/\/vanxhaber.com\/#\/schema\/person\/a5fd8d89510cb5370e62ad176f7978ee"},"headline":"Van&#8217;\u0131n en i\u015flek caddesi trafi\u011fe kapat\u0131ld\u0131","datePublished":"2024-01-16T09:08:12+00:00","dateModified":"2024-01-16T09:16:03+00:00","mainEntityOfPage":{"@id":"https:\/\/vanxhaber.com\/index.php\/2024\/01\/16\/vanin-en-islek-caddesi-trafige-kapatildi\/"},"wordCount":106,"commentCount":0,"image":{"@id":"https:\/\/vanxhaber.com\/index.php\/2024\/01\/16\/vanin-en-islek-caddesi-trafige-kapatildi\/#primaryimage"},"thumbnailUrl":"https:\/\/vanxhaber.com\/wp-content\/uploads\/2024\/01\/van-trafigi.jpg","articleSection":["Van Haberleri"],"inLanguage":"tr","potentialAction":[{"@type":"CommentAction","name":"Comment","target":["https:\/\/vanxhaber.com\/index.php\/2024\/01\/16\/vanin-en-islek-caddesi-trafige-kapatildi\/#respond"]}],"copyrightYear":"2024","copyrightHolder":{"@id":"https:\/\/vanxhaber.com\/#organization"}},{"@type":"WebPage","@id":"https:\/\/vanxhaber.com\/index.php\/2024\/01\/16\/vanin-en-islek-caddesi-trafige-kapatildi\/","url":"https:\/\/vanxhaber.com\/index.php\/2024\/01\/16\/vanin-en-islek-caddesi-trafige-kapatildi\/","name":"Van'\u0131n en i\u015flek caddesi trafi\u011fe kapat\u0131ld\u0131 - Van Haber | Van X Haber | Van Haberleri","isPartOf":{"@id":"https:\/\/vanxhaber.com\/#website"},"primaryImageOfPage":{"@id":"https:\/\/vanxhaber.com\/index.php\/2024\/01\/16\/vanin-en-islek-caddesi-trafige-kapatildi\/#primaryimage"},"image":{"@id":"https:\/\/vanxhaber.com\/index.php\/2024\/01\/16\/vanin-en-islek-caddesi-trafige-kapatildi\/#primaryimage"},"thumbnailUrl":"https:\/\/vanxhaber.com\/wp-content\/uploads\/2024\/01\/van-trafigi.jpg","datePublished":"2024-01-16T09:08:12+00:00","dateModified":"2024-01-16T09:16:03+00:00","author":{"@id":"https:\/\/vanxhaber.com\/#\/schema\/person\/a5fd8d89510cb5370e62ad176f7978ee"},"breadcrumb":{"@id":"https:\/\/vanxhaber.com\/index.php\/2024\/01\/16\/vanin-en-islek-caddesi-trafige-kapatildi\/#breadcrumb"},"inLanguage":"tr","potentialAction":[{"@type":"ReadAction","target":["https:\/\/vanxhaber.com\/index.php\/2024\/01\/16\/vanin-en-islek-caddesi-trafige-kapatildi\/"]}]},{"@type":"ImageObject","inLanguage":"tr","@id":"https:\/\/vanxhaber.com\/index.php\/2024\/01\/16\/vanin-en-islek-caddesi-trafige-kapatildi\/#primaryimage","url":"https:\/\/vanxhaber.com\/wp-content\/uploads\/2024\/01\/van-trafigi.jpg","contentUrl":"https:\/\/vanxhaber.com\/wp-content\/uploads\/2024\/01\/van-trafigi.jpg","width":641,"height":380},{"@type":"BreadcrumbList","@id":"https:\/\/vanxhaber.com\/index.php\/2024\/01\/16\/vanin-en-islek-caddesi-trafige-kapatildi\/#breadcrumb","itemListElement":[{"@type":"ListItem","position":1,"name":"Anasayfa","item":"https:\/\/vanxhaber.com\/"},{"@type":"ListItem","position":2,"name":"Van&#8217;\u0131n en i\u015flek caddesi trafi\u011fe kapat\u0131ld\u0131"}]},{"@type":"WebSite","@id":"https:\/\/vanxhaber.com\/#website","url":"https:\/\/vanxhaber.com\/","name":"Van Haber | Van X Haber | Van Haberleri","description":"Van Haber, Van&#039;\u0131n ilk yapay zeka teknolojileri ile yaz\u0131lan Van X Haber ve Van Haberlerini aktif g\u00fcncel sunan tek vanhaber merkezidir.","potentialAction":[{"@type":"SearchAction","target":{"@type":"EntryPoint","urlTemplate":"https:\/\/vanxhaber.com\/?s={search_term_string}"},"query-input":{"@type":"PropertyValueSpecification","valueRequired":true,"valueName":"search_term_string"}}],"inLanguage":"tr"},{"@type":"Person","@id":"https:\/\/vanxhaber.com\/#\/schema\/person\/a5fd8d89510cb5370e62ad176f7978ee","name":"Van X Haber","image":{"@type":"ImageObject","inLanguage":"tr","@id":"https:\/\/vanxhaber.com\/#\/schema\/person\/image\/","url":"https:\/\/secure.gravatar.com\/avatar\/36f2f63826681263103acb5ca1e7bc1a6db11baea9b75dd091d89b74f2704b07?s=96&d=mm&r=g","contentUrl":"https:\/\/secure.gravatar.com\/avatar\/36f2f63826681263103acb5ca1e7bc1a6db11baea9b75dd091d89b74f2704b07?s=96&d=mm&r=g","caption":"Van X Haber"},"description":"Van X Haber Van'\u0131n ilk ve tek yeni nesil Van Haber merkezi. Son Dakika Van Haberleri ve G\u00fcncel Van haber merkezinde s\u0131cak geli\u015fmeleri aktarmaya devam edece\u011fiz.","url":"https:\/\/vanxhaber.com\/index.php\/author\/vangazetesi\/"}]}},"_links":{"self":[{"href":"https:\/\/vanxhaber.com\/index.php\/wp-json\/wp\/v2\/posts\/1371","targetHints":{"allow":["GET"]}}],"collection":[{"href":"https:\/\/vanxhaber.com\/index.php\/wp-json\/wp\/v2\/posts"}],"about":[{"href":"https:\/\/vanxhaber.com\/index.php\/wp-json\/wp\/v2\/types\/post"}],"author":[{"embeddable":true,"href":"https:\/\/vanxhaber.com\/index.php\/wp-json\/wp\/v2\/users\/2"}],"replies":[{"embeddable":true,"href":"https:\/\/vanxhaber.com\/index.php\/wp-json\/wp\/v2\/comments?post=1371"}],"version-history":[{"count":1,"href":"https:\/\/vanxhaber.com\/index.php\/wp-json\/wp\/v2\/posts\/1371\/revisions"}],"predecessor-version":[{"id":1374,"href":"https:\/\/vanxhaber.com\/index.php\/wp-json\/wp\/v2\/posts\/1371\/revisions\/1374"}],"wp:featuredmedia":[{"embeddable":true,"href":"https:\/\/vanxhaber.com\/index.php\/wp-json\/wp\/v2\/media\/1373"}],"wp:attachment":[{"href":"https:\/\/vanxhaber.com\/index.php\/wp-json\/wp\/v2\/media?parent=1371"}],"wp:term":[{"taxonomy":"category","embeddable":true,"href":"https:\/\/vanxhaber.com\/index.php\/wp-json\/wp\/v2\/categories?post=1371"},{"taxonomy":"post_tag","embeddable":true,"href":"https:\/\/vanxhaber.com\/index.php\/wp-json\/wp\/v2\/tags?post=1371"}],"curies":[{"name":"wp","href":"https:\/\/api.w.org\/{rel}","templated":true}]}}