{"id":1375,"date":"2024-01-16T09:20:33","date_gmt":"2024-01-16T09:20:33","guid":{"rendered":"https:\/\/vanxhaber.com\/?p=1375"},"modified":"2024-01-16T09:20:34","modified_gmt":"2024-01-16T09:20:34","slug":"yapay-zeka-masada","status":"publish","type":"post","link":"https:\/\/vanxhaber.com\/index.php\/2024\/01\/16\/yapay-zeka-masada\/","title":{"rendered":"Yapay zeka masada"},"content":{"rendered":"\n<p>\u0130<strong>svi\u00e7re&#8217;nin Davos kasabas\u0131nda ger\u00e7ekle\u015fecek D\u00fcnya Ekonomik Forumu&#8217;nda &#8220;yapay zeka ile h\u0131zl\u0131 d\u00f6n\u00fc\u015f\u00fcm ortam\u0131nda g\u00fcvenin yeniden in\u015fas\u0131&#8221; masaya yat\u0131r\u0131lacak.<\/strong><\/p>\n\n\n\n<p><br>D\u00fcnya Ekonomik Forumu pazartesi g\u00fcn\u00fc \u0130svi\u00e7re\u2019nin Davos kasabas\u0131nda, \u201cG\u00fcveni Yeniden \u0130n\u015fa Etmek\u201d temas\u0131yla ba\u015fl\u0131yor. Foruma ABD D\u0131\u015fi\u015fleri Bakan\u0131 Antony Blinken, Fransa Cumhurba\u015fkan\u0131 Emmanuel Macron, \u00c7in Ba\u015fbakan\u0131 Li Qiang ve Ukranya Devlet Ba\u015fkan\u0131 Volodimir Zelenski gibi d\u00fcnya g\u00fcndeminin \u00f6nde gelen siyasileri kat\u0131lacak.<\/p>\n\n\n\n<p>Bloomberg&#8217;in haberine g\u00f6re Zelenski, Rusya ile sava\u015f\u0131 s\u0131ras\u0131nda azalan rezervlerini desteklemek \u00fczere JPMorgan CEO\u2019su Jamie Dimon ile Davos\u2019ta bir g\u00f6r\u00fc\u015fme ger\u00e7ekle\u015ftirmeyi planl\u0131yor. Ukrayna\u2019n\u0131n cephelerde ilerleme sa\u011flayamamas\u0131 destek\u00e7ilerinin ele\u015ftirisine yol a\u00e7arken 100 milyar dolarl\u0131k yard\u0131m paketi Washington ve Br\u00fcksel\u2019de bekletiliyor. JPMorgan sava\u015f s\u00fcrecinde yeniden in\u015fa projelerine finansman \u00e7ekmek isteyen Zelenski\u2019ye dan\u0131\u015fmanl\u0131k yapm\u0131\u015ft\u0131. Davos\u2019ta Ukrayna g\u00fcndeminin d\u0131\u015f\u0131nda d\u00fcnya ve Avrupa ekonomik g\u00f6r\u00fcn\u00fcm\u00fcne ili\u015fkin \u00f6nemli mesajlar verilebilir. Davos konu\u015fmac\u0131lar\u0131 aras\u0131nda AMB Ba\u015fkan\u0131 Christine Lagarde, ECB \u00dcyesi Francois Villeroy, IMF Ba\u015fkan\u0131 Kristalina Georgieva, IMF Ba\u015fkan Yard\u0131mc\u0131s\u0131 Gita Gopinath ve Almanya Maliye Bakan\u0131 Christian Lindner gibi isimler yer al\u0131yor.<\/p>\n\n\n\n<p>&#8220;G\u00fcveni yeniden in\u015fa etmeliyiz&#8221;<br>Jeopolitik, genel olarak siyaset ve bunun i\u015f d\u00fcnyas\u0131 \u00fczerindeki etkileri de Davos\u2019ta masaya yat\u0131r\u0131lacak. Teknoloji devrimi ve s\u00fcrd\u00fcr\u00fclebilirlik de liderlerin ele alaca\u011f\u0131 konular i\u00e7inde yer alacak.<\/p>\n\n\n\n<p>D\u00fcnya Ekonomik Forumu Kurucusu ve \u0130cra Kurulu Ba\u015fkan\u0131 Klaus Schwab, konuya ili\u015fkin de\u011ferlendirmesinde, &#8220;Par\u00e7alanm\u0131\u015f bir d\u00fcnya ve artan toplumsal b\u00f6l\u00fcnmelerle kar\u015f\u0131 kar\u015f\u0131yay\u0131z. Bu da yayg\u0131n belirsizlik ve karamsarl\u0131\u011fa yol a\u00e7\u0131yor. Kriz y\u00f6netiminin \u00f6tesine ge\u00e7erek, mevcut sorunlar\u0131n temel nedenlerine bakarak ve daha umut verici bir gelece\u011fi birlikte in\u015fa ederek gelece\u011fimize olan g\u00fcveni yeniden in\u015fa etmeliyiz&#8221; ifadelerini kulland\u0131.<\/p>\n\n\n\n<p>WEF\u2019in y\u0131ll\u0131k toplant\u0131s\u0131nda en son k\u00fcresel geli\u015fmeler de ele al\u0131nacak. Toplant\u0131larda, dayan\u0131kl\u0131l\u0131\u011f\u0131 ve g\u00fcvenli\u011fi ilerletmek, ya\u015fam standartlar\u0131n\u0131 iyile\u015ftiren ekonomik b\u00fcy\u00fcmeyi canland\u0131rmak, enerjiyi g\u00fcvence alt\u0131na al\u0131rken iklimi ve do\u011fay\u0131 koruyan h\u0131zl\u0131 eylemleri s\u00fcrd\u00fcrmek, teknolojik geli\u015fmelerin kapsay\u0131c\u0131 olmas\u0131n\u0131 sa\u011flamak ve insanlara ve adil f\u0131rsatlara yat\u0131r\u0131m yapmak i\u00e7in gerekli i\u015fbirli\u011fini yeniden canland\u0131rma ama\u00e7lanacak.<\/p>\n\n\n\n<p>Yapay zeka masada<br>Pop\u00fclizmin y\u00fckseli\u015fi ve teknolojideki geli\u015fmeler, t\u0131p alan\u0131ndaki h\u0131zl\u0131 geli\u015fmelerin toplumu d\u00f6n\u00fc\u015ft\u00fcrmesi, robotik geli\u015fmeler, yapay zeka, dijitalle\u015fme Davos Zirvesi&#8217;nde tart\u0131\u015f\u0131lacak di\u011fer konular\u0131 olu\u015fturuyor.<\/p>\n\n\n\n<p>WEF\u2019in k\u00fcresel risk analizinde, kal\u0131c\u0131 bir ya\u015fam pahal\u0131l\u0131\u011f\u0131 krizine ili\u015fkin endi\u015feler, yapay zeka (YP-AI) kaynakl\u0131 yanl\u0131\u015f bilgi ve dezenformasyon ile toplumsal kutupla\u015fman\u0131n i\u00e7 i\u00e7e ge\u00e7mi\u015f risklerinin bu y\u0131l\u0131n risk g\u00f6r\u00fcn\u00fcm\u00fcnde belirleyici oldu\u011funa vurgu yap\u0131l\u0131rken, yapay zeka teknolojilerinin olumsuz sonu\u00e7lar\u0131 en b\u00fcy\u00fck riskler aras\u0131nda oldu\u011fu bilgisi payla\u015f\u0131ld\u0131. Bu y\u00fczden WEF, bu y\u0131l Davos&#8217;ta yapay zekay\u0131 ana temalar\u0131ndan birisi yapt\u0131.<\/p>\n\n\n\n<p>Yapay zekan\u0131n ge\u00e7en y\u0131l ivme kazanmas\u0131yla ortaya \u00e7\u0131kan yeni bir ekonomik \u00e7er\u00e7evede Davos\u2019ta d\u00fczenlenecek forumlarda, &#8220;Yapay zekay\u0131 herkesin yarar\u0131na olacak \u015fekilde nas\u0131l kullanabiliriz? Farkl\u0131 d\u00fczenleyici ortam inovasyonu toplumsal risklerle nas\u0131l dengeliyor? Yapay zeka, 5\/6G, kuantum hesaplama ve biyoteknoloji dahil olmak \u00fczere di\u011fer d\u00f6n\u00fc\u015ft\u00fcr\u00fcc\u00fc teknolojilerle nas\u0131l aray\u00fcz olu\u015fturacak?&#8221; sorular\u0131na cevaplar aranacak.<\/p>\n\n\n\n<p>Forumlarda, bu y\u0131l d\u00fcnya genelinde se\u00e7imler, olas\u0131 salg\u0131n hastal\u0131klar ve siber sald\u0131r\u0131lar da ele al\u0131nacak.<\/p>\n","protected":false},"excerpt":{"rendered":"<p>\u0130svi\u00e7re&#8217;nin Davos kasabas\u0131nda ger\u00e7ekle\u015fecek D\u00fcnya Ekonomik Forumu&#8217;nda &#8220;yapay zeka ile h\u0131zl\u0131 d\u00f6n\u00fc\u015f\u00fcm ortam\u0131nda g\u00fcvenin yeniden in\u015fas\u0131&#8221; masaya yat\u0131r\u0131lacak. D\u00fcnya Ekonomik Forumu pazartesi g\u00fcn\u00fc \u0130svi\u00e7re\u2019nin Davos kasabas\u0131nda, \u201cG\u00fcveni Yeniden \u0130n\u015fa Etmek\u201d temas\u0131yla ba\u015fl\u0131yor. Foruma ABD D\u0131\u015fi\u015fleri Bakan\u0131 Antony Blinken, Fransa Cumhurba\u015fkan\u0131 Emmanuel Macron, \u00c7in Ba\u015fbakan\u0131 Li Qiang ve Ukranya Devlet Ba\u015fkan\u0131 Volodimir Zelenski gibi d\u00fcnya g\u00fcndeminin &hellip;<\/p>\n","protected":false},"author":2,"featured_media":1377,"comment_status":"open","ping_status":"closed","sticky":false,"template":"","format":"standard","meta":{"googlesitekit_rrm_CAowot3VCw:productID":"","footnotes":""},"categories":[31],"tags":[100],"class_list":["post-1375","post","type-post","status-publish","format-standard","has-post-thumbnail","hentry","category-van-yapay-zeka","tag-yapay-zeka"],"yoast_head":"<!-- This site is optimized with the Yoast SEO Premium plugin v21.7 (Yoast SEO v26.7) - https:\/\/yoast.com\/wordpress\/plugins\/seo\/ -->\n<title>Yapay zeka masada - Van Haber | Van X Haber | Van Haberleri<\/title>\n<meta name=\"robots\" content=\"index, follow, max-snippet:-1, max-image-preview:large, max-video-preview:-1\" \/>\n<link rel=\"canonical\" href=\"https:\/\/vanxhaber.com\/index.php\/2024\/01\/16\/yapay-zeka-masada\/\" \/>\n<meta property=\"og:locale\" content=\"tr_TR\" \/>\n<meta property=\"og:type\" content=\"article\" \/>\n<meta property=\"og:title\" content=\"Yapay zeka masada\" \/>\n<meta property=\"og:description\" content=\"\u0130svi\u00e7re&#8217;nin Davos kasabas\u0131nda ger\u00e7ekle\u015fecek D\u00fcnya Ekonomik Forumu&#8217;nda &#8220;yapay zeka ile h\u0131zl\u0131 d\u00f6n\u00fc\u015f\u00fcm ortam\u0131nda g\u00fcvenin yeniden in\u015fas\u0131&#8221; masaya yat\u0131r\u0131lacak. D\u00fcnya Ekonomik Forumu pazartesi g\u00fcn\u00fc \u0130svi\u00e7re\u2019nin Davos kasabas\u0131nda, \u201cG\u00fcveni Yeniden \u0130n\u015fa Etmek\u201d temas\u0131yla ba\u015fl\u0131yor. Foruma ABD D\u0131\u015fi\u015fleri Bakan\u0131 Antony Blinken, Fransa Cumhurba\u015fkan\u0131 Emmanuel Macron, \u00c7in Ba\u015fbakan\u0131 Li Qiang ve Ukranya Devlet Ba\u015fkan\u0131 Volodimir Zelenski gibi d\u00fcnya g\u00fcndeminin &hellip;\" \/>\n<meta property=\"og:url\" content=\"https:\/\/vanxhaber.com\/index.php\/2024\/01\/16\/yapay-zeka-masada\/\" \/>\n<meta property=\"og:site_name\" content=\"Van Haber | Van X Haber | Van Haberleri\" \/>\n<meta property=\"article:published_time\" content=\"2024-01-16T09:20:33+00:00\" \/>\n<meta property=\"article:modified_time\" content=\"2024-01-16T09:20:34+00:00\" \/>\n<meta property=\"og:image\" content=\"https:\/\/vanxhaber.com\/wp-content\/uploads\/2024\/01\/yapay-zeka.jpg\" \/>\n\t<meta property=\"og:image:width\" content=\"641\" \/>\n\t<meta property=\"og:image:height\" content=\"380\" \/>\n\t<meta property=\"og:image:type\" content=\"image\/jpeg\" \/>\n<meta name=\"author\" content=\"Van X Haber\" \/>\n<meta name=\"twitter:card\" content=\"summary_large_image\" \/>\n<meta name=\"twitter:label1\" content=\"Yazan:\" \/>\n\t<meta name=\"twitter:data1\" content=\"Van X Haber\" \/>\n\t<meta name=\"twitter:label2\" content=\"Tahmini okuma s\u00fcresi\" \/>\n\t<meta name=\"twitter:data2\" content=\"3 dakika\" \/>\n<script type=\"application\/ld+json\" class=\"yoast-schema-graph\">{\"@context\":\"https:\/\/schema.org\",\"@graph\":[{\"@type\":\"Article\",\"@id\":\"https:\/\/vanxhaber.com\/index.php\/2024\/01\/16\/yapay-zeka-masada\/#article\",\"isPartOf\":{\"@id\":\"https:\/\/vanxhaber.com\/index.php\/2024\/01\/16\/yapay-zeka-masada\/\"},\"author\":{\"name\":\"Van X Haber\",\"@id\":\"https:\/\/vanxhaber.com\/#\/schema\/person\/a5fd8d89510cb5370e62ad176f7978ee\"},\"headline\":\"Yapay zeka masada\",\"datePublished\":\"2024-01-16T09:20:33+00:00\",\"dateModified\":\"2024-01-16T09:20:34+00:00\",\"mainEntityOfPage\":{\"@id\":\"https:\/\/vanxhaber.com\/index.php\/2024\/01\/16\/yapay-zeka-masada\/\"},\"wordCount\":660,\"commentCount\":0,\"image\":{\"@id\":\"https:\/\/vanxhaber.com\/index.php\/2024\/01\/16\/yapay-zeka-masada\/#primaryimage\"},\"thumbnailUrl\":\"https:\/\/vanxhaber.com\/wp-content\/uploads\/2024\/01\/yapay-zeka.jpg\",\"keywords\":[\"yapay zeka\"],\"articleSection\":[\"Van Yapay Zeka\"],\"inLanguage\":\"tr\",\"potentialAction\":[{\"@type\":\"CommentAction\",\"name\":\"Comment\",\"target\":[\"https:\/\/vanxhaber.com\/index.php\/2024\/01\/16\/yapay-zeka-masada\/#respond\"]}],\"copyrightYear\":\"2024\",\"copyrightHolder\":{\"@id\":\"https:\/\/vanxhaber.com\/#organization\"}},{\"@type\":\"WebPage\",\"@id\":\"https:\/\/vanxhaber.com\/index.php\/2024\/01\/16\/yapay-zeka-masada\/\",\"url\":\"https:\/\/vanxhaber.com\/index.php\/2024\/01\/16\/yapay-zeka-masada\/\",\"name\":\"Yapay zeka masada - Van Haber | Van X Haber | Van Haberleri\",\"isPartOf\":{\"@id\":\"https:\/\/vanxhaber.com\/#website\"},\"primaryImageOfPage\":{\"@id\":\"https:\/\/vanxhaber.com\/index.php\/2024\/01\/16\/yapay-zeka-masada\/#primaryimage\"},\"image\":{\"@id\":\"https:\/\/vanxhaber.com\/index.php\/2024\/01\/16\/yapay-zeka-masada\/#primaryimage\"},\"thumbnailUrl\":\"https:\/\/vanxhaber.com\/wp-content\/uploads\/2024\/01\/yapay-zeka.jpg\",\"datePublished\":\"2024-01-16T09:20:33+00:00\",\"dateModified\":\"2024-01-16T09:20:34+00:00\",\"author\":{\"@id\":\"https:\/\/vanxhaber.com\/#\/schema\/person\/a5fd8d89510cb5370e62ad176f7978ee\"},\"breadcrumb\":{\"@id\":\"https:\/\/vanxhaber.com\/index.php\/2024\/01\/16\/yapay-zeka-masada\/#breadcrumb\"},\"inLanguage\":\"tr\",\"potentialAction\":[{\"@type\":\"ReadAction\",\"target\":[\"https:\/\/vanxhaber.com\/index.php\/2024\/01\/16\/yapay-zeka-masada\/\"]}]},{\"@type\":\"ImageObject\",\"inLanguage\":\"tr\",\"@id\":\"https:\/\/vanxhaber.com\/index.php\/2024\/01\/16\/yapay-zeka-masada\/#primaryimage\",\"url\":\"https:\/\/vanxhaber.com\/wp-content\/uploads\/2024\/01\/yapay-zeka.jpg\",\"contentUrl\":\"https:\/\/vanxhaber.com\/wp-content\/uploads\/2024\/01\/yapay-zeka.jpg\",\"width\":641,\"height\":380},{\"@type\":\"BreadcrumbList\",\"@id\":\"https:\/\/vanxhaber.com\/index.php\/2024\/01\/16\/yapay-zeka-masada\/#breadcrumb\",\"itemListElement\":[{\"@type\":\"ListItem\",\"position\":1,\"name\":\"Anasayfa\",\"item\":\"https:\/\/vanxhaber.com\/\"},{\"@type\":\"ListItem\",\"position\":2,\"name\":\"Yapay zeka masada\"}]},{\"@type\":\"WebSite\",\"@id\":\"https:\/\/vanxhaber.com\/#website\",\"url\":\"https:\/\/vanxhaber.com\/\",\"name\":\"Van Haber | Van X Haber | Van Haberleri\",\"description\":\"Van Haber, Van&#039;\u0131n ilk yapay zeka teknolojileri ile yaz\u0131lan Van X Haber ve Van Haberlerini aktif g\u00fcncel sunan tek vanhaber merkezidir.\",\"potentialAction\":[{\"@type\":\"SearchAction\",\"target\":{\"@type\":\"EntryPoint\",\"urlTemplate\":\"https:\/\/vanxhaber.com\/?s={search_term_string}\"},\"query-input\":{\"@type\":\"PropertyValueSpecification\",\"valueRequired\":true,\"valueName\":\"search_term_string\"}}],\"inLanguage\":\"tr\"},{\"@type\":\"Person\",\"@id\":\"https:\/\/vanxhaber.com\/#\/schema\/person\/a5fd8d89510cb5370e62ad176f7978ee\",\"name\":\"Van X Haber\",\"image\":{\"@type\":\"ImageObject\",\"inLanguage\":\"tr\",\"@id\":\"https:\/\/vanxhaber.com\/#\/schema\/person\/image\/\",\"url\":\"https:\/\/secure.gravatar.com\/avatar\/36f2f63826681263103acb5ca1e7bc1a6db11baea9b75dd091d89b74f2704b07?s=96&d=mm&r=g\",\"contentUrl\":\"https:\/\/secure.gravatar.com\/avatar\/36f2f63826681263103acb5ca1e7bc1a6db11baea9b75dd091d89b74f2704b07?s=96&d=mm&r=g\",\"caption\":\"Van X Haber\"},\"description\":\"Van X Haber Van'\u0131n ilk ve tek yeni nesil Van Haber merkezi. Son Dakika Van Haberleri ve G\u00fcncel Van haber merkezinde s\u0131cak geli\u015fmeleri aktarmaya devam edece\u011fiz.\",\"url\":\"https:\/\/vanxhaber.com\/index.php\/author\/vangazetesi\/\"}]}<\/script>\n<!-- \/ Yoast SEO Premium plugin. -->","yoast_head_json":{"title":"Yapay zeka masada - Van Haber | Van X Haber | Van Haberleri","robots":{"index":"index","follow":"follow","max-snippet":"max-snippet:-1","max-image-preview":"max-image-preview:large","max-video-preview":"max-video-preview:-1"},"canonical":"https:\/\/vanxhaber.com\/index.php\/2024\/01\/16\/yapay-zeka-masada\/","og_locale":"tr_TR","og_type":"article","og_title":"Yapay zeka masada","og_description":"\u0130svi\u00e7re&#8217;nin Davos kasabas\u0131nda ger\u00e7ekle\u015fecek D\u00fcnya Ekonomik Forumu&#8217;nda &#8220;yapay zeka ile h\u0131zl\u0131 d\u00f6n\u00fc\u015f\u00fcm ortam\u0131nda g\u00fcvenin yeniden in\u015fas\u0131&#8221; masaya yat\u0131r\u0131lacak. D\u00fcnya Ekonomik Forumu pazartesi g\u00fcn\u00fc \u0130svi\u00e7re\u2019nin Davos kasabas\u0131nda, \u201cG\u00fcveni Yeniden \u0130n\u015fa Etmek\u201d temas\u0131yla ba\u015fl\u0131yor. Foruma ABD D\u0131\u015fi\u015fleri Bakan\u0131 Antony Blinken, Fransa Cumhurba\u015fkan\u0131 Emmanuel Macron, \u00c7in Ba\u015fbakan\u0131 Li Qiang ve Ukranya Devlet Ba\u015fkan\u0131 Volodimir Zelenski gibi d\u00fcnya g\u00fcndeminin &hellip;","og_url":"https:\/\/vanxhaber.com\/index.php\/2024\/01\/16\/yapay-zeka-masada\/","og_site_name":"Van Haber | Van X Haber | Van Haberleri","article_published_time":"2024-01-16T09:20:33+00:00","article_modified_time":"2024-01-16T09:20:34+00:00","og_image":[{"width":641,"height":380,"url":"https:\/\/vanxhaber.com\/wp-content\/uploads\/2024\/01\/yapay-zeka.jpg","type":"image\/jpeg"}],"author":"Van X Haber","twitter_card":"summary_large_image","twitter_misc":{"Yazan:":"Van X Haber","Tahmini okuma s\u00fcresi":"3 dakika"},"schema":{"@context":"https:\/\/schema.org","@graph":[{"@type":"Article","@id":"https:\/\/vanxhaber.com\/index.php\/2024\/01\/16\/yapay-zeka-masada\/#article","isPartOf":{"@id":"https:\/\/vanxhaber.com\/index.php\/2024\/01\/16\/yapay-zeka-masada\/"},"author":{"name":"Van X Haber","@id":"https:\/\/vanxhaber.com\/#\/schema\/person\/a5fd8d89510cb5370e62ad176f7978ee"},"headline":"Yapay zeka masada","datePublished":"2024-01-16T09:20:33+00:00","dateModified":"2024-01-16T09:20:34+00:00","mainEntityOfPage":{"@id":"https:\/\/vanxhaber.com\/index.php\/2024\/01\/16\/yapay-zeka-masada\/"},"wordCount":660,"commentCount":0,"image":{"@id":"https:\/\/vanxhaber.com\/index.php\/2024\/01\/16\/yapay-zeka-masada\/#primaryimage"},"thumbnailUrl":"https:\/\/vanxhaber.com\/wp-content\/uploads\/2024\/01\/yapay-zeka.jpg","keywords":["yapay zeka"],"articleSection":["Van Yapay Zeka"],"inLanguage":"tr","potentialAction":[{"@type":"CommentAction","name":"Comment","target":["https:\/\/vanxhaber.com\/index.php\/2024\/01\/16\/yapay-zeka-masada\/#respond"]}],"copyrightYear":"2024","copyrightHolder":{"@id":"https:\/\/vanxhaber.com\/#organization"}},{"@type":"WebPage","@id":"https:\/\/vanxhaber.com\/index.php\/2024\/01\/16\/yapay-zeka-masada\/","url":"https:\/\/vanxhaber.com\/index.php\/2024\/01\/16\/yapay-zeka-masada\/","name":"Yapay zeka masada - Van Haber | Van X Haber | Van Haberleri","isPartOf":{"@id":"https:\/\/vanxhaber.com\/#website"},"primaryImageOfPage":{"@id":"https:\/\/vanxhaber.com\/index.php\/2024\/01\/16\/yapay-zeka-masada\/#primaryimage"},"image":{"@id":"https:\/\/vanxhaber.com\/index.php\/2024\/01\/16\/yapay-zeka-masada\/#primaryimage"},"thumbnailUrl":"https:\/\/vanxhaber.com\/wp-content\/uploads\/2024\/01\/yapay-zeka.jpg","datePublished":"2024-01-16T09:20:33+00:00","dateModified":"2024-01-16T09:20:34+00:00","author":{"@id":"https:\/\/vanxhaber.com\/#\/schema\/person\/a5fd8d89510cb5370e62ad176f7978ee"},"breadcrumb":{"@id":"https:\/\/vanxhaber.com\/index.php\/2024\/01\/16\/yapay-zeka-masada\/#breadcrumb"},"inLanguage":"tr","potentialAction":[{"@type":"ReadAction","target":["https:\/\/vanxhaber.com\/index.php\/2024\/01\/16\/yapay-zeka-masada\/"]}]},{"@type":"ImageObject","inLanguage":"tr","@id":"https:\/\/vanxhaber.com\/index.php\/2024\/01\/16\/yapay-zeka-masada\/#primaryimage","url":"https:\/\/vanxhaber.com\/wp-content\/uploads\/2024\/01\/yapay-zeka.jpg","contentUrl":"https:\/\/vanxhaber.com\/wp-content\/uploads\/2024\/01\/yapay-zeka.jpg","width":641,"height":380},{"@type":"BreadcrumbList","@id":"https:\/\/vanxhaber.com\/index.php\/2024\/01\/16\/yapay-zeka-masada\/#breadcrumb","itemListElement":[{"@type":"ListItem","position":1,"name":"Anasayfa","item":"https:\/\/vanxhaber.com\/"},{"@type":"ListItem","position":2,"name":"Yapay zeka masada"}]},{"@type":"WebSite","@id":"https:\/\/vanxhaber.com\/#website","url":"https:\/\/vanxhaber.com\/","name":"Van Haber | Van X Haber | Van Haberleri","description":"Van Haber, Van&#039;\u0131n ilk yapay zeka teknolojileri ile yaz\u0131lan Van X Haber ve Van Haberlerini aktif g\u00fcncel sunan tek vanhaber merkezidir.","potentialAction":[{"@type":"SearchAction","target":{"@type":"EntryPoint","urlTemplate":"https:\/\/vanxhaber.com\/?s={search_term_string}"},"query-input":{"@type":"PropertyValueSpecification","valueRequired":true,"valueName":"search_term_string"}}],"inLanguage":"tr"},{"@type":"Person","@id":"https:\/\/vanxhaber.com\/#\/schema\/person\/a5fd8d89510cb5370e62ad176f7978ee","name":"Van X Haber","image":{"@type":"ImageObject","inLanguage":"tr","@id":"https:\/\/vanxhaber.com\/#\/schema\/person\/image\/","url":"https:\/\/secure.gravatar.com\/avatar\/36f2f63826681263103acb5ca1e7bc1a6db11baea9b75dd091d89b74f2704b07?s=96&d=mm&r=g","contentUrl":"https:\/\/secure.gravatar.com\/avatar\/36f2f63826681263103acb5ca1e7bc1a6db11baea9b75dd091d89b74f2704b07?s=96&d=mm&r=g","caption":"Van X Haber"},"description":"Van X Haber Van'\u0131n ilk ve tek yeni nesil Van Haber merkezi. Son Dakika Van Haberleri ve G\u00fcncel Van haber merkezinde s\u0131cak geli\u015fmeleri aktarmaya devam edece\u011fiz.","url":"https:\/\/vanxhaber.com\/index.php\/author\/vangazetesi\/"}]}},"_links":{"self":[{"href":"https:\/\/vanxhaber.com\/index.php\/wp-json\/wp\/v2\/posts\/1375","targetHints":{"allow":["GET"]}}],"collection":[{"href":"https:\/\/vanxhaber.com\/index.php\/wp-json\/wp\/v2\/posts"}],"about":[{"href":"https:\/\/vanxhaber.com\/index.php\/wp-json\/wp\/v2\/types\/post"}],"author":[{"embeddable":true,"href":"https:\/\/vanxhaber.com\/index.php\/wp-json\/wp\/v2\/users\/2"}],"replies":[{"embeddable":true,"href":"https:\/\/vanxhaber.com\/index.php\/wp-json\/wp\/v2\/comments?post=1375"}],"version-history":[{"count":1,"href":"https:\/\/vanxhaber.com\/index.php\/wp-json\/wp\/v2\/posts\/1375\/revisions"}],"predecessor-version":[{"id":1378,"href":"https:\/\/vanxhaber.com\/index.php\/wp-json\/wp\/v2\/posts\/1375\/revisions\/1378"}],"wp:featuredmedia":[{"embeddable":true,"href":"https:\/\/vanxhaber.com\/index.php\/wp-json\/wp\/v2\/media\/1377"}],"wp:attachment":[{"href":"https:\/\/vanxhaber.com\/index.php\/wp-json\/wp\/v2\/media?parent=1375"}],"wp:term":[{"taxonomy":"category","embeddable":true,"href":"https:\/\/vanxhaber.com\/index.php\/wp-json\/wp\/v2\/categories?post=1375"},{"taxonomy":"post_tag","embeddable":true,"href":"https:\/\/vanxhaber.com\/index.php\/wp-json\/wp\/v2\/tags?post=1375"}],"curies":[{"name":"wp","href":"https:\/\/api.w.org\/{rel}","templated":true}]}}