{"id":1379,"date":"2024-01-16T10:50:38","date_gmt":"2024-01-16T10:50:38","guid":{"rendered":"https:\/\/vanxhaber.com\/?p=1379"},"modified":"2024-01-16T10:50:39","modified_gmt":"2024-01-16T10:50:39","slug":"vali-ozan-balci-yerel-yazar-ve-sairlerle-kitap-dolu-bulusma-gerceklestirdi","status":"publish","type":"post","link":"https:\/\/vanxhaber.com\/index.php\/2024\/01\/16\/vali-ozan-balci-yerel-yazar-ve-sairlerle-kitap-dolu-bulusma-gerceklestirdi\/","title":{"rendered":"Vali Ozan Balc\u0131, Yerel Yazar ve \u015eairlerle Kitap Dolu Bulu\u015fma Ger\u00e7ekle\u015ftirdi"},"content":{"rendered":"\n<p><strong>Van Valisi Ozan Balc\u0131, \u015fehirdeki yerel yazar ve \u015fairleri a\u011f\u0131rlad\u0131.<\/strong> <\/p>\n\n\n\n<p>Yap\u0131lan etkinlikte Vali Balc\u0131, Van&#8217;a kazand\u0131r\u0131lan kitap projelerini ve k\u00fclt\u00fcr \u00e7al\u0131\u015fmalar\u0131n\u0131 payla\u015farak, \u015fair ve yazarlara kitap hediye etti.<\/p>\n\n\n\n<p>Van Valisi Ozan Balc\u0131, \u015fehirdeki yerel yazar ve \u015fairlerle bir araya gelerek k\u00fclt\u00fcrel bir bulu\u015fmaya imza att\u0131. Uygulama Otelinde d\u00fczenlenen etkinlikte konu\u015fan Vali Balc\u0131, yazarlar\u0131n, sanat\u00e7\u0131lar\u0131n ve \u015fairlerin \u015fehrin kalitesini yans\u0131tt\u0131\u011f\u0131n\u0131 vurgulayarak, onlar\u0131n \u015fehrin haf\u0131zas\u0131 oldu\u011funu ifade etti.<\/p>\n\n\n\n<p>Vali Balc\u0131, yazarlar\u0131n ve \u015fairlerin yapt\u0131\u011f\u0131 \u00e7al\u0131\u015fmalar\u0131n \u015fehir i\u00e7in b\u00fcy\u00fck bir de\u011fer ta\u015f\u0131d\u0131\u011f\u0131n\u0131 belirterek, &#8220;Yaz\u0131 yazmak ayr\u0131cal\u0131kt\u0131r. Sizler \u015fehrimizin haf\u0131zas\u0131s\u0131n\u0131z. Sizler \u00e7ok k\u0131ymetli bir i\u015f yap\u0131yorsunuz.&#8221; dedi.<\/p>\n\n\n\n<p>Van&#8217;da kitap ad\u0131na ger\u00e7ekle\u015ftirilen \u00e7al\u0131\u015fmalara da de\u011finen Vali Balc\u0131, \u015fu bilgileri verdi:<\/p>\n\n\n\n<p><strong>3 milyon kitab\u0131 Van&#8217;a kazand\u0131rd\u0131k.<\/strong><br>300 okul k\u00fct\u00fcphanesi olu\u015fturduk.<br>11 bebek-\u00e7ocuk k\u00fct\u00fcphanesi a\u00e7\u0131yoruz.<br>Yeni bir halk k\u00fct\u00fcphanesi in\u015fa ediyoruz.<br>Edremit&#8217;e yeni bir k\u00fct\u00fcphane kazand\u0131rd\u0131k.<br>PTT arac\u0131l\u0131\u011f\u0131yla 140 bin kitab\u0131 \u00e7ocuklarla bulu\u015fturduk.<br>Okullarda 1 saat okuma saati ba\u015flatt\u0131k.<br>Tematik liselere kitaplar ald\u0131k.<br><strong>T\u00dcB\u0130TAK <\/strong>kitaplar\u0131yla 500 bin kitab\u0131 ilimize kazand\u0131rd\u0131k.<br>T\u00fcm anaokulu, ilkokul ve ortaokullara s\u0131n\u0131f k\u00fct\u00fcphaneleri olu\u015fturduk.<br>Kamu kurumlar\u0131na kitaplar ald\u0131k.<br>Vali Ozan Balc\u0131, program\u0131n sonunda \u015fair ve yazarlara kitap hediye etti.<\/p>\n","protected":false},"excerpt":{"rendered":"<p>Van Valisi Ozan Balc\u0131, \u015fehirdeki yerel yazar ve \u015fairleri a\u011f\u0131rlad\u0131. Yap\u0131lan etkinlikte Vali Balc\u0131, Van&#8217;a kazand\u0131r\u0131lan kitap projelerini ve k\u00fclt\u00fcr \u00e7al\u0131\u015fmalar\u0131n\u0131 payla\u015farak, \u015fair ve yazarlara kitap hediye etti. Van Valisi Ozan Balc\u0131, \u015fehirdeki yerel yazar ve \u015fairlerle bir araya gelerek k\u00fclt\u00fcrel bir bulu\u015fmaya imza att\u0131. Uygulama Otelinde d\u00fczenlenen etkinlikte konu\u015fan Vali Balc\u0131, yazarlar\u0131n, sanat\u00e7\u0131lar\u0131n ve &hellip;<\/p>\n","protected":false},"author":2,"featured_media":1381,"comment_status":"open","ping_status":"closed","sticky":false,"template":"","format":"standard","meta":{"googlesitekit_rrm_CAowot3VCw:productID":"","footnotes":""},"categories":[1],"tags":[],"class_list":["post-1379","post","type-post","status-publish","format-standard","has-post-thumbnail","hentry","category-van-haber"],"yoast_head":"<!-- This site is optimized with the Yoast SEO Premium plugin v21.7 (Yoast SEO v26.7) - https:\/\/yoast.com\/wordpress\/plugins\/seo\/ -->\n<title>Vali Ozan Balc\u0131, Yerel Yazar ve \u015eairlerle Kitap Dolu Bulu\u015fma Ger\u00e7ekle\u015ftirdi - Van Haber | Van X Haber | Van Haberleri<\/title>\n<meta name=\"robots\" content=\"index, follow, max-snippet:-1, max-image-preview:large, max-video-preview:-1\" \/>\n<link rel=\"canonical\" href=\"https:\/\/vanxhaber.com\/index.php\/2024\/01\/16\/vali-ozan-balci-yerel-yazar-ve-sairlerle-kitap-dolu-bulusma-gerceklestirdi\/\" \/>\n<meta property=\"og:locale\" content=\"tr_TR\" \/>\n<meta property=\"og:type\" content=\"article\" \/>\n<meta property=\"og:title\" content=\"Vali Ozan Balc\u0131, Yerel Yazar ve \u015eairlerle Kitap Dolu Bulu\u015fma Ger\u00e7ekle\u015ftirdi\" \/>\n<meta property=\"og:description\" content=\"Van Valisi Ozan Balc\u0131, \u015fehirdeki yerel yazar ve \u015fairleri a\u011f\u0131rlad\u0131. Yap\u0131lan etkinlikte Vali Balc\u0131, Van&#8217;a kazand\u0131r\u0131lan kitap projelerini ve k\u00fclt\u00fcr \u00e7al\u0131\u015fmalar\u0131n\u0131 payla\u015farak, \u015fair ve yazarlara kitap hediye etti. Van Valisi Ozan Balc\u0131, \u015fehirdeki yerel yazar ve \u015fairlerle bir araya gelerek k\u00fclt\u00fcrel bir bulu\u015fmaya imza att\u0131. Uygulama Otelinde d\u00fczenlenen etkinlikte konu\u015fan Vali Balc\u0131, yazarlar\u0131n, sanat\u00e7\u0131lar\u0131n ve &hellip;\" \/>\n<meta property=\"og:url\" content=\"https:\/\/vanxhaber.com\/index.php\/2024\/01\/16\/vali-ozan-balci-yerel-yazar-ve-sairlerle-kitap-dolu-bulusma-gerceklestirdi\/\" \/>\n<meta property=\"og:site_name\" content=\"Van Haber | Van X Haber | Van Haberleri\" \/>\n<meta property=\"article:published_time\" content=\"2024-01-16T10:50:38+00:00\" \/>\n<meta property=\"article:modified_time\" content=\"2024-01-16T10:50:39+00:00\" \/>\n<meta property=\"og:image\" content=\"https:\/\/vanxhaber.com\/wp-content\/uploads\/2024\/01\/yazar-sair-vali.jpg\" \/>\n\t<meta property=\"og:image:width\" content=\"641\" \/>\n\t<meta property=\"og:image:height\" content=\"380\" \/>\n\t<meta property=\"og:image:type\" content=\"image\/jpeg\" \/>\n<meta name=\"author\" content=\"Van X Haber\" \/>\n<meta name=\"twitter:card\" content=\"summary_large_image\" \/>\n<meta name=\"twitter:label1\" content=\"Yazan:\" \/>\n\t<meta name=\"twitter:data1\" content=\"Van X Haber\" \/>\n\t<meta name=\"twitter:label2\" content=\"Tahmini okuma s\u00fcresi\" \/>\n\t<meta name=\"twitter:data2\" content=\"2 dakika\" \/>\n<script type=\"application\/ld+json\" class=\"yoast-schema-graph\">{\"@context\":\"https:\/\/schema.org\",\"@graph\":[{\"@type\":\"Article\",\"@id\":\"https:\/\/vanxhaber.com\/index.php\/2024\/01\/16\/vali-ozan-balci-yerel-yazar-ve-sairlerle-kitap-dolu-bulusma-gerceklestirdi\/#article\",\"isPartOf\":{\"@id\":\"https:\/\/vanxhaber.com\/index.php\/2024\/01\/16\/vali-ozan-balci-yerel-yazar-ve-sairlerle-kitap-dolu-bulusma-gerceklestirdi\/\"},\"author\":{\"name\":\"Van X Haber\",\"@id\":\"https:\/\/vanxhaber.com\/#\/schema\/person\/a5fd8d89510cb5370e62ad176f7978ee\"},\"headline\":\"Vali Ozan Balc\u0131, Yerel Yazar ve \u015eairlerle Kitap Dolu Bulu\u015fma Ger\u00e7ekle\u015ftirdi\",\"datePublished\":\"2024-01-16T10:50:38+00:00\",\"dateModified\":\"2024-01-16T10:50:39+00:00\",\"mainEntityOfPage\":{\"@id\":\"https:\/\/vanxhaber.com\/index.php\/2024\/01\/16\/vali-ozan-balci-yerel-yazar-ve-sairlerle-kitap-dolu-bulusma-gerceklestirdi\/\"},\"wordCount\":269,\"commentCount\":0,\"image\":{\"@id\":\"https:\/\/vanxhaber.com\/index.php\/2024\/01\/16\/vali-ozan-balci-yerel-yazar-ve-sairlerle-kitap-dolu-bulusma-gerceklestirdi\/#primaryimage\"},\"thumbnailUrl\":\"https:\/\/vanxhaber.com\/wp-content\/uploads\/2024\/01\/yazar-sair-vali.jpg\",\"articleSection\":[\"Van Haber\"],\"inLanguage\":\"tr\",\"potentialAction\":[{\"@type\":\"CommentAction\",\"name\":\"Comment\",\"target\":[\"https:\/\/vanxhaber.com\/index.php\/2024\/01\/16\/vali-ozan-balci-yerel-yazar-ve-sairlerle-kitap-dolu-bulusma-gerceklestirdi\/#respond\"]}],\"copyrightYear\":\"2024\",\"copyrightHolder\":{\"@id\":\"https:\/\/vanxhaber.com\/#organization\"}},{\"@type\":\"WebPage\",\"@id\":\"https:\/\/vanxhaber.com\/index.php\/2024\/01\/16\/vali-ozan-balci-yerel-yazar-ve-sairlerle-kitap-dolu-bulusma-gerceklestirdi\/\",\"url\":\"https:\/\/vanxhaber.com\/index.php\/2024\/01\/16\/vali-ozan-balci-yerel-yazar-ve-sairlerle-kitap-dolu-bulusma-gerceklestirdi\/\",\"name\":\"Vali Ozan Balc\u0131, Yerel Yazar ve \u015eairlerle Kitap Dolu Bulu\u015fma Ger\u00e7ekle\u015ftirdi - Van Haber | Van X Haber | Van Haberleri\",\"isPartOf\":{\"@id\":\"https:\/\/vanxhaber.com\/#website\"},\"primaryImageOfPage\":{\"@id\":\"https:\/\/vanxhaber.com\/index.php\/2024\/01\/16\/vali-ozan-balci-yerel-yazar-ve-sairlerle-kitap-dolu-bulusma-gerceklestirdi\/#primaryimage\"},\"image\":{\"@id\":\"https:\/\/vanxhaber.com\/index.php\/2024\/01\/16\/vali-ozan-balci-yerel-yazar-ve-sairlerle-kitap-dolu-bulusma-gerceklestirdi\/#primaryimage\"},\"thumbnailUrl\":\"https:\/\/vanxhaber.com\/wp-content\/uploads\/2024\/01\/yazar-sair-vali.jpg\",\"datePublished\":\"2024-01-16T10:50:38+00:00\",\"dateModified\":\"2024-01-16T10:50:39+00:00\",\"author\":{\"@id\":\"https:\/\/vanxhaber.com\/#\/schema\/person\/a5fd8d89510cb5370e62ad176f7978ee\"},\"breadcrumb\":{\"@id\":\"https:\/\/vanxhaber.com\/index.php\/2024\/01\/16\/vali-ozan-balci-yerel-yazar-ve-sairlerle-kitap-dolu-bulusma-gerceklestirdi\/#breadcrumb\"},\"inLanguage\":\"tr\",\"potentialAction\":[{\"@type\":\"ReadAction\",\"target\":[\"https:\/\/vanxhaber.com\/index.php\/2024\/01\/16\/vali-ozan-balci-yerel-yazar-ve-sairlerle-kitap-dolu-bulusma-gerceklestirdi\/\"]}]},{\"@type\":\"ImageObject\",\"inLanguage\":\"tr\",\"@id\":\"https:\/\/vanxhaber.com\/index.php\/2024\/01\/16\/vali-ozan-balci-yerel-yazar-ve-sairlerle-kitap-dolu-bulusma-gerceklestirdi\/#primaryimage\",\"url\":\"https:\/\/vanxhaber.com\/wp-content\/uploads\/2024\/01\/yazar-sair-vali.jpg\",\"contentUrl\":\"https:\/\/vanxhaber.com\/wp-content\/uploads\/2024\/01\/yazar-sair-vali.jpg\",\"width\":641,\"height\":380},{\"@type\":\"BreadcrumbList\",\"@id\":\"https:\/\/vanxhaber.com\/index.php\/2024\/01\/16\/vali-ozan-balci-yerel-yazar-ve-sairlerle-kitap-dolu-bulusma-gerceklestirdi\/#breadcrumb\",\"itemListElement\":[{\"@type\":\"ListItem\",\"position\":1,\"name\":\"Anasayfa\",\"item\":\"https:\/\/vanxhaber.com\/\"},{\"@type\":\"ListItem\",\"position\":2,\"name\":\"Vali Ozan Balc\u0131, Yerel Yazar ve \u015eairlerle Kitap Dolu Bulu\u015fma Ger\u00e7ekle\u015ftirdi\"}]},{\"@type\":\"WebSite\",\"@id\":\"https:\/\/vanxhaber.com\/#website\",\"url\":\"https:\/\/vanxhaber.com\/\",\"name\":\"Van Haber | Van X Haber | Van Haberleri\",\"description\":\"Van Haber, Van&#039;\u0131n ilk yapay zeka teknolojileri ile yaz\u0131lan Van X Haber ve Van Haberlerini aktif g\u00fcncel sunan tek vanhaber merkezidir.\",\"potentialAction\":[{\"@type\":\"SearchAction\",\"target\":{\"@type\":\"EntryPoint\",\"urlTemplate\":\"https:\/\/vanxhaber.com\/?s={search_term_string}\"},\"query-input\":{\"@type\":\"PropertyValueSpecification\",\"valueRequired\":true,\"valueName\":\"search_term_string\"}}],\"inLanguage\":\"tr\"},{\"@type\":\"Person\",\"@id\":\"https:\/\/vanxhaber.com\/#\/schema\/person\/a5fd8d89510cb5370e62ad176f7978ee\",\"name\":\"Van X Haber\",\"image\":{\"@type\":\"ImageObject\",\"inLanguage\":\"tr\",\"@id\":\"https:\/\/vanxhaber.com\/#\/schema\/person\/image\/\",\"url\":\"https:\/\/secure.gravatar.com\/avatar\/36f2f63826681263103acb5ca1e7bc1a6db11baea9b75dd091d89b74f2704b07?s=96&d=mm&r=g\",\"contentUrl\":\"https:\/\/secure.gravatar.com\/avatar\/36f2f63826681263103acb5ca1e7bc1a6db11baea9b75dd091d89b74f2704b07?s=96&d=mm&r=g\",\"caption\":\"Van X Haber\"},\"description\":\"Van X Haber Van'\u0131n ilk ve tek yeni nesil Van Haber merkezi. Son Dakika Van Haberleri ve G\u00fcncel Van haber merkezinde s\u0131cak geli\u015fmeleri aktarmaya devam edece\u011fiz.\",\"url\":\"https:\/\/vanxhaber.com\/index.php\/author\/vangazetesi\/\"}]}<\/script>\n<!-- \/ Yoast SEO Premium plugin. -->","yoast_head_json":{"title":"Vali Ozan Balc\u0131, Yerel Yazar ve \u015eairlerle Kitap Dolu Bulu\u015fma Ger\u00e7ekle\u015ftirdi - Van Haber | Van X Haber | Van Haberleri","robots":{"index":"index","follow":"follow","max-snippet":"max-snippet:-1","max-image-preview":"max-image-preview:large","max-video-preview":"max-video-preview:-1"},"canonical":"https:\/\/vanxhaber.com\/index.php\/2024\/01\/16\/vali-ozan-balci-yerel-yazar-ve-sairlerle-kitap-dolu-bulusma-gerceklestirdi\/","og_locale":"tr_TR","og_type":"article","og_title":"Vali Ozan Balc\u0131, Yerel Yazar ve \u015eairlerle Kitap Dolu Bulu\u015fma Ger\u00e7ekle\u015ftirdi","og_description":"Van Valisi Ozan Balc\u0131, \u015fehirdeki yerel yazar ve \u015fairleri a\u011f\u0131rlad\u0131. Yap\u0131lan etkinlikte Vali Balc\u0131, Van&#8217;a kazand\u0131r\u0131lan kitap projelerini ve k\u00fclt\u00fcr \u00e7al\u0131\u015fmalar\u0131n\u0131 payla\u015farak, \u015fair ve yazarlara kitap hediye etti. Van Valisi Ozan Balc\u0131, \u015fehirdeki yerel yazar ve \u015fairlerle bir araya gelerek k\u00fclt\u00fcrel bir bulu\u015fmaya imza att\u0131. Uygulama Otelinde d\u00fczenlenen etkinlikte konu\u015fan Vali Balc\u0131, yazarlar\u0131n, sanat\u00e7\u0131lar\u0131n ve &hellip;","og_url":"https:\/\/vanxhaber.com\/index.php\/2024\/01\/16\/vali-ozan-balci-yerel-yazar-ve-sairlerle-kitap-dolu-bulusma-gerceklestirdi\/","og_site_name":"Van Haber | Van X Haber | Van Haberleri","article_published_time":"2024-01-16T10:50:38+00:00","article_modified_time":"2024-01-16T10:50:39+00:00","og_image":[{"width":641,"height":380,"url":"https:\/\/vanxhaber.com\/wp-content\/uploads\/2024\/01\/yazar-sair-vali.jpg","type":"image\/jpeg"}],"author":"Van X Haber","twitter_card":"summary_large_image","twitter_misc":{"Yazan:":"Van X Haber","Tahmini okuma s\u00fcresi":"2 dakika"},"schema":{"@context":"https:\/\/schema.org","@graph":[{"@type":"Article","@id":"https:\/\/vanxhaber.com\/index.php\/2024\/01\/16\/vali-ozan-balci-yerel-yazar-ve-sairlerle-kitap-dolu-bulusma-gerceklestirdi\/#article","isPartOf":{"@id":"https:\/\/vanxhaber.com\/index.php\/2024\/01\/16\/vali-ozan-balci-yerel-yazar-ve-sairlerle-kitap-dolu-bulusma-gerceklestirdi\/"},"author":{"name":"Van X Haber","@id":"https:\/\/vanxhaber.com\/#\/schema\/person\/a5fd8d89510cb5370e62ad176f7978ee"},"headline":"Vali Ozan Balc\u0131, Yerel Yazar ve \u015eairlerle Kitap Dolu Bulu\u015fma Ger\u00e7ekle\u015ftirdi","datePublished":"2024-01-16T10:50:38+00:00","dateModified":"2024-01-16T10:50:39+00:00","mainEntityOfPage":{"@id":"https:\/\/vanxhaber.com\/index.php\/2024\/01\/16\/vali-ozan-balci-yerel-yazar-ve-sairlerle-kitap-dolu-bulusma-gerceklestirdi\/"},"wordCount":269,"commentCount":0,"image":{"@id":"https:\/\/vanxhaber.com\/index.php\/2024\/01\/16\/vali-ozan-balci-yerel-yazar-ve-sairlerle-kitap-dolu-bulusma-gerceklestirdi\/#primaryimage"},"thumbnailUrl":"https:\/\/vanxhaber.com\/wp-content\/uploads\/2024\/01\/yazar-sair-vali.jpg","articleSection":["Van Haber"],"inLanguage":"tr","potentialAction":[{"@type":"CommentAction","name":"Comment","target":["https:\/\/vanxhaber.com\/index.php\/2024\/01\/16\/vali-ozan-balci-yerel-yazar-ve-sairlerle-kitap-dolu-bulusma-gerceklestirdi\/#respond"]}],"copyrightYear":"2024","copyrightHolder":{"@id":"https:\/\/vanxhaber.com\/#organization"}},{"@type":"WebPage","@id":"https:\/\/vanxhaber.com\/index.php\/2024\/01\/16\/vali-ozan-balci-yerel-yazar-ve-sairlerle-kitap-dolu-bulusma-gerceklestirdi\/","url":"https:\/\/vanxhaber.com\/index.php\/2024\/01\/16\/vali-ozan-balci-yerel-yazar-ve-sairlerle-kitap-dolu-bulusma-gerceklestirdi\/","name":"Vali Ozan Balc\u0131, Yerel Yazar ve \u015eairlerle Kitap Dolu Bulu\u015fma Ger\u00e7ekle\u015ftirdi - Van Haber | Van X Haber | Van Haberleri","isPartOf":{"@id":"https:\/\/vanxhaber.com\/#website"},"primaryImageOfPage":{"@id":"https:\/\/vanxhaber.com\/index.php\/2024\/01\/16\/vali-ozan-balci-yerel-yazar-ve-sairlerle-kitap-dolu-bulusma-gerceklestirdi\/#primaryimage"},"image":{"@id":"https:\/\/vanxhaber.com\/index.php\/2024\/01\/16\/vali-ozan-balci-yerel-yazar-ve-sairlerle-kitap-dolu-bulusma-gerceklestirdi\/#primaryimage"},"thumbnailUrl":"https:\/\/vanxhaber.com\/wp-content\/uploads\/2024\/01\/yazar-sair-vali.jpg","datePublished":"2024-01-16T10:50:38+00:00","dateModified":"2024-01-16T10:50:39+00:00","author":{"@id":"https:\/\/vanxhaber.com\/#\/schema\/person\/a5fd8d89510cb5370e62ad176f7978ee"},"breadcrumb":{"@id":"https:\/\/vanxhaber.com\/index.php\/2024\/01\/16\/vali-ozan-balci-yerel-yazar-ve-sairlerle-kitap-dolu-bulusma-gerceklestirdi\/#breadcrumb"},"inLanguage":"tr","potentialAction":[{"@type":"ReadAction","target":["https:\/\/vanxhaber.com\/index.php\/2024\/01\/16\/vali-ozan-balci-yerel-yazar-ve-sairlerle-kitap-dolu-bulusma-gerceklestirdi\/"]}]},{"@type":"ImageObject","inLanguage":"tr","@id":"https:\/\/vanxhaber.com\/index.php\/2024\/01\/16\/vali-ozan-balci-yerel-yazar-ve-sairlerle-kitap-dolu-bulusma-gerceklestirdi\/#primaryimage","url":"https:\/\/vanxhaber.com\/wp-content\/uploads\/2024\/01\/yazar-sair-vali.jpg","contentUrl":"https:\/\/vanxhaber.com\/wp-content\/uploads\/2024\/01\/yazar-sair-vali.jpg","width":641,"height":380},{"@type":"BreadcrumbList","@id":"https:\/\/vanxhaber.com\/index.php\/2024\/01\/16\/vali-ozan-balci-yerel-yazar-ve-sairlerle-kitap-dolu-bulusma-gerceklestirdi\/#breadcrumb","itemListElement":[{"@type":"ListItem","position":1,"name":"Anasayfa","item":"https:\/\/vanxhaber.com\/"},{"@type":"ListItem","position":2,"name":"Vali Ozan Balc\u0131, Yerel Yazar ve \u015eairlerle Kitap Dolu Bulu\u015fma Ger\u00e7ekle\u015ftirdi"}]},{"@type":"WebSite","@id":"https:\/\/vanxhaber.com\/#website","url":"https:\/\/vanxhaber.com\/","name":"Van Haber | Van X Haber | Van Haberleri","description":"Van Haber, Van&#039;\u0131n ilk yapay zeka teknolojileri ile yaz\u0131lan Van X Haber ve Van Haberlerini aktif g\u00fcncel sunan tek vanhaber merkezidir.","potentialAction":[{"@type":"SearchAction","target":{"@type":"EntryPoint","urlTemplate":"https:\/\/vanxhaber.com\/?s={search_term_string}"},"query-input":{"@type":"PropertyValueSpecification","valueRequired":true,"valueName":"search_term_string"}}],"inLanguage":"tr"},{"@type":"Person","@id":"https:\/\/vanxhaber.com\/#\/schema\/person\/a5fd8d89510cb5370e62ad176f7978ee","name":"Van X Haber","image":{"@type":"ImageObject","inLanguage":"tr","@id":"https:\/\/vanxhaber.com\/#\/schema\/person\/image\/","url":"https:\/\/secure.gravatar.com\/avatar\/36f2f63826681263103acb5ca1e7bc1a6db11baea9b75dd091d89b74f2704b07?s=96&d=mm&r=g","contentUrl":"https:\/\/secure.gravatar.com\/avatar\/36f2f63826681263103acb5ca1e7bc1a6db11baea9b75dd091d89b74f2704b07?s=96&d=mm&r=g","caption":"Van X Haber"},"description":"Van X Haber Van'\u0131n ilk ve tek yeni nesil Van Haber merkezi. Son Dakika Van Haberleri ve G\u00fcncel Van haber merkezinde s\u0131cak geli\u015fmeleri aktarmaya devam edece\u011fiz.","url":"https:\/\/vanxhaber.com\/index.php\/author\/vangazetesi\/"}]}},"_links":{"self":[{"href":"https:\/\/vanxhaber.com\/index.php\/wp-json\/wp\/v2\/posts\/1379","targetHints":{"allow":["GET"]}}],"collection":[{"href":"https:\/\/vanxhaber.com\/index.php\/wp-json\/wp\/v2\/posts"}],"about":[{"href":"https:\/\/vanxhaber.com\/index.php\/wp-json\/wp\/v2\/types\/post"}],"author":[{"embeddable":true,"href":"https:\/\/vanxhaber.com\/index.php\/wp-json\/wp\/v2\/users\/2"}],"replies":[{"embeddable":true,"href":"https:\/\/vanxhaber.com\/index.php\/wp-json\/wp\/v2\/comments?post=1379"}],"version-history":[{"count":1,"href":"https:\/\/vanxhaber.com\/index.php\/wp-json\/wp\/v2\/posts\/1379\/revisions"}],"predecessor-version":[{"id":1382,"href":"https:\/\/vanxhaber.com\/index.php\/wp-json\/wp\/v2\/posts\/1379\/revisions\/1382"}],"wp:featuredmedia":[{"embeddable":true,"href":"https:\/\/vanxhaber.com\/index.php\/wp-json\/wp\/v2\/media\/1381"}],"wp:attachment":[{"href":"https:\/\/vanxhaber.com\/index.php\/wp-json\/wp\/v2\/media?parent=1379"}],"wp:term":[{"taxonomy":"category","embeddable":true,"href":"https:\/\/vanxhaber.com\/index.php\/wp-json\/wp\/v2\/categories?post=1379"},{"taxonomy":"post_tag","embeddable":true,"href":"https:\/\/vanxhaber.com\/index.php\/wp-json\/wp\/v2\/tags?post=1379"}],"curies":[{"name":"wp","href":"https:\/\/api.w.org\/{rel}","templated":true}]}}