{"id":1385,"date":"2024-01-17T09:05:04","date_gmt":"2024-01-17T09:05:04","guid":{"rendered":"https:\/\/vanxhaber.com\/?p=1385"},"modified":"2024-01-17T09:05:05","modified_gmt":"2024-01-17T09:05:05","slug":"vanda-suruculere-599-bin-671-tl-idari-para-cezasi","status":"publish","type":"post","link":"https:\/\/vanxhaber.com\/index.php\/2024\/01\/17\/vanda-suruculere-599-bin-671-tl-idari-para-cezasi\/","title":{"rendered":"Van\u2019da s\u00fcr\u00fcc\u00fclere 599 bin 671 TL idari para cezas\u0131\u2026"},"content":{"rendered":"\n<p><strong>Van\u2019da jandarma ekiplerince yap\u0131lan denetimlerde 293 s\u00fcr\u00fcc\u00fc ve araca 599 bin 671 TL idari para cezas\u0131 uygulan\u0131rken, 53 arac\u0131n ise trafikten men edildi\u011fi belirtildi.<\/strong><\/p>\n\n\n\n<p><br>Van Valili\u011finden yap\u0131lan a\u00e7\u0131klamada, \u0130l Jandarma Komutanl\u0131\u011f\u0131nca yol kullan\u0131c\u0131lar\u0131na y\u00f6nelik 8-14 Ocak 2024 tarihleri aras\u0131nda trafik denetimleri icra edildi\u011fi belirtildi. A\u00e7\u0131klamada, \u201c541 yol kullan\u0131c\u0131s\u0131na trafik g\u00fcvenli\u011fi e\u011fitimi verildi. 114 okul servis arac\u0131 \u015fof\u00f6r\u00fcne trafik g\u00fcvenli\u011fi e\u011fitimi verildi. 214 \u00f6\u011frenciye trafik g\u00fcvenli\u011fi e\u011fitimi verildi. 13 bin 369 ara\u00e7 kontrol edildi, 293 s\u00fcr\u00fcc\u00fc ve araca 599 bin 671 TL idari para cezas\u0131 uyguland\u0131, 53 ara\u00e7 trafikten men edildi. Ayr\u0131ca trafik g\u00fcvenli\u011finin sa\u011flanmas\u0131 ve kaza say\u0131lar\u0131n\u0131n d\u00fc\u015f\u00fcr\u00fclmesi hedefli \u00e7al\u0131\u015fmalarda; trafik kazalar\u0131n\u0131n yo\u011funlukla meydana geldi\u011fi yol kesimlerinin iyile\u015ftirilmesi \u00f6nem kazanm\u0131\u015f olup s\u00fcrekli, etkin ve yo\u011fun trafik denetim faaliyetlerine a\u011f\u0131rl\u0131k verildi. Van \u0130l Jandarma Komutanl\u0131\u011f\u0131 olarak vatanda\u015flar\u0131m\u0131z\u0131n huzur ve g\u00fcvenli\u011fi i\u00e7in \u2018Huzurunuz, Mutlulu\u011fumuzdur\u2019 parolas\u0131 ile \u00e7al\u0131\u015fmalar\u0131m\u0131z artan bir azim ve kararl\u0131l\u0131kla devam edecektir\u201d denildi.<\/p>\n","protected":false},"excerpt":{"rendered":"<p>Van\u2019da jandarma ekiplerince yap\u0131lan denetimlerde 293 s\u00fcr\u00fcc\u00fc ve araca 599 bin 671 TL idari para cezas\u0131 uygulan\u0131rken, 53 arac\u0131n ise trafikten men edildi\u011fi belirtildi. Van Valili\u011finden yap\u0131lan a\u00e7\u0131klamada, \u0130l Jandarma Komutanl\u0131\u011f\u0131nca yol kullan\u0131c\u0131lar\u0131na y\u00f6nelik 8-14 Ocak 2024 tarihleri aras\u0131nda trafik denetimleri icra edildi\u011fi belirtildi. A\u00e7\u0131klamada, \u201c541 yol kullan\u0131c\u0131s\u0131na trafik g\u00fcvenli\u011fi e\u011fitimi verildi. 114 okul servis &hellip;<\/p>\n","protected":false},"author":2,"featured_media":1387,"comment_status":"open","ping_status":"closed","sticky":false,"template":"","format":"standard","meta":{"googlesitekit_rrm_CAowot3VCw:productID":"","footnotes":""},"categories":[27,24],"tags":[103,101,35],"class_list":["post-1385","post","type-post","status-publish","format-standard","has-post-thumbnail","hentry","category-van-emniyet","category-van-haberleri","tag-ceza","tag-van-emniyet","tag-van-haber"],"yoast_head":"<!-- This site is optimized with the Yoast SEO Premium plugin v21.7 (Yoast SEO v26.7) - https:\/\/yoast.com\/wordpress\/plugins\/seo\/ -->\n<title>Van\u2019da s\u00fcr\u00fcc\u00fclere 599 bin 671 TL idari para cezas\u0131\u2026 - Van Haber | Van X Haber | Van Haberleri<\/title>\n<meta name=\"robots\" content=\"index, follow, max-snippet:-1, max-image-preview:large, max-video-preview:-1\" \/>\n<link rel=\"canonical\" href=\"https:\/\/vanxhaber.com\/index.php\/2024\/01\/17\/vanda-suruculere-599-bin-671-tl-idari-para-cezasi\/\" \/>\n<meta property=\"og:locale\" content=\"tr_TR\" \/>\n<meta property=\"og:type\" content=\"article\" \/>\n<meta property=\"og:title\" content=\"Van\u2019da s\u00fcr\u00fcc\u00fclere 599 bin 671 TL idari para cezas\u0131\u2026\" \/>\n<meta property=\"og:description\" content=\"Van\u2019da jandarma ekiplerince yap\u0131lan denetimlerde 293 s\u00fcr\u00fcc\u00fc ve araca 599 bin 671 TL idari para cezas\u0131 uygulan\u0131rken, 53 arac\u0131n ise trafikten men edildi\u011fi belirtildi. Van Valili\u011finden yap\u0131lan a\u00e7\u0131klamada, \u0130l Jandarma Komutanl\u0131\u011f\u0131nca yol kullan\u0131c\u0131lar\u0131na y\u00f6nelik 8-14 Ocak 2024 tarihleri aras\u0131nda trafik denetimleri icra edildi\u011fi belirtildi. A\u00e7\u0131klamada, \u201c541 yol kullan\u0131c\u0131s\u0131na trafik g\u00fcvenli\u011fi e\u011fitimi verildi. 114 okul servis &hellip;\" \/>\n<meta property=\"og:url\" content=\"https:\/\/vanxhaber.com\/index.php\/2024\/01\/17\/vanda-suruculere-599-bin-671-tl-idari-para-cezasi\/\" \/>\n<meta property=\"og:site_name\" content=\"Van Haber | Van X Haber | Van Haberleri\" \/>\n<meta property=\"article:published_time\" content=\"2024-01-17T09:05:04+00:00\" \/>\n<meta property=\"article:modified_time\" content=\"2024-01-17T09:05:05+00:00\" \/>\n<meta property=\"og:image\" content=\"https:\/\/vanxhaber.com\/wp-content\/uploads\/2024\/01\/van-emniyet-1.jpg\" \/>\n\t<meta property=\"og:image:width\" content=\"641\" \/>\n\t<meta property=\"og:image:height\" content=\"380\" \/>\n\t<meta property=\"og:image:type\" content=\"image\/jpeg\" \/>\n<meta name=\"author\" content=\"Van X Haber\" \/>\n<meta name=\"twitter:card\" content=\"summary_large_image\" \/>\n<meta name=\"twitter:label1\" content=\"Yazan:\" \/>\n\t<meta name=\"twitter:data1\" content=\"Van X Haber\" \/>\n\t<meta name=\"twitter:label2\" content=\"Tahmini okuma s\u00fcresi\" \/>\n\t<meta name=\"twitter:data2\" content=\"2 dakika\" \/>\n<script type=\"application\/ld+json\" class=\"yoast-schema-graph\">{\"@context\":\"https:\/\/schema.org\",\"@graph\":[{\"@type\":\"Article\",\"@id\":\"https:\/\/vanxhaber.com\/index.php\/2024\/01\/17\/vanda-suruculere-599-bin-671-tl-idari-para-cezasi\/#article\",\"isPartOf\":{\"@id\":\"https:\/\/vanxhaber.com\/index.php\/2024\/01\/17\/vanda-suruculere-599-bin-671-tl-idari-para-cezasi\/\"},\"author\":{\"name\":\"Van X Haber\",\"@id\":\"https:\/\/vanxhaber.com\/#\/schema\/person\/a5fd8d89510cb5370e62ad176f7978ee\"},\"headline\":\"Van\u2019da s\u00fcr\u00fcc\u00fclere 599 bin 671 TL idari para cezas\u0131\u2026\",\"datePublished\":\"2024-01-17T09:05:04+00:00\",\"dateModified\":\"2024-01-17T09:05:05+00:00\",\"mainEntityOfPage\":{\"@id\":\"https:\/\/vanxhaber.com\/index.php\/2024\/01\/17\/vanda-suruculere-599-bin-671-tl-idari-para-cezasi\/\"},\"wordCount\":206,\"commentCount\":0,\"image\":{\"@id\":\"https:\/\/vanxhaber.com\/index.php\/2024\/01\/17\/vanda-suruculere-599-bin-671-tl-idari-para-cezasi\/#primaryimage\"},\"thumbnailUrl\":\"https:\/\/vanxhaber.com\/wp-content\/uploads\/2024\/01\/van-emniyet-1.jpg\",\"keywords\":[\"ceza\",\"van emniyet\",\"van haber\"],\"articleSection\":[\"Van Emniyet\",\"Van Haberleri\"],\"inLanguage\":\"tr\",\"potentialAction\":[{\"@type\":\"CommentAction\",\"name\":\"Comment\",\"target\":[\"https:\/\/vanxhaber.com\/index.php\/2024\/01\/17\/vanda-suruculere-599-bin-671-tl-idari-para-cezasi\/#respond\"]}],\"copyrightYear\":\"2024\",\"copyrightHolder\":{\"@id\":\"https:\/\/vanxhaber.com\/#organization\"}},{\"@type\":\"WebPage\",\"@id\":\"https:\/\/vanxhaber.com\/index.php\/2024\/01\/17\/vanda-suruculere-599-bin-671-tl-idari-para-cezasi\/\",\"url\":\"https:\/\/vanxhaber.com\/index.php\/2024\/01\/17\/vanda-suruculere-599-bin-671-tl-idari-para-cezasi\/\",\"name\":\"Van\u2019da s\u00fcr\u00fcc\u00fclere 599 bin 671 TL idari para cezas\u0131\u2026 - Van Haber | Van X Haber | Van Haberleri\",\"isPartOf\":{\"@id\":\"https:\/\/vanxhaber.com\/#website\"},\"primaryImageOfPage\":{\"@id\":\"https:\/\/vanxhaber.com\/index.php\/2024\/01\/17\/vanda-suruculere-599-bin-671-tl-idari-para-cezasi\/#primaryimage\"},\"image\":{\"@id\":\"https:\/\/vanxhaber.com\/index.php\/2024\/01\/17\/vanda-suruculere-599-bin-671-tl-idari-para-cezasi\/#primaryimage\"},\"thumbnailUrl\":\"https:\/\/vanxhaber.com\/wp-content\/uploads\/2024\/01\/van-emniyet-1.jpg\",\"datePublished\":\"2024-01-17T09:05:04+00:00\",\"dateModified\":\"2024-01-17T09:05:05+00:00\",\"author\":{\"@id\":\"https:\/\/vanxhaber.com\/#\/schema\/person\/a5fd8d89510cb5370e62ad176f7978ee\"},\"breadcrumb\":{\"@id\":\"https:\/\/vanxhaber.com\/index.php\/2024\/01\/17\/vanda-suruculere-599-bin-671-tl-idari-para-cezasi\/#breadcrumb\"},\"inLanguage\":\"tr\",\"potentialAction\":[{\"@type\":\"ReadAction\",\"target\":[\"https:\/\/vanxhaber.com\/index.php\/2024\/01\/17\/vanda-suruculere-599-bin-671-tl-idari-para-cezasi\/\"]}]},{\"@type\":\"ImageObject\",\"inLanguage\":\"tr\",\"@id\":\"https:\/\/vanxhaber.com\/index.php\/2024\/01\/17\/vanda-suruculere-599-bin-671-tl-idari-para-cezasi\/#primaryimage\",\"url\":\"https:\/\/vanxhaber.com\/wp-content\/uploads\/2024\/01\/van-emniyet-1.jpg\",\"contentUrl\":\"https:\/\/vanxhaber.com\/wp-content\/uploads\/2024\/01\/van-emniyet-1.jpg\",\"width\":641,\"height\":380},{\"@type\":\"BreadcrumbList\",\"@id\":\"https:\/\/vanxhaber.com\/index.php\/2024\/01\/17\/vanda-suruculere-599-bin-671-tl-idari-para-cezasi\/#breadcrumb\",\"itemListElement\":[{\"@type\":\"ListItem\",\"position\":1,\"name\":\"Anasayfa\",\"item\":\"https:\/\/vanxhaber.com\/\"},{\"@type\":\"ListItem\",\"position\":2,\"name\":\"Van\u2019da s\u00fcr\u00fcc\u00fclere 599 bin 671 TL idari para cezas\u0131\u2026\"}]},{\"@type\":\"WebSite\",\"@id\":\"https:\/\/vanxhaber.com\/#website\",\"url\":\"https:\/\/vanxhaber.com\/\",\"name\":\"Van Haber | Van X Haber | Van Haberleri\",\"description\":\"Van Haber, Van&#039;\u0131n ilk yapay zeka teknolojileri ile yaz\u0131lan Van X Haber ve Van Haberlerini aktif g\u00fcncel sunan tek vanhaber merkezidir.\",\"potentialAction\":[{\"@type\":\"SearchAction\",\"target\":{\"@type\":\"EntryPoint\",\"urlTemplate\":\"https:\/\/vanxhaber.com\/?s={search_term_string}\"},\"query-input\":{\"@type\":\"PropertyValueSpecification\",\"valueRequired\":true,\"valueName\":\"search_term_string\"}}],\"inLanguage\":\"tr\"},{\"@type\":\"Person\",\"@id\":\"https:\/\/vanxhaber.com\/#\/schema\/person\/a5fd8d89510cb5370e62ad176f7978ee\",\"name\":\"Van X Haber\",\"image\":{\"@type\":\"ImageObject\",\"inLanguage\":\"tr\",\"@id\":\"https:\/\/vanxhaber.com\/#\/schema\/person\/image\/\",\"url\":\"https:\/\/secure.gravatar.com\/avatar\/36f2f63826681263103acb5ca1e7bc1a6db11baea9b75dd091d89b74f2704b07?s=96&d=mm&r=g\",\"contentUrl\":\"https:\/\/secure.gravatar.com\/avatar\/36f2f63826681263103acb5ca1e7bc1a6db11baea9b75dd091d89b74f2704b07?s=96&d=mm&r=g\",\"caption\":\"Van X Haber\"},\"description\":\"Van X Haber Van'\u0131n ilk ve tek yeni nesil Van Haber merkezi. Son Dakika Van Haberleri ve G\u00fcncel Van haber merkezinde s\u0131cak geli\u015fmeleri aktarmaya devam edece\u011fiz.\",\"url\":\"https:\/\/vanxhaber.com\/index.php\/author\/vangazetesi\/\"}]}<\/script>\n<!-- \/ Yoast SEO Premium plugin. -->","yoast_head_json":{"title":"Van\u2019da s\u00fcr\u00fcc\u00fclere 599 bin 671 TL idari para cezas\u0131\u2026 - Van Haber | Van X Haber | Van Haberleri","robots":{"index":"index","follow":"follow","max-snippet":"max-snippet:-1","max-image-preview":"max-image-preview:large","max-video-preview":"max-video-preview:-1"},"canonical":"https:\/\/vanxhaber.com\/index.php\/2024\/01\/17\/vanda-suruculere-599-bin-671-tl-idari-para-cezasi\/","og_locale":"tr_TR","og_type":"article","og_title":"Van\u2019da s\u00fcr\u00fcc\u00fclere 599 bin 671 TL idari para cezas\u0131\u2026","og_description":"Van\u2019da jandarma ekiplerince yap\u0131lan denetimlerde 293 s\u00fcr\u00fcc\u00fc ve araca 599 bin 671 TL idari para cezas\u0131 uygulan\u0131rken, 53 arac\u0131n ise trafikten men edildi\u011fi belirtildi. Van Valili\u011finden yap\u0131lan a\u00e7\u0131klamada, \u0130l Jandarma Komutanl\u0131\u011f\u0131nca yol kullan\u0131c\u0131lar\u0131na y\u00f6nelik 8-14 Ocak 2024 tarihleri aras\u0131nda trafik denetimleri icra edildi\u011fi belirtildi. A\u00e7\u0131klamada, \u201c541 yol kullan\u0131c\u0131s\u0131na trafik g\u00fcvenli\u011fi e\u011fitimi verildi. 114 okul servis &hellip;","og_url":"https:\/\/vanxhaber.com\/index.php\/2024\/01\/17\/vanda-suruculere-599-bin-671-tl-idari-para-cezasi\/","og_site_name":"Van Haber | Van X Haber | Van Haberleri","article_published_time":"2024-01-17T09:05:04+00:00","article_modified_time":"2024-01-17T09:05:05+00:00","og_image":[{"width":641,"height":380,"url":"https:\/\/vanxhaber.com\/wp-content\/uploads\/2024\/01\/van-emniyet-1.jpg","type":"image\/jpeg"}],"author":"Van X Haber","twitter_card":"summary_large_image","twitter_misc":{"Yazan:":"Van X Haber","Tahmini okuma s\u00fcresi":"2 dakika"},"schema":{"@context":"https:\/\/schema.org","@graph":[{"@type":"Article","@id":"https:\/\/vanxhaber.com\/index.php\/2024\/01\/17\/vanda-suruculere-599-bin-671-tl-idari-para-cezasi\/#article","isPartOf":{"@id":"https:\/\/vanxhaber.com\/index.php\/2024\/01\/17\/vanda-suruculere-599-bin-671-tl-idari-para-cezasi\/"},"author":{"name":"Van X Haber","@id":"https:\/\/vanxhaber.com\/#\/schema\/person\/a5fd8d89510cb5370e62ad176f7978ee"},"headline":"Van\u2019da s\u00fcr\u00fcc\u00fclere 599 bin 671 TL idari para cezas\u0131\u2026","datePublished":"2024-01-17T09:05:04+00:00","dateModified":"2024-01-17T09:05:05+00:00","mainEntityOfPage":{"@id":"https:\/\/vanxhaber.com\/index.php\/2024\/01\/17\/vanda-suruculere-599-bin-671-tl-idari-para-cezasi\/"},"wordCount":206,"commentCount":0,"image":{"@id":"https:\/\/vanxhaber.com\/index.php\/2024\/01\/17\/vanda-suruculere-599-bin-671-tl-idari-para-cezasi\/#primaryimage"},"thumbnailUrl":"https:\/\/vanxhaber.com\/wp-content\/uploads\/2024\/01\/van-emniyet-1.jpg","keywords":["ceza","van emniyet","van haber"],"articleSection":["Van Emniyet","Van Haberleri"],"inLanguage":"tr","potentialAction":[{"@type":"CommentAction","name":"Comment","target":["https:\/\/vanxhaber.com\/index.php\/2024\/01\/17\/vanda-suruculere-599-bin-671-tl-idari-para-cezasi\/#respond"]}],"copyrightYear":"2024","copyrightHolder":{"@id":"https:\/\/vanxhaber.com\/#organization"}},{"@type":"WebPage","@id":"https:\/\/vanxhaber.com\/index.php\/2024\/01\/17\/vanda-suruculere-599-bin-671-tl-idari-para-cezasi\/","url":"https:\/\/vanxhaber.com\/index.php\/2024\/01\/17\/vanda-suruculere-599-bin-671-tl-idari-para-cezasi\/","name":"Van\u2019da s\u00fcr\u00fcc\u00fclere 599 bin 671 TL idari para cezas\u0131\u2026 - Van Haber | Van X Haber | Van Haberleri","isPartOf":{"@id":"https:\/\/vanxhaber.com\/#website"},"primaryImageOfPage":{"@id":"https:\/\/vanxhaber.com\/index.php\/2024\/01\/17\/vanda-suruculere-599-bin-671-tl-idari-para-cezasi\/#primaryimage"},"image":{"@id":"https:\/\/vanxhaber.com\/index.php\/2024\/01\/17\/vanda-suruculere-599-bin-671-tl-idari-para-cezasi\/#primaryimage"},"thumbnailUrl":"https:\/\/vanxhaber.com\/wp-content\/uploads\/2024\/01\/van-emniyet-1.jpg","datePublished":"2024-01-17T09:05:04+00:00","dateModified":"2024-01-17T09:05:05+00:00","author":{"@id":"https:\/\/vanxhaber.com\/#\/schema\/person\/a5fd8d89510cb5370e62ad176f7978ee"},"breadcrumb":{"@id":"https:\/\/vanxhaber.com\/index.php\/2024\/01\/17\/vanda-suruculere-599-bin-671-tl-idari-para-cezasi\/#breadcrumb"},"inLanguage":"tr","potentialAction":[{"@type":"ReadAction","target":["https:\/\/vanxhaber.com\/index.php\/2024\/01\/17\/vanda-suruculere-599-bin-671-tl-idari-para-cezasi\/"]}]},{"@type":"ImageObject","inLanguage":"tr","@id":"https:\/\/vanxhaber.com\/index.php\/2024\/01\/17\/vanda-suruculere-599-bin-671-tl-idari-para-cezasi\/#primaryimage","url":"https:\/\/vanxhaber.com\/wp-content\/uploads\/2024\/01\/van-emniyet-1.jpg","contentUrl":"https:\/\/vanxhaber.com\/wp-content\/uploads\/2024\/01\/van-emniyet-1.jpg","width":641,"height":380},{"@type":"BreadcrumbList","@id":"https:\/\/vanxhaber.com\/index.php\/2024\/01\/17\/vanda-suruculere-599-bin-671-tl-idari-para-cezasi\/#breadcrumb","itemListElement":[{"@type":"ListItem","position":1,"name":"Anasayfa","item":"https:\/\/vanxhaber.com\/"},{"@type":"ListItem","position":2,"name":"Van\u2019da s\u00fcr\u00fcc\u00fclere 599 bin 671 TL idari para cezas\u0131\u2026"}]},{"@type":"WebSite","@id":"https:\/\/vanxhaber.com\/#website","url":"https:\/\/vanxhaber.com\/","name":"Van Haber | Van X Haber | Van Haberleri","description":"Van Haber, Van&#039;\u0131n ilk yapay zeka teknolojileri ile yaz\u0131lan Van X Haber ve Van Haberlerini aktif g\u00fcncel sunan tek vanhaber merkezidir.","potentialAction":[{"@type":"SearchAction","target":{"@type":"EntryPoint","urlTemplate":"https:\/\/vanxhaber.com\/?s={search_term_string}"},"query-input":{"@type":"PropertyValueSpecification","valueRequired":true,"valueName":"search_term_string"}}],"inLanguage":"tr"},{"@type":"Person","@id":"https:\/\/vanxhaber.com\/#\/schema\/person\/a5fd8d89510cb5370e62ad176f7978ee","name":"Van X Haber","image":{"@type":"ImageObject","inLanguage":"tr","@id":"https:\/\/vanxhaber.com\/#\/schema\/person\/image\/","url":"https:\/\/secure.gravatar.com\/avatar\/36f2f63826681263103acb5ca1e7bc1a6db11baea9b75dd091d89b74f2704b07?s=96&d=mm&r=g","contentUrl":"https:\/\/secure.gravatar.com\/avatar\/36f2f63826681263103acb5ca1e7bc1a6db11baea9b75dd091d89b74f2704b07?s=96&d=mm&r=g","caption":"Van X Haber"},"description":"Van X Haber Van'\u0131n ilk ve tek yeni nesil Van Haber merkezi. Son Dakika Van Haberleri ve G\u00fcncel Van haber merkezinde s\u0131cak geli\u015fmeleri aktarmaya devam edece\u011fiz.","url":"https:\/\/vanxhaber.com\/index.php\/author\/vangazetesi\/"}]}},"_links":{"self":[{"href":"https:\/\/vanxhaber.com\/index.php\/wp-json\/wp\/v2\/posts\/1385","targetHints":{"allow":["GET"]}}],"collection":[{"href":"https:\/\/vanxhaber.com\/index.php\/wp-json\/wp\/v2\/posts"}],"about":[{"href":"https:\/\/vanxhaber.com\/index.php\/wp-json\/wp\/v2\/types\/post"}],"author":[{"embeddable":true,"href":"https:\/\/vanxhaber.com\/index.php\/wp-json\/wp\/v2\/users\/2"}],"replies":[{"embeddable":true,"href":"https:\/\/vanxhaber.com\/index.php\/wp-json\/wp\/v2\/comments?post=1385"}],"version-history":[{"count":1,"href":"https:\/\/vanxhaber.com\/index.php\/wp-json\/wp\/v2\/posts\/1385\/revisions"}],"predecessor-version":[{"id":1388,"href":"https:\/\/vanxhaber.com\/index.php\/wp-json\/wp\/v2\/posts\/1385\/revisions\/1388"}],"wp:featuredmedia":[{"embeddable":true,"href":"https:\/\/vanxhaber.com\/index.php\/wp-json\/wp\/v2\/media\/1387"}],"wp:attachment":[{"href":"https:\/\/vanxhaber.com\/index.php\/wp-json\/wp\/v2\/media?parent=1385"}],"wp:term":[{"taxonomy":"category","embeddable":true,"href":"https:\/\/vanxhaber.com\/index.php\/wp-json\/wp\/v2\/categories?post=1385"},{"taxonomy":"post_tag","embeddable":true,"href":"https:\/\/vanxhaber.com\/index.php\/wp-json\/wp\/v2\/tags?post=1385"}],"curies":[{"name":"wp","href":"https:\/\/api.w.org\/{rel}","templated":true}]}}