{"id":1389,"date":"2024-01-17T09:10:23","date_gmt":"2024-01-17T09:10:23","guid":{"rendered":"https:\/\/vanxhaber.com\/?p=1389"},"modified":"2024-01-17T09:10:24","modified_gmt":"2024-01-17T09:10:24","slug":"at-sirtinda-ariza-onarimi","status":"publish","type":"post","link":"https:\/\/vanxhaber.com\/index.php\/2024\/01\/17\/at-sirtinda-ariza-onarimi\/","title":{"rendered":"At s\u0131rt\u0131nda ar\u0131za onar\u0131m\u0131"},"content":{"rendered":"\n<p><br>Veda\u015f ekipleri, van\u2019\u0131n ba\u015fkale il\u00e7esi k\u0131rsal\u0131nda yo\u011fun kar ya\u011f\u0131\u015f\u0131 ve f\u0131rt\u0131na nedeniyle elektrik hatlar\u0131nda meydana gelen ar\u0131zalara temin ettikleri atlarla ula\u015farak m\u00fcdahale ediyor.<\/p>\n\n\n\n<p>Vang\u00f6l\u00fc Elektrik Da\u011f\u0131t\u0131m A.\u015e. (VEDA\u015e) ekipleri, Van\u2019\u0131n Ba\u015fkale il\u00e7esi k\u0131rsal\u0131nda yo\u011fun kar ya\u011f\u0131\u015f\u0131 ve f\u0131rt\u0131na nedeniyle elektrik hatlar\u0131nda meydana gelen ar\u0131zalara temin ettikleri atlarla ula\u015farak m\u00fcdahale ediyor.<\/p>\n\n\n\n<p>Van\u2019da kar ya\u011f\u0131\u015f\u0131 nedeniyle k\u00f6y ve mezralarda ya\u015fanan elektrik kesintilerini gidermek i\u00e7in m\u00fccadele ba\u015flatan Vang\u00f6l\u00fc Elektrik Da\u011f\u0131t\u0131m A.\u015e. (VEDA\u015e) ekipleri, arazi yap\u0131s\u0131ndan dolay\u0131 ara\u00e7larla ula\u015famad\u0131klar\u0131 b\u00f6lgelere ise k\u00f6yl\u00fclerden ald\u0131klar\u0131 atlarla ula\u015farak ar\u0131zalara m\u00fcdahale ediyor. K\u0131\u015f\u0131n sert ve \u00e7etin ge\u00e7ti\u011fi Ba\u015fkale il\u00e7esinde yer yer iki metreyi a\u015fan karda elektrik hatlar\u0131ndaki ar\u0131zalar\u0131 gidermeye \u00e7al\u0131\u015fan VEDA\u015e ekipleri, \u00f6zellikle hava s\u0131cakl\u0131\u011f\u0131n\u0131n s\u0131f\u0131r\u0131n alt\u0131nda 20 dereceyi ge\u00e7ti\u011fi k\u0131rsalda elektrik ar\u0131zalar\u0131na zaman\u0131nda m\u00fcdahale etmek i\u00e7in yo\u011fun \u00e7aba sarf ediyor. Kentte en fazla elektrik ar\u0131zalar\u0131n\u0131n ya\u015fand\u0131\u011f\u0131 il\u00e7elerin ba\u015f\u0131nda gelen Ba\u015fkale\u2019de g\u00f6rev yapan VEDA\u015e ekipleri, il\u00e7eye ba\u011fl\u0131 da\u011fl\u0131k alanda meydana gelen elektrik ar\u0131zalar\u0131na m\u00fcdahale etmek i\u00e7in t\u00fcm yollar\u0131 deniyor. Son olarak gelen ihbar \u00fczerine il\u00e7eye 60 kilometre uzakl\u0131kta bulunan Esenyama\u00e7 Mahallesi\u2019ne giderek ara\u00e7lar\u0131n\u0131 k\u00f6ye b\u0131rak\u0131p k\u0131rsaldaki ar\u0131zal\u0131 hata ula\u015fmak isteyen ekipler, ara\u00e7lar\u0131n gidemedi\u011fi b\u00f6lgede iki metreyi bulan karda y\u00fcr\u00fcyemeyince k\u00f6yl\u00fclerden yard\u0131m istedi.<\/p>\n\n\n\n<p>Ekiplerin yard\u0131m \u00e7a\u011fr\u0131s\u0131na duyars\u0131z kalmayan Esenyama\u00e7 Mahallesi sakinleri ar\u0131za ekipleri i\u00e7in 3 at temin etti. Baretlerini tak\u0131p malzemelerini yanlar\u0131na ald\u0131ktan sonra atlara binen ekipler, karla kapl\u0131 vadiler ve buz tutan dereleri a\u015f\u0131p k\u0131rsalda bulunan kilometrelerce uzunluktaki elektrik hatlar\u0131nda \u00e7al\u0131\u015fma yaparak ar\u0131zay\u0131 tespit etmeye \u00e7al\u0131\u015ft\u0131. So\u011fuk havada atlarla dik da\u011flarda ilerlemekte zorlanan ekipler, bir s\u00fcre sonra olumsuz hava \u015fartlar\u0131na ra\u011fmen direkteki hatta olu\u015fan ar\u0131zay\u0131 onard\u0131.<\/p>\n\n\n\n<p>Ekiplere ar\u0131zay\u0131 gidermeleri i\u00e7in yard\u0131mc\u0131 olan Esenyama\u00e7 Mahalle Muhtar\u0131 Ayhan Korkmaz, mahallelerinde zaman zaman elektrik kesintisinin ya\u015fand\u0131\u011f\u0131n\u0131 ve durumu VEDA\u015e ekiplerine bildirdiklerini anlatt\u0131. Ekiplerin k\u00f6ye gelip ar\u0131zalara m\u00fcdahale etti\u011fini anlatan Korkmaz, \u201cElektrik kesintisi oldu\u011fu i\u00e7in arkada\u015flar gelip m\u00fcdahale ettiler. Biz de vatanda\u015f olarak atlar\u0131 onlara verip yard\u0131mc\u0131 oluyoruz. Elimizden gelen her \u015feyi yap\u0131yoruz. Allah arkada\u015flardan raz\u0131 olsun, gece yar\u0131s\u0131 bile olsa biz telefon a\u00e7t\u0131\u011f\u0131m\u0131zda gelip ar\u0131zaya m\u00fcdahale ediyorlar\u201d dedi.<\/p>\n","protected":false},"excerpt":{"rendered":"<p>Veda\u015f ekipleri, van\u2019\u0131n ba\u015fkale il\u00e7esi k\u0131rsal\u0131nda yo\u011fun kar ya\u011f\u0131\u015f\u0131 ve f\u0131rt\u0131na nedeniyle elektrik hatlar\u0131nda meydana gelen ar\u0131zalara temin ettikleri atlarla ula\u015farak m\u00fcdahale ediyor. Vang\u00f6l\u00fc Elektrik Da\u011f\u0131t\u0131m A.\u015e. (VEDA\u015e) ekipleri, Van\u2019\u0131n Ba\u015fkale il\u00e7esi k\u0131rsal\u0131nda yo\u011fun kar ya\u011f\u0131\u015f\u0131 ve f\u0131rt\u0131na nedeniyle elektrik hatlar\u0131nda meydana gelen ar\u0131zalara temin ettikleri atlarla ula\u015farak m\u00fcdahale ediyor. Van\u2019da kar ya\u011f\u0131\u015f\u0131 nedeniyle k\u00f6y &hellip;<\/p>\n","protected":false},"author":2,"featured_media":1391,"comment_status":"open","ping_status":"closed","sticky":false,"template":"","format":"standard","meta":{"googlesitekit_rrm_CAowot3VCw:productID":"","footnotes":""},"categories":[1,30],"tags":[105,104],"class_list":["post-1389","post","type-post","status-publish","format-standard","has-post-thumbnail","hentry","category-van-haber","category-van-x-haber","tag-ariza","tag-van-at"],"yoast_head":"<!-- This site is optimized with the Yoast SEO Premium plugin v21.7 (Yoast SEO v26.7) - https:\/\/yoast.com\/wordpress\/plugins\/seo\/ -->\n<title>At s\u0131rt\u0131nda ar\u0131za onar\u0131m\u0131 - Van Haber | Van X Haber | Van Haberleri<\/title>\n<meta name=\"robots\" content=\"index, follow, max-snippet:-1, max-image-preview:large, max-video-preview:-1\" \/>\n<link rel=\"canonical\" href=\"https:\/\/vanxhaber.com\/index.php\/2024\/01\/17\/at-sirtinda-ariza-onarimi\/\" \/>\n<meta property=\"og:locale\" content=\"tr_TR\" \/>\n<meta property=\"og:type\" content=\"article\" \/>\n<meta property=\"og:title\" content=\"At s\u0131rt\u0131nda ar\u0131za onar\u0131m\u0131\" \/>\n<meta property=\"og:description\" content=\"Veda\u015f ekipleri, van\u2019\u0131n ba\u015fkale il\u00e7esi k\u0131rsal\u0131nda yo\u011fun kar ya\u011f\u0131\u015f\u0131 ve f\u0131rt\u0131na nedeniyle elektrik hatlar\u0131nda meydana gelen ar\u0131zalara temin ettikleri atlarla ula\u015farak m\u00fcdahale ediyor. Vang\u00f6l\u00fc Elektrik Da\u011f\u0131t\u0131m A.\u015e. (VEDA\u015e) ekipleri, Van\u2019\u0131n Ba\u015fkale il\u00e7esi k\u0131rsal\u0131nda yo\u011fun kar ya\u011f\u0131\u015f\u0131 ve f\u0131rt\u0131na nedeniyle elektrik hatlar\u0131nda meydana gelen ar\u0131zalara temin ettikleri atlarla ula\u015farak m\u00fcdahale ediyor. Van\u2019da kar ya\u011f\u0131\u015f\u0131 nedeniyle k\u00f6y &hellip;\" \/>\n<meta property=\"og:url\" content=\"https:\/\/vanxhaber.com\/index.php\/2024\/01\/17\/at-sirtinda-ariza-onarimi\/\" \/>\n<meta property=\"og:site_name\" content=\"Van Haber | Van X Haber | Van Haberleri\" \/>\n<meta property=\"article:published_time\" content=\"2024-01-17T09:10:23+00:00\" \/>\n<meta property=\"article:modified_time\" content=\"2024-01-17T09:10:24+00:00\" \/>\n<meta property=\"og:image\" content=\"https:\/\/vanxhaber.com\/wp-content\/uploads\/2024\/01\/at.jpg\" \/>\n\t<meta property=\"og:image:width\" content=\"641\" \/>\n\t<meta property=\"og:image:height\" content=\"380\" \/>\n\t<meta property=\"og:image:type\" content=\"image\/jpeg\" \/>\n<meta name=\"author\" content=\"Van X Haber\" \/>\n<meta name=\"twitter:card\" content=\"summary_large_image\" \/>\n<meta name=\"twitter:label1\" content=\"Yazan:\" \/>\n\t<meta name=\"twitter:data1\" content=\"Van X Haber\" \/>\n\t<meta name=\"twitter:label2\" content=\"Tahmini okuma s\u00fcresi\" \/>\n\t<meta name=\"twitter:data2\" content=\"3 dakika\" \/>\n<script type=\"application\/ld+json\" class=\"yoast-schema-graph\">{\"@context\":\"https:\/\/schema.org\",\"@graph\":[{\"@type\":\"Article\",\"@id\":\"https:\/\/vanxhaber.com\/index.php\/2024\/01\/17\/at-sirtinda-ariza-onarimi\/#article\",\"isPartOf\":{\"@id\":\"https:\/\/vanxhaber.com\/index.php\/2024\/01\/17\/at-sirtinda-ariza-onarimi\/\"},\"author\":{\"name\":\"Van X Haber\",\"@id\":\"https:\/\/vanxhaber.com\/#\/schema\/person\/a5fd8d89510cb5370e62ad176f7978ee\"},\"headline\":\"At s\u0131rt\u0131nda ar\u0131za onar\u0131m\u0131\",\"datePublished\":\"2024-01-17T09:10:23+00:00\",\"dateModified\":\"2024-01-17T09:10:24+00:00\",\"mainEntityOfPage\":{\"@id\":\"https:\/\/vanxhaber.com\/index.php\/2024\/01\/17\/at-sirtinda-ariza-onarimi\/\"},\"wordCount\":478,\"commentCount\":0,\"image\":{\"@id\":\"https:\/\/vanxhaber.com\/index.php\/2024\/01\/17\/at-sirtinda-ariza-onarimi\/#primaryimage\"},\"thumbnailUrl\":\"https:\/\/vanxhaber.com\/wp-content\/uploads\/2024\/01\/at.jpg\",\"keywords\":[\"ar\u0131za\",\"van at\"],\"articleSection\":[\"Van Haber\",\"Van X Haber\"],\"inLanguage\":\"tr\",\"potentialAction\":[{\"@type\":\"CommentAction\",\"name\":\"Comment\",\"target\":[\"https:\/\/vanxhaber.com\/index.php\/2024\/01\/17\/at-sirtinda-ariza-onarimi\/#respond\"]}],\"copyrightYear\":\"2024\",\"copyrightHolder\":{\"@id\":\"https:\/\/vanxhaber.com\/#organization\"}},{\"@type\":\"WebPage\",\"@id\":\"https:\/\/vanxhaber.com\/index.php\/2024\/01\/17\/at-sirtinda-ariza-onarimi\/\",\"url\":\"https:\/\/vanxhaber.com\/index.php\/2024\/01\/17\/at-sirtinda-ariza-onarimi\/\",\"name\":\"At s\u0131rt\u0131nda ar\u0131za onar\u0131m\u0131 - Van Haber | Van X Haber | Van Haberleri\",\"isPartOf\":{\"@id\":\"https:\/\/vanxhaber.com\/#website\"},\"primaryImageOfPage\":{\"@id\":\"https:\/\/vanxhaber.com\/index.php\/2024\/01\/17\/at-sirtinda-ariza-onarimi\/#primaryimage\"},\"image\":{\"@id\":\"https:\/\/vanxhaber.com\/index.php\/2024\/01\/17\/at-sirtinda-ariza-onarimi\/#primaryimage\"},\"thumbnailUrl\":\"https:\/\/vanxhaber.com\/wp-content\/uploads\/2024\/01\/at.jpg\",\"datePublished\":\"2024-01-17T09:10:23+00:00\",\"dateModified\":\"2024-01-17T09:10:24+00:00\",\"author\":{\"@id\":\"https:\/\/vanxhaber.com\/#\/schema\/person\/a5fd8d89510cb5370e62ad176f7978ee\"},\"breadcrumb\":{\"@id\":\"https:\/\/vanxhaber.com\/index.php\/2024\/01\/17\/at-sirtinda-ariza-onarimi\/#breadcrumb\"},\"inLanguage\":\"tr\",\"potentialAction\":[{\"@type\":\"ReadAction\",\"target\":[\"https:\/\/vanxhaber.com\/index.php\/2024\/01\/17\/at-sirtinda-ariza-onarimi\/\"]}]},{\"@type\":\"ImageObject\",\"inLanguage\":\"tr\",\"@id\":\"https:\/\/vanxhaber.com\/index.php\/2024\/01\/17\/at-sirtinda-ariza-onarimi\/#primaryimage\",\"url\":\"https:\/\/vanxhaber.com\/wp-content\/uploads\/2024\/01\/at.jpg\",\"contentUrl\":\"https:\/\/vanxhaber.com\/wp-content\/uploads\/2024\/01\/at.jpg\",\"width\":641,\"height\":380},{\"@type\":\"BreadcrumbList\",\"@id\":\"https:\/\/vanxhaber.com\/index.php\/2024\/01\/17\/at-sirtinda-ariza-onarimi\/#breadcrumb\",\"itemListElement\":[{\"@type\":\"ListItem\",\"position\":1,\"name\":\"Anasayfa\",\"item\":\"https:\/\/vanxhaber.com\/\"},{\"@type\":\"ListItem\",\"position\":2,\"name\":\"At s\u0131rt\u0131nda ar\u0131za onar\u0131m\u0131\"}]},{\"@type\":\"WebSite\",\"@id\":\"https:\/\/vanxhaber.com\/#website\",\"url\":\"https:\/\/vanxhaber.com\/\",\"name\":\"Van Haber | Van X Haber | Van Haberleri\",\"description\":\"Van Haber, Van&#039;\u0131n ilk yapay zeka teknolojileri ile yaz\u0131lan Van X Haber ve Van Haberlerini aktif g\u00fcncel sunan tek vanhaber merkezidir.\",\"potentialAction\":[{\"@type\":\"SearchAction\",\"target\":{\"@type\":\"EntryPoint\",\"urlTemplate\":\"https:\/\/vanxhaber.com\/?s={search_term_string}\"},\"query-input\":{\"@type\":\"PropertyValueSpecification\",\"valueRequired\":true,\"valueName\":\"search_term_string\"}}],\"inLanguage\":\"tr\"},{\"@type\":\"Person\",\"@id\":\"https:\/\/vanxhaber.com\/#\/schema\/person\/a5fd8d89510cb5370e62ad176f7978ee\",\"name\":\"Van X Haber\",\"image\":{\"@type\":\"ImageObject\",\"inLanguage\":\"tr\",\"@id\":\"https:\/\/vanxhaber.com\/#\/schema\/person\/image\/\",\"url\":\"https:\/\/secure.gravatar.com\/avatar\/36f2f63826681263103acb5ca1e7bc1a6db11baea9b75dd091d89b74f2704b07?s=96&d=mm&r=g\",\"contentUrl\":\"https:\/\/secure.gravatar.com\/avatar\/36f2f63826681263103acb5ca1e7bc1a6db11baea9b75dd091d89b74f2704b07?s=96&d=mm&r=g\",\"caption\":\"Van X Haber\"},\"description\":\"Van X Haber Van'\u0131n ilk ve tek yeni nesil Van Haber merkezi. Son Dakika Van Haberleri ve G\u00fcncel Van haber merkezinde s\u0131cak geli\u015fmeleri aktarmaya devam edece\u011fiz.\",\"url\":\"https:\/\/vanxhaber.com\/index.php\/author\/vangazetesi\/\"}]}<\/script>\n<!-- \/ Yoast SEO Premium plugin. -->","yoast_head_json":{"title":"At s\u0131rt\u0131nda ar\u0131za onar\u0131m\u0131 - Van Haber | Van X Haber | Van Haberleri","robots":{"index":"index","follow":"follow","max-snippet":"max-snippet:-1","max-image-preview":"max-image-preview:large","max-video-preview":"max-video-preview:-1"},"canonical":"https:\/\/vanxhaber.com\/index.php\/2024\/01\/17\/at-sirtinda-ariza-onarimi\/","og_locale":"tr_TR","og_type":"article","og_title":"At s\u0131rt\u0131nda ar\u0131za onar\u0131m\u0131","og_description":"Veda\u015f ekipleri, van\u2019\u0131n ba\u015fkale il\u00e7esi k\u0131rsal\u0131nda yo\u011fun kar ya\u011f\u0131\u015f\u0131 ve f\u0131rt\u0131na nedeniyle elektrik hatlar\u0131nda meydana gelen ar\u0131zalara temin ettikleri atlarla ula\u015farak m\u00fcdahale ediyor. Vang\u00f6l\u00fc Elektrik Da\u011f\u0131t\u0131m A.\u015e. (VEDA\u015e) ekipleri, Van\u2019\u0131n Ba\u015fkale il\u00e7esi k\u0131rsal\u0131nda yo\u011fun kar ya\u011f\u0131\u015f\u0131 ve f\u0131rt\u0131na nedeniyle elektrik hatlar\u0131nda meydana gelen ar\u0131zalara temin ettikleri atlarla ula\u015farak m\u00fcdahale ediyor. Van\u2019da kar ya\u011f\u0131\u015f\u0131 nedeniyle k\u00f6y &hellip;","og_url":"https:\/\/vanxhaber.com\/index.php\/2024\/01\/17\/at-sirtinda-ariza-onarimi\/","og_site_name":"Van Haber | Van X Haber | Van Haberleri","article_published_time":"2024-01-17T09:10:23+00:00","article_modified_time":"2024-01-17T09:10:24+00:00","og_image":[{"width":641,"height":380,"url":"https:\/\/vanxhaber.com\/wp-content\/uploads\/2024\/01\/at.jpg","type":"image\/jpeg"}],"author":"Van X Haber","twitter_card":"summary_large_image","twitter_misc":{"Yazan:":"Van X Haber","Tahmini okuma s\u00fcresi":"3 dakika"},"schema":{"@context":"https:\/\/schema.org","@graph":[{"@type":"Article","@id":"https:\/\/vanxhaber.com\/index.php\/2024\/01\/17\/at-sirtinda-ariza-onarimi\/#article","isPartOf":{"@id":"https:\/\/vanxhaber.com\/index.php\/2024\/01\/17\/at-sirtinda-ariza-onarimi\/"},"author":{"name":"Van X Haber","@id":"https:\/\/vanxhaber.com\/#\/schema\/person\/a5fd8d89510cb5370e62ad176f7978ee"},"headline":"At s\u0131rt\u0131nda ar\u0131za onar\u0131m\u0131","datePublished":"2024-01-17T09:10:23+00:00","dateModified":"2024-01-17T09:10:24+00:00","mainEntityOfPage":{"@id":"https:\/\/vanxhaber.com\/index.php\/2024\/01\/17\/at-sirtinda-ariza-onarimi\/"},"wordCount":478,"commentCount":0,"image":{"@id":"https:\/\/vanxhaber.com\/index.php\/2024\/01\/17\/at-sirtinda-ariza-onarimi\/#primaryimage"},"thumbnailUrl":"https:\/\/vanxhaber.com\/wp-content\/uploads\/2024\/01\/at.jpg","keywords":["ar\u0131za","van at"],"articleSection":["Van Haber","Van X Haber"],"inLanguage":"tr","potentialAction":[{"@type":"CommentAction","name":"Comment","target":["https:\/\/vanxhaber.com\/index.php\/2024\/01\/17\/at-sirtinda-ariza-onarimi\/#respond"]}],"copyrightYear":"2024","copyrightHolder":{"@id":"https:\/\/vanxhaber.com\/#organization"}},{"@type":"WebPage","@id":"https:\/\/vanxhaber.com\/index.php\/2024\/01\/17\/at-sirtinda-ariza-onarimi\/","url":"https:\/\/vanxhaber.com\/index.php\/2024\/01\/17\/at-sirtinda-ariza-onarimi\/","name":"At s\u0131rt\u0131nda ar\u0131za onar\u0131m\u0131 - Van Haber | Van X Haber | Van Haberleri","isPartOf":{"@id":"https:\/\/vanxhaber.com\/#website"},"primaryImageOfPage":{"@id":"https:\/\/vanxhaber.com\/index.php\/2024\/01\/17\/at-sirtinda-ariza-onarimi\/#primaryimage"},"image":{"@id":"https:\/\/vanxhaber.com\/index.php\/2024\/01\/17\/at-sirtinda-ariza-onarimi\/#primaryimage"},"thumbnailUrl":"https:\/\/vanxhaber.com\/wp-content\/uploads\/2024\/01\/at.jpg","datePublished":"2024-01-17T09:10:23+00:00","dateModified":"2024-01-17T09:10:24+00:00","author":{"@id":"https:\/\/vanxhaber.com\/#\/schema\/person\/a5fd8d89510cb5370e62ad176f7978ee"},"breadcrumb":{"@id":"https:\/\/vanxhaber.com\/index.php\/2024\/01\/17\/at-sirtinda-ariza-onarimi\/#breadcrumb"},"inLanguage":"tr","potentialAction":[{"@type":"ReadAction","target":["https:\/\/vanxhaber.com\/index.php\/2024\/01\/17\/at-sirtinda-ariza-onarimi\/"]}]},{"@type":"ImageObject","inLanguage":"tr","@id":"https:\/\/vanxhaber.com\/index.php\/2024\/01\/17\/at-sirtinda-ariza-onarimi\/#primaryimage","url":"https:\/\/vanxhaber.com\/wp-content\/uploads\/2024\/01\/at.jpg","contentUrl":"https:\/\/vanxhaber.com\/wp-content\/uploads\/2024\/01\/at.jpg","width":641,"height":380},{"@type":"BreadcrumbList","@id":"https:\/\/vanxhaber.com\/index.php\/2024\/01\/17\/at-sirtinda-ariza-onarimi\/#breadcrumb","itemListElement":[{"@type":"ListItem","position":1,"name":"Anasayfa","item":"https:\/\/vanxhaber.com\/"},{"@type":"ListItem","position":2,"name":"At s\u0131rt\u0131nda ar\u0131za onar\u0131m\u0131"}]},{"@type":"WebSite","@id":"https:\/\/vanxhaber.com\/#website","url":"https:\/\/vanxhaber.com\/","name":"Van Haber | Van X Haber | Van Haberleri","description":"Van Haber, Van&#039;\u0131n ilk yapay zeka teknolojileri ile yaz\u0131lan Van X Haber ve Van Haberlerini aktif g\u00fcncel sunan tek vanhaber merkezidir.","potentialAction":[{"@type":"SearchAction","target":{"@type":"EntryPoint","urlTemplate":"https:\/\/vanxhaber.com\/?s={search_term_string}"},"query-input":{"@type":"PropertyValueSpecification","valueRequired":true,"valueName":"search_term_string"}}],"inLanguage":"tr"},{"@type":"Person","@id":"https:\/\/vanxhaber.com\/#\/schema\/person\/a5fd8d89510cb5370e62ad176f7978ee","name":"Van X Haber","image":{"@type":"ImageObject","inLanguage":"tr","@id":"https:\/\/vanxhaber.com\/#\/schema\/person\/image\/","url":"https:\/\/secure.gravatar.com\/avatar\/36f2f63826681263103acb5ca1e7bc1a6db11baea9b75dd091d89b74f2704b07?s=96&d=mm&r=g","contentUrl":"https:\/\/secure.gravatar.com\/avatar\/36f2f63826681263103acb5ca1e7bc1a6db11baea9b75dd091d89b74f2704b07?s=96&d=mm&r=g","caption":"Van X Haber"},"description":"Van X Haber Van'\u0131n ilk ve tek yeni nesil Van Haber merkezi. Son Dakika Van Haberleri ve G\u00fcncel Van haber merkezinde s\u0131cak geli\u015fmeleri aktarmaya devam edece\u011fiz.","url":"https:\/\/vanxhaber.com\/index.php\/author\/vangazetesi\/"}]}},"_links":{"self":[{"href":"https:\/\/vanxhaber.com\/index.php\/wp-json\/wp\/v2\/posts\/1389","targetHints":{"allow":["GET"]}}],"collection":[{"href":"https:\/\/vanxhaber.com\/index.php\/wp-json\/wp\/v2\/posts"}],"about":[{"href":"https:\/\/vanxhaber.com\/index.php\/wp-json\/wp\/v2\/types\/post"}],"author":[{"embeddable":true,"href":"https:\/\/vanxhaber.com\/index.php\/wp-json\/wp\/v2\/users\/2"}],"replies":[{"embeddable":true,"href":"https:\/\/vanxhaber.com\/index.php\/wp-json\/wp\/v2\/comments?post=1389"}],"version-history":[{"count":1,"href":"https:\/\/vanxhaber.com\/index.php\/wp-json\/wp\/v2\/posts\/1389\/revisions"}],"predecessor-version":[{"id":1392,"href":"https:\/\/vanxhaber.com\/index.php\/wp-json\/wp\/v2\/posts\/1389\/revisions\/1392"}],"wp:featuredmedia":[{"embeddable":true,"href":"https:\/\/vanxhaber.com\/index.php\/wp-json\/wp\/v2\/media\/1391"}],"wp:attachment":[{"href":"https:\/\/vanxhaber.com\/index.php\/wp-json\/wp\/v2\/media?parent=1389"}],"wp:term":[{"taxonomy":"category","embeddable":true,"href":"https:\/\/vanxhaber.com\/index.php\/wp-json\/wp\/v2\/categories?post=1389"},{"taxonomy":"post_tag","embeddable":true,"href":"https:\/\/vanxhaber.com\/index.php\/wp-json\/wp\/v2\/tags?post=1389"}],"curies":[{"name":"wp","href":"https:\/\/api.w.org\/{rel}","templated":true}]}}