{"id":1393,"date":"2024-01-17T09:26:15","date_gmt":"2024-01-17T09:26:15","guid":{"rendered":"https:\/\/vanxhaber.com\/?p=1393"},"modified":"2024-01-17T09:26:16","modified_gmt":"2024-01-17T09:26:16","slug":"domuz-surusu-ercis-merkezine-indi","status":"publish","type":"post","link":"https:\/\/vanxhaber.com\/index.php\/2024\/01\/17\/domuz-surusu-ercis-merkezine-indi\/","title":{"rendered":"Domuz s\u00fcr\u00fcs\u00fc Erci\u015f merkezine indi"},"content":{"rendered":"\n<p><br><strong>Van&#8217;\u0131n Erci\u015f merkezinde domuz s\u00fcr\u00fcs\u00fc g\u00f6r\u00fcld\u00fc. Yiyecek aramaya \u00e7\u0131kan domuzlar ana yolda g\u00f6r\u00fcnt\u00fclenirken, kar\u015f\u0131ya ge\u00e7meye \u00e7al\u0131\u015fan bir domuz arac\u0131n \u00e7arpmas\u0131 sonucu telef oldu.<\/strong><\/p>\n\n\n\n<p><strong>Van\u2019<\/strong>\u0131n Erci\u015f il\u00e7esinde yiyecek aramaya \u00e7\u0131kan domuz s\u00fcr\u00fcs\u00fc kent merkezine indi. Etkili olan kar ya\u011f\u0131\u015f\u0131 nedeniyle yiyecek bulmakta zorlanan domuz s\u00fcr\u00fcs\u00fc, \u00d6rene Mahallesi yak\u0131nlar\u0131nda ana yoldan ge\u00e7erken g\u00f6r\u00fcnt\u00fclendi. Cep telefonuyla g\u00f6r\u00fcnt\u00fclenen domuz s\u00fcr\u00fcs\u00fc merkez mahallede bir s\u00fcre sonra g\u00f6zden kayboldu. <strong>Yol<\/strong>un kar\u015f\u0131s\u0131na ge\u00e7meye \u00e7al\u0131\u015fan s\u00fcr\u00fcdeki bir <strong>domuz <\/strong>ise arac\u0131n \u00e7arpmas\u0131 sonucu telef oldu.<\/p>\n","protected":false},"excerpt":{"rendered":"<p>Van&#8217;\u0131n Erci\u015f merkezinde domuz s\u00fcr\u00fcs\u00fc g\u00f6r\u00fcld\u00fc. Yiyecek aramaya \u00e7\u0131kan domuzlar ana yolda g\u00f6r\u00fcnt\u00fclenirken, kar\u015f\u0131ya ge\u00e7meye \u00e7al\u0131\u015fan bir domuz arac\u0131n \u00e7arpmas\u0131 sonucu telef oldu. Van\u2019\u0131n Erci\u015f il\u00e7esinde yiyecek aramaya \u00e7\u0131kan domuz s\u00fcr\u00fcs\u00fc kent merkezine indi. Etkili olan kar ya\u011f\u0131\u015f\u0131 nedeniyle yiyecek bulmakta zorlanan domuz s\u00fcr\u00fcs\u00fc, \u00d6rene Mahallesi yak\u0131nlar\u0131nda ana yoldan ge\u00e7erken g\u00f6r\u00fcnt\u00fclendi. Cep telefonuyla g\u00f6r\u00fcnt\u00fclenen domuz &hellip;<\/p>\n","protected":false},"author":2,"featured_media":1395,"comment_status":"open","ping_status":"closed","sticky":false,"template":"","format":"standard","meta":{"googlesitekit_rrm_CAowot3VCw:productID":"","footnotes":""},"categories":[1],"tags":[],"class_list":["post-1393","post","type-post","status-publish","format-standard","has-post-thumbnail","hentry","category-van-haber"],"yoast_head":"<!-- This site is optimized with the Yoast SEO Premium plugin v21.7 (Yoast SEO v26.7) - https:\/\/yoast.com\/wordpress\/plugins\/seo\/ -->\n<title>Domuz s\u00fcr\u00fcs\u00fc Erci\u015f merkezine indi - Van Haber | Van X Haber | Van Haberleri<\/title>\n<meta name=\"robots\" content=\"index, follow, max-snippet:-1, max-image-preview:large, max-video-preview:-1\" \/>\n<link rel=\"canonical\" href=\"https:\/\/vanxhaber.com\/index.php\/2024\/01\/17\/domuz-surusu-ercis-merkezine-indi\/\" \/>\n<meta property=\"og:locale\" content=\"tr_TR\" \/>\n<meta property=\"og:type\" content=\"article\" \/>\n<meta property=\"og:title\" content=\"Domuz s\u00fcr\u00fcs\u00fc Erci\u015f merkezine indi\" \/>\n<meta property=\"og:description\" content=\"Van&#8217;\u0131n Erci\u015f merkezinde domuz s\u00fcr\u00fcs\u00fc g\u00f6r\u00fcld\u00fc. Yiyecek aramaya \u00e7\u0131kan domuzlar ana yolda g\u00f6r\u00fcnt\u00fclenirken, kar\u015f\u0131ya ge\u00e7meye \u00e7al\u0131\u015fan bir domuz arac\u0131n \u00e7arpmas\u0131 sonucu telef oldu. Van\u2019\u0131n Erci\u015f il\u00e7esinde yiyecek aramaya \u00e7\u0131kan domuz s\u00fcr\u00fcs\u00fc kent merkezine indi. Etkili olan kar ya\u011f\u0131\u015f\u0131 nedeniyle yiyecek bulmakta zorlanan domuz s\u00fcr\u00fcs\u00fc, \u00d6rene Mahallesi yak\u0131nlar\u0131nda ana yoldan ge\u00e7erken g\u00f6r\u00fcnt\u00fclendi. Cep telefonuyla g\u00f6r\u00fcnt\u00fclenen domuz &hellip;\" \/>\n<meta property=\"og:url\" content=\"https:\/\/vanxhaber.com\/index.php\/2024\/01\/17\/domuz-surusu-ercis-merkezine-indi\/\" \/>\n<meta property=\"og:site_name\" content=\"Van Haber | Van X Haber | Van Haberleri\" \/>\n<meta property=\"article:published_time\" content=\"2024-01-17T09:26:15+00:00\" \/>\n<meta property=\"article:modified_time\" content=\"2024-01-17T09:26:16+00:00\" \/>\n<meta property=\"og:image\" content=\"https:\/\/vanxhaber.com\/wp-content\/uploads\/2024\/01\/domuz-surusu.jpg\" \/>\n\t<meta property=\"og:image:width\" content=\"641\" \/>\n\t<meta property=\"og:image:height\" content=\"380\" \/>\n\t<meta property=\"og:image:type\" content=\"image\/jpeg\" \/>\n<meta name=\"author\" content=\"Van X Haber\" \/>\n<meta name=\"twitter:card\" content=\"summary_large_image\" \/>\n<meta name=\"twitter:label1\" content=\"Yazan:\" \/>\n\t<meta name=\"twitter:data1\" content=\"Van X Haber\" \/>\n\t<meta name=\"twitter:label2\" content=\"Tahmini okuma s\u00fcresi\" \/>\n\t<meta name=\"twitter:data2\" content=\"1 dakika\" \/>\n<script type=\"application\/ld+json\" class=\"yoast-schema-graph\">{\"@context\":\"https:\/\/schema.org\",\"@graph\":[{\"@type\":\"Article\",\"@id\":\"https:\/\/vanxhaber.com\/index.php\/2024\/01\/17\/domuz-surusu-ercis-merkezine-indi\/#article\",\"isPartOf\":{\"@id\":\"https:\/\/vanxhaber.com\/index.php\/2024\/01\/17\/domuz-surusu-ercis-merkezine-indi\/\"},\"author\":{\"name\":\"Van X Haber\",\"@id\":\"https:\/\/vanxhaber.com\/#\/schema\/person\/a5fd8d89510cb5370e62ad176f7978ee\"},\"headline\":\"Domuz s\u00fcr\u00fcs\u00fc Erci\u015f merkezine indi\",\"datePublished\":\"2024-01-17T09:26:15+00:00\",\"dateModified\":\"2024-01-17T09:26:16+00:00\",\"mainEntityOfPage\":{\"@id\":\"https:\/\/vanxhaber.com\/index.php\/2024\/01\/17\/domuz-surusu-ercis-merkezine-indi\/\"},\"wordCount\":121,\"commentCount\":0,\"image\":{\"@id\":\"https:\/\/vanxhaber.com\/index.php\/2024\/01\/17\/domuz-surusu-ercis-merkezine-indi\/#primaryimage\"},\"thumbnailUrl\":\"https:\/\/vanxhaber.com\/wp-content\/uploads\/2024\/01\/domuz-surusu.jpg\",\"articleSection\":[\"Van Haber\"],\"inLanguage\":\"tr\",\"potentialAction\":[{\"@type\":\"CommentAction\",\"name\":\"Comment\",\"target\":[\"https:\/\/vanxhaber.com\/index.php\/2024\/01\/17\/domuz-surusu-ercis-merkezine-indi\/#respond\"]}],\"copyrightYear\":\"2024\",\"copyrightHolder\":{\"@id\":\"https:\/\/vanxhaber.com\/#organization\"}},{\"@type\":\"WebPage\",\"@id\":\"https:\/\/vanxhaber.com\/index.php\/2024\/01\/17\/domuz-surusu-ercis-merkezine-indi\/\",\"url\":\"https:\/\/vanxhaber.com\/index.php\/2024\/01\/17\/domuz-surusu-ercis-merkezine-indi\/\",\"name\":\"Domuz s\u00fcr\u00fcs\u00fc Erci\u015f merkezine indi - Van Haber | Van X Haber | Van Haberleri\",\"isPartOf\":{\"@id\":\"https:\/\/vanxhaber.com\/#website\"},\"primaryImageOfPage\":{\"@id\":\"https:\/\/vanxhaber.com\/index.php\/2024\/01\/17\/domuz-surusu-ercis-merkezine-indi\/#primaryimage\"},\"image\":{\"@id\":\"https:\/\/vanxhaber.com\/index.php\/2024\/01\/17\/domuz-surusu-ercis-merkezine-indi\/#primaryimage\"},\"thumbnailUrl\":\"https:\/\/vanxhaber.com\/wp-content\/uploads\/2024\/01\/domuz-surusu.jpg\",\"datePublished\":\"2024-01-17T09:26:15+00:00\",\"dateModified\":\"2024-01-17T09:26:16+00:00\",\"author\":{\"@id\":\"https:\/\/vanxhaber.com\/#\/schema\/person\/a5fd8d89510cb5370e62ad176f7978ee\"},\"breadcrumb\":{\"@id\":\"https:\/\/vanxhaber.com\/index.php\/2024\/01\/17\/domuz-surusu-ercis-merkezine-indi\/#breadcrumb\"},\"inLanguage\":\"tr\",\"potentialAction\":[{\"@type\":\"ReadAction\",\"target\":[\"https:\/\/vanxhaber.com\/index.php\/2024\/01\/17\/domuz-surusu-ercis-merkezine-indi\/\"]}]},{\"@type\":\"ImageObject\",\"inLanguage\":\"tr\",\"@id\":\"https:\/\/vanxhaber.com\/index.php\/2024\/01\/17\/domuz-surusu-ercis-merkezine-indi\/#primaryimage\",\"url\":\"https:\/\/vanxhaber.com\/wp-content\/uploads\/2024\/01\/domuz-surusu.jpg\",\"contentUrl\":\"https:\/\/vanxhaber.com\/wp-content\/uploads\/2024\/01\/domuz-surusu.jpg\",\"width\":641,\"height\":380},{\"@type\":\"BreadcrumbList\",\"@id\":\"https:\/\/vanxhaber.com\/index.php\/2024\/01\/17\/domuz-surusu-ercis-merkezine-indi\/#breadcrumb\",\"itemListElement\":[{\"@type\":\"ListItem\",\"position\":1,\"name\":\"Anasayfa\",\"item\":\"https:\/\/vanxhaber.com\/\"},{\"@type\":\"ListItem\",\"position\":2,\"name\":\"Domuz s\u00fcr\u00fcs\u00fc Erci\u015f merkezine indi\"}]},{\"@type\":\"WebSite\",\"@id\":\"https:\/\/vanxhaber.com\/#website\",\"url\":\"https:\/\/vanxhaber.com\/\",\"name\":\"Van Haber | Van X Haber | Van Haberleri\",\"description\":\"Van Haber, Van&#039;\u0131n ilk yapay zeka teknolojileri ile yaz\u0131lan Van X Haber ve Van Haberlerini aktif g\u00fcncel sunan tek vanhaber merkezidir.\",\"potentialAction\":[{\"@type\":\"SearchAction\",\"target\":{\"@type\":\"EntryPoint\",\"urlTemplate\":\"https:\/\/vanxhaber.com\/?s={search_term_string}\"},\"query-input\":{\"@type\":\"PropertyValueSpecification\",\"valueRequired\":true,\"valueName\":\"search_term_string\"}}],\"inLanguage\":\"tr\"},{\"@type\":\"Person\",\"@id\":\"https:\/\/vanxhaber.com\/#\/schema\/person\/a5fd8d89510cb5370e62ad176f7978ee\",\"name\":\"Van X Haber\",\"image\":{\"@type\":\"ImageObject\",\"inLanguage\":\"tr\",\"@id\":\"https:\/\/vanxhaber.com\/#\/schema\/person\/image\/\",\"url\":\"https:\/\/secure.gravatar.com\/avatar\/36f2f63826681263103acb5ca1e7bc1a6db11baea9b75dd091d89b74f2704b07?s=96&d=mm&r=g\",\"contentUrl\":\"https:\/\/secure.gravatar.com\/avatar\/36f2f63826681263103acb5ca1e7bc1a6db11baea9b75dd091d89b74f2704b07?s=96&d=mm&r=g\",\"caption\":\"Van X Haber\"},\"description\":\"Van X Haber Van'\u0131n ilk ve tek yeni nesil Van Haber merkezi. Son Dakika Van Haberleri ve G\u00fcncel Van haber merkezinde s\u0131cak geli\u015fmeleri aktarmaya devam edece\u011fiz.\",\"url\":\"https:\/\/vanxhaber.com\/index.php\/author\/vangazetesi\/\"}]}<\/script>\n<!-- \/ Yoast SEO Premium plugin. -->","yoast_head_json":{"title":"Domuz s\u00fcr\u00fcs\u00fc Erci\u015f merkezine indi - Van Haber | Van X Haber | Van Haberleri","robots":{"index":"index","follow":"follow","max-snippet":"max-snippet:-1","max-image-preview":"max-image-preview:large","max-video-preview":"max-video-preview:-1"},"canonical":"https:\/\/vanxhaber.com\/index.php\/2024\/01\/17\/domuz-surusu-ercis-merkezine-indi\/","og_locale":"tr_TR","og_type":"article","og_title":"Domuz s\u00fcr\u00fcs\u00fc Erci\u015f merkezine indi","og_description":"Van&#8217;\u0131n Erci\u015f merkezinde domuz s\u00fcr\u00fcs\u00fc g\u00f6r\u00fcld\u00fc. Yiyecek aramaya \u00e7\u0131kan domuzlar ana yolda g\u00f6r\u00fcnt\u00fclenirken, kar\u015f\u0131ya ge\u00e7meye \u00e7al\u0131\u015fan bir domuz arac\u0131n \u00e7arpmas\u0131 sonucu telef oldu. Van\u2019\u0131n Erci\u015f il\u00e7esinde yiyecek aramaya \u00e7\u0131kan domuz s\u00fcr\u00fcs\u00fc kent merkezine indi. Etkili olan kar ya\u011f\u0131\u015f\u0131 nedeniyle yiyecek bulmakta zorlanan domuz s\u00fcr\u00fcs\u00fc, \u00d6rene Mahallesi yak\u0131nlar\u0131nda ana yoldan ge\u00e7erken g\u00f6r\u00fcnt\u00fclendi. Cep telefonuyla g\u00f6r\u00fcnt\u00fclenen domuz &hellip;","og_url":"https:\/\/vanxhaber.com\/index.php\/2024\/01\/17\/domuz-surusu-ercis-merkezine-indi\/","og_site_name":"Van Haber | Van X Haber | Van Haberleri","article_published_time":"2024-01-17T09:26:15+00:00","article_modified_time":"2024-01-17T09:26:16+00:00","og_image":[{"width":641,"height":380,"url":"https:\/\/vanxhaber.com\/wp-content\/uploads\/2024\/01\/domuz-surusu.jpg","type":"image\/jpeg"}],"author":"Van X Haber","twitter_card":"summary_large_image","twitter_misc":{"Yazan:":"Van X Haber","Tahmini okuma s\u00fcresi":"1 dakika"},"schema":{"@context":"https:\/\/schema.org","@graph":[{"@type":"Article","@id":"https:\/\/vanxhaber.com\/index.php\/2024\/01\/17\/domuz-surusu-ercis-merkezine-indi\/#article","isPartOf":{"@id":"https:\/\/vanxhaber.com\/index.php\/2024\/01\/17\/domuz-surusu-ercis-merkezine-indi\/"},"author":{"name":"Van X Haber","@id":"https:\/\/vanxhaber.com\/#\/schema\/person\/a5fd8d89510cb5370e62ad176f7978ee"},"headline":"Domuz s\u00fcr\u00fcs\u00fc Erci\u015f merkezine indi","datePublished":"2024-01-17T09:26:15+00:00","dateModified":"2024-01-17T09:26:16+00:00","mainEntityOfPage":{"@id":"https:\/\/vanxhaber.com\/index.php\/2024\/01\/17\/domuz-surusu-ercis-merkezine-indi\/"},"wordCount":121,"commentCount":0,"image":{"@id":"https:\/\/vanxhaber.com\/index.php\/2024\/01\/17\/domuz-surusu-ercis-merkezine-indi\/#primaryimage"},"thumbnailUrl":"https:\/\/vanxhaber.com\/wp-content\/uploads\/2024\/01\/domuz-surusu.jpg","articleSection":["Van Haber"],"inLanguage":"tr","potentialAction":[{"@type":"CommentAction","name":"Comment","target":["https:\/\/vanxhaber.com\/index.php\/2024\/01\/17\/domuz-surusu-ercis-merkezine-indi\/#respond"]}],"copyrightYear":"2024","copyrightHolder":{"@id":"https:\/\/vanxhaber.com\/#organization"}},{"@type":"WebPage","@id":"https:\/\/vanxhaber.com\/index.php\/2024\/01\/17\/domuz-surusu-ercis-merkezine-indi\/","url":"https:\/\/vanxhaber.com\/index.php\/2024\/01\/17\/domuz-surusu-ercis-merkezine-indi\/","name":"Domuz s\u00fcr\u00fcs\u00fc Erci\u015f merkezine indi - Van Haber | Van X Haber | Van Haberleri","isPartOf":{"@id":"https:\/\/vanxhaber.com\/#website"},"primaryImageOfPage":{"@id":"https:\/\/vanxhaber.com\/index.php\/2024\/01\/17\/domuz-surusu-ercis-merkezine-indi\/#primaryimage"},"image":{"@id":"https:\/\/vanxhaber.com\/index.php\/2024\/01\/17\/domuz-surusu-ercis-merkezine-indi\/#primaryimage"},"thumbnailUrl":"https:\/\/vanxhaber.com\/wp-content\/uploads\/2024\/01\/domuz-surusu.jpg","datePublished":"2024-01-17T09:26:15+00:00","dateModified":"2024-01-17T09:26:16+00:00","author":{"@id":"https:\/\/vanxhaber.com\/#\/schema\/person\/a5fd8d89510cb5370e62ad176f7978ee"},"breadcrumb":{"@id":"https:\/\/vanxhaber.com\/index.php\/2024\/01\/17\/domuz-surusu-ercis-merkezine-indi\/#breadcrumb"},"inLanguage":"tr","potentialAction":[{"@type":"ReadAction","target":["https:\/\/vanxhaber.com\/index.php\/2024\/01\/17\/domuz-surusu-ercis-merkezine-indi\/"]}]},{"@type":"ImageObject","inLanguage":"tr","@id":"https:\/\/vanxhaber.com\/index.php\/2024\/01\/17\/domuz-surusu-ercis-merkezine-indi\/#primaryimage","url":"https:\/\/vanxhaber.com\/wp-content\/uploads\/2024\/01\/domuz-surusu.jpg","contentUrl":"https:\/\/vanxhaber.com\/wp-content\/uploads\/2024\/01\/domuz-surusu.jpg","width":641,"height":380},{"@type":"BreadcrumbList","@id":"https:\/\/vanxhaber.com\/index.php\/2024\/01\/17\/domuz-surusu-ercis-merkezine-indi\/#breadcrumb","itemListElement":[{"@type":"ListItem","position":1,"name":"Anasayfa","item":"https:\/\/vanxhaber.com\/"},{"@type":"ListItem","position":2,"name":"Domuz s\u00fcr\u00fcs\u00fc Erci\u015f merkezine indi"}]},{"@type":"WebSite","@id":"https:\/\/vanxhaber.com\/#website","url":"https:\/\/vanxhaber.com\/","name":"Van Haber | Van X Haber | Van Haberleri","description":"Van Haber, Van&#039;\u0131n ilk yapay zeka teknolojileri ile yaz\u0131lan Van X Haber ve Van Haberlerini aktif g\u00fcncel sunan tek vanhaber merkezidir.","potentialAction":[{"@type":"SearchAction","target":{"@type":"EntryPoint","urlTemplate":"https:\/\/vanxhaber.com\/?s={search_term_string}"},"query-input":{"@type":"PropertyValueSpecification","valueRequired":true,"valueName":"search_term_string"}}],"inLanguage":"tr"},{"@type":"Person","@id":"https:\/\/vanxhaber.com\/#\/schema\/person\/a5fd8d89510cb5370e62ad176f7978ee","name":"Van X Haber","image":{"@type":"ImageObject","inLanguage":"tr","@id":"https:\/\/vanxhaber.com\/#\/schema\/person\/image\/","url":"https:\/\/secure.gravatar.com\/avatar\/36f2f63826681263103acb5ca1e7bc1a6db11baea9b75dd091d89b74f2704b07?s=96&d=mm&r=g","contentUrl":"https:\/\/secure.gravatar.com\/avatar\/36f2f63826681263103acb5ca1e7bc1a6db11baea9b75dd091d89b74f2704b07?s=96&d=mm&r=g","caption":"Van X Haber"},"description":"Van X Haber Van'\u0131n ilk ve tek yeni nesil Van Haber merkezi. Son Dakika Van Haberleri ve G\u00fcncel Van haber merkezinde s\u0131cak geli\u015fmeleri aktarmaya devam edece\u011fiz.","url":"https:\/\/vanxhaber.com\/index.php\/author\/vangazetesi\/"}]}},"_links":{"self":[{"href":"https:\/\/vanxhaber.com\/index.php\/wp-json\/wp\/v2\/posts\/1393","targetHints":{"allow":["GET"]}}],"collection":[{"href":"https:\/\/vanxhaber.com\/index.php\/wp-json\/wp\/v2\/posts"}],"about":[{"href":"https:\/\/vanxhaber.com\/index.php\/wp-json\/wp\/v2\/types\/post"}],"author":[{"embeddable":true,"href":"https:\/\/vanxhaber.com\/index.php\/wp-json\/wp\/v2\/users\/2"}],"replies":[{"embeddable":true,"href":"https:\/\/vanxhaber.com\/index.php\/wp-json\/wp\/v2\/comments?post=1393"}],"version-history":[{"count":1,"href":"https:\/\/vanxhaber.com\/index.php\/wp-json\/wp\/v2\/posts\/1393\/revisions"}],"predecessor-version":[{"id":1396,"href":"https:\/\/vanxhaber.com\/index.php\/wp-json\/wp\/v2\/posts\/1393\/revisions\/1396"}],"wp:featuredmedia":[{"embeddable":true,"href":"https:\/\/vanxhaber.com\/index.php\/wp-json\/wp\/v2\/media\/1395"}],"wp:attachment":[{"href":"https:\/\/vanxhaber.com\/index.php\/wp-json\/wp\/v2\/media?parent=1393"}],"wp:term":[{"taxonomy":"category","embeddable":true,"href":"https:\/\/vanxhaber.com\/index.php\/wp-json\/wp\/v2\/categories?post=1393"},{"taxonomy":"post_tag","embeddable":true,"href":"https:\/\/vanxhaber.com\/index.php\/wp-json\/wp\/v2\/tags?post=1393"}],"curies":[{"name":"wp","href":"https:\/\/api.w.org\/{rel}","templated":true}]}}