{"id":1397,"date":"2024-01-17T10:02:49","date_gmt":"2024-01-17T10:02:49","guid":{"rendered":"https:\/\/vanxhaber.com\/?p=1397"},"modified":"2024-01-17T10:02:52","modified_gmt":"2024-01-17T10:02:52","slug":"meteoroloji-14-bolge-mudurlugu-van-icin-don-uyari","status":"publish","type":"post","link":"https:\/\/vanxhaber.com\/index.php\/2024\/01\/17\/meteoroloji-14-bolge-mudurlugu-van-icin-don-uyari\/","title":{"rendered":"Meteoroloji 14 B\u00f6lge M\u00fcd\u00fcrl\u00fc\u011f\u00fc Van \u0130\u00e7in \u201cDon\u201d Uyar\u0131\u2026"},"content":{"rendered":"\n<p><br><strong>Meteoroloji 14 B\u00f6lge M\u00fcd\u00fcrl\u00fc\u011f\u00fc Van \u0130\u00e7in Gece ve sabah saatlerinde buzlanma ve don olay\u0131 ile uyar\u0131da bulundu.<\/strong><\/p>\n\n\n\n<p>Meteoroloji 14 B\u00f6lge M\u00fcd\u00fcrl\u00fc\u011f\u00fcnden yap\u0131lan a\u00e7\u0131klamaya g\u00f6re B\u00f6lgemizde havan\u0131n par\u00e7al\u0131 ve \u00e7ok bulutlu, Mu\u015f ve Bitlis illeri ile Van ilinin kuzey il\u00e7elerinde aral\u0131kl\u0131 kar ya\u011f\u0131\u015fl\u0131 ve karla kar\u0131\u015f\u0131k ya\u011fmurlu olmas\u0131 beklenmektedir. Gece ve sabah saatlerinde buzlanma ve don olay\u0131 ile yer yer pus ve sis hadisesinin g\u00f6r\u00fclece\u011fi tahmin edilmektedir.<br>Hava s\u0131cakl\u0131klar\u0131n\u0131n mevsim normallerinin \u00fczerinde seyretmesi beklenmektedir.R\u00fczgar\u0131n g\u00fcneyli ve do\u011fulu y\u00f6nlerden hafif, zaman zaman orta kuvvette esece\u011fi tahmin edilmektedir.<\/p>\n\n\n\n<p><strong>BUZLANMA VE DON UYARISI<\/strong><br>Gece ve sabah saatlerinde buzlanma ve don olay\u0131 ile yer yer sis hadisesi beklendi\u011finden ya\u015fanabilecek olumsuzluklara (ula\u015f\u0131mda aksamalar, g\u00f6r\u00fc\u015f mesafesinde daralma vb.) kar\u015f\u0131 dikkatli ve tedbirli olunmas\u0131 gerekmektedir.<\/p>\n\n\n\n<p><strong>\u00c7I\u011e TEHL\u0130KES\u0130 UYARISI<\/strong><br>B\u00f6lgemizde y\u00fcksek kar \u00f6rt\u00fcs\u00fc bulunan dik yama\u00e7larda \u00e7\u0131\u011f tehlikesi bulundu\u011fundan yetkililer ile vatanda\u015flar\u0131n dikkatli ve tedbirli olmalar\u0131 gerekmektedir.<\/p>\n","protected":false},"excerpt":{"rendered":"<p>Meteoroloji 14 B\u00f6lge M\u00fcd\u00fcrl\u00fc\u011f\u00fc Van \u0130\u00e7in Gece ve sabah saatlerinde buzlanma ve don olay\u0131 ile uyar\u0131da bulundu. Meteoroloji 14 B\u00f6lge M\u00fcd\u00fcrl\u00fc\u011f\u00fcnden yap\u0131lan a\u00e7\u0131klamaya g\u00f6re B\u00f6lgemizde havan\u0131n par\u00e7al\u0131 ve \u00e7ok bulutlu, Mu\u015f ve Bitlis illeri ile Van ilinin kuzey il\u00e7elerinde aral\u0131kl\u0131 kar ya\u011f\u0131\u015fl\u0131 ve karla kar\u0131\u015f\u0131k ya\u011fmurlu olmas\u0131 beklenmektedir. Gece ve sabah saatlerinde buzlanma ve don &hellip;<\/p>\n","protected":false},"author":2,"featured_media":1399,"comment_status":"open","ping_status":"closed","sticky":false,"template":"","format":"standard","meta":{"googlesitekit_rrm_CAowot3VCw:productID":"","footnotes":""},"categories":[1],"tags":[],"class_list":["post-1397","post","type-post","status-publish","format-standard","has-post-thumbnail","hentry","category-van-haber"],"yoast_head":"<!-- This site is optimized with the Yoast SEO Premium plugin v21.7 (Yoast SEO v26.7) - https:\/\/yoast.com\/wordpress\/plugins\/seo\/ -->\n<title>Meteoroloji 14 B\u00f6lge M\u00fcd\u00fcrl\u00fc\u011f\u00fc Van \u0130\u00e7in \u201cDon\u201d Uyar\u0131\u2026 - Van Haber | Van X Haber | Van Haberleri<\/title>\n<meta name=\"robots\" content=\"index, follow, max-snippet:-1, max-image-preview:large, max-video-preview:-1\" \/>\n<link rel=\"canonical\" href=\"https:\/\/vanxhaber.com\/index.php\/2024\/01\/17\/meteoroloji-14-bolge-mudurlugu-van-icin-don-uyari\/\" \/>\n<meta property=\"og:locale\" content=\"tr_TR\" \/>\n<meta property=\"og:type\" content=\"article\" \/>\n<meta property=\"og:title\" content=\"Meteoroloji 14 B\u00f6lge M\u00fcd\u00fcrl\u00fc\u011f\u00fc Van \u0130\u00e7in \u201cDon\u201d Uyar\u0131\u2026\" \/>\n<meta property=\"og:description\" content=\"Meteoroloji 14 B\u00f6lge M\u00fcd\u00fcrl\u00fc\u011f\u00fc Van \u0130\u00e7in Gece ve sabah saatlerinde buzlanma ve don olay\u0131 ile uyar\u0131da bulundu. Meteoroloji 14 B\u00f6lge M\u00fcd\u00fcrl\u00fc\u011f\u00fcnden yap\u0131lan a\u00e7\u0131klamaya g\u00f6re B\u00f6lgemizde havan\u0131n par\u00e7al\u0131 ve \u00e7ok bulutlu, Mu\u015f ve Bitlis illeri ile Van ilinin kuzey il\u00e7elerinde aral\u0131kl\u0131 kar ya\u011f\u0131\u015fl\u0131 ve karla kar\u0131\u015f\u0131k ya\u011fmurlu olmas\u0131 beklenmektedir. Gece ve sabah saatlerinde buzlanma ve don &hellip;\" \/>\n<meta property=\"og:url\" content=\"https:\/\/vanxhaber.com\/index.php\/2024\/01\/17\/meteoroloji-14-bolge-mudurlugu-van-icin-don-uyari\/\" \/>\n<meta property=\"og:site_name\" content=\"Van Haber | Van X Haber | Van Haberleri\" \/>\n<meta property=\"article:published_time\" content=\"2024-01-17T10:02:49+00:00\" \/>\n<meta property=\"article:modified_time\" content=\"2024-01-17T10:02:52+00:00\" \/>\n<meta property=\"og:image\" content=\"https:\/\/vanxhaber.com\/wp-content\/uploads\/2024\/01\/buzlanmam.jpg\" \/>\n\t<meta property=\"og:image:width\" content=\"641\" \/>\n\t<meta property=\"og:image:height\" content=\"380\" \/>\n\t<meta property=\"og:image:type\" content=\"image\/jpeg\" \/>\n<meta name=\"author\" content=\"Van X Haber\" \/>\n<meta name=\"twitter:card\" content=\"summary_large_image\" \/>\n<meta name=\"twitter:label1\" content=\"Yazan:\" \/>\n\t<meta name=\"twitter:data1\" content=\"Van X Haber\" \/>\n\t<meta name=\"twitter:label2\" content=\"Tahmini okuma s\u00fcresi\" \/>\n\t<meta name=\"twitter:data2\" content=\"2 dakika\" \/>\n<script type=\"application\/ld+json\" class=\"yoast-schema-graph\">{\"@context\":\"https:\/\/schema.org\",\"@graph\":[{\"@type\":\"Article\",\"@id\":\"https:\/\/vanxhaber.com\/index.php\/2024\/01\/17\/meteoroloji-14-bolge-mudurlugu-van-icin-don-uyari\/#article\",\"isPartOf\":{\"@id\":\"https:\/\/vanxhaber.com\/index.php\/2024\/01\/17\/meteoroloji-14-bolge-mudurlugu-van-icin-don-uyari\/\"},\"author\":{\"name\":\"Van X Haber\",\"@id\":\"https:\/\/vanxhaber.com\/#\/schema\/person\/a5fd8d89510cb5370e62ad176f7978ee\"},\"headline\":\"Meteoroloji 14 B\u00f6lge M\u00fcd\u00fcrl\u00fc\u011f\u00fc Van \u0130\u00e7in \u201cDon\u201d Uyar\u0131\u2026\",\"datePublished\":\"2024-01-17T10:02:49+00:00\",\"dateModified\":\"2024-01-17T10:02:52+00:00\",\"mainEntityOfPage\":{\"@id\":\"https:\/\/vanxhaber.com\/index.php\/2024\/01\/17\/meteoroloji-14-bolge-mudurlugu-van-icin-don-uyari\/\"},\"wordCount\":190,\"commentCount\":0,\"image\":{\"@id\":\"https:\/\/vanxhaber.com\/index.php\/2024\/01\/17\/meteoroloji-14-bolge-mudurlugu-van-icin-don-uyari\/#primaryimage\"},\"thumbnailUrl\":\"https:\/\/vanxhaber.com\/wp-content\/uploads\/2024\/01\/buzlanmam.jpg\",\"articleSection\":[\"Van Haber\"],\"inLanguage\":\"tr\",\"potentialAction\":[{\"@type\":\"CommentAction\",\"name\":\"Comment\",\"target\":[\"https:\/\/vanxhaber.com\/index.php\/2024\/01\/17\/meteoroloji-14-bolge-mudurlugu-van-icin-don-uyari\/#respond\"]}],\"copyrightYear\":\"2024\",\"copyrightHolder\":{\"@id\":\"https:\/\/vanxhaber.com\/#organization\"}},{\"@type\":\"WebPage\",\"@id\":\"https:\/\/vanxhaber.com\/index.php\/2024\/01\/17\/meteoroloji-14-bolge-mudurlugu-van-icin-don-uyari\/\",\"url\":\"https:\/\/vanxhaber.com\/index.php\/2024\/01\/17\/meteoroloji-14-bolge-mudurlugu-van-icin-don-uyari\/\",\"name\":\"Meteoroloji 14 B\u00f6lge M\u00fcd\u00fcrl\u00fc\u011f\u00fc Van \u0130\u00e7in \u201cDon\u201d Uyar\u0131\u2026 - Van Haber | Van X Haber | Van Haberleri\",\"isPartOf\":{\"@id\":\"https:\/\/vanxhaber.com\/#website\"},\"primaryImageOfPage\":{\"@id\":\"https:\/\/vanxhaber.com\/index.php\/2024\/01\/17\/meteoroloji-14-bolge-mudurlugu-van-icin-don-uyari\/#primaryimage\"},\"image\":{\"@id\":\"https:\/\/vanxhaber.com\/index.php\/2024\/01\/17\/meteoroloji-14-bolge-mudurlugu-van-icin-don-uyari\/#primaryimage\"},\"thumbnailUrl\":\"https:\/\/vanxhaber.com\/wp-content\/uploads\/2024\/01\/buzlanmam.jpg\",\"datePublished\":\"2024-01-17T10:02:49+00:00\",\"dateModified\":\"2024-01-17T10:02:52+00:00\",\"author\":{\"@id\":\"https:\/\/vanxhaber.com\/#\/schema\/person\/a5fd8d89510cb5370e62ad176f7978ee\"},\"breadcrumb\":{\"@id\":\"https:\/\/vanxhaber.com\/index.php\/2024\/01\/17\/meteoroloji-14-bolge-mudurlugu-van-icin-don-uyari\/#breadcrumb\"},\"inLanguage\":\"tr\",\"potentialAction\":[{\"@type\":\"ReadAction\",\"target\":[\"https:\/\/vanxhaber.com\/index.php\/2024\/01\/17\/meteoroloji-14-bolge-mudurlugu-van-icin-don-uyari\/\"]}]},{\"@type\":\"ImageObject\",\"inLanguage\":\"tr\",\"@id\":\"https:\/\/vanxhaber.com\/index.php\/2024\/01\/17\/meteoroloji-14-bolge-mudurlugu-van-icin-don-uyari\/#primaryimage\",\"url\":\"https:\/\/vanxhaber.com\/wp-content\/uploads\/2024\/01\/buzlanmam.jpg\",\"contentUrl\":\"https:\/\/vanxhaber.com\/wp-content\/uploads\/2024\/01\/buzlanmam.jpg\",\"width\":641,\"height\":380},{\"@type\":\"BreadcrumbList\",\"@id\":\"https:\/\/vanxhaber.com\/index.php\/2024\/01\/17\/meteoroloji-14-bolge-mudurlugu-van-icin-don-uyari\/#breadcrumb\",\"itemListElement\":[{\"@type\":\"ListItem\",\"position\":1,\"name\":\"Anasayfa\",\"item\":\"https:\/\/vanxhaber.com\/\"},{\"@type\":\"ListItem\",\"position\":2,\"name\":\"Meteoroloji 14 B\u00f6lge M\u00fcd\u00fcrl\u00fc\u011f\u00fc Van \u0130\u00e7in \u201cDon\u201d Uyar\u0131\u2026\"}]},{\"@type\":\"WebSite\",\"@id\":\"https:\/\/vanxhaber.com\/#website\",\"url\":\"https:\/\/vanxhaber.com\/\",\"name\":\"Van Haber | Van X Haber | Van Haberleri\",\"description\":\"Van Haber, Van&#039;\u0131n ilk yapay zeka teknolojileri ile yaz\u0131lan Van X Haber ve Van Haberlerini aktif g\u00fcncel sunan tek vanhaber merkezidir.\",\"potentialAction\":[{\"@type\":\"SearchAction\",\"target\":{\"@type\":\"EntryPoint\",\"urlTemplate\":\"https:\/\/vanxhaber.com\/?s={search_term_string}\"},\"query-input\":{\"@type\":\"PropertyValueSpecification\",\"valueRequired\":true,\"valueName\":\"search_term_string\"}}],\"inLanguage\":\"tr\"},{\"@type\":\"Person\",\"@id\":\"https:\/\/vanxhaber.com\/#\/schema\/person\/a5fd8d89510cb5370e62ad176f7978ee\",\"name\":\"Van X Haber\",\"image\":{\"@type\":\"ImageObject\",\"inLanguage\":\"tr\",\"@id\":\"https:\/\/vanxhaber.com\/#\/schema\/person\/image\/\",\"url\":\"https:\/\/secure.gravatar.com\/avatar\/36f2f63826681263103acb5ca1e7bc1a6db11baea9b75dd091d89b74f2704b07?s=96&d=mm&r=g\",\"contentUrl\":\"https:\/\/secure.gravatar.com\/avatar\/36f2f63826681263103acb5ca1e7bc1a6db11baea9b75dd091d89b74f2704b07?s=96&d=mm&r=g\",\"caption\":\"Van X Haber\"},\"description\":\"Van X Haber Van'\u0131n ilk ve tek yeni nesil Van Haber merkezi. Son Dakika Van Haberleri ve G\u00fcncel Van haber merkezinde s\u0131cak geli\u015fmeleri aktarmaya devam edece\u011fiz.\",\"url\":\"https:\/\/vanxhaber.com\/index.php\/author\/vangazetesi\/\"}]}<\/script>\n<!-- \/ Yoast SEO Premium plugin. -->","yoast_head_json":{"title":"Meteoroloji 14 B\u00f6lge M\u00fcd\u00fcrl\u00fc\u011f\u00fc Van \u0130\u00e7in \u201cDon\u201d Uyar\u0131\u2026 - Van Haber | Van X Haber | Van Haberleri","robots":{"index":"index","follow":"follow","max-snippet":"max-snippet:-1","max-image-preview":"max-image-preview:large","max-video-preview":"max-video-preview:-1"},"canonical":"https:\/\/vanxhaber.com\/index.php\/2024\/01\/17\/meteoroloji-14-bolge-mudurlugu-van-icin-don-uyari\/","og_locale":"tr_TR","og_type":"article","og_title":"Meteoroloji 14 B\u00f6lge M\u00fcd\u00fcrl\u00fc\u011f\u00fc Van \u0130\u00e7in \u201cDon\u201d Uyar\u0131\u2026","og_description":"Meteoroloji 14 B\u00f6lge M\u00fcd\u00fcrl\u00fc\u011f\u00fc Van \u0130\u00e7in Gece ve sabah saatlerinde buzlanma ve don olay\u0131 ile uyar\u0131da bulundu. Meteoroloji 14 B\u00f6lge M\u00fcd\u00fcrl\u00fc\u011f\u00fcnden yap\u0131lan a\u00e7\u0131klamaya g\u00f6re B\u00f6lgemizde havan\u0131n par\u00e7al\u0131 ve \u00e7ok bulutlu, Mu\u015f ve Bitlis illeri ile Van ilinin kuzey il\u00e7elerinde aral\u0131kl\u0131 kar ya\u011f\u0131\u015fl\u0131 ve karla kar\u0131\u015f\u0131k ya\u011fmurlu olmas\u0131 beklenmektedir. Gece ve sabah saatlerinde buzlanma ve don &hellip;","og_url":"https:\/\/vanxhaber.com\/index.php\/2024\/01\/17\/meteoroloji-14-bolge-mudurlugu-van-icin-don-uyari\/","og_site_name":"Van Haber | Van X Haber | Van Haberleri","article_published_time":"2024-01-17T10:02:49+00:00","article_modified_time":"2024-01-17T10:02:52+00:00","og_image":[{"width":641,"height":380,"url":"https:\/\/vanxhaber.com\/wp-content\/uploads\/2024\/01\/buzlanmam.jpg","type":"image\/jpeg"}],"author":"Van X Haber","twitter_card":"summary_large_image","twitter_misc":{"Yazan:":"Van X Haber","Tahmini okuma s\u00fcresi":"2 dakika"},"schema":{"@context":"https:\/\/schema.org","@graph":[{"@type":"Article","@id":"https:\/\/vanxhaber.com\/index.php\/2024\/01\/17\/meteoroloji-14-bolge-mudurlugu-van-icin-don-uyari\/#article","isPartOf":{"@id":"https:\/\/vanxhaber.com\/index.php\/2024\/01\/17\/meteoroloji-14-bolge-mudurlugu-van-icin-don-uyari\/"},"author":{"name":"Van X Haber","@id":"https:\/\/vanxhaber.com\/#\/schema\/person\/a5fd8d89510cb5370e62ad176f7978ee"},"headline":"Meteoroloji 14 B\u00f6lge M\u00fcd\u00fcrl\u00fc\u011f\u00fc Van \u0130\u00e7in \u201cDon\u201d Uyar\u0131\u2026","datePublished":"2024-01-17T10:02:49+00:00","dateModified":"2024-01-17T10:02:52+00:00","mainEntityOfPage":{"@id":"https:\/\/vanxhaber.com\/index.php\/2024\/01\/17\/meteoroloji-14-bolge-mudurlugu-van-icin-don-uyari\/"},"wordCount":190,"commentCount":0,"image":{"@id":"https:\/\/vanxhaber.com\/index.php\/2024\/01\/17\/meteoroloji-14-bolge-mudurlugu-van-icin-don-uyari\/#primaryimage"},"thumbnailUrl":"https:\/\/vanxhaber.com\/wp-content\/uploads\/2024\/01\/buzlanmam.jpg","articleSection":["Van Haber"],"inLanguage":"tr","potentialAction":[{"@type":"CommentAction","name":"Comment","target":["https:\/\/vanxhaber.com\/index.php\/2024\/01\/17\/meteoroloji-14-bolge-mudurlugu-van-icin-don-uyari\/#respond"]}],"copyrightYear":"2024","copyrightHolder":{"@id":"https:\/\/vanxhaber.com\/#organization"}},{"@type":"WebPage","@id":"https:\/\/vanxhaber.com\/index.php\/2024\/01\/17\/meteoroloji-14-bolge-mudurlugu-van-icin-don-uyari\/","url":"https:\/\/vanxhaber.com\/index.php\/2024\/01\/17\/meteoroloji-14-bolge-mudurlugu-van-icin-don-uyari\/","name":"Meteoroloji 14 B\u00f6lge M\u00fcd\u00fcrl\u00fc\u011f\u00fc Van \u0130\u00e7in \u201cDon\u201d Uyar\u0131\u2026 - Van Haber | Van X Haber | Van Haberleri","isPartOf":{"@id":"https:\/\/vanxhaber.com\/#website"},"primaryImageOfPage":{"@id":"https:\/\/vanxhaber.com\/index.php\/2024\/01\/17\/meteoroloji-14-bolge-mudurlugu-van-icin-don-uyari\/#primaryimage"},"image":{"@id":"https:\/\/vanxhaber.com\/index.php\/2024\/01\/17\/meteoroloji-14-bolge-mudurlugu-van-icin-don-uyari\/#primaryimage"},"thumbnailUrl":"https:\/\/vanxhaber.com\/wp-content\/uploads\/2024\/01\/buzlanmam.jpg","datePublished":"2024-01-17T10:02:49+00:00","dateModified":"2024-01-17T10:02:52+00:00","author":{"@id":"https:\/\/vanxhaber.com\/#\/schema\/person\/a5fd8d89510cb5370e62ad176f7978ee"},"breadcrumb":{"@id":"https:\/\/vanxhaber.com\/index.php\/2024\/01\/17\/meteoroloji-14-bolge-mudurlugu-van-icin-don-uyari\/#breadcrumb"},"inLanguage":"tr","potentialAction":[{"@type":"ReadAction","target":["https:\/\/vanxhaber.com\/index.php\/2024\/01\/17\/meteoroloji-14-bolge-mudurlugu-van-icin-don-uyari\/"]}]},{"@type":"ImageObject","inLanguage":"tr","@id":"https:\/\/vanxhaber.com\/index.php\/2024\/01\/17\/meteoroloji-14-bolge-mudurlugu-van-icin-don-uyari\/#primaryimage","url":"https:\/\/vanxhaber.com\/wp-content\/uploads\/2024\/01\/buzlanmam.jpg","contentUrl":"https:\/\/vanxhaber.com\/wp-content\/uploads\/2024\/01\/buzlanmam.jpg","width":641,"height":380},{"@type":"BreadcrumbList","@id":"https:\/\/vanxhaber.com\/index.php\/2024\/01\/17\/meteoroloji-14-bolge-mudurlugu-van-icin-don-uyari\/#breadcrumb","itemListElement":[{"@type":"ListItem","position":1,"name":"Anasayfa","item":"https:\/\/vanxhaber.com\/"},{"@type":"ListItem","position":2,"name":"Meteoroloji 14 B\u00f6lge M\u00fcd\u00fcrl\u00fc\u011f\u00fc Van \u0130\u00e7in \u201cDon\u201d Uyar\u0131\u2026"}]},{"@type":"WebSite","@id":"https:\/\/vanxhaber.com\/#website","url":"https:\/\/vanxhaber.com\/","name":"Van Haber | Van X Haber | Van Haberleri","description":"Van Haber, Van&#039;\u0131n ilk yapay zeka teknolojileri ile yaz\u0131lan Van X Haber ve Van Haberlerini aktif g\u00fcncel sunan tek vanhaber merkezidir.","potentialAction":[{"@type":"SearchAction","target":{"@type":"EntryPoint","urlTemplate":"https:\/\/vanxhaber.com\/?s={search_term_string}"},"query-input":{"@type":"PropertyValueSpecification","valueRequired":true,"valueName":"search_term_string"}}],"inLanguage":"tr"},{"@type":"Person","@id":"https:\/\/vanxhaber.com\/#\/schema\/person\/a5fd8d89510cb5370e62ad176f7978ee","name":"Van X Haber","image":{"@type":"ImageObject","inLanguage":"tr","@id":"https:\/\/vanxhaber.com\/#\/schema\/person\/image\/","url":"https:\/\/secure.gravatar.com\/avatar\/36f2f63826681263103acb5ca1e7bc1a6db11baea9b75dd091d89b74f2704b07?s=96&d=mm&r=g","contentUrl":"https:\/\/secure.gravatar.com\/avatar\/36f2f63826681263103acb5ca1e7bc1a6db11baea9b75dd091d89b74f2704b07?s=96&d=mm&r=g","caption":"Van X Haber"},"description":"Van X Haber Van'\u0131n ilk ve tek yeni nesil Van Haber merkezi. Son Dakika Van Haberleri ve G\u00fcncel Van haber merkezinde s\u0131cak geli\u015fmeleri aktarmaya devam edece\u011fiz.","url":"https:\/\/vanxhaber.com\/index.php\/author\/vangazetesi\/"}]}},"_links":{"self":[{"href":"https:\/\/vanxhaber.com\/index.php\/wp-json\/wp\/v2\/posts\/1397","targetHints":{"allow":["GET"]}}],"collection":[{"href":"https:\/\/vanxhaber.com\/index.php\/wp-json\/wp\/v2\/posts"}],"about":[{"href":"https:\/\/vanxhaber.com\/index.php\/wp-json\/wp\/v2\/types\/post"}],"author":[{"embeddable":true,"href":"https:\/\/vanxhaber.com\/index.php\/wp-json\/wp\/v2\/users\/2"}],"replies":[{"embeddable":true,"href":"https:\/\/vanxhaber.com\/index.php\/wp-json\/wp\/v2\/comments?post=1397"}],"version-history":[{"count":1,"href":"https:\/\/vanxhaber.com\/index.php\/wp-json\/wp\/v2\/posts\/1397\/revisions"}],"predecessor-version":[{"id":1400,"href":"https:\/\/vanxhaber.com\/index.php\/wp-json\/wp\/v2\/posts\/1397\/revisions\/1400"}],"wp:featuredmedia":[{"embeddable":true,"href":"https:\/\/vanxhaber.com\/index.php\/wp-json\/wp\/v2\/media\/1399"}],"wp:attachment":[{"href":"https:\/\/vanxhaber.com\/index.php\/wp-json\/wp\/v2\/media?parent=1397"}],"wp:term":[{"taxonomy":"category","embeddable":true,"href":"https:\/\/vanxhaber.com\/index.php\/wp-json\/wp\/v2\/categories?post=1397"},{"taxonomy":"post_tag","embeddable":true,"href":"https:\/\/vanxhaber.com\/index.php\/wp-json\/wp\/v2\/tags?post=1397"}],"curies":[{"name":"wp","href":"https:\/\/api.w.org\/{rel}","templated":true}]}}