{"id":1401,"date":"2024-01-19T09:08:13","date_gmt":"2024-01-19T09:08:13","guid":{"rendered":"https:\/\/vanxhaber.com\/?p=1401"},"modified":"2024-01-19T10:11:55","modified_gmt":"2024-01-19T10:11:55","slug":"iran-sinirindaki-ogrenciler-sehitleri-anma-programinda-bir-araya-geldi","status":"publish","type":"post","link":"https:\/\/vanxhaber.com\/index.php\/2024\/01\/19\/iran-sinirindaki-ogrenciler-sehitleri-anma-programinda-bir-araya-geldi\/","title":{"rendered":"\u0130ran S\u0131n\u0131r\u0131ndaki \u00d6\u011frenciler, \u015eehitleri Anma Program\u0131nda Bir Araya Geldi"},"content":{"rendered":"\n<p><strong>Van&#8217;\u0131n \u00c7ald\u0131ran il\u00e7esindeki \u0130ran s\u0131n\u0131r\u0131nda e\u011fitim g\u00f6ren \u00f6\u011frenciler, yar\u0131y\u0131l tatili \u00f6ncesinde \u015fehitleri anmak i\u00e7in duygusal bir y\u00fcr\u00fcy\u00fc\u015f d\u00fczenledi. <\/strong><\/p>\n\n\n\n<p><\/p>\n\n\n\n<p>Karl\u0131 tepelerde T\u00fcrk bayraklar\u0131yla ger\u00e7ekle\u015fen etkinlikte, \u00f6\u011frenciler \u015fehitlerin isimlerini okuyarak birli\u011fin simgesini olu\u015fturdu. Osmanl\u0131 Ortaokulu \u00f6\u011frencileri, vatanlar\u0131 i\u00e7in fedakarl\u0131k yapan kahramanlar\u0131 unutmayarak duygusal bir an\u0131 bir araya getirdi.<\/p>\n\n\n\n<p>Van&#8217;\u0131n \u00c7ald\u0131ran il\u00e7esinde \u0130ran s\u0131n\u0131r\u0131ndaki mahallede e\u011fitim g\u00f6ren \u00f6\u011frenciler, yar\u0131y\u0131l tatili \u00f6ncesi \u015fehitleri anmak amac\u0131yla \u00f6zel bir program d\u00fczenledi. Karl\u0131 tepelerde T\u00fcrk bayraklar\u0131yla y\u00fcr\u00fcy\u00fc\u015f yapan \u00f6\u011frenciler, \u015fehitlerin isimlerini okuyup &#8220;burada&#8221; diyerek duygusal bir yoklama ger\u00e7ekle\u015ftirdi.<\/p>\n\n\n\n<p>Osmanl\u0131 Ortaokulu \u00f6\u011frencileri ve \u00f6\u011fretmenleri, Pen\u00e7e-Kilit Operasyonu b\u00f6lgesinde \u015fehit olan askerleri anmak ad\u0131na \u00f6zel bir etkinlik d\u00fczenledi. Karl\u0131 tepelerde d\u00fczenlenen programda \u00f6\u011frenciler, ellerinde \u015fehitlerin isimlerinin yaz\u0131l\u0131 oldu\u011fu ka\u011f\u0131tlar, T\u00fcrk bayraklar\u0131 ve balonlarla Mehter Mar\u015f\u0131 e\u015fli\u011finde y\u00fcr\u00fcy\u00fc\u015f ger\u00e7ekle\u015ftirdi.<\/p>\n\n\n\n<p>Okulun Beden E\u011fitimi ve Spor \u00d6\u011fretmeni Emrullah Akta\u015f, \u015fehitler an\u0131s\u0131na yazd\u0131\u011f\u0131 duygu y\u00fckl\u00fc \u015fiiri okuyarak, \u00f6\u011frencilere duygusal bir an ya\u015fatt\u0131. \u00d6\u011frenciler, \u015fehitlerin adlar\u0131n\u0131 tek tek okuyup, hep bir a\u011f\u0131zdan &#8220;burada&#8221; diyerek duygusal bir yoklama ger\u00e7ekle\u015ftirdi. T\u00fcrk bayra\u011f\u0131 etraf\u0131nda birli\u011fi simgelerken, \u00f6\u011frenciler ayn\u0131 zamanda \u015fehitlerin an\u0131s\u0131na \u00f6zel bir koreografi sergiledi.<\/p>\n\n\n\n<p>Yar\u0131y\u0131l tatiline girmeden \u00f6nce d\u00fczenlenen bu \u00f6zel etkinlikle \u00f6\u011frenciler, vatanlar\u0131 i\u00e7in fedakarl\u0131k yapan \u015fehitleri unutmad\u0131klar\u0131n\u0131 ve onlar\u0131n an\u0131s\u0131n\u0131 ya\u015fatmak i\u00e7in bir araya geldiklerini g\u00f6stermi\u015f oldular.<\/p>\n","protected":false},"excerpt":{"rendered":"<p>Van&#8217;\u0131n \u00c7ald\u0131ran il\u00e7esindeki \u0130ran s\u0131n\u0131r\u0131nda e\u011fitim g\u00f6ren \u00f6\u011frenciler, yar\u0131y\u0131l tatili \u00f6ncesinde \u015fehitleri anmak i\u00e7in duygusal bir y\u00fcr\u00fcy\u00fc\u015f d\u00fczenledi. Karl\u0131 tepelerde T\u00fcrk bayraklar\u0131yla ger\u00e7ekle\u015fen etkinlikte, \u00f6\u011frenciler \u015fehitlerin isimlerini okuyarak birli\u011fin simgesini olu\u015fturdu. Osmanl\u0131 Ortaokulu \u00f6\u011frencileri, vatanlar\u0131 i\u00e7in fedakarl\u0131k yapan kahramanlar\u0131 unutmayarak duygusal bir an\u0131 bir araya getirdi. Van&#8217;\u0131n \u00c7ald\u0131ran il\u00e7esinde \u0130ran s\u0131n\u0131r\u0131ndaki mahallede e\u011fitim g\u00f6ren \u00f6\u011frenciler, &hellip;<\/p>\n","protected":false},"author":2,"featured_media":1403,"comment_status":"open","ping_status":"closed","sticky":false,"template":"","format":"standard","meta":{"googlesitekit_rrm_CAowot3VCw:productID":"","footnotes":""},"categories":[24],"tags":[],"class_list":["post-1401","post","type-post","status-publish","format-standard","has-post-thumbnail","hentry","category-van-haberleri"],"yoast_head":"<!-- This site is optimized with the Yoast SEO Premium plugin v21.7 (Yoast SEO v26.7) - https:\/\/yoast.com\/wordpress\/plugins\/seo\/ -->\n<title>\u0130ran S\u0131n\u0131r\u0131ndaki \u00d6\u011frenciler, \u015eehitleri Anma Program\u0131nda Bir Araya Geldi - Van Haber | Van X Haber | Van Haberleri<\/title>\n<meta name=\"robots\" content=\"index, follow, max-snippet:-1, max-image-preview:large, max-video-preview:-1\" \/>\n<link rel=\"canonical\" href=\"https:\/\/vanxhaber.com\/index.php\/2024\/01\/19\/iran-sinirindaki-ogrenciler-sehitleri-anma-programinda-bir-araya-geldi\/\" \/>\n<meta property=\"og:locale\" content=\"tr_TR\" \/>\n<meta property=\"og:type\" content=\"article\" \/>\n<meta property=\"og:title\" content=\"\u0130ran S\u0131n\u0131r\u0131ndaki \u00d6\u011frenciler, \u015eehitleri Anma Program\u0131nda Bir Araya Geldi\" \/>\n<meta property=\"og:description\" content=\"Van&#8217;\u0131n \u00c7ald\u0131ran il\u00e7esindeki \u0130ran s\u0131n\u0131r\u0131nda e\u011fitim g\u00f6ren \u00f6\u011frenciler, yar\u0131y\u0131l tatili \u00f6ncesinde \u015fehitleri anmak i\u00e7in duygusal bir y\u00fcr\u00fcy\u00fc\u015f d\u00fczenledi. Karl\u0131 tepelerde T\u00fcrk bayraklar\u0131yla ger\u00e7ekle\u015fen etkinlikte, \u00f6\u011frenciler \u015fehitlerin isimlerini okuyarak birli\u011fin simgesini olu\u015fturdu. Osmanl\u0131 Ortaokulu \u00f6\u011frencileri, vatanlar\u0131 i\u00e7in fedakarl\u0131k yapan kahramanlar\u0131 unutmayarak duygusal bir an\u0131 bir araya getirdi. Van&#8217;\u0131n \u00c7ald\u0131ran il\u00e7esinde \u0130ran s\u0131n\u0131r\u0131ndaki mahallede e\u011fitim g\u00f6ren \u00f6\u011frenciler, &hellip;\" \/>\n<meta property=\"og:url\" content=\"https:\/\/vanxhaber.com\/index.php\/2024\/01\/19\/iran-sinirindaki-ogrenciler-sehitleri-anma-programinda-bir-araya-geldi\/\" \/>\n<meta property=\"og:site_name\" content=\"Van Haber | Van X Haber | Van Haberleri\" \/>\n<meta property=\"article:published_time\" content=\"2024-01-19T09:08:13+00:00\" \/>\n<meta property=\"article:modified_time\" content=\"2024-01-19T10:11:55+00:00\" \/>\n<meta property=\"og:image\" content=\"https:\/\/vanxhaber.com\/wp-content\/uploads\/2024\/01\/iran-sinirinda-tatil.jpg\" \/>\n\t<meta property=\"og:image:width\" content=\"641\" \/>\n\t<meta property=\"og:image:height\" content=\"380\" \/>\n\t<meta property=\"og:image:type\" content=\"image\/jpeg\" \/>\n<meta name=\"author\" content=\"Van X Haber\" \/>\n<meta name=\"twitter:card\" content=\"summary_large_image\" \/>\n<meta name=\"twitter:label1\" content=\"Yazan:\" \/>\n\t<meta name=\"twitter:data1\" content=\"Van X Haber\" \/>\n\t<meta name=\"twitter:label2\" content=\"Tahmini okuma s\u00fcresi\" \/>\n\t<meta name=\"twitter:data2\" content=\"2 dakika\" \/>\n<script type=\"application\/ld+json\" class=\"yoast-schema-graph\">{\"@context\":\"https:\/\/schema.org\",\"@graph\":[{\"@type\":\"Article\",\"@id\":\"https:\/\/vanxhaber.com\/index.php\/2024\/01\/19\/iran-sinirindaki-ogrenciler-sehitleri-anma-programinda-bir-araya-geldi\/#article\",\"isPartOf\":{\"@id\":\"https:\/\/vanxhaber.com\/index.php\/2024\/01\/19\/iran-sinirindaki-ogrenciler-sehitleri-anma-programinda-bir-araya-geldi\/\"},\"author\":{\"name\":\"Van X Haber\",\"@id\":\"https:\/\/vanxhaber.com\/#\/schema\/person\/a5fd8d89510cb5370e62ad176f7978ee\"},\"headline\":\"\u0130ran S\u0131n\u0131r\u0131ndaki \u00d6\u011frenciler, \u015eehitleri Anma Program\u0131nda Bir Araya Geldi\",\"datePublished\":\"2024-01-19T09:08:13+00:00\",\"dateModified\":\"2024-01-19T10:11:55+00:00\",\"mainEntityOfPage\":{\"@id\":\"https:\/\/vanxhaber.com\/index.php\/2024\/01\/19\/iran-sinirindaki-ogrenciler-sehitleri-anma-programinda-bir-araya-geldi\/\"},\"wordCount\":287,\"commentCount\":0,\"image\":{\"@id\":\"https:\/\/vanxhaber.com\/index.php\/2024\/01\/19\/iran-sinirindaki-ogrenciler-sehitleri-anma-programinda-bir-araya-geldi\/#primaryimage\"},\"thumbnailUrl\":\"https:\/\/vanxhaber.com\/wp-content\/uploads\/2024\/01\/iran-sinirinda-tatil.jpg\",\"articleSection\":[\"Van Haberleri\"],\"inLanguage\":\"tr\",\"potentialAction\":[{\"@type\":\"CommentAction\",\"name\":\"Comment\",\"target\":[\"https:\/\/vanxhaber.com\/index.php\/2024\/01\/19\/iran-sinirindaki-ogrenciler-sehitleri-anma-programinda-bir-araya-geldi\/#respond\"]}],\"copyrightYear\":\"2024\",\"copyrightHolder\":{\"@id\":\"https:\/\/vanxhaber.com\/#organization\"}},{\"@type\":\"WebPage\",\"@id\":\"https:\/\/vanxhaber.com\/index.php\/2024\/01\/19\/iran-sinirindaki-ogrenciler-sehitleri-anma-programinda-bir-araya-geldi\/\",\"url\":\"https:\/\/vanxhaber.com\/index.php\/2024\/01\/19\/iran-sinirindaki-ogrenciler-sehitleri-anma-programinda-bir-araya-geldi\/\",\"name\":\"\u0130ran S\u0131n\u0131r\u0131ndaki \u00d6\u011frenciler, \u015eehitleri Anma Program\u0131nda Bir Araya Geldi - Van Haber | Van X Haber | Van Haberleri\",\"isPartOf\":{\"@id\":\"https:\/\/vanxhaber.com\/#website\"},\"primaryImageOfPage\":{\"@id\":\"https:\/\/vanxhaber.com\/index.php\/2024\/01\/19\/iran-sinirindaki-ogrenciler-sehitleri-anma-programinda-bir-araya-geldi\/#primaryimage\"},\"image\":{\"@id\":\"https:\/\/vanxhaber.com\/index.php\/2024\/01\/19\/iran-sinirindaki-ogrenciler-sehitleri-anma-programinda-bir-araya-geldi\/#primaryimage\"},\"thumbnailUrl\":\"https:\/\/vanxhaber.com\/wp-content\/uploads\/2024\/01\/iran-sinirinda-tatil.jpg\",\"datePublished\":\"2024-01-19T09:08:13+00:00\",\"dateModified\":\"2024-01-19T10:11:55+00:00\",\"author\":{\"@id\":\"https:\/\/vanxhaber.com\/#\/schema\/person\/a5fd8d89510cb5370e62ad176f7978ee\"},\"breadcrumb\":{\"@id\":\"https:\/\/vanxhaber.com\/index.php\/2024\/01\/19\/iran-sinirindaki-ogrenciler-sehitleri-anma-programinda-bir-araya-geldi\/#breadcrumb\"},\"inLanguage\":\"tr\",\"potentialAction\":[{\"@type\":\"ReadAction\",\"target\":[\"https:\/\/vanxhaber.com\/index.php\/2024\/01\/19\/iran-sinirindaki-ogrenciler-sehitleri-anma-programinda-bir-araya-geldi\/\"]}]},{\"@type\":\"ImageObject\",\"inLanguage\":\"tr\",\"@id\":\"https:\/\/vanxhaber.com\/index.php\/2024\/01\/19\/iran-sinirindaki-ogrenciler-sehitleri-anma-programinda-bir-araya-geldi\/#primaryimage\",\"url\":\"https:\/\/vanxhaber.com\/wp-content\/uploads\/2024\/01\/iran-sinirinda-tatil.jpg\",\"contentUrl\":\"https:\/\/vanxhaber.com\/wp-content\/uploads\/2024\/01\/iran-sinirinda-tatil.jpg\",\"width\":641,\"height\":380},{\"@type\":\"BreadcrumbList\",\"@id\":\"https:\/\/vanxhaber.com\/index.php\/2024\/01\/19\/iran-sinirindaki-ogrenciler-sehitleri-anma-programinda-bir-araya-geldi\/#breadcrumb\",\"itemListElement\":[{\"@type\":\"ListItem\",\"position\":1,\"name\":\"Anasayfa\",\"item\":\"https:\/\/vanxhaber.com\/\"},{\"@type\":\"ListItem\",\"position\":2,\"name\":\"\u0130ran S\u0131n\u0131r\u0131ndaki \u00d6\u011frenciler, \u015eehitleri Anma Program\u0131nda Bir Araya Geldi\"}]},{\"@type\":\"WebSite\",\"@id\":\"https:\/\/vanxhaber.com\/#website\",\"url\":\"https:\/\/vanxhaber.com\/\",\"name\":\"Van Haber | Van X Haber | Van Haberleri\",\"description\":\"Van Haber, Van&#039;\u0131n ilk yapay zeka teknolojileri ile yaz\u0131lan Van X Haber ve Van Haberlerini aktif g\u00fcncel sunan tek vanhaber merkezidir.\",\"potentialAction\":[{\"@type\":\"SearchAction\",\"target\":{\"@type\":\"EntryPoint\",\"urlTemplate\":\"https:\/\/vanxhaber.com\/?s={search_term_string}\"},\"query-input\":{\"@type\":\"PropertyValueSpecification\",\"valueRequired\":true,\"valueName\":\"search_term_string\"}}],\"inLanguage\":\"tr\"},{\"@type\":\"Person\",\"@id\":\"https:\/\/vanxhaber.com\/#\/schema\/person\/a5fd8d89510cb5370e62ad176f7978ee\",\"name\":\"Van X Haber\",\"image\":{\"@type\":\"ImageObject\",\"inLanguage\":\"tr\",\"@id\":\"https:\/\/vanxhaber.com\/#\/schema\/person\/image\/\",\"url\":\"https:\/\/secure.gravatar.com\/avatar\/36f2f63826681263103acb5ca1e7bc1a6db11baea9b75dd091d89b74f2704b07?s=96&d=mm&r=g\",\"contentUrl\":\"https:\/\/secure.gravatar.com\/avatar\/36f2f63826681263103acb5ca1e7bc1a6db11baea9b75dd091d89b74f2704b07?s=96&d=mm&r=g\",\"caption\":\"Van X Haber\"},\"description\":\"Van X Haber Van'\u0131n ilk ve tek yeni nesil Van Haber merkezi. Son Dakika Van Haberleri ve G\u00fcncel Van haber merkezinde s\u0131cak geli\u015fmeleri aktarmaya devam edece\u011fiz.\",\"url\":\"https:\/\/vanxhaber.com\/index.php\/author\/vangazetesi\/\"}]}<\/script>\n<!-- \/ Yoast SEO Premium plugin. -->","yoast_head_json":{"title":"\u0130ran S\u0131n\u0131r\u0131ndaki \u00d6\u011frenciler, \u015eehitleri Anma Program\u0131nda Bir Araya Geldi - Van Haber | Van X Haber | Van Haberleri","robots":{"index":"index","follow":"follow","max-snippet":"max-snippet:-1","max-image-preview":"max-image-preview:large","max-video-preview":"max-video-preview:-1"},"canonical":"https:\/\/vanxhaber.com\/index.php\/2024\/01\/19\/iran-sinirindaki-ogrenciler-sehitleri-anma-programinda-bir-araya-geldi\/","og_locale":"tr_TR","og_type":"article","og_title":"\u0130ran S\u0131n\u0131r\u0131ndaki \u00d6\u011frenciler, \u015eehitleri Anma Program\u0131nda Bir Araya Geldi","og_description":"Van&#8217;\u0131n \u00c7ald\u0131ran il\u00e7esindeki \u0130ran s\u0131n\u0131r\u0131nda e\u011fitim g\u00f6ren \u00f6\u011frenciler, yar\u0131y\u0131l tatili \u00f6ncesinde \u015fehitleri anmak i\u00e7in duygusal bir y\u00fcr\u00fcy\u00fc\u015f d\u00fczenledi. Karl\u0131 tepelerde T\u00fcrk bayraklar\u0131yla ger\u00e7ekle\u015fen etkinlikte, \u00f6\u011frenciler \u015fehitlerin isimlerini okuyarak birli\u011fin simgesini olu\u015fturdu. Osmanl\u0131 Ortaokulu \u00f6\u011frencileri, vatanlar\u0131 i\u00e7in fedakarl\u0131k yapan kahramanlar\u0131 unutmayarak duygusal bir an\u0131 bir araya getirdi. Van&#8217;\u0131n \u00c7ald\u0131ran il\u00e7esinde \u0130ran s\u0131n\u0131r\u0131ndaki mahallede e\u011fitim g\u00f6ren \u00f6\u011frenciler, &hellip;","og_url":"https:\/\/vanxhaber.com\/index.php\/2024\/01\/19\/iran-sinirindaki-ogrenciler-sehitleri-anma-programinda-bir-araya-geldi\/","og_site_name":"Van Haber | Van X Haber | Van Haberleri","article_published_time":"2024-01-19T09:08:13+00:00","article_modified_time":"2024-01-19T10:11:55+00:00","og_image":[{"width":641,"height":380,"url":"https:\/\/vanxhaber.com\/wp-content\/uploads\/2024\/01\/iran-sinirinda-tatil.jpg","type":"image\/jpeg"}],"author":"Van X Haber","twitter_card":"summary_large_image","twitter_misc":{"Yazan:":"Van X Haber","Tahmini okuma s\u00fcresi":"2 dakika"},"schema":{"@context":"https:\/\/schema.org","@graph":[{"@type":"Article","@id":"https:\/\/vanxhaber.com\/index.php\/2024\/01\/19\/iran-sinirindaki-ogrenciler-sehitleri-anma-programinda-bir-araya-geldi\/#article","isPartOf":{"@id":"https:\/\/vanxhaber.com\/index.php\/2024\/01\/19\/iran-sinirindaki-ogrenciler-sehitleri-anma-programinda-bir-araya-geldi\/"},"author":{"name":"Van X Haber","@id":"https:\/\/vanxhaber.com\/#\/schema\/person\/a5fd8d89510cb5370e62ad176f7978ee"},"headline":"\u0130ran S\u0131n\u0131r\u0131ndaki \u00d6\u011frenciler, \u015eehitleri Anma Program\u0131nda Bir Araya Geldi","datePublished":"2024-01-19T09:08:13+00:00","dateModified":"2024-01-19T10:11:55+00:00","mainEntityOfPage":{"@id":"https:\/\/vanxhaber.com\/index.php\/2024\/01\/19\/iran-sinirindaki-ogrenciler-sehitleri-anma-programinda-bir-araya-geldi\/"},"wordCount":287,"commentCount":0,"image":{"@id":"https:\/\/vanxhaber.com\/index.php\/2024\/01\/19\/iran-sinirindaki-ogrenciler-sehitleri-anma-programinda-bir-araya-geldi\/#primaryimage"},"thumbnailUrl":"https:\/\/vanxhaber.com\/wp-content\/uploads\/2024\/01\/iran-sinirinda-tatil.jpg","articleSection":["Van Haberleri"],"inLanguage":"tr","potentialAction":[{"@type":"CommentAction","name":"Comment","target":["https:\/\/vanxhaber.com\/index.php\/2024\/01\/19\/iran-sinirindaki-ogrenciler-sehitleri-anma-programinda-bir-araya-geldi\/#respond"]}],"copyrightYear":"2024","copyrightHolder":{"@id":"https:\/\/vanxhaber.com\/#organization"}},{"@type":"WebPage","@id":"https:\/\/vanxhaber.com\/index.php\/2024\/01\/19\/iran-sinirindaki-ogrenciler-sehitleri-anma-programinda-bir-araya-geldi\/","url":"https:\/\/vanxhaber.com\/index.php\/2024\/01\/19\/iran-sinirindaki-ogrenciler-sehitleri-anma-programinda-bir-araya-geldi\/","name":"\u0130ran S\u0131n\u0131r\u0131ndaki \u00d6\u011frenciler, \u015eehitleri Anma Program\u0131nda Bir Araya Geldi - Van Haber | Van X Haber | Van Haberleri","isPartOf":{"@id":"https:\/\/vanxhaber.com\/#website"},"primaryImageOfPage":{"@id":"https:\/\/vanxhaber.com\/index.php\/2024\/01\/19\/iran-sinirindaki-ogrenciler-sehitleri-anma-programinda-bir-araya-geldi\/#primaryimage"},"image":{"@id":"https:\/\/vanxhaber.com\/index.php\/2024\/01\/19\/iran-sinirindaki-ogrenciler-sehitleri-anma-programinda-bir-araya-geldi\/#primaryimage"},"thumbnailUrl":"https:\/\/vanxhaber.com\/wp-content\/uploads\/2024\/01\/iran-sinirinda-tatil.jpg","datePublished":"2024-01-19T09:08:13+00:00","dateModified":"2024-01-19T10:11:55+00:00","author":{"@id":"https:\/\/vanxhaber.com\/#\/schema\/person\/a5fd8d89510cb5370e62ad176f7978ee"},"breadcrumb":{"@id":"https:\/\/vanxhaber.com\/index.php\/2024\/01\/19\/iran-sinirindaki-ogrenciler-sehitleri-anma-programinda-bir-araya-geldi\/#breadcrumb"},"inLanguage":"tr","potentialAction":[{"@type":"ReadAction","target":["https:\/\/vanxhaber.com\/index.php\/2024\/01\/19\/iran-sinirindaki-ogrenciler-sehitleri-anma-programinda-bir-araya-geldi\/"]}]},{"@type":"ImageObject","inLanguage":"tr","@id":"https:\/\/vanxhaber.com\/index.php\/2024\/01\/19\/iran-sinirindaki-ogrenciler-sehitleri-anma-programinda-bir-araya-geldi\/#primaryimage","url":"https:\/\/vanxhaber.com\/wp-content\/uploads\/2024\/01\/iran-sinirinda-tatil.jpg","contentUrl":"https:\/\/vanxhaber.com\/wp-content\/uploads\/2024\/01\/iran-sinirinda-tatil.jpg","width":641,"height":380},{"@type":"BreadcrumbList","@id":"https:\/\/vanxhaber.com\/index.php\/2024\/01\/19\/iran-sinirindaki-ogrenciler-sehitleri-anma-programinda-bir-araya-geldi\/#breadcrumb","itemListElement":[{"@type":"ListItem","position":1,"name":"Anasayfa","item":"https:\/\/vanxhaber.com\/"},{"@type":"ListItem","position":2,"name":"\u0130ran S\u0131n\u0131r\u0131ndaki \u00d6\u011frenciler, \u015eehitleri Anma Program\u0131nda Bir Araya Geldi"}]},{"@type":"WebSite","@id":"https:\/\/vanxhaber.com\/#website","url":"https:\/\/vanxhaber.com\/","name":"Van Haber | Van X Haber | Van Haberleri","description":"Van Haber, Van&#039;\u0131n ilk yapay zeka teknolojileri ile yaz\u0131lan Van X Haber ve Van Haberlerini aktif g\u00fcncel sunan tek vanhaber merkezidir.","potentialAction":[{"@type":"SearchAction","target":{"@type":"EntryPoint","urlTemplate":"https:\/\/vanxhaber.com\/?s={search_term_string}"},"query-input":{"@type":"PropertyValueSpecification","valueRequired":true,"valueName":"search_term_string"}}],"inLanguage":"tr"},{"@type":"Person","@id":"https:\/\/vanxhaber.com\/#\/schema\/person\/a5fd8d89510cb5370e62ad176f7978ee","name":"Van X Haber","image":{"@type":"ImageObject","inLanguage":"tr","@id":"https:\/\/vanxhaber.com\/#\/schema\/person\/image\/","url":"https:\/\/secure.gravatar.com\/avatar\/36f2f63826681263103acb5ca1e7bc1a6db11baea9b75dd091d89b74f2704b07?s=96&d=mm&r=g","contentUrl":"https:\/\/secure.gravatar.com\/avatar\/36f2f63826681263103acb5ca1e7bc1a6db11baea9b75dd091d89b74f2704b07?s=96&d=mm&r=g","caption":"Van X Haber"},"description":"Van X Haber Van'\u0131n ilk ve tek yeni nesil Van Haber merkezi. Son Dakika Van Haberleri ve G\u00fcncel Van haber merkezinde s\u0131cak geli\u015fmeleri aktarmaya devam edece\u011fiz.","url":"https:\/\/vanxhaber.com\/index.php\/author\/vangazetesi\/"}]}},"_links":{"self":[{"href":"https:\/\/vanxhaber.com\/index.php\/wp-json\/wp\/v2\/posts\/1401","targetHints":{"allow":["GET"]}}],"collection":[{"href":"https:\/\/vanxhaber.com\/index.php\/wp-json\/wp\/v2\/posts"}],"about":[{"href":"https:\/\/vanxhaber.com\/index.php\/wp-json\/wp\/v2\/types\/post"}],"author":[{"embeddable":true,"href":"https:\/\/vanxhaber.com\/index.php\/wp-json\/wp\/v2\/users\/2"}],"replies":[{"embeddable":true,"href":"https:\/\/vanxhaber.com\/index.php\/wp-json\/wp\/v2\/comments?post=1401"}],"version-history":[{"count":1,"href":"https:\/\/vanxhaber.com\/index.php\/wp-json\/wp\/v2\/posts\/1401\/revisions"}],"predecessor-version":[{"id":1404,"href":"https:\/\/vanxhaber.com\/index.php\/wp-json\/wp\/v2\/posts\/1401\/revisions\/1404"}],"wp:featuredmedia":[{"embeddable":true,"href":"https:\/\/vanxhaber.com\/index.php\/wp-json\/wp\/v2\/media\/1403"}],"wp:attachment":[{"href":"https:\/\/vanxhaber.com\/index.php\/wp-json\/wp\/v2\/media?parent=1401"}],"wp:term":[{"taxonomy":"category","embeddable":true,"href":"https:\/\/vanxhaber.com\/index.php\/wp-json\/wp\/v2\/categories?post=1401"},{"taxonomy":"post_tag","embeddable":true,"href":"https:\/\/vanxhaber.com\/index.php\/wp-json\/wp\/v2\/tags?post=1401"}],"curies":[{"name":"wp","href":"https:\/\/api.w.org\/{rel}","templated":true}]}}