{"id":1405,"date":"2024-01-19T09:21:19","date_gmt":"2024-01-19T09:21:19","guid":{"rendered":"https:\/\/vanxhaber.com\/?p=1405"},"modified":"2024-01-19T10:10:28","modified_gmt":"2024-01-19T10:10:28","slug":"vanin-gurpinar-ilcesi-karla-mucadelede-gece-gunduz-demeden-calisiyor","status":"publish","type":"post","link":"https:\/\/vanxhaber.com\/index.php\/2024\/01\/19\/vanin-gurpinar-ilcesi-karla-mucadelede-gece-gunduz-demeden-calisiyor\/","title":{"rendered":"Van&#8217;\u0131n G\u00fcrp\u0131nar \u0130l\u00e7esi Karla M\u00fccadelede Gece G\u00fcnd\u00fcz Demeden \u00c7al\u0131\u015f\u0131yor"},"content":{"rendered":"\n<p><strong>Van&#8217;da ge\u00e7ti\u011fimiz hafta etkili olan kar ya\u011f\u0131\u015f\u0131n\u0131n ard\u0131ndan G\u00fcrp\u0131nar il\u00e7esinde, belediye ekipleri yo\u011fun \u00e7aba sarf ederek k\u0131rsal mahalle yollar\u0131nda kar temizleme ve geni\u015fletme \u00e7al\u0131\u015fmalar\u0131n\u0131 aral\u0131ks\u0131z s\u00fcrd\u00fcr\u00fcyor.<\/strong> Tipi nedeniyle kapanan yollar\u0131n a\u00e7\u0131k tutulmas\u0131 i\u00e7in mesai harcayan ekipler, vatanda\u015flar\u0131n ula\u015f\u0131m\u0131n\u0131 kolayla\u015ft\u0131rmak ad\u0131na gece g\u00fcnd\u00fcz demeden g\u00f6rev ba\u015f\u0131nda.<\/p>\n\n\n\n<p>Van&#8217;\u0131n G\u00fcrp\u0131nar \u0130l\u00e7esinde Belediye Ekipleri Karla M\u00fccadele \u00c7al\u0131\u015fmalar\u0131n\u0131 S\u00fcrd\u00fcr\u00fcyor<\/p>\n\n\n\n<p>Van&#8217;da ge\u00e7en hafta meydana gelen yo\u011fun kar ya\u011f\u0131\u015f\u0131n\u0131n ard\u0131ndan, G\u00fcrp\u0131nar il\u00e7esinde belediye ekipleri, k\u0131rsal mahalle yollar\u0131nda karla m\u00fccadele \u00e7al\u0131\u015fmalar\u0131n\u0131 aral\u0131ks\u0131z s\u00fcrd\u00fcr\u00fcyor. Tipi nedeniyle kapanan yollar\u0131 a\u00e7mak ve geni\u015fletmek i\u00e7in \u00f6zveriyle \u00e7al\u0131\u015fan ekipler, vatanda\u015flar\u0131n ula\u015f\u0131m\u0131n\u0131 sa\u011flamak ad\u0131na mesai harc\u0131yor.<\/p>\n\n\n\n<p><\/p>\n","protected":false},"excerpt":{"rendered":"<p>Van&#8217;da ge\u00e7ti\u011fimiz hafta etkili olan kar ya\u011f\u0131\u015f\u0131n\u0131n ard\u0131ndan G\u00fcrp\u0131nar il\u00e7esinde, belediye ekipleri yo\u011fun \u00e7aba sarf ederek k\u0131rsal mahalle yollar\u0131nda kar temizleme ve geni\u015fletme \u00e7al\u0131\u015fmalar\u0131n\u0131 aral\u0131ks\u0131z s\u00fcrd\u00fcr\u00fcyor. Tipi nedeniyle kapanan yollar\u0131n a\u00e7\u0131k tutulmas\u0131 i\u00e7in mesai harcayan ekipler, vatanda\u015flar\u0131n ula\u015f\u0131m\u0131n\u0131 kolayla\u015ft\u0131rmak ad\u0131na gece g\u00fcnd\u00fcz demeden g\u00f6rev ba\u015f\u0131nda. Van&#8217;\u0131n G\u00fcrp\u0131nar \u0130l\u00e7esinde Belediye Ekipleri Karla M\u00fccadele \u00c7al\u0131\u015fmalar\u0131n\u0131 S\u00fcrd\u00fcr\u00fcyor Van&#8217;da &hellip;<\/p>\n","protected":false},"author":2,"featured_media":1407,"comment_status":"open","ping_status":"closed","sticky":false,"template":"","format":"standard","meta":{"googlesitekit_rrm_CAowot3VCw:productID":"","footnotes":""},"categories":[1],"tags":[],"class_list":["post-1405","post","type-post","status-publish","format-standard","has-post-thumbnail","hentry","category-van-haber"],"yoast_head":"<!-- This site is optimized with the Yoast SEO Premium plugin v21.7 (Yoast SEO v26.7) - https:\/\/yoast.com\/wordpress\/plugins\/seo\/ -->\n<title>Van&#039;\u0131n G\u00fcrp\u0131nar \u0130l\u00e7esi Karla M\u00fccadelede Gece G\u00fcnd\u00fcz Demeden \u00c7al\u0131\u015f\u0131yor - Van Haber | Van X Haber | Van Haberleri<\/title>\n<meta name=\"robots\" content=\"index, follow, max-snippet:-1, max-image-preview:large, max-video-preview:-1\" \/>\n<link rel=\"canonical\" href=\"https:\/\/vanxhaber.com\/index.php\/2024\/01\/19\/vanin-gurpinar-ilcesi-karla-mucadelede-gece-gunduz-demeden-calisiyor\/\" \/>\n<meta property=\"og:locale\" content=\"tr_TR\" \/>\n<meta property=\"og:type\" content=\"article\" \/>\n<meta property=\"og:title\" content=\"Van&#039;\u0131n G\u00fcrp\u0131nar \u0130l\u00e7esi Karla M\u00fccadelede Gece G\u00fcnd\u00fcz Demeden \u00c7al\u0131\u015f\u0131yor\" \/>\n<meta property=\"og:description\" content=\"Van&#8217;da ge\u00e7ti\u011fimiz hafta etkili olan kar ya\u011f\u0131\u015f\u0131n\u0131n ard\u0131ndan G\u00fcrp\u0131nar il\u00e7esinde, belediye ekipleri yo\u011fun \u00e7aba sarf ederek k\u0131rsal mahalle yollar\u0131nda kar temizleme ve geni\u015fletme \u00e7al\u0131\u015fmalar\u0131n\u0131 aral\u0131ks\u0131z s\u00fcrd\u00fcr\u00fcyor. Tipi nedeniyle kapanan yollar\u0131n a\u00e7\u0131k tutulmas\u0131 i\u00e7in mesai harcayan ekipler, vatanda\u015flar\u0131n ula\u015f\u0131m\u0131n\u0131 kolayla\u015ft\u0131rmak ad\u0131na gece g\u00fcnd\u00fcz demeden g\u00f6rev ba\u015f\u0131nda. Van&#8217;\u0131n G\u00fcrp\u0131nar \u0130l\u00e7esinde Belediye Ekipleri Karla M\u00fccadele \u00c7al\u0131\u015fmalar\u0131n\u0131 S\u00fcrd\u00fcr\u00fcyor Van&#8217;da &hellip;\" \/>\n<meta property=\"og:url\" content=\"https:\/\/vanxhaber.com\/index.php\/2024\/01\/19\/vanin-gurpinar-ilcesi-karla-mucadelede-gece-gunduz-demeden-calisiyor\/\" \/>\n<meta property=\"og:site_name\" content=\"Van Haber | Van X Haber | Van Haberleri\" \/>\n<meta property=\"article:published_time\" content=\"2024-01-19T09:21:19+00:00\" \/>\n<meta property=\"article:modified_time\" content=\"2024-01-19T10:10:28+00:00\" \/>\n<meta property=\"og:image\" content=\"https:\/\/vanxhaber.com\/wp-content\/uploads\/2024\/01\/van-kapali-yollar.jpg\" \/>\n\t<meta property=\"og:image:width\" content=\"641\" \/>\n\t<meta property=\"og:image:height\" content=\"380\" \/>\n\t<meta property=\"og:image:type\" content=\"image\/jpeg\" \/>\n<meta name=\"author\" content=\"Van X Haber\" \/>\n<meta name=\"twitter:card\" content=\"summary_large_image\" \/>\n<meta name=\"twitter:label1\" content=\"Yazan:\" \/>\n\t<meta name=\"twitter:data1\" content=\"Van X Haber\" \/>\n\t<meta name=\"twitter:label2\" content=\"Tahmini okuma s\u00fcresi\" \/>\n\t<meta name=\"twitter:data2\" content=\"1 dakika\" \/>\n<script type=\"application\/ld+json\" class=\"yoast-schema-graph\">{\"@context\":\"https:\/\/schema.org\",\"@graph\":[{\"@type\":\"Article\",\"@id\":\"https:\/\/vanxhaber.com\/index.php\/2024\/01\/19\/vanin-gurpinar-ilcesi-karla-mucadelede-gece-gunduz-demeden-calisiyor\/#article\",\"isPartOf\":{\"@id\":\"https:\/\/vanxhaber.com\/index.php\/2024\/01\/19\/vanin-gurpinar-ilcesi-karla-mucadelede-gece-gunduz-demeden-calisiyor\/\"},\"author\":{\"name\":\"Van X Haber\",\"@id\":\"https:\/\/vanxhaber.com\/#\/schema\/person\/a5fd8d89510cb5370e62ad176f7978ee\"},\"headline\":\"Van&#8217;\u0131n G\u00fcrp\u0131nar \u0130l\u00e7esi Karla M\u00fccadelede Gece G\u00fcnd\u00fcz Demeden \u00c7al\u0131\u015f\u0131yor\",\"datePublished\":\"2024-01-19T09:21:19+00:00\",\"dateModified\":\"2024-01-19T10:10:28+00:00\",\"mainEntityOfPage\":{\"@id\":\"https:\/\/vanxhaber.com\/index.php\/2024\/01\/19\/vanin-gurpinar-ilcesi-karla-mucadelede-gece-gunduz-demeden-calisiyor\/\"},\"wordCount\":183,\"commentCount\":0,\"image\":{\"@id\":\"https:\/\/vanxhaber.com\/index.php\/2024\/01\/19\/vanin-gurpinar-ilcesi-karla-mucadelede-gece-gunduz-demeden-calisiyor\/#primaryimage\"},\"thumbnailUrl\":\"https:\/\/vanxhaber.com\/wp-content\/uploads\/2024\/01\/van-kapali-yollar.jpg\",\"articleSection\":[\"Van Haber\"],\"inLanguage\":\"tr\",\"potentialAction\":[{\"@type\":\"CommentAction\",\"name\":\"Comment\",\"target\":[\"https:\/\/vanxhaber.com\/index.php\/2024\/01\/19\/vanin-gurpinar-ilcesi-karla-mucadelede-gece-gunduz-demeden-calisiyor\/#respond\"]}],\"copyrightYear\":\"2024\",\"copyrightHolder\":{\"@id\":\"https:\/\/vanxhaber.com\/#organization\"}},{\"@type\":\"WebPage\",\"@id\":\"https:\/\/vanxhaber.com\/index.php\/2024\/01\/19\/vanin-gurpinar-ilcesi-karla-mucadelede-gece-gunduz-demeden-calisiyor\/\",\"url\":\"https:\/\/vanxhaber.com\/index.php\/2024\/01\/19\/vanin-gurpinar-ilcesi-karla-mucadelede-gece-gunduz-demeden-calisiyor\/\",\"name\":\"Van'\u0131n G\u00fcrp\u0131nar \u0130l\u00e7esi Karla M\u00fccadelede Gece G\u00fcnd\u00fcz Demeden \u00c7al\u0131\u015f\u0131yor - Van Haber | Van X Haber | Van Haberleri\",\"isPartOf\":{\"@id\":\"https:\/\/vanxhaber.com\/#website\"},\"primaryImageOfPage\":{\"@id\":\"https:\/\/vanxhaber.com\/index.php\/2024\/01\/19\/vanin-gurpinar-ilcesi-karla-mucadelede-gece-gunduz-demeden-calisiyor\/#primaryimage\"},\"image\":{\"@id\":\"https:\/\/vanxhaber.com\/index.php\/2024\/01\/19\/vanin-gurpinar-ilcesi-karla-mucadelede-gece-gunduz-demeden-calisiyor\/#primaryimage\"},\"thumbnailUrl\":\"https:\/\/vanxhaber.com\/wp-content\/uploads\/2024\/01\/van-kapali-yollar.jpg\",\"datePublished\":\"2024-01-19T09:21:19+00:00\",\"dateModified\":\"2024-01-19T10:10:28+00:00\",\"author\":{\"@id\":\"https:\/\/vanxhaber.com\/#\/schema\/person\/a5fd8d89510cb5370e62ad176f7978ee\"},\"breadcrumb\":{\"@id\":\"https:\/\/vanxhaber.com\/index.php\/2024\/01\/19\/vanin-gurpinar-ilcesi-karla-mucadelede-gece-gunduz-demeden-calisiyor\/#breadcrumb\"},\"inLanguage\":\"tr\",\"potentialAction\":[{\"@type\":\"ReadAction\",\"target\":[\"https:\/\/vanxhaber.com\/index.php\/2024\/01\/19\/vanin-gurpinar-ilcesi-karla-mucadelede-gece-gunduz-demeden-calisiyor\/\"]}]},{\"@type\":\"ImageObject\",\"inLanguage\":\"tr\",\"@id\":\"https:\/\/vanxhaber.com\/index.php\/2024\/01\/19\/vanin-gurpinar-ilcesi-karla-mucadelede-gece-gunduz-demeden-calisiyor\/#primaryimage\",\"url\":\"https:\/\/vanxhaber.com\/wp-content\/uploads\/2024\/01\/van-kapali-yollar.jpg\",\"contentUrl\":\"https:\/\/vanxhaber.com\/wp-content\/uploads\/2024\/01\/van-kapali-yollar.jpg\",\"width\":641,\"height\":380},{\"@type\":\"BreadcrumbList\",\"@id\":\"https:\/\/vanxhaber.com\/index.php\/2024\/01\/19\/vanin-gurpinar-ilcesi-karla-mucadelede-gece-gunduz-demeden-calisiyor\/#breadcrumb\",\"itemListElement\":[{\"@type\":\"ListItem\",\"position\":1,\"name\":\"Anasayfa\",\"item\":\"https:\/\/vanxhaber.com\/\"},{\"@type\":\"ListItem\",\"position\":2,\"name\":\"Van&#8217;\u0131n G\u00fcrp\u0131nar \u0130l\u00e7esi Karla M\u00fccadelede Gece G\u00fcnd\u00fcz Demeden \u00c7al\u0131\u015f\u0131yor\"}]},{\"@type\":\"WebSite\",\"@id\":\"https:\/\/vanxhaber.com\/#website\",\"url\":\"https:\/\/vanxhaber.com\/\",\"name\":\"Van Haber | Van X Haber | Van Haberleri\",\"description\":\"Van Haber, Van&#039;\u0131n ilk yapay zeka teknolojileri ile yaz\u0131lan Van X Haber ve Van Haberlerini aktif g\u00fcncel sunan tek vanhaber merkezidir.\",\"potentialAction\":[{\"@type\":\"SearchAction\",\"target\":{\"@type\":\"EntryPoint\",\"urlTemplate\":\"https:\/\/vanxhaber.com\/?s={search_term_string}\"},\"query-input\":{\"@type\":\"PropertyValueSpecification\",\"valueRequired\":true,\"valueName\":\"search_term_string\"}}],\"inLanguage\":\"tr\"},{\"@type\":\"Person\",\"@id\":\"https:\/\/vanxhaber.com\/#\/schema\/person\/a5fd8d89510cb5370e62ad176f7978ee\",\"name\":\"Van X Haber\",\"image\":{\"@type\":\"ImageObject\",\"inLanguage\":\"tr\",\"@id\":\"https:\/\/vanxhaber.com\/#\/schema\/person\/image\/\",\"url\":\"https:\/\/secure.gravatar.com\/avatar\/36f2f63826681263103acb5ca1e7bc1a6db11baea9b75dd091d89b74f2704b07?s=96&d=mm&r=g\",\"contentUrl\":\"https:\/\/secure.gravatar.com\/avatar\/36f2f63826681263103acb5ca1e7bc1a6db11baea9b75dd091d89b74f2704b07?s=96&d=mm&r=g\",\"caption\":\"Van X Haber\"},\"description\":\"Van X Haber Van'\u0131n ilk ve tek yeni nesil Van Haber merkezi. Son Dakika Van Haberleri ve G\u00fcncel Van haber merkezinde s\u0131cak geli\u015fmeleri aktarmaya devam edece\u011fiz.\",\"url\":\"https:\/\/vanxhaber.com\/index.php\/author\/vangazetesi\/\"}]}<\/script>\n<!-- \/ Yoast SEO Premium plugin. -->","yoast_head_json":{"title":"Van'\u0131n G\u00fcrp\u0131nar \u0130l\u00e7esi Karla M\u00fccadelede Gece G\u00fcnd\u00fcz Demeden \u00c7al\u0131\u015f\u0131yor - Van Haber | Van X Haber | Van Haberleri","robots":{"index":"index","follow":"follow","max-snippet":"max-snippet:-1","max-image-preview":"max-image-preview:large","max-video-preview":"max-video-preview:-1"},"canonical":"https:\/\/vanxhaber.com\/index.php\/2024\/01\/19\/vanin-gurpinar-ilcesi-karla-mucadelede-gece-gunduz-demeden-calisiyor\/","og_locale":"tr_TR","og_type":"article","og_title":"Van'\u0131n G\u00fcrp\u0131nar \u0130l\u00e7esi Karla M\u00fccadelede Gece G\u00fcnd\u00fcz Demeden \u00c7al\u0131\u015f\u0131yor","og_description":"Van&#8217;da ge\u00e7ti\u011fimiz hafta etkili olan kar ya\u011f\u0131\u015f\u0131n\u0131n ard\u0131ndan G\u00fcrp\u0131nar il\u00e7esinde, belediye ekipleri yo\u011fun \u00e7aba sarf ederek k\u0131rsal mahalle yollar\u0131nda kar temizleme ve geni\u015fletme \u00e7al\u0131\u015fmalar\u0131n\u0131 aral\u0131ks\u0131z s\u00fcrd\u00fcr\u00fcyor. Tipi nedeniyle kapanan yollar\u0131n a\u00e7\u0131k tutulmas\u0131 i\u00e7in mesai harcayan ekipler, vatanda\u015flar\u0131n ula\u015f\u0131m\u0131n\u0131 kolayla\u015ft\u0131rmak ad\u0131na gece g\u00fcnd\u00fcz demeden g\u00f6rev ba\u015f\u0131nda. Van&#8217;\u0131n G\u00fcrp\u0131nar \u0130l\u00e7esinde Belediye Ekipleri Karla M\u00fccadele \u00c7al\u0131\u015fmalar\u0131n\u0131 S\u00fcrd\u00fcr\u00fcyor Van&#8217;da &hellip;","og_url":"https:\/\/vanxhaber.com\/index.php\/2024\/01\/19\/vanin-gurpinar-ilcesi-karla-mucadelede-gece-gunduz-demeden-calisiyor\/","og_site_name":"Van Haber | Van X Haber | Van Haberleri","article_published_time":"2024-01-19T09:21:19+00:00","article_modified_time":"2024-01-19T10:10:28+00:00","og_image":[{"width":641,"height":380,"url":"https:\/\/vanxhaber.com\/wp-content\/uploads\/2024\/01\/van-kapali-yollar.jpg","type":"image\/jpeg"}],"author":"Van X Haber","twitter_card":"summary_large_image","twitter_misc":{"Yazan:":"Van X Haber","Tahmini okuma s\u00fcresi":"1 dakika"},"schema":{"@context":"https:\/\/schema.org","@graph":[{"@type":"Article","@id":"https:\/\/vanxhaber.com\/index.php\/2024\/01\/19\/vanin-gurpinar-ilcesi-karla-mucadelede-gece-gunduz-demeden-calisiyor\/#article","isPartOf":{"@id":"https:\/\/vanxhaber.com\/index.php\/2024\/01\/19\/vanin-gurpinar-ilcesi-karla-mucadelede-gece-gunduz-demeden-calisiyor\/"},"author":{"name":"Van X Haber","@id":"https:\/\/vanxhaber.com\/#\/schema\/person\/a5fd8d89510cb5370e62ad176f7978ee"},"headline":"Van&#8217;\u0131n G\u00fcrp\u0131nar \u0130l\u00e7esi Karla M\u00fccadelede Gece G\u00fcnd\u00fcz Demeden \u00c7al\u0131\u015f\u0131yor","datePublished":"2024-01-19T09:21:19+00:00","dateModified":"2024-01-19T10:10:28+00:00","mainEntityOfPage":{"@id":"https:\/\/vanxhaber.com\/index.php\/2024\/01\/19\/vanin-gurpinar-ilcesi-karla-mucadelede-gece-gunduz-demeden-calisiyor\/"},"wordCount":183,"commentCount":0,"image":{"@id":"https:\/\/vanxhaber.com\/index.php\/2024\/01\/19\/vanin-gurpinar-ilcesi-karla-mucadelede-gece-gunduz-demeden-calisiyor\/#primaryimage"},"thumbnailUrl":"https:\/\/vanxhaber.com\/wp-content\/uploads\/2024\/01\/van-kapali-yollar.jpg","articleSection":["Van Haber"],"inLanguage":"tr","potentialAction":[{"@type":"CommentAction","name":"Comment","target":["https:\/\/vanxhaber.com\/index.php\/2024\/01\/19\/vanin-gurpinar-ilcesi-karla-mucadelede-gece-gunduz-demeden-calisiyor\/#respond"]}],"copyrightYear":"2024","copyrightHolder":{"@id":"https:\/\/vanxhaber.com\/#organization"}},{"@type":"WebPage","@id":"https:\/\/vanxhaber.com\/index.php\/2024\/01\/19\/vanin-gurpinar-ilcesi-karla-mucadelede-gece-gunduz-demeden-calisiyor\/","url":"https:\/\/vanxhaber.com\/index.php\/2024\/01\/19\/vanin-gurpinar-ilcesi-karla-mucadelede-gece-gunduz-demeden-calisiyor\/","name":"Van'\u0131n G\u00fcrp\u0131nar \u0130l\u00e7esi Karla M\u00fccadelede Gece G\u00fcnd\u00fcz Demeden \u00c7al\u0131\u015f\u0131yor - Van Haber | Van X Haber | Van Haberleri","isPartOf":{"@id":"https:\/\/vanxhaber.com\/#website"},"primaryImageOfPage":{"@id":"https:\/\/vanxhaber.com\/index.php\/2024\/01\/19\/vanin-gurpinar-ilcesi-karla-mucadelede-gece-gunduz-demeden-calisiyor\/#primaryimage"},"image":{"@id":"https:\/\/vanxhaber.com\/index.php\/2024\/01\/19\/vanin-gurpinar-ilcesi-karla-mucadelede-gece-gunduz-demeden-calisiyor\/#primaryimage"},"thumbnailUrl":"https:\/\/vanxhaber.com\/wp-content\/uploads\/2024\/01\/van-kapali-yollar.jpg","datePublished":"2024-01-19T09:21:19+00:00","dateModified":"2024-01-19T10:10:28+00:00","author":{"@id":"https:\/\/vanxhaber.com\/#\/schema\/person\/a5fd8d89510cb5370e62ad176f7978ee"},"breadcrumb":{"@id":"https:\/\/vanxhaber.com\/index.php\/2024\/01\/19\/vanin-gurpinar-ilcesi-karla-mucadelede-gece-gunduz-demeden-calisiyor\/#breadcrumb"},"inLanguage":"tr","potentialAction":[{"@type":"ReadAction","target":["https:\/\/vanxhaber.com\/index.php\/2024\/01\/19\/vanin-gurpinar-ilcesi-karla-mucadelede-gece-gunduz-demeden-calisiyor\/"]}]},{"@type":"ImageObject","inLanguage":"tr","@id":"https:\/\/vanxhaber.com\/index.php\/2024\/01\/19\/vanin-gurpinar-ilcesi-karla-mucadelede-gece-gunduz-demeden-calisiyor\/#primaryimage","url":"https:\/\/vanxhaber.com\/wp-content\/uploads\/2024\/01\/van-kapali-yollar.jpg","contentUrl":"https:\/\/vanxhaber.com\/wp-content\/uploads\/2024\/01\/van-kapali-yollar.jpg","width":641,"height":380},{"@type":"BreadcrumbList","@id":"https:\/\/vanxhaber.com\/index.php\/2024\/01\/19\/vanin-gurpinar-ilcesi-karla-mucadelede-gece-gunduz-demeden-calisiyor\/#breadcrumb","itemListElement":[{"@type":"ListItem","position":1,"name":"Anasayfa","item":"https:\/\/vanxhaber.com\/"},{"@type":"ListItem","position":2,"name":"Van&#8217;\u0131n G\u00fcrp\u0131nar \u0130l\u00e7esi Karla M\u00fccadelede Gece G\u00fcnd\u00fcz Demeden \u00c7al\u0131\u015f\u0131yor"}]},{"@type":"WebSite","@id":"https:\/\/vanxhaber.com\/#website","url":"https:\/\/vanxhaber.com\/","name":"Van Haber | Van X Haber | Van Haberleri","description":"Van Haber, Van&#039;\u0131n ilk yapay zeka teknolojileri ile yaz\u0131lan Van X Haber ve Van Haberlerini aktif g\u00fcncel sunan tek vanhaber merkezidir.","potentialAction":[{"@type":"SearchAction","target":{"@type":"EntryPoint","urlTemplate":"https:\/\/vanxhaber.com\/?s={search_term_string}"},"query-input":{"@type":"PropertyValueSpecification","valueRequired":true,"valueName":"search_term_string"}}],"inLanguage":"tr"},{"@type":"Person","@id":"https:\/\/vanxhaber.com\/#\/schema\/person\/a5fd8d89510cb5370e62ad176f7978ee","name":"Van X Haber","image":{"@type":"ImageObject","inLanguage":"tr","@id":"https:\/\/vanxhaber.com\/#\/schema\/person\/image\/","url":"https:\/\/secure.gravatar.com\/avatar\/36f2f63826681263103acb5ca1e7bc1a6db11baea9b75dd091d89b74f2704b07?s=96&d=mm&r=g","contentUrl":"https:\/\/secure.gravatar.com\/avatar\/36f2f63826681263103acb5ca1e7bc1a6db11baea9b75dd091d89b74f2704b07?s=96&d=mm&r=g","caption":"Van X Haber"},"description":"Van X Haber Van'\u0131n ilk ve tek yeni nesil Van Haber merkezi. Son Dakika Van Haberleri ve G\u00fcncel Van haber merkezinde s\u0131cak geli\u015fmeleri aktarmaya devam edece\u011fiz.","url":"https:\/\/vanxhaber.com\/index.php\/author\/vangazetesi\/"}]}},"_links":{"self":[{"href":"https:\/\/vanxhaber.com\/index.php\/wp-json\/wp\/v2\/posts\/1405","targetHints":{"allow":["GET"]}}],"collection":[{"href":"https:\/\/vanxhaber.com\/index.php\/wp-json\/wp\/v2\/posts"}],"about":[{"href":"https:\/\/vanxhaber.com\/index.php\/wp-json\/wp\/v2\/types\/post"}],"author":[{"embeddable":true,"href":"https:\/\/vanxhaber.com\/index.php\/wp-json\/wp\/v2\/users\/2"}],"replies":[{"embeddable":true,"href":"https:\/\/vanxhaber.com\/index.php\/wp-json\/wp\/v2\/comments?post=1405"}],"version-history":[{"count":1,"href":"https:\/\/vanxhaber.com\/index.php\/wp-json\/wp\/v2\/posts\/1405\/revisions"}],"predecessor-version":[{"id":1408,"href":"https:\/\/vanxhaber.com\/index.php\/wp-json\/wp\/v2\/posts\/1405\/revisions\/1408"}],"wp:featuredmedia":[{"embeddable":true,"href":"https:\/\/vanxhaber.com\/index.php\/wp-json\/wp\/v2\/media\/1407"}],"wp:attachment":[{"href":"https:\/\/vanxhaber.com\/index.php\/wp-json\/wp\/v2\/media?parent=1405"}],"wp:term":[{"taxonomy":"category","embeddable":true,"href":"https:\/\/vanxhaber.com\/index.php\/wp-json\/wp\/v2\/categories?post=1405"},{"taxonomy":"post_tag","embeddable":true,"href":"https:\/\/vanxhaber.com\/index.php\/wp-json\/wp\/v2\/tags?post=1405"}],"curies":[{"name":"wp","href":"https:\/\/api.w.org\/{rel}","templated":true}]}}