{"id":1425,"date":"2024-01-22T08:23:25","date_gmt":"2024-01-22T08:23:25","guid":{"rendered":"https:\/\/vanxhaber.com\/?p=1425"},"modified":"2024-01-22T08:23:26","modified_gmt":"2024-01-22T08:23:26","slug":"yolcu-midibusu-sarampole-devrildi-20-yarali","status":"publish","type":"post","link":"https:\/\/vanxhaber.com\/index.php\/2024\/01\/22\/yolcu-midibusu-sarampole-devrildi-20-yarali\/","title":{"rendered":"Yolcu midib\u00fcs\u00fc \u015farampole devrildi 20 yaral\u0131"},"content":{"rendered":"\n<p><strong> Van\u2019\u0131n Geva\u015f il\u00e7esinde yolcu midib\u00fcs\u00fcn\u00fcn \u015farampole devrilmesi sonucu 20 ki\u015fi yaraland\u0131.<\/strong><\/p>\n\n\n\n<p>Al\u0131nan bilgilere g\u00f6re, kaza, sabah saatlerinde Van-Bitlis kara yolu \u00fczerindeki G\u00f6r\u00fcnd\u00fc Mahallesi yak\u0131nlar\u0131nda meydana geldi. S\u00fcr\u00fcc\u00fcs\u00fcn\u00fcn ismi \u00f6\u011frenilemeyen bir firmaya ait 30 AAE 286 plakal\u0131 yolcu midib\u00fcs\u00fc, bilinmeyen bir sebepten dolay\u0131 kontrolden \u00e7\u0131karak \u015farampole devrildi. Kasada yaralanan 20 ki\u015fi, ihbar \u00fczerine b\u00f6lgeye sevk edilen <strong>UMKE, AFAD,<\/strong> polis, jandarma ve 112 Acil Servis ekipleri taraf\u0131ndan ambulanslarla kentteki hastanelere kald\u0131r\u0131ld\u0131. Kazayla ilgili soru\u015fturman\u0131n ba\u015flat\u0131ld\u0131\u011f\u0131 belirtildi.<\/p>\n","protected":false},"excerpt":{"rendered":"<p>Van\u2019\u0131n Geva\u015f il\u00e7esinde yolcu midib\u00fcs\u00fcn\u00fcn \u015farampole devrilmesi sonucu 20 ki\u015fi yaraland\u0131. Al\u0131nan bilgilere g\u00f6re, kaza, sabah saatlerinde Van-Bitlis kara yolu \u00fczerindeki G\u00f6r\u00fcnd\u00fc Mahallesi yak\u0131nlar\u0131nda meydana geldi. S\u00fcr\u00fcc\u00fcs\u00fcn\u00fcn ismi \u00f6\u011frenilemeyen bir firmaya ait 30 AAE 286 plakal\u0131 yolcu midib\u00fcs\u00fc, bilinmeyen bir sebepten dolay\u0131 kontrolden \u00e7\u0131karak \u015farampole devrildi. Kasada yaralanan 20 ki\u015fi, ihbar \u00fczerine b\u00f6lgeye sevk edilen &hellip;<\/p>\n","protected":false},"author":2,"featured_media":1427,"comment_status":"open","ping_status":"closed","sticky":false,"template":"","format":"standard","meta":{"googlesitekit_rrm_CAowot3VCw:productID":"","footnotes":""},"categories":[1],"tags":[],"class_list":["post-1425","post","type-post","status-publish","format-standard","has-post-thumbnail","hentry","category-van-haber"],"yoast_head":"<!-- This site is optimized with the Yoast SEO Premium plugin v21.7 (Yoast SEO v26.7) - https:\/\/yoast.com\/wordpress\/plugins\/seo\/ -->\n<title>Yolcu midib\u00fcs\u00fc \u015farampole devrildi 20 yaral\u0131 - Van Haber | Van X Haber | Van Haberleri<\/title>\n<meta name=\"robots\" content=\"index, follow, max-snippet:-1, max-image-preview:large, max-video-preview:-1\" \/>\n<link rel=\"canonical\" href=\"https:\/\/vanxhaber.com\/index.php\/2024\/01\/22\/yolcu-midibusu-sarampole-devrildi-20-yarali\/\" \/>\n<meta property=\"og:locale\" content=\"tr_TR\" \/>\n<meta property=\"og:type\" content=\"article\" \/>\n<meta property=\"og:title\" content=\"Yolcu midib\u00fcs\u00fc \u015farampole devrildi 20 yaral\u0131\" \/>\n<meta property=\"og:description\" content=\"Van\u2019\u0131n Geva\u015f il\u00e7esinde yolcu midib\u00fcs\u00fcn\u00fcn \u015farampole devrilmesi sonucu 20 ki\u015fi yaraland\u0131. Al\u0131nan bilgilere g\u00f6re, kaza, sabah saatlerinde Van-Bitlis kara yolu \u00fczerindeki G\u00f6r\u00fcnd\u00fc Mahallesi yak\u0131nlar\u0131nda meydana geldi. S\u00fcr\u00fcc\u00fcs\u00fcn\u00fcn ismi \u00f6\u011frenilemeyen bir firmaya ait 30 AAE 286 plakal\u0131 yolcu midib\u00fcs\u00fc, bilinmeyen bir sebepten dolay\u0131 kontrolden \u00e7\u0131karak \u015farampole devrildi. Kasada yaralanan 20 ki\u015fi, ihbar \u00fczerine b\u00f6lgeye sevk edilen &hellip;\" \/>\n<meta property=\"og:url\" content=\"https:\/\/vanxhaber.com\/index.php\/2024\/01\/22\/yolcu-midibusu-sarampole-devrildi-20-yarali\/\" \/>\n<meta property=\"og:site_name\" content=\"Van Haber | Van X Haber | Van Haberleri\" \/>\n<meta property=\"article:published_time\" content=\"2024-01-22T08:23:25+00:00\" \/>\n<meta property=\"article:modified_time\" content=\"2024-01-22T08:23:26+00:00\" \/>\n<meta property=\"og:image\" content=\"https:\/\/vanxhaber.com\/wp-content\/uploads\/2024\/01\/yolcu-otobusu.jpg\" \/>\n\t<meta property=\"og:image:width\" content=\"641\" \/>\n\t<meta property=\"og:image:height\" content=\"380\" \/>\n\t<meta property=\"og:image:type\" content=\"image\/jpeg\" \/>\n<meta name=\"author\" content=\"Van X Haber\" \/>\n<meta name=\"twitter:card\" content=\"summary_large_image\" \/>\n<meta name=\"twitter:label1\" content=\"Yazan:\" \/>\n\t<meta name=\"twitter:data1\" content=\"Van X Haber\" \/>\n\t<meta name=\"twitter:label2\" content=\"Tahmini okuma s\u00fcresi\" \/>\n\t<meta name=\"twitter:data2\" content=\"1 dakika\" \/>\n<script type=\"application\/ld+json\" class=\"yoast-schema-graph\">{\"@context\":\"https:\/\/schema.org\",\"@graph\":[{\"@type\":\"Article\",\"@id\":\"https:\/\/vanxhaber.com\/index.php\/2024\/01\/22\/yolcu-midibusu-sarampole-devrildi-20-yarali\/#article\",\"isPartOf\":{\"@id\":\"https:\/\/vanxhaber.com\/index.php\/2024\/01\/22\/yolcu-midibusu-sarampole-devrildi-20-yarali\/\"},\"author\":{\"name\":\"Van X Haber\",\"@id\":\"https:\/\/vanxhaber.com\/#\/schema\/person\/a5fd8d89510cb5370e62ad176f7978ee\"},\"headline\":\"Yolcu midib\u00fcs\u00fc \u015farampole devrildi 20 yaral\u0131\",\"datePublished\":\"2024-01-22T08:23:25+00:00\",\"dateModified\":\"2024-01-22T08:23:26+00:00\",\"mainEntityOfPage\":{\"@id\":\"https:\/\/vanxhaber.com\/index.php\/2024\/01\/22\/yolcu-midibusu-sarampole-devrildi-20-yarali\/\"},\"wordCount\":102,\"commentCount\":0,\"image\":{\"@id\":\"https:\/\/vanxhaber.com\/index.php\/2024\/01\/22\/yolcu-midibusu-sarampole-devrildi-20-yarali\/#primaryimage\"},\"thumbnailUrl\":\"https:\/\/vanxhaber.com\/wp-content\/uploads\/2024\/01\/yolcu-otobusu.jpg\",\"articleSection\":[\"Van Haber\"],\"inLanguage\":\"tr\",\"potentialAction\":[{\"@type\":\"CommentAction\",\"name\":\"Comment\",\"target\":[\"https:\/\/vanxhaber.com\/index.php\/2024\/01\/22\/yolcu-midibusu-sarampole-devrildi-20-yarali\/#respond\"]}],\"copyrightYear\":\"2024\",\"copyrightHolder\":{\"@id\":\"https:\/\/vanxhaber.com\/#organization\"}},{\"@type\":\"WebPage\",\"@id\":\"https:\/\/vanxhaber.com\/index.php\/2024\/01\/22\/yolcu-midibusu-sarampole-devrildi-20-yarali\/\",\"url\":\"https:\/\/vanxhaber.com\/index.php\/2024\/01\/22\/yolcu-midibusu-sarampole-devrildi-20-yarali\/\",\"name\":\"Yolcu midib\u00fcs\u00fc \u015farampole devrildi 20 yaral\u0131 - Van Haber | Van X Haber | Van Haberleri\",\"isPartOf\":{\"@id\":\"https:\/\/vanxhaber.com\/#website\"},\"primaryImageOfPage\":{\"@id\":\"https:\/\/vanxhaber.com\/index.php\/2024\/01\/22\/yolcu-midibusu-sarampole-devrildi-20-yarali\/#primaryimage\"},\"image\":{\"@id\":\"https:\/\/vanxhaber.com\/index.php\/2024\/01\/22\/yolcu-midibusu-sarampole-devrildi-20-yarali\/#primaryimage\"},\"thumbnailUrl\":\"https:\/\/vanxhaber.com\/wp-content\/uploads\/2024\/01\/yolcu-otobusu.jpg\",\"datePublished\":\"2024-01-22T08:23:25+00:00\",\"dateModified\":\"2024-01-22T08:23:26+00:00\",\"author\":{\"@id\":\"https:\/\/vanxhaber.com\/#\/schema\/person\/a5fd8d89510cb5370e62ad176f7978ee\"},\"breadcrumb\":{\"@id\":\"https:\/\/vanxhaber.com\/index.php\/2024\/01\/22\/yolcu-midibusu-sarampole-devrildi-20-yarali\/#breadcrumb\"},\"inLanguage\":\"tr\",\"potentialAction\":[{\"@type\":\"ReadAction\",\"target\":[\"https:\/\/vanxhaber.com\/index.php\/2024\/01\/22\/yolcu-midibusu-sarampole-devrildi-20-yarali\/\"]}]},{\"@type\":\"ImageObject\",\"inLanguage\":\"tr\",\"@id\":\"https:\/\/vanxhaber.com\/index.php\/2024\/01\/22\/yolcu-midibusu-sarampole-devrildi-20-yarali\/#primaryimage\",\"url\":\"https:\/\/vanxhaber.com\/wp-content\/uploads\/2024\/01\/yolcu-otobusu.jpg\",\"contentUrl\":\"https:\/\/vanxhaber.com\/wp-content\/uploads\/2024\/01\/yolcu-otobusu.jpg\",\"width\":641,\"height\":380},{\"@type\":\"BreadcrumbList\",\"@id\":\"https:\/\/vanxhaber.com\/index.php\/2024\/01\/22\/yolcu-midibusu-sarampole-devrildi-20-yarali\/#breadcrumb\",\"itemListElement\":[{\"@type\":\"ListItem\",\"position\":1,\"name\":\"Anasayfa\",\"item\":\"https:\/\/vanxhaber.com\/\"},{\"@type\":\"ListItem\",\"position\":2,\"name\":\"Yolcu midib\u00fcs\u00fc \u015farampole devrildi 20 yaral\u0131\"}]},{\"@type\":\"WebSite\",\"@id\":\"https:\/\/vanxhaber.com\/#website\",\"url\":\"https:\/\/vanxhaber.com\/\",\"name\":\"Van Haber | Van X Haber | Van Haberleri\",\"description\":\"Van Haber, Van&#039;\u0131n ilk yapay zeka teknolojileri ile yaz\u0131lan Van X Haber ve Van Haberlerini aktif g\u00fcncel sunan tek vanhaber merkezidir.\",\"potentialAction\":[{\"@type\":\"SearchAction\",\"target\":{\"@type\":\"EntryPoint\",\"urlTemplate\":\"https:\/\/vanxhaber.com\/?s={search_term_string}\"},\"query-input\":{\"@type\":\"PropertyValueSpecification\",\"valueRequired\":true,\"valueName\":\"search_term_string\"}}],\"inLanguage\":\"tr\"},{\"@type\":\"Person\",\"@id\":\"https:\/\/vanxhaber.com\/#\/schema\/person\/a5fd8d89510cb5370e62ad176f7978ee\",\"name\":\"Van X Haber\",\"image\":{\"@type\":\"ImageObject\",\"inLanguage\":\"tr\",\"@id\":\"https:\/\/vanxhaber.com\/#\/schema\/person\/image\/\",\"url\":\"https:\/\/secure.gravatar.com\/avatar\/36f2f63826681263103acb5ca1e7bc1a6db11baea9b75dd091d89b74f2704b07?s=96&d=mm&r=g\",\"contentUrl\":\"https:\/\/secure.gravatar.com\/avatar\/36f2f63826681263103acb5ca1e7bc1a6db11baea9b75dd091d89b74f2704b07?s=96&d=mm&r=g\",\"caption\":\"Van X Haber\"},\"description\":\"Van X Haber Van'\u0131n ilk ve tek yeni nesil Van Haber merkezi. Son Dakika Van Haberleri ve G\u00fcncel Van haber merkezinde s\u0131cak geli\u015fmeleri aktarmaya devam edece\u011fiz.\",\"url\":\"https:\/\/vanxhaber.com\/index.php\/author\/vangazetesi\/\"}]}<\/script>\n<!-- \/ Yoast SEO Premium plugin. -->","yoast_head_json":{"title":"Yolcu midib\u00fcs\u00fc \u015farampole devrildi 20 yaral\u0131 - Van Haber | Van X Haber | Van Haberleri","robots":{"index":"index","follow":"follow","max-snippet":"max-snippet:-1","max-image-preview":"max-image-preview:large","max-video-preview":"max-video-preview:-1"},"canonical":"https:\/\/vanxhaber.com\/index.php\/2024\/01\/22\/yolcu-midibusu-sarampole-devrildi-20-yarali\/","og_locale":"tr_TR","og_type":"article","og_title":"Yolcu midib\u00fcs\u00fc \u015farampole devrildi 20 yaral\u0131","og_description":"Van\u2019\u0131n Geva\u015f il\u00e7esinde yolcu midib\u00fcs\u00fcn\u00fcn \u015farampole devrilmesi sonucu 20 ki\u015fi yaraland\u0131. Al\u0131nan bilgilere g\u00f6re, kaza, sabah saatlerinde Van-Bitlis kara yolu \u00fczerindeki G\u00f6r\u00fcnd\u00fc Mahallesi yak\u0131nlar\u0131nda meydana geldi. S\u00fcr\u00fcc\u00fcs\u00fcn\u00fcn ismi \u00f6\u011frenilemeyen bir firmaya ait 30 AAE 286 plakal\u0131 yolcu midib\u00fcs\u00fc, bilinmeyen bir sebepten dolay\u0131 kontrolden \u00e7\u0131karak \u015farampole devrildi. Kasada yaralanan 20 ki\u015fi, ihbar \u00fczerine b\u00f6lgeye sevk edilen &hellip;","og_url":"https:\/\/vanxhaber.com\/index.php\/2024\/01\/22\/yolcu-midibusu-sarampole-devrildi-20-yarali\/","og_site_name":"Van Haber | Van X Haber | Van Haberleri","article_published_time":"2024-01-22T08:23:25+00:00","article_modified_time":"2024-01-22T08:23:26+00:00","og_image":[{"width":641,"height":380,"url":"https:\/\/vanxhaber.com\/wp-content\/uploads\/2024\/01\/yolcu-otobusu.jpg","type":"image\/jpeg"}],"author":"Van X Haber","twitter_card":"summary_large_image","twitter_misc":{"Yazan:":"Van X Haber","Tahmini okuma s\u00fcresi":"1 dakika"},"schema":{"@context":"https:\/\/schema.org","@graph":[{"@type":"Article","@id":"https:\/\/vanxhaber.com\/index.php\/2024\/01\/22\/yolcu-midibusu-sarampole-devrildi-20-yarali\/#article","isPartOf":{"@id":"https:\/\/vanxhaber.com\/index.php\/2024\/01\/22\/yolcu-midibusu-sarampole-devrildi-20-yarali\/"},"author":{"name":"Van X Haber","@id":"https:\/\/vanxhaber.com\/#\/schema\/person\/a5fd8d89510cb5370e62ad176f7978ee"},"headline":"Yolcu midib\u00fcs\u00fc \u015farampole devrildi 20 yaral\u0131","datePublished":"2024-01-22T08:23:25+00:00","dateModified":"2024-01-22T08:23:26+00:00","mainEntityOfPage":{"@id":"https:\/\/vanxhaber.com\/index.php\/2024\/01\/22\/yolcu-midibusu-sarampole-devrildi-20-yarali\/"},"wordCount":102,"commentCount":0,"image":{"@id":"https:\/\/vanxhaber.com\/index.php\/2024\/01\/22\/yolcu-midibusu-sarampole-devrildi-20-yarali\/#primaryimage"},"thumbnailUrl":"https:\/\/vanxhaber.com\/wp-content\/uploads\/2024\/01\/yolcu-otobusu.jpg","articleSection":["Van Haber"],"inLanguage":"tr","potentialAction":[{"@type":"CommentAction","name":"Comment","target":["https:\/\/vanxhaber.com\/index.php\/2024\/01\/22\/yolcu-midibusu-sarampole-devrildi-20-yarali\/#respond"]}],"copyrightYear":"2024","copyrightHolder":{"@id":"https:\/\/vanxhaber.com\/#organization"}},{"@type":"WebPage","@id":"https:\/\/vanxhaber.com\/index.php\/2024\/01\/22\/yolcu-midibusu-sarampole-devrildi-20-yarali\/","url":"https:\/\/vanxhaber.com\/index.php\/2024\/01\/22\/yolcu-midibusu-sarampole-devrildi-20-yarali\/","name":"Yolcu midib\u00fcs\u00fc \u015farampole devrildi 20 yaral\u0131 - Van Haber | Van X Haber | Van Haberleri","isPartOf":{"@id":"https:\/\/vanxhaber.com\/#website"},"primaryImageOfPage":{"@id":"https:\/\/vanxhaber.com\/index.php\/2024\/01\/22\/yolcu-midibusu-sarampole-devrildi-20-yarali\/#primaryimage"},"image":{"@id":"https:\/\/vanxhaber.com\/index.php\/2024\/01\/22\/yolcu-midibusu-sarampole-devrildi-20-yarali\/#primaryimage"},"thumbnailUrl":"https:\/\/vanxhaber.com\/wp-content\/uploads\/2024\/01\/yolcu-otobusu.jpg","datePublished":"2024-01-22T08:23:25+00:00","dateModified":"2024-01-22T08:23:26+00:00","author":{"@id":"https:\/\/vanxhaber.com\/#\/schema\/person\/a5fd8d89510cb5370e62ad176f7978ee"},"breadcrumb":{"@id":"https:\/\/vanxhaber.com\/index.php\/2024\/01\/22\/yolcu-midibusu-sarampole-devrildi-20-yarali\/#breadcrumb"},"inLanguage":"tr","potentialAction":[{"@type":"ReadAction","target":["https:\/\/vanxhaber.com\/index.php\/2024\/01\/22\/yolcu-midibusu-sarampole-devrildi-20-yarali\/"]}]},{"@type":"ImageObject","inLanguage":"tr","@id":"https:\/\/vanxhaber.com\/index.php\/2024\/01\/22\/yolcu-midibusu-sarampole-devrildi-20-yarali\/#primaryimage","url":"https:\/\/vanxhaber.com\/wp-content\/uploads\/2024\/01\/yolcu-otobusu.jpg","contentUrl":"https:\/\/vanxhaber.com\/wp-content\/uploads\/2024\/01\/yolcu-otobusu.jpg","width":641,"height":380},{"@type":"BreadcrumbList","@id":"https:\/\/vanxhaber.com\/index.php\/2024\/01\/22\/yolcu-midibusu-sarampole-devrildi-20-yarali\/#breadcrumb","itemListElement":[{"@type":"ListItem","position":1,"name":"Anasayfa","item":"https:\/\/vanxhaber.com\/"},{"@type":"ListItem","position":2,"name":"Yolcu midib\u00fcs\u00fc \u015farampole devrildi 20 yaral\u0131"}]},{"@type":"WebSite","@id":"https:\/\/vanxhaber.com\/#website","url":"https:\/\/vanxhaber.com\/","name":"Van Haber | Van X Haber | Van Haberleri","description":"Van Haber, Van&#039;\u0131n ilk yapay zeka teknolojileri ile yaz\u0131lan Van X Haber ve Van Haberlerini aktif g\u00fcncel sunan tek vanhaber merkezidir.","potentialAction":[{"@type":"SearchAction","target":{"@type":"EntryPoint","urlTemplate":"https:\/\/vanxhaber.com\/?s={search_term_string}"},"query-input":{"@type":"PropertyValueSpecification","valueRequired":true,"valueName":"search_term_string"}}],"inLanguage":"tr"},{"@type":"Person","@id":"https:\/\/vanxhaber.com\/#\/schema\/person\/a5fd8d89510cb5370e62ad176f7978ee","name":"Van X Haber","image":{"@type":"ImageObject","inLanguage":"tr","@id":"https:\/\/vanxhaber.com\/#\/schema\/person\/image\/","url":"https:\/\/secure.gravatar.com\/avatar\/36f2f63826681263103acb5ca1e7bc1a6db11baea9b75dd091d89b74f2704b07?s=96&d=mm&r=g","contentUrl":"https:\/\/secure.gravatar.com\/avatar\/36f2f63826681263103acb5ca1e7bc1a6db11baea9b75dd091d89b74f2704b07?s=96&d=mm&r=g","caption":"Van X Haber"},"description":"Van X Haber Van'\u0131n ilk ve tek yeni nesil Van Haber merkezi. Son Dakika Van Haberleri ve G\u00fcncel Van haber merkezinde s\u0131cak geli\u015fmeleri aktarmaya devam edece\u011fiz.","url":"https:\/\/vanxhaber.com\/index.php\/author\/vangazetesi\/"}]}},"_links":{"self":[{"href":"https:\/\/vanxhaber.com\/index.php\/wp-json\/wp\/v2\/posts\/1425","targetHints":{"allow":["GET"]}}],"collection":[{"href":"https:\/\/vanxhaber.com\/index.php\/wp-json\/wp\/v2\/posts"}],"about":[{"href":"https:\/\/vanxhaber.com\/index.php\/wp-json\/wp\/v2\/types\/post"}],"author":[{"embeddable":true,"href":"https:\/\/vanxhaber.com\/index.php\/wp-json\/wp\/v2\/users\/2"}],"replies":[{"embeddable":true,"href":"https:\/\/vanxhaber.com\/index.php\/wp-json\/wp\/v2\/comments?post=1425"}],"version-history":[{"count":1,"href":"https:\/\/vanxhaber.com\/index.php\/wp-json\/wp\/v2\/posts\/1425\/revisions"}],"predecessor-version":[{"id":1428,"href":"https:\/\/vanxhaber.com\/index.php\/wp-json\/wp\/v2\/posts\/1425\/revisions\/1428"}],"wp:featuredmedia":[{"embeddable":true,"href":"https:\/\/vanxhaber.com\/index.php\/wp-json\/wp\/v2\/media\/1427"}],"wp:attachment":[{"href":"https:\/\/vanxhaber.com\/index.php\/wp-json\/wp\/v2\/media?parent=1425"}],"wp:term":[{"taxonomy":"category","embeddable":true,"href":"https:\/\/vanxhaber.com\/index.php\/wp-json\/wp\/v2\/categories?post=1425"},{"taxonomy":"post_tag","embeddable":true,"href":"https:\/\/vanxhaber.com\/index.php\/wp-json\/wp\/v2\/tags?post=1425"}],"curies":[{"name":"wp","href":"https:\/\/api.w.org\/{rel}","templated":true}]}}