{"id":1434,"date":"2024-01-23T08:22:44","date_gmt":"2024-01-23T08:22:44","guid":{"rendered":"https:\/\/vanxhaber.com\/?p=1434"},"modified":"2024-01-23T08:22:45","modified_gmt":"2024-01-23T08:22:45","slug":"yogun-kar-ve-tipi-nedeniyle-dogu-anadoluda-72-yerlesim-birimi-ulasima-kapandi","status":"publish","type":"post","link":"https:\/\/vanxhaber.com\/index.php\/2024\/01\/23\/yogun-kar-ve-tipi-nedeniyle-dogu-anadoluda-72-yerlesim-birimi-ulasima-kapandi\/","title":{"rendered":"Yo\u011fun Kar ve Tipi Nedeniyle Do\u011fu Anadolu&#8217;da 72 Yerle\u015fim Birimi Ula\u015f\u0131ma Kapand\u0131"},"content":{"rendered":"\n<p><strong>Van, Mu\u015f, Hakkari ve Bitlis&#8217;te Etkili Olan Kar Engeli, Sa\u011fl\u0131k ve Ula\u015f\u0131m Ekiplerini Zorluyor. Karla M\u00fccadele \u00c7al\u0131\u015fmalar\u0131 Devam Ediyor.<\/strong><\/p>\n\n\n\n<p>Olumsuz hava ko\u015fullar\u0131 nedeniyle Van, Mu\u015f, Hakkari ve Bitlis illerinde 72 yerle\u015fim birimi ula\u015f\u0131ma kapand\u0131. Van&#8217;\u0131n k\u0131rsal kesimlerinde etkili olan kar ve tipi, ula\u015f\u0131m\u0131 olumsuz etkiledi. B\u00fcy\u00fck\u015fehir Belediyesi, 53 yerle\u015fim biriminin yolu kapand\u0131\u011f\u0131n\u0131 a\u00e7\u0131klad\u0131.<\/p>\n\n\n\n<p>Karla m\u00fccadele ekipleri, kapal\u0131 yollar\u0131n a\u00e7\u0131lmas\u0131 i\u00e7in \u00e7al\u0131\u015fmalar\u0131na ba\u015flad\u0131. Muradiye il\u00e7esine ula\u015f\u0131m\u0131 kapal\u0131 olan Mikail mezras\u0131nda y\u00fcksek ate\u015f \u015fikayeti olan ayn\u0131 aileden 4 ki\u015fi, sa\u011fl\u0131k ekiplerinin ula\u015famamas\u0131 \u00fczerine karla m\u00fccadele ekipleri taraf\u0131ndan hastaneye ta\u015f\u0131nd\u0131.<\/p>\n\n\n\n<p>Mu\u015f&#8217;ta, y\u00fcksek kesimlerde etkili olan kar nedeniyle 18 k\u00f6y yolunun kapand\u0131\u011f\u0131 belirtildi. Ekipler, kapal\u0131 yollar\u0131n a\u00e7\u0131lmas\u0131 i\u00e7in sahada \u00e7al\u0131\u015fmalar\u0131n\u0131 s\u00fcrd\u00fcr\u00fcyor. Hakkari&#8217;de ise ak\u015fam saatlerinde ba\u015flayan kar, kent merkezini beyaza b\u00fcr\u00fcd\u00fc ve sis nedeniyle g\u00f6r\u00fc\u015f mesafesi d\u00fc\u015ft\u00fc. Y\u00fcksekova il\u00e7esinde bir mezraya ula\u015f\u0131m sa\u011flanam\u0131yor.<\/p>\n\n\n\n<p>Bitlis&#8217;te \u0130l \u00d6zel \u0130daresi Yol ve Ula\u015f\u0131m Hizmetleri M\u00fcd\u00fcr\u00fc \u00dcmit Kurtkan, kar ve tipi nedeniyle kapanan 2 k\u00f6y yolunun a\u00e7\u0131ld\u0131\u011f\u0131n\u0131 belirtti. Geni\u015fletme \u00e7al\u0131\u015fmalar\u0131 ise devam ediyor.<\/p>\n\n\n\n<p>Ya\u015fanan olumsuz hava ko\u015fullar\u0131, \u00f6zellikle sa\u011fl\u0131k ekiplerinin hasta ula\u015f\u0131m\u0131nda zorluk ya\u015fanmas\u0131na neden oluyor. Karla m\u00fccadele ekipleri, acil durumlar i\u00e7in haz\u0131r bekliyor.<\/p>\n","protected":false},"excerpt":{"rendered":"<p>Van, Mu\u015f, Hakkari ve Bitlis&#8217;te Etkili Olan Kar Engeli, Sa\u011fl\u0131k ve Ula\u015f\u0131m Ekiplerini Zorluyor. Karla M\u00fccadele \u00c7al\u0131\u015fmalar\u0131 Devam Ediyor. Olumsuz hava ko\u015fullar\u0131 nedeniyle Van, Mu\u015f, Hakkari ve Bitlis illerinde 72 yerle\u015fim birimi ula\u015f\u0131ma kapand\u0131. Van&#8217;\u0131n k\u0131rsal kesimlerinde etkili olan kar ve tipi, ula\u015f\u0131m\u0131 olumsuz etkiledi. B\u00fcy\u00fck\u015fehir Belediyesi, 53 yerle\u015fim biriminin yolu kapand\u0131\u011f\u0131n\u0131 a\u00e7\u0131klad\u0131. Karla m\u00fccadele &hellip;<\/p>\n","protected":false},"author":2,"featured_media":1436,"comment_status":"open","ping_status":"closed","sticky":false,"template":"","format":"standard","meta":{"googlesitekit_rrm_CAowot3VCw:productID":"","footnotes":""},"categories":[1],"tags":[],"class_list":["post-1434","post","type-post","status-publish","format-standard","has-post-thumbnail","hentry","category-van-haber"],"yoast_head":"<!-- This site is optimized with the Yoast SEO Premium plugin v21.7 (Yoast SEO v26.7) - https:\/\/yoast.com\/wordpress\/plugins\/seo\/ -->\n<title>Yo\u011fun Kar ve Tipi Nedeniyle Do\u011fu Anadolu&#039;da 72 Yerle\u015fim Birimi Ula\u015f\u0131ma Kapand\u0131 - Van Haber | Van X Haber | Van Haberleri<\/title>\n<meta name=\"robots\" content=\"index, follow, max-snippet:-1, max-image-preview:large, max-video-preview:-1\" \/>\n<link rel=\"canonical\" href=\"https:\/\/vanxhaber.com\/index.php\/2024\/01\/23\/yogun-kar-ve-tipi-nedeniyle-dogu-anadoluda-72-yerlesim-birimi-ulasima-kapandi\/\" \/>\n<meta property=\"og:locale\" content=\"tr_TR\" \/>\n<meta property=\"og:type\" content=\"article\" \/>\n<meta property=\"og:title\" content=\"Yo\u011fun Kar ve Tipi Nedeniyle Do\u011fu Anadolu&#039;da 72 Yerle\u015fim Birimi Ula\u015f\u0131ma Kapand\u0131\" \/>\n<meta property=\"og:description\" content=\"Van, Mu\u015f, Hakkari ve Bitlis&#8217;te Etkili Olan Kar Engeli, Sa\u011fl\u0131k ve Ula\u015f\u0131m Ekiplerini Zorluyor. Karla M\u00fccadele \u00c7al\u0131\u015fmalar\u0131 Devam Ediyor. Olumsuz hava ko\u015fullar\u0131 nedeniyle Van, Mu\u015f, Hakkari ve Bitlis illerinde 72 yerle\u015fim birimi ula\u015f\u0131ma kapand\u0131. Van&#8217;\u0131n k\u0131rsal kesimlerinde etkili olan kar ve tipi, ula\u015f\u0131m\u0131 olumsuz etkiledi. B\u00fcy\u00fck\u015fehir Belediyesi, 53 yerle\u015fim biriminin yolu kapand\u0131\u011f\u0131n\u0131 a\u00e7\u0131klad\u0131. Karla m\u00fccadele &hellip;\" \/>\n<meta property=\"og:url\" content=\"https:\/\/vanxhaber.com\/index.php\/2024\/01\/23\/yogun-kar-ve-tipi-nedeniyle-dogu-anadoluda-72-yerlesim-birimi-ulasima-kapandi\/\" \/>\n<meta property=\"og:site_name\" content=\"Van Haber | Van X Haber | Van Haberleri\" \/>\n<meta property=\"article:published_time\" content=\"2024-01-23T08:22:44+00:00\" \/>\n<meta property=\"article:modified_time\" content=\"2024-01-23T08:22:45+00:00\" \/>\n<meta property=\"og:image\" content=\"https:\/\/vanxhaber.com\/wp-content\/uploads\/2024\/01\/kar-yagisi-1.jpg\" \/>\n\t<meta property=\"og:image:width\" content=\"641\" \/>\n\t<meta property=\"og:image:height\" content=\"380\" \/>\n\t<meta property=\"og:image:type\" content=\"image\/jpeg\" \/>\n<meta name=\"author\" content=\"Van X Haber\" \/>\n<meta name=\"twitter:card\" content=\"summary_large_image\" \/>\n<meta name=\"twitter:label1\" content=\"Yazan:\" \/>\n\t<meta name=\"twitter:data1\" content=\"Van X Haber\" \/>\n\t<meta name=\"twitter:label2\" content=\"Tahmini okuma s\u00fcresi\" \/>\n\t<meta name=\"twitter:data2\" content=\"2 dakika\" \/>\n<script type=\"application\/ld+json\" class=\"yoast-schema-graph\">{\"@context\":\"https:\/\/schema.org\",\"@graph\":[{\"@type\":\"Article\",\"@id\":\"https:\/\/vanxhaber.com\/index.php\/2024\/01\/23\/yogun-kar-ve-tipi-nedeniyle-dogu-anadoluda-72-yerlesim-birimi-ulasima-kapandi\/#article\",\"isPartOf\":{\"@id\":\"https:\/\/vanxhaber.com\/index.php\/2024\/01\/23\/yogun-kar-ve-tipi-nedeniyle-dogu-anadoluda-72-yerlesim-birimi-ulasima-kapandi\/\"},\"author\":{\"name\":\"Van X Haber\",\"@id\":\"https:\/\/vanxhaber.com\/#\/schema\/person\/a5fd8d89510cb5370e62ad176f7978ee\"},\"headline\":\"Yo\u011fun Kar ve Tipi Nedeniyle Do\u011fu Anadolu&#8217;da 72 Yerle\u015fim Birimi Ula\u015f\u0131ma Kapand\u0131\",\"datePublished\":\"2024-01-23T08:22:44+00:00\",\"dateModified\":\"2024-01-23T08:22:45+00:00\",\"mainEntityOfPage\":{\"@id\":\"https:\/\/vanxhaber.com\/index.php\/2024\/01\/23\/yogun-kar-ve-tipi-nedeniyle-dogu-anadoluda-72-yerlesim-birimi-ulasima-kapandi\/\"},\"wordCount\":266,\"commentCount\":0,\"image\":{\"@id\":\"https:\/\/vanxhaber.com\/index.php\/2024\/01\/23\/yogun-kar-ve-tipi-nedeniyle-dogu-anadoluda-72-yerlesim-birimi-ulasima-kapandi\/#primaryimage\"},\"thumbnailUrl\":\"https:\/\/vanxhaber.com\/wp-content\/uploads\/2024\/01\/kar-yagisi-1.jpg\",\"articleSection\":[\"Van Haber\"],\"inLanguage\":\"tr\",\"potentialAction\":[{\"@type\":\"CommentAction\",\"name\":\"Comment\",\"target\":[\"https:\/\/vanxhaber.com\/index.php\/2024\/01\/23\/yogun-kar-ve-tipi-nedeniyle-dogu-anadoluda-72-yerlesim-birimi-ulasima-kapandi\/#respond\"]}],\"copyrightYear\":\"2024\",\"copyrightHolder\":{\"@id\":\"https:\/\/vanxhaber.com\/#organization\"}},{\"@type\":\"WebPage\",\"@id\":\"https:\/\/vanxhaber.com\/index.php\/2024\/01\/23\/yogun-kar-ve-tipi-nedeniyle-dogu-anadoluda-72-yerlesim-birimi-ulasima-kapandi\/\",\"url\":\"https:\/\/vanxhaber.com\/index.php\/2024\/01\/23\/yogun-kar-ve-tipi-nedeniyle-dogu-anadoluda-72-yerlesim-birimi-ulasima-kapandi\/\",\"name\":\"Yo\u011fun Kar ve Tipi Nedeniyle Do\u011fu Anadolu'da 72 Yerle\u015fim Birimi Ula\u015f\u0131ma Kapand\u0131 - Van Haber | Van X Haber | Van Haberleri\",\"isPartOf\":{\"@id\":\"https:\/\/vanxhaber.com\/#website\"},\"primaryImageOfPage\":{\"@id\":\"https:\/\/vanxhaber.com\/index.php\/2024\/01\/23\/yogun-kar-ve-tipi-nedeniyle-dogu-anadoluda-72-yerlesim-birimi-ulasima-kapandi\/#primaryimage\"},\"image\":{\"@id\":\"https:\/\/vanxhaber.com\/index.php\/2024\/01\/23\/yogun-kar-ve-tipi-nedeniyle-dogu-anadoluda-72-yerlesim-birimi-ulasima-kapandi\/#primaryimage\"},\"thumbnailUrl\":\"https:\/\/vanxhaber.com\/wp-content\/uploads\/2024\/01\/kar-yagisi-1.jpg\",\"datePublished\":\"2024-01-23T08:22:44+00:00\",\"dateModified\":\"2024-01-23T08:22:45+00:00\",\"author\":{\"@id\":\"https:\/\/vanxhaber.com\/#\/schema\/person\/a5fd8d89510cb5370e62ad176f7978ee\"},\"breadcrumb\":{\"@id\":\"https:\/\/vanxhaber.com\/index.php\/2024\/01\/23\/yogun-kar-ve-tipi-nedeniyle-dogu-anadoluda-72-yerlesim-birimi-ulasima-kapandi\/#breadcrumb\"},\"inLanguage\":\"tr\",\"potentialAction\":[{\"@type\":\"ReadAction\",\"target\":[\"https:\/\/vanxhaber.com\/index.php\/2024\/01\/23\/yogun-kar-ve-tipi-nedeniyle-dogu-anadoluda-72-yerlesim-birimi-ulasima-kapandi\/\"]}]},{\"@type\":\"ImageObject\",\"inLanguage\":\"tr\",\"@id\":\"https:\/\/vanxhaber.com\/index.php\/2024\/01\/23\/yogun-kar-ve-tipi-nedeniyle-dogu-anadoluda-72-yerlesim-birimi-ulasima-kapandi\/#primaryimage\",\"url\":\"https:\/\/vanxhaber.com\/wp-content\/uploads\/2024\/01\/kar-yagisi-1.jpg\",\"contentUrl\":\"https:\/\/vanxhaber.com\/wp-content\/uploads\/2024\/01\/kar-yagisi-1.jpg\",\"width\":641,\"height\":380},{\"@type\":\"BreadcrumbList\",\"@id\":\"https:\/\/vanxhaber.com\/index.php\/2024\/01\/23\/yogun-kar-ve-tipi-nedeniyle-dogu-anadoluda-72-yerlesim-birimi-ulasima-kapandi\/#breadcrumb\",\"itemListElement\":[{\"@type\":\"ListItem\",\"position\":1,\"name\":\"Anasayfa\",\"item\":\"https:\/\/vanxhaber.com\/\"},{\"@type\":\"ListItem\",\"position\":2,\"name\":\"Yo\u011fun Kar ve Tipi Nedeniyle Do\u011fu Anadolu&#8217;da 72 Yerle\u015fim Birimi Ula\u015f\u0131ma Kapand\u0131\"}]},{\"@type\":\"WebSite\",\"@id\":\"https:\/\/vanxhaber.com\/#website\",\"url\":\"https:\/\/vanxhaber.com\/\",\"name\":\"Van Haber | Van X Haber | Van Haberleri\",\"description\":\"Van Haber, Van&#039;\u0131n ilk yapay zeka teknolojileri ile yaz\u0131lan Van X Haber ve Van Haberlerini aktif g\u00fcncel sunan tek vanhaber merkezidir.\",\"potentialAction\":[{\"@type\":\"SearchAction\",\"target\":{\"@type\":\"EntryPoint\",\"urlTemplate\":\"https:\/\/vanxhaber.com\/?s={search_term_string}\"},\"query-input\":{\"@type\":\"PropertyValueSpecification\",\"valueRequired\":true,\"valueName\":\"search_term_string\"}}],\"inLanguage\":\"tr\"},{\"@type\":\"Person\",\"@id\":\"https:\/\/vanxhaber.com\/#\/schema\/person\/a5fd8d89510cb5370e62ad176f7978ee\",\"name\":\"Van X Haber\",\"image\":{\"@type\":\"ImageObject\",\"inLanguage\":\"tr\",\"@id\":\"https:\/\/vanxhaber.com\/#\/schema\/person\/image\/\",\"url\":\"https:\/\/secure.gravatar.com\/avatar\/36f2f63826681263103acb5ca1e7bc1a6db11baea9b75dd091d89b74f2704b07?s=96&d=mm&r=g\",\"contentUrl\":\"https:\/\/secure.gravatar.com\/avatar\/36f2f63826681263103acb5ca1e7bc1a6db11baea9b75dd091d89b74f2704b07?s=96&d=mm&r=g\",\"caption\":\"Van X Haber\"},\"description\":\"Van X Haber Van'\u0131n ilk ve tek yeni nesil Van Haber merkezi. Son Dakika Van Haberleri ve G\u00fcncel Van haber merkezinde s\u0131cak geli\u015fmeleri aktarmaya devam edece\u011fiz.\",\"url\":\"https:\/\/vanxhaber.com\/index.php\/author\/vangazetesi\/\"}]}<\/script>\n<!-- \/ Yoast SEO Premium plugin. -->","yoast_head_json":{"title":"Yo\u011fun Kar ve Tipi Nedeniyle Do\u011fu Anadolu'da 72 Yerle\u015fim Birimi Ula\u015f\u0131ma Kapand\u0131 - Van Haber | Van X Haber | Van Haberleri","robots":{"index":"index","follow":"follow","max-snippet":"max-snippet:-1","max-image-preview":"max-image-preview:large","max-video-preview":"max-video-preview:-1"},"canonical":"https:\/\/vanxhaber.com\/index.php\/2024\/01\/23\/yogun-kar-ve-tipi-nedeniyle-dogu-anadoluda-72-yerlesim-birimi-ulasima-kapandi\/","og_locale":"tr_TR","og_type":"article","og_title":"Yo\u011fun Kar ve Tipi Nedeniyle Do\u011fu Anadolu'da 72 Yerle\u015fim Birimi Ula\u015f\u0131ma Kapand\u0131","og_description":"Van, Mu\u015f, Hakkari ve Bitlis&#8217;te Etkili Olan Kar Engeli, Sa\u011fl\u0131k ve Ula\u015f\u0131m Ekiplerini Zorluyor. Karla M\u00fccadele \u00c7al\u0131\u015fmalar\u0131 Devam Ediyor. Olumsuz hava ko\u015fullar\u0131 nedeniyle Van, Mu\u015f, Hakkari ve Bitlis illerinde 72 yerle\u015fim birimi ula\u015f\u0131ma kapand\u0131. Van&#8217;\u0131n k\u0131rsal kesimlerinde etkili olan kar ve tipi, ula\u015f\u0131m\u0131 olumsuz etkiledi. B\u00fcy\u00fck\u015fehir Belediyesi, 53 yerle\u015fim biriminin yolu kapand\u0131\u011f\u0131n\u0131 a\u00e7\u0131klad\u0131. Karla m\u00fccadele &hellip;","og_url":"https:\/\/vanxhaber.com\/index.php\/2024\/01\/23\/yogun-kar-ve-tipi-nedeniyle-dogu-anadoluda-72-yerlesim-birimi-ulasima-kapandi\/","og_site_name":"Van Haber | Van X Haber | Van Haberleri","article_published_time":"2024-01-23T08:22:44+00:00","article_modified_time":"2024-01-23T08:22:45+00:00","og_image":[{"width":641,"height":380,"url":"https:\/\/vanxhaber.com\/wp-content\/uploads\/2024\/01\/kar-yagisi-1.jpg","type":"image\/jpeg"}],"author":"Van X Haber","twitter_card":"summary_large_image","twitter_misc":{"Yazan:":"Van X Haber","Tahmini okuma s\u00fcresi":"2 dakika"},"schema":{"@context":"https:\/\/schema.org","@graph":[{"@type":"Article","@id":"https:\/\/vanxhaber.com\/index.php\/2024\/01\/23\/yogun-kar-ve-tipi-nedeniyle-dogu-anadoluda-72-yerlesim-birimi-ulasima-kapandi\/#article","isPartOf":{"@id":"https:\/\/vanxhaber.com\/index.php\/2024\/01\/23\/yogun-kar-ve-tipi-nedeniyle-dogu-anadoluda-72-yerlesim-birimi-ulasima-kapandi\/"},"author":{"name":"Van X Haber","@id":"https:\/\/vanxhaber.com\/#\/schema\/person\/a5fd8d89510cb5370e62ad176f7978ee"},"headline":"Yo\u011fun Kar ve Tipi Nedeniyle Do\u011fu Anadolu&#8217;da 72 Yerle\u015fim Birimi Ula\u015f\u0131ma Kapand\u0131","datePublished":"2024-01-23T08:22:44+00:00","dateModified":"2024-01-23T08:22:45+00:00","mainEntityOfPage":{"@id":"https:\/\/vanxhaber.com\/index.php\/2024\/01\/23\/yogun-kar-ve-tipi-nedeniyle-dogu-anadoluda-72-yerlesim-birimi-ulasima-kapandi\/"},"wordCount":266,"commentCount":0,"image":{"@id":"https:\/\/vanxhaber.com\/index.php\/2024\/01\/23\/yogun-kar-ve-tipi-nedeniyle-dogu-anadoluda-72-yerlesim-birimi-ulasima-kapandi\/#primaryimage"},"thumbnailUrl":"https:\/\/vanxhaber.com\/wp-content\/uploads\/2024\/01\/kar-yagisi-1.jpg","articleSection":["Van Haber"],"inLanguage":"tr","potentialAction":[{"@type":"CommentAction","name":"Comment","target":["https:\/\/vanxhaber.com\/index.php\/2024\/01\/23\/yogun-kar-ve-tipi-nedeniyle-dogu-anadoluda-72-yerlesim-birimi-ulasima-kapandi\/#respond"]}],"copyrightYear":"2024","copyrightHolder":{"@id":"https:\/\/vanxhaber.com\/#organization"}},{"@type":"WebPage","@id":"https:\/\/vanxhaber.com\/index.php\/2024\/01\/23\/yogun-kar-ve-tipi-nedeniyle-dogu-anadoluda-72-yerlesim-birimi-ulasima-kapandi\/","url":"https:\/\/vanxhaber.com\/index.php\/2024\/01\/23\/yogun-kar-ve-tipi-nedeniyle-dogu-anadoluda-72-yerlesim-birimi-ulasima-kapandi\/","name":"Yo\u011fun Kar ve Tipi Nedeniyle Do\u011fu Anadolu'da 72 Yerle\u015fim Birimi Ula\u015f\u0131ma Kapand\u0131 - Van Haber | Van X Haber | Van Haberleri","isPartOf":{"@id":"https:\/\/vanxhaber.com\/#website"},"primaryImageOfPage":{"@id":"https:\/\/vanxhaber.com\/index.php\/2024\/01\/23\/yogun-kar-ve-tipi-nedeniyle-dogu-anadoluda-72-yerlesim-birimi-ulasima-kapandi\/#primaryimage"},"image":{"@id":"https:\/\/vanxhaber.com\/index.php\/2024\/01\/23\/yogun-kar-ve-tipi-nedeniyle-dogu-anadoluda-72-yerlesim-birimi-ulasima-kapandi\/#primaryimage"},"thumbnailUrl":"https:\/\/vanxhaber.com\/wp-content\/uploads\/2024\/01\/kar-yagisi-1.jpg","datePublished":"2024-01-23T08:22:44+00:00","dateModified":"2024-01-23T08:22:45+00:00","author":{"@id":"https:\/\/vanxhaber.com\/#\/schema\/person\/a5fd8d89510cb5370e62ad176f7978ee"},"breadcrumb":{"@id":"https:\/\/vanxhaber.com\/index.php\/2024\/01\/23\/yogun-kar-ve-tipi-nedeniyle-dogu-anadoluda-72-yerlesim-birimi-ulasima-kapandi\/#breadcrumb"},"inLanguage":"tr","potentialAction":[{"@type":"ReadAction","target":["https:\/\/vanxhaber.com\/index.php\/2024\/01\/23\/yogun-kar-ve-tipi-nedeniyle-dogu-anadoluda-72-yerlesim-birimi-ulasima-kapandi\/"]}]},{"@type":"ImageObject","inLanguage":"tr","@id":"https:\/\/vanxhaber.com\/index.php\/2024\/01\/23\/yogun-kar-ve-tipi-nedeniyle-dogu-anadoluda-72-yerlesim-birimi-ulasima-kapandi\/#primaryimage","url":"https:\/\/vanxhaber.com\/wp-content\/uploads\/2024\/01\/kar-yagisi-1.jpg","contentUrl":"https:\/\/vanxhaber.com\/wp-content\/uploads\/2024\/01\/kar-yagisi-1.jpg","width":641,"height":380},{"@type":"BreadcrumbList","@id":"https:\/\/vanxhaber.com\/index.php\/2024\/01\/23\/yogun-kar-ve-tipi-nedeniyle-dogu-anadoluda-72-yerlesim-birimi-ulasima-kapandi\/#breadcrumb","itemListElement":[{"@type":"ListItem","position":1,"name":"Anasayfa","item":"https:\/\/vanxhaber.com\/"},{"@type":"ListItem","position":2,"name":"Yo\u011fun Kar ve Tipi Nedeniyle Do\u011fu Anadolu&#8217;da 72 Yerle\u015fim Birimi Ula\u015f\u0131ma Kapand\u0131"}]},{"@type":"WebSite","@id":"https:\/\/vanxhaber.com\/#website","url":"https:\/\/vanxhaber.com\/","name":"Van Haber | Van X Haber | Van Haberleri","description":"Van Haber, Van&#039;\u0131n ilk yapay zeka teknolojileri ile yaz\u0131lan Van X Haber ve Van Haberlerini aktif g\u00fcncel sunan tek vanhaber merkezidir.","potentialAction":[{"@type":"SearchAction","target":{"@type":"EntryPoint","urlTemplate":"https:\/\/vanxhaber.com\/?s={search_term_string}"},"query-input":{"@type":"PropertyValueSpecification","valueRequired":true,"valueName":"search_term_string"}}],"inLanguage":"tr"},{"@type":"Person","@id":"https:\/\/vanxhaber.com\/#\/schema\/person\/a5fd8d89510cb5370e62ad176f7978ee","name":"Van X Haber","image":{"@type":"ImageObject","inLanguage":"tr","@id":"https:\/\/vanxhaber.com\/#\/schema\/person\/image\/","url":"https:\/\/secure.gravatar.com\/avatar\/36f2f63826681263103acb5ca1e7bc1a6db11baea9b75dd091d89b74f2704b07?s=96&d=mm&r=g","contentUrl":"https:\/\/secure.gravatar.com\/avatar\/36f2f63826681263103acb5ca1e7bc1a6db11baea9b75dd091d89b74f2704b07?s=96&d=mm&r=g","caption":"Van X Haber"},"description":"Van X Haber Van'\u0131n ilk ve tek yeni nesil Van Haber merkezi. Son Dakika Van Haberleri ve G\u00fcncel Van haber merkezinde s\u0131cak geli\u015fmeleri aktarmaya devam edece\u011fiz.","url":"https:\/\/vanxhaber.com\/index.php\/author\/vangazetesi\/"}]}},"_links":{"self":[{"href":"https:\/\/vanxhaber.com\/index.php\/wp-json\/wp\/v2\/posts\/1434","targetHints":{"allow":["GET"]}}],"collection":[{"href":"https:\/\/vanxhaber.com\/index.php\/wp-json\/wp\/v2\/posts"}],"about":[{"href":"https:\/\/vanxhaber.com\/index.php\/wp-json\/wp\/v2\/types\/post"}],"author":[{"embeddable":true,"href":"https:\/\/vanxhaber.com\/index.php\/wp-json\/wp\/v2\/users\/2"}],"replies":[{"embeddable":true,"href":"https:\/\/vanxhaber.com\/index.php\/wp-json\/wp\/v2\/comments?post=1434"}],"version-history":[{"count":1,"href":"https:\/\/vanxhaber.com\/index.php\/wp-json\/wp\/v2\/posts\/1434\/revisions"}],"predecessor-version":[{"id":1437,"href":"https:\/\/vanxhaber.com\/index.php\/wp-json\/wp\/v2\/posts\/1434\/revisions\/1437"}],"wp:featuredmedia":[{"embeddable":true,"href":"https:\/\/vanxhaber.com\/index.php\/wp-json\/wp\/v2\/media\/1436"}],"wp:attachment":[{"href":"https:\/\/vanxhaber.com\/index.php\/wp-json\/wp\/v2\/media?parent=1434"}],"wp:term":[{"taxonomy":"category","embeddable":true,"href":"https:\/\/vanxhaber.com\/index.php\/wp-json\/wp\/v2\/categories?post=1434"},{"taxonomy":"post_tag","embeddable":true,"href":"https:\/\/vanxhaber.com\/index.php\/wp-json\/wp\/v2\/tags?post=1434"}],"curies":[{"name":"wp","href":"https:\/\/api.w.org\/{rel}","templated":true}]}}