{"id":1442,"date":"2024-01-23T08:34:47","date_gmt":"2024-01-23T08:34:47","guid":{"rendered":"https:\/\/vanxhaber.com\/?p=1442"},"modified":"2024-01-23T08:34:48","modified_gmt":"2024-01-23T08:34:48","slug":"muradiyede-korkunc-kaza-iki-kamyonet-carpisti-7-yarali","status":"publish","type":"post","link":"https:\/\/vanxhaber.com\/index.php\/2024\/01\/23\/muradiyede-korkunc-kaza-iki-kamyonet-carpisti-7-yarali\/","title":{"rendered":"Muradiye&#8217;de Korkun\u00e7 Kaza: \u0130ki Kamyonet \u00c7arp\u0131\u015ft\u0131, 7 Yaral\u0131"},"content":{"rendered":"\n<p><strong>Van&#8217;\u0131n Muradiye il\u00e7esinde, Van-Do\u011fubayaz\u0131t karayolu \u00fczerindeki A\u00e7\u0131kyol Mahallesi yak\u0131nlar\u0131nda meydana gelen trafik kazas\u0131nda, s\u00fcr\u00fcc\u00fclerinin ismi belirlenemeyen 65 EF 782 plakal\u0131 hafif ticari ara\u00e7 ile 25 ACT 132 plakal\u0131 nakliye kamyoneti \u00e7arp\u0131\u015ft\u0131. <\/strong>Kazada 7 ki\u015fi yaraland\u0131, yaral\u0131lar olay yerine gelen ambulanslarla Muradiye Devlet Hastanesine sevk edildi. Sa\u011fl\u0131k durumu a\u011f\u0131r olan 2 ki\u015fi bulunurken, kaza ile ilgili detayl\u0131 soru\u015fturma ba\u015flat\u0131ld\u0131.<\/p>\n\n\n\n<p>Van&#8217;\u0131n Muradiye il\u00e7esinde meydana gelen trafik kazas\u0131nda, iki kamyonetin \u00e7arp\u0131\u015fmas\u0131 sonucu 7 ki\u015fi yaraland\u0131. Yaral\u0131lar, ambulanslarla Muradiye Devlet Hastanesine kald\u0131r\u0131ld\u0131. Kazayla ilgili soru\u015fturma ba\u015flat\u0131ld\u0131.<\/p>\n","protected":false},"excerpt":{"rendered":"<p>Van&#8217;\u0131n Muradiye il\u00e7esinde, Van-Do\u011fubayaz\u0131t karayolu \u00fczerindeki A\u00e7\u0131kyol Mahallesi yak\u0131nlar\u0131nda meydana gelen trafik kazas\u0131nda, s\u00fcr\u00fcc\u00fclerinin ismi belirlenemeyen 65 EF 782 plakal\u0131 hafif ticari ara\u00e7 ile 25 ACT 132 plakal\u0131 nakliye kamyoneti \u00e7arp\u0131\u015ft\u0131. Kazada 7 ki\u015fi yaraland\u0131, yaral\u0131lar olay yerine gelen ambulanslarla Muradiye Devlet Hastanesine sevk edildi. Sa\u011fl\u0131k durumu a\u011f\u0131r olan 2 ki\u015fi bulunurken, kaza ile ilgili &hellip;<\/p>\n","protected":false},"author":2,"featured_media":1444,"comment_status":"open","ping_status":"closed","sticky":false,"template":"","format":"standard","meta":{"googlesitekit_rrm_CAowot3VCw:productID":"","footnotes":""},"categories":[1],"tags":[],"class_list":["post-1442","post","type-post","status-publish","format-standard","has-post-thumbnail","hentry","category-van-haber"],"yoast_head":"<!-- This site is optimized with the Yoast SEO Premium plugin v21.7 (Yoast SEO v26.7) - https:\/\/yoast.com\/wordpress\/plugins\/seo\/ -->\n<title>Muradiye&#039;de Korkun\u00e7 Kaza: \u0130ki Kamyonet \u00c7arp\u0131\u015ft\u0131, 7 Yaral\u0131 - Van Haber | Van X Haber | Van Haberleri<\/title>\n<meta name=\"robots\" content=\"index, follow, max-snippet:-1, max-image-preview:large, max-video-preview:-1\" \/>\n<link rel=\"canonical\" href=\"https:\/\/vanxhaber.com\/index.php\/2024\/01\/23\/muradiyede-korkunc-kaza-iki-kamyonet-carpisti-7-yarali\/\" \/>\n<meta property=\"og:locale\" content=\"tr_TR\" \/>\n<meta property=\"og:type\" content=\"article\" \/>\n<meta property=\"og:title\" content=\"Muradiye&#039;de Korkun\u00e7 Kaza: \u0130ki Kamyonet \u00c7arp\u0131\u015ft\u0131, 7 Yaral\u0131\" \/>\n<meta property=\"og:description\" content=\"Van&#8217;\u0131n Muradiye il\u00e7esinde, Van-Do\u011fubayaz\u0131t karayolu \u00fczerindeki A\u00e7\u0131kyol Mahallesi yak\u0131nlar\u0131nda meydana gelen trafik kazas\u0131nda, s\u00fcr\u00fcc\u00fclerinin ismi belirlenemeyen 65 EF 782 plakal\u0131 hafif ticari ara\u00e7 ile 25 ACT 132 plakal\u0131 nakliye kamyoneti \u00e7arp\u0131\u015ft\u0131. Kazada 7 ki\u015fi yaraland\u0131, yaral\u0131lar olay yerine gelen ambulanslarla Muradiye Devlet Hastanesine sevk edildi. Sa\u011fl\u0131k durumu a\u011f\u0131r olan 2 ki\u015fi bulunurken, kaza ile ilgili &hellip;\" \/>\n<meta property=\"og:url\" content=\"https:\/\/vanxhaber.com\/index.php\/2024\/01\/23\/muradiyede-korkunc-kaza-iki-kamyonet-carpisti-7-yarali\/\" \/>\n<meta property=\"og:site_name\" content=\"Van Haber | Van X Haber | Van Haberleri\" \/>\n<meta property=\"article:published_time\" content=\"2024-01-23T08:34:47+00:00\" \/>\n<meta property=\"article:modified_time\" content=\"2024-01-23T08:34:48+00:00\" \/>\n<meta property=\"og:image\" content=\"https:\/\/vanxhaber.com\/wp-content\/uploads\/2024\/01\/kaza-haberi.jpg\" \/>\n\t<meta property=\"og:image:width\" content=\"641\" \/>\n\t<meta property=\"og:image:height\" content=\"380\" \/>\n\t<meta property=\"og:image:type\" content=\"image\/jpeg\" \/>\n<meta name=\"author\" content=\"Van X Haber\" \/>\n<meta name=\"twitter:card\" content=\"summary_large_image\" \/>\n<meta name=\"twitter:label1\" content=\"Yazan:\" \/>\n\t<meta name=\"twitter:data1\" content=\"Van X Haber\" \/>\n\t<meta name=\"twitter:label2\" content=\"Tahmini okuma s\u00fcresi\" \/>\n\t<meta name=\"twitter:data2\" content=\"1 dakika\" \/>\n<script type=\"application\/ld+json\" class=\"yoast-schema-graph\">{\"@context\":\"https:\/\/schema.org\",\"@graph\":[{\"@type\":\"Article\",\"@id\":\"https:\/\/vanxhaber.com\/index.php\/2024\/01\/23\/muradiyede-korkunc-kaza-iki-kamyonet-carpisti-7-yarali\/#article\",\"isPartOf\":{\"@id\":\"https:\/\/vanxhaber.com\/index.php\/2024\/01\/23\/muradiyede-korkunc-kaza-iki-kamyonet-carpisti-7-yarali\/\"},\"author\":{\"name\":\"Van X Haber\",\"@id\":\"https:\/\/vanxhaber.com\/#\/schema\/person\/a5fd8d89510cb5370e62ad176f7978ee\"},\"headline\":\"Muradiye&#8217;de Korkun\u00e7 Kaza: \u0130ki Kamyonet \u00c7arp\u0131\u015ft\u0131, 7 Yaral\u0131\",\"datePublished\":\"2024-01-23T08:34:47+00:00\",\"dateModified\":\"2024-01-23T08:34:48+00:00\",\"mainEntityOfPage\":{\"@id\":\"https:\/\/vanxhaber.com\/index.php\/2024\/01\/23\/muradiyede-korkunc-kaza-iki-kamyonet-carpisti-7-yarali\/\"},\"wordCount\":116,\"commentCount\":0,\"image\":{\"@id\":\"https:\/\/vanxhaber.com\/index.php\/2024\/01\/23\/muradiyede-korkunc-kaza-iki-kamyonet-carpisti-7-yarali\/#primaryimage\"},\"thumbnailUrl\":\"https:\/\/vanxhaber.com\/wp-content\/uploads\/2024\/01\/kaza-haberi.jpg\",\"articleSection\":[\"Van Haber\"],\"inLanguage\":\"tr\",\"potentialAction\":[{\"@type\":\"CommentAction\",\"name\":\"Comment\",\"target\":[\"https:\/\/vanxhaber.com\/index.php\/2024\/01\/23\/muradiyede-korkunc-kaza-iki-kamyonet-carpisti-7-yarali\/#respond\"]}],\"copyrightYear\":\"2024\",\"copyrightHolder\":{\"@id\":\"https:\/\/vanxhaber.com\/#organization\"}},{\"@type\":\"WebPage\",\"@id\":\"https:\/\/vanxhaber.com\/index.php\/2024\/01\/23\/muradiyede-korkunc-kaza-iki-kamyonet-carpisti-7-yarali\/\",\"url\":\"https:\/\/vanxhaber.com\/index.php\/2024\/01\/23\/muradiyede-korkunc-kaza-iki-kamyonet-carpisti-7-yarali\/\",\"name\":\"Muradiye'de Korkun\u00e7 Kaza: \u0130ki Kamyonet \u00c7arp\u0131\u015ft\u0131, 7 Yaral\u0131 - Van Haber | Van X Haber | Van Haberleri\",\"isPartOf\":{\"@id\":\"https:\/\/vanxhaber.com\/#website\"},\"primaryImageOfPage\":{\"@id\":\"https:\/\/vanxhaber.com\/index.php\/2024\/01\/23\/muradiyede-korkunc-kaza-iki-kamyonet-carpisti-7-yarali\/#primaryimage\"},\"image\":{\"@id\":\"https:\/\/vanxhaber.com\/index.php\/2024\/01\/23\/muradiyede-korkunc-kaza-iki-kamyonet-carpisti-7-yarali\/#primaryimage\"},\"thumbnailUrl\":\"https:\/\/vanxhaber.com\/wp-content\/uploads\/2024\/01\/kaza-haberi.jpg\",\"datePublished\":\"2024-01-23T08:34:47+00:00\",\"dateModified\":\"2024-01-23T08:34:48+00:00\",\"author\":{\"@id\":\"https:\/\/vanxhaber.com\/#\/schema\/person\/a5fd8d89510cb5370e62ad176f7978ee\"},\"breadcrumb\":{\"@id\":\"https:\/\/vanxhaber.com\/index.php\/2024\/01\/23\/muradiyede-korkunc-kaza-iki-kamyonet-carpisti-7-yarali\/#breadcrumb\"},\"inLanguage\":\"tr\",\"potentialAction\":[{\"@type\":\"ReadAction\",\"target\":[\"https:\/\/vanxhaber.com\/index.php\/2024\/01\/23\/muradiyede-korkunc-kaza-iki-kamyonet-carpisti-7-yarali\/\"]}]},{\"@type\":\"ImageObject\",\"inLanguage\":\"tr\",\"@id\":\"https:\/\/vanxhaber.com\/index.php\/2024\/01\/23\/muradiyede-korkunc-kaza-iki-kamyonet-carpisti-7-yarali\/#primaryimage\",\"url\":\"https:\/\/vanxhaber.com\/wp-content\/uploads\/2024\/01\/kaza-haberi.jpg\",\"contentUrl\":\"https:\/\/vanxhaber.com\/wp-content\/uploads\/2024\/01\/kaza-haberi.jpg\",\"width\":641,\"height\":380},{\"@type\":\"BreadcrumbList\",\"@id\":\"https:\/\/vanxhaber.com\/index.php\/2024\/01\/23\/muradiyede-korkunc-kaza-iki-kamyonet-carpisti-7-yarali\/#breadcrumb\",\"itemListElement\":[{\"@type\":\"ListItem\",\"position\":1,\"name\":\"Anasayfa\",\"item\":\"https:\/\/vanxhaber.com\/\"},{\"@type\":\"ListItem\",\"position\":2,\"name\":\"Muradiye&#8217;de Korkun\u00e7 Kaza: \u0130ki Kamyonet \u00c7arp\u0131\u015ft\u0131, 7 Yaral\u0131\"}]},{\"@type\":\"WebSite\",\"@id\":\"https:\/\/vanxhaber.com\/#website\",\"url\":\"https:\/\/vanxhaber.com\/\",\"name\":\"Van Haber | Van X Haber | Van Haberleri\",\"description\":\"Van Haber, Van&#039;\u0131n ilk yapay zeka teknolojileri ile yaz\u0131lan Van X Haber ve Van Haberlerini aktif g\u00fcncel sunan tek vanhaber merkezidir.\",\"potentialAction\":[{\"@type\":\"SearchAction\",\"target\":{\"@type\":\"EntryPoint\",\"urlTemplate\":\"https:\/\/vanxhaber.com\/?s={search_term_string}\"},\"query-input\":{\"@type\":\"PropertyValueSpecification\",\"valueRequired\":true,\"valueName\":\"search_term_string\"}}],\"inLanguage\":\"tr\"},{\"@type\":\"Person\",\"@id\":\"https:\/\/vanxhaber.com\/#\/schema\/person\/a5fd8d89510cb5370e62ad176f7978ee\",\"name\":\"Van X Haber\",\"image\":{\"@type\":\"ImageObject\",\"inLanguage\":\"tr\",\"@id\":\"https:\/\/vanxhaber.com\/#\/schema\/person\/image\/\",\"url\":\"https:\/\/secure.gravatar.com\/avatar\/36f2f63826681263103acb5ca1e7bc1a6db11baea9b75dd091d89b74f2704b07?s=96&d=mm&r=g\",\"contentUrl\":\"https:\/\/secure.gravatar.com\/avatar\/36f2f63826681263103acb5ca1e7bc1a6db11baea9b75dd091d89b74f2704b07?s=96&d=mm&r=g\",\"caption\":\"Van X Haber\"},\"description\":\"Van X Haber Van'\u0131n ilk ve tek yeni nesil Van Haber merkezi. Son Dakika Van Haberleri ve G\u00fcncel Van haber merkezinde s\u0131cak geli\u015fmeleri aktarmaya devam edece\u011fiz.\",\"url\":\"https:\/\/vanxhaber.com\/index.php\/author\/vangazetesi\/\"}]}<\/script>\n<!-- \/ Yoast SEO Premium plugin. -->","yoast_head_json":{"title":"Muradiye'de Korkun\u00e7 Kaza: \u0130ki Kamyonet \u00c7arp\u0131\u015ft\u0131, 7 Yaral\u0131 - Van Haber | Van X Haber | Van Haberleri","robots":{"index":"index","follow":"follow","max-snippet":"max-snippet:-1","max-image-preview":"max-image-preview:large","max-video-preview":"max-video-preview:-1"},"canonical":"https:\/\/vanxhaber.com\/index.php\/2024\/01\/23\/muradiyede-korkunc-kaza-iki-kamyonet-carpisti-7-yarali\/","og_locale":"tr_TR","og_type":"article","og_title":"Muradiye'de Korkun\u00e7 Kaza: \u0130ki Kamyonet \u00c7arp\u0131\u015ft\u0131, 7 Yaral\u0131","og_description":"Van&#8217;\u0131n Muradiye il\u00e7esinde, Van-Do\u011fubayaz\u0131t karayolu \u00fczerindeki A\u00e7\u0131kyol Mahallesi yak\u0131nlar\u0131nda meydana gelen trafik kazas\u0131nda, s\u00fcr\u00fcc\u00fclerinin ismi belirlenemeyen 65 EF 782 plakal\u0131 hafif ticari ara\u00e7 ile 25 ACT 132 plakal\u0131 nakliye kamyoneti \u00e7arp\u0131\u015ft\u0131. Kazada 7 ki\u015fi yaraland\u0131, yaral\u0131lar olay yerine gelen ambulanslarla Muradiye Devlet Hastanesine sevk edildi. Sa\u011fl\u0131k durumu a\u011f\u0131r olan 2 ki\u015fi bulunurken, kaza ile ilgili &hellip;","og_url":"https:\/\/vanxhaber.com\/index.php\/2024\/01\/23\/muradiyede-korkunc-kaza-iki-kamyonet-carpisti-7-yarali\/","og_site_name":"Van Haber | Van X Haber | Van Haberleri","article_published_time":"2024-01-23T08:34:47+00:00","article_modified_time":"2024-01-23T08:34:48+00:00","og_image":[{"width":641,"height":380,"url":"https:\/\/vanxhaber.com\/wp-content\/uploads\/2024\/01\/kaza-haberi.jpg","type":"image\/jpeg"}],"author":"Van X Haber","twitter_card":"summary_large_image","twitter_misc":{"Yazan:":"Van X Haber","Tahmini okuma s\u00fcresi":"1 dakika"},"schema":{"@context":"https:\/\/schema.org","@graph":[{"@type":"Article","@id":"https:\/\/vanxhaber.com\/index.php\/2024\/01\/23\/muradiyede-korkunc-kaza-iki-kamyonet-carpisti-7-yarali\/#article","isPartOf":{"@id":"https:\/\/vanxhaber.com\/index.php\/2024\/01\/23\/muradiyede-korkunc-kaza-iki-kamyonet-carpisti-7-yarali\/"},"author":{"name":"Van X Haber","@id":"https:\/\/vanxhaber.com\/#\/schema\/person\/a5fd8d89510cb5370e62ad176f7978ee"},"headline":"Muradiye&#8217;de Korkun\u00e7 Kaza: \u0130ki Kamyonet \u00c7arp\u0131\u015ft\u0131, 7 Yaral\u0131","datePublished":"2024-01-23T08:34:47+00:00","dateModified":"2024-01-23T08:34:48+00:00","mainEntityOfPage":{"@id":"https:\/\/vanxhaber.com\/index.php\/2024\/01\/23\/muradiyede-korkunc-kaza-iki-kamyonet-carpisti-7-yarali\/"},"wordCount":116,"commentCount":0,"image":{"@id":"https:\/\/vanxhaber.com\/index.php\/2024\/01\/23\/muradiyede-korkunc-kaza-iki-kamyonet-carpisti-7-yarali\/#primaryimage"},"thumbnailUrl":"https:\/\/vanxhaber.com\/wp-content\/uploads\/2024\/01\/kaza-haberi.jpg","articleSection":["Van Haber"],"inLanguage":"tr","potentialAction":[{"@type":"CommentAction","name":"Comment","target":["https:\/\/vanxhaber.com\/index.php\/2024\/01\/23\/muradiyede-korkunc-kaza-iki-kamyonet-carpisti-7-yarali\/#respond"]}],"copyrightYear":"2024","copyrightHolder":{"@id":"https:\/\/vanxhaber.com\/#organization"}},{"@type":"WebPage","@id":"https:\/\/vanxhaber.com\/index.php\/2024\/01\/23\/muradiyede-korkunc-kaza-iki-kamyonet-carpisti-7-yarali\/","url":"https:\/\/vanxhaber.com\/index.php\/2024\/01\/23\/muradiyede-korkunc-kaza-iki-kamyonet-carpisti-7-yarali\/","name":"Muradiye'de Korkun\u00e7 Kaza: \u0130ki Kamyonet \u00c7arp\u0131\u015ft\u0131, 7 Yaral\u0131 - Van Haber | Van X Haber | Van Haberleri","isPartOf":{"@id":"https:\/\/vanxhaber.com\/#website"},"primaryImageOfPage":{"@id":"https:\/\/vanxhaber.com\/index.php\/2024\/01\/23\/muradiyede-korkunc-kaza-iki-kamyonet-carpisti-7-yarali\/#primaryimage"},"image":{"@id":"https:\/\/vanxhaber.com\/index.php\/2024\/01\/23\/muradiyede-korkunc-kaza-iki-kamyonet-carpisti-7-yarali\/#primaryimage"},"thumbnailUrl":"https:\/\/vanxhaber.com\/wp-content\/uploads\/2024\/01\/kaza-haberi.jpg","datePublished":"2024-01-23T08:34:47+00:00","dateModified":"2024-01-23T08:34:48+00:00","author":{"@id":"https:\/\/vanxhaber.com\/#\/schema\/person\/a5fd8d89510cb5370e62ad176f7978ee"},"breadcrumb":{"@id":"https:\/\/vanxhaber.com\/index.php\/2024\/01\/23\/muradiyede-korkunc-kaza-iki-kamyonet-carpisti-7-yarali\/#breadcrumb"},"inLanguage":"tr","potentialAction":[{"@type":"ReadAction","target":["https:\/\/vanxhaber.com\/index.php\/2024\/01\/23\/muradiyede-korkunc-kaza-iki-kamyonet-carpisti-7-yarali\/"]}]},{"@type":"ImageObject","inLanguage":"tr","@id":"https:\/\/vanxhaber.com\/index.php\/2024\/01\/23\/muradiyede-korkunc-kaza-iki-kamyonet-carpisti-7-yarali\/#primaryimage","url":"https:\/\/vanxhaber.com\/wp-content\/uploads\/2024\/01\/kaza-haberi.jpg","contentUrl":"https:\/\/vanxhaber.com\/wp-content\/uploads\/2024\/01\/kaza-haberi.jpg","width":641,"height":380},{"@type":"BreadcrumbList","@id":"https:\/\/vanxhaber.com\/index.php\/2024\/01\/23\/muradiyede-korkunc-kaza-iki-kamyonet-carpisti-7-yarali\/#breadcrumb","itemListElement":[{"@type":"ListItem","position":1,"name":"Anasayfa","item":"https:\/\/vanxhaber.com\/"},{"@type":"ListItem","position":2,"name":"Muradiye&#8217;de Korkun\u00e7 Kaza: \u0130ki Kamyonet \u00c7arp\u0131\u015ft\u0131, 7 Yaral\u0131"}]},{"@type":"WebSite","@id":"https:\/\/vanxhaber.com\/#website","url":"https:\/\/vanxhaber.com\/","name":"Van Haber | Van X Haber | Van Haberleri","description":"Van Haber, Van&#039;\u0131n ilk yapay zeka teknolojileri ile yaz\u0131lan Van X Haber ve Van Haberlerini aktif g\u00fcncel sunan tek vanhaber merkezidir.","potentialAction":[{"@type":"SearchAction","target":{"@type":"EntryPoint","urlTemplate":"https:\/\/vanxhaber.com\/?s={search_term_string}"},"query-input":{"@type":"PropertyValueSpecification","valueRequired":true,"valueName":"search_term_string"}}],"inLanguage":"tr"},{"@type":"Person","@id":"https:\/\/vanxhaber.com\/#\/schema\/person\/a5fd8d89510cb5370e62ad176f7978ee","name":"Van X Haber","image":{"@type":"ImageObject","inLanguage":"tr","@id":"https:\/\/vanxhaber.com\/#\/schema\/person\/image\/","url":"https:\/\/secure.gravatar.com\/avatar\/36f2f63826681263103acb5ca1e7bc1a6db11baea9b75dd091d89b74f2704b07?s=96&d=mm&r=g","contentUrl":"https:\/\/secure.gravatar.com\/avatar\/36f2f63826681263103acb5ca1e7bc1a6db11baea9b75dd091d89b74f2704b07?s=96&d=mm&r=g","caption":"Van X Haber"},"description":"Van X Haber Van'\u0131n ilk ve tek yeni nesil Van Haber merkezi. Son Dakika Van Haberleri ve G\u00fcncel Van haber merkezinde s\u0131cak geli\u015fmeleri aktarmaya devam edece\u011fiz.","url":"https:\/\/vanxhaber.com\/index.php\/author\/vangazetesi\/"}]}},"_links":{"self":[{"href":"https:\/\/vanxhaber.com\/index.php\/wp-json\/wp\/v2\/posts\/1442","targetHints":{"allow":["GET"]}}],"collection":[{"href":"https:\/\/vanxhaber.com\/index.php\/wp-json\/wp\/v2\/posts"}],"about":[{"href":"https:\/\/vanxhaber.com\/index.php\/wp-json\/wp\/v2\/types\/post"}],"author":[{"embeddable":true,"href":"https:\/\/vanxhaber.com\/index.php\/wp-json\/wp\/v2\/users\/2"}],"replies":[{"embeddable":true,"href":"https:\/\/vanxhaber.com\/index.php\/wp-json\/wp\/v2\/comments?post=1442"}],"version-history":[{"count":1,"href":"https:\/\/vanxhaber.com\/index.php\/wp-json\/wp\/v2\/posts\/1442\/revisions"}],"predecessor-version":[{"id":1445,"href":"https:\/\/vanxhaber.com\/index.php\/wp-json\/wp\/v2\/posts\/1442\/revisions\/1445"}],"wp:featuredmedia":[{"embeddable":true,"href":"https:\/\/vanxhaber.com\/index.php\/wp-json\/wp\/v2\/media\/1444"}],"wp:attachment":[{"href":"https:\/\/vanxhaber.com\/index.php\/wp-json\/wp\/v2\/media?parent=1442"}],"wp:term":[{"taxonomy":"category","embeddable":true,"href":"https:\/\/vanxhaber.com\/index.php\/wp-json\/wp\/v2\/categories?post=1442"},{"taxonomy":"post_tag","embeddable":true,"href":"https:\/\/vanxhaber.com\/index.php\/wp-json\/wp\/v2\/tags?post=1442"}],"curies":[{"name":"wp","href":"https:\/\/api.w.org\/{rel}","templated":true}]}}