{"id":1446,"date":"2024-01-23T11:06:38","date_gmt":"2024-01-23T11:06:38","guid":{"rendered":"https:\/\/vanxhaber.com\/?p=1446"},"modified":"2024-01-23T11:06:39","modified_gmt":"2024-01-23T11:06:39","slug":"van-tusba-ilce-milli-egitim-mudurune-atanan-ceylaniye-hayirli-olsun-ziyareti","status":"publish","type":"post","link":"https:\/\/vanxhaber.com\/index.php\/2024\/01\/23\/van-tusba-ilce-milli-egitim-mudurune-atanan-ceylaniye-hayirli-olsun-ziyareti\/","title":{"rendered":"Van Tu\u015fba \u0130l\u00e7e Milli E\u011fitim M\u00fcd\u00fcr\u00fcne Atanan Ceylani&#8217;ye &#8220;Hay\u0131rl\u0131 Olsun&#8221; Ziyareti"},"content":{"rendered":"\n<p><strong>Van Tu\u015fba \u0130l\u00e7e Milli E\u011fitim M\u00fcd\u00fcrl\u00fc\u011f\u00fcne atanan Muhlis Ceylan&#8217;iyi makam\u0131nda ziyaret ederek, hay\u0131rl\u0131 olsun dileklerinde bulundu.<\/strong><\/p>\n\n\n\n<p>Milli E\u011fitim Bakan\u0131 Prof.Dr. Yusuf Tekin&#8217;in tensipleriyle g\u00f6reve gelmesiyle birlikte il\u00e7e milli e\u011fitim m\u00fcd\u00fcrl\u00fcklerinde de\u011fi\u015fikli\u011fe gidildi. Yap\u0131lan atamalar do\u011frultusunda, Van&#8217;\u0131n Tu\u015fba \u0130l\u00e7esi Milli E\u011fitim M\u00fcd\u00fcr\u00fc M.Bak\u0131r Bedevio\u011flu, yerine Tu\u015fba \u0130l\u00e7e Milli E\u011fitim \u015eube M\u00fcd\u00fcr\u00fc Muhlis Ceylan&#8217;i atand\u0131.<\/p>\n\n\n\n<p>Son Dakika ,Tarafs\u0131z VAN haberleri olarak Tu\u015fba \u0130l\u00e7e Milli E\u011fitim M\u00fcd\u00fcr\u00fc Muhlis Ceylan&#8217;i atamas\u0131 yerinde bir karar ve Sevindirirken, E\u011fitim \u00fczerine bir \u00e7ok konunun de\u011ferlendirmeye al\u0131nd\u0131\u011f\u0131 ziyarette M\u00fcd\u00fcr Ceylan&#8217;i kurumlar\u0131nda ger\u00e7ekle\u015ftirdi\u011fi uygulamalar hakk\u0131nda bilgilendirmeler yapt\u0131.<\/p>\n\n\n\n<p>Ceylan&#8217;i;\u0130l\u00e7e Milli E\u011fitim M\u00fcd\u00fcrl\u00fc\u011f\u00fcm\u00fcz misyon ve vizyon hedefleri, proje ve uygulamalar\u0131n\u0131 \u00f6\u011frencilerimizin e\u011fitim \u00f6\u011fretim s\u00fcrecinde bu anlaml\u0131 ve k\u0131ymetli vazifeyi sizlerin gayret ve deste\u011fi ile etkin, verimli bir \u015fekilde icra etmek \u00fczere \u00fcst\u00fcn performans g\u00f6stermi\u015f olaca\u011f\u0131z. Ben bu ataman\u0131n il\u00e7emiz ve ilimiz i\u00e7in hay\u0131rl\u0131 olmas\u0131n\u0131 diliyorum\u201d dedi.<\/p>\n\n\n\n<p>Ziyaret sonunda ,\u0130l\u00e7e Milli E\u011fitim M\u00fcd\u00fcr\u00fcne \u00e7al\u0131\u015fmalar\u0131nda kolayl\u0131klar dileyerek hay\u0131rl\u0131 olsun temennilerini ilettikten sonra oradan ayr\u0131ld\u0131.<\/p>\n","protected":false},"excerpt":{"rendered":"<p>Van Tu\u015fba \u0130l\u00e7e Milli E\u011fitim M\u00fcd\u00fcrl\u00fc\u011f\u00fcne atanan Muhlis Ceylan&#8217;iyi makam\u0131nda ziyaret ederek, hay\u0131rl\u0131 olsun dileklerinde bulundu. Milli E\u011fitim Bakan\u0131 Prof.Dr. Yusuf Tekin&#8217;in tensipleriyle g\u00f6reve gelmesiyle birlikte il\u00e7e milli e\u011fitim m\u00fcd\u00fcrl\u00fcklerinde de\u011fi\u015fikli\u011fe gidildi. Yap\u0131lan atamalar do\u011frultusunda, Van&#8217;\u0131n Tu\u015fba \u0130l\u00e7esi Milli E\u011fitim M\u00fcd\u00fcr\u00fc M.Bak\u0131r Bedevio\u011flu, yerine Tu\u015fba \u0130l\u00e7e Milli E\u011fitim \u015eube M\u00fcd\u00fcr\u00fc Muhlis Ceylan&#8217;i atand\u0131. Son Dakika &hellip;<\/p>\n","protected":false},"author":2,"featured_media":1448,"comment_status":"open","ping_status":"closed","sticky":false,"template":"","format":"standard","meta":{"googlesitekit_rrm_CAowot3VCw:productID":"","footnotes":""},"categories":[1],"tags":[],"class_list":["post-1446","post","type-post","status-publish","format-standard","has-post-thumbnail","hentry","category-van-haber"],"yoast_head":"<!-- This site is optimized with the Yoast SEO Premium plugin v21.7 (Yoast SEO v26.7) - https:\/\/yoast.com\/wordpress\/plugins\/seo\/ -->\n<title>Van Tu\u015fba \u0130l\u00e7e Milli E\u011fitim M\u00fcd\u00fcr\u00fcne Atanan Ceylani&#039;ye &quot;Hay\u0131rl\u0131 Olsun&quot; Ziyareti - Van Haber | Van X Haber | Van Haberleri<\/title>\n<meta name=\"robots\" content=\"index, follow, max-snippet:-1, max-image-preview:large, max-video-preview:-1\" \/>\n<link rel=\"canonical\" href=\"https:\/\/vanxhaber.com\/index.php\/2024\/01\/23\/van-tusba-ilce-milli-egitim-mudurune-atanan-ceylaniye-hayirli-olsun-ziyareti\/\" \/>\n<meta property=\"og:locale\" content=\"tr_TR\" \/>\n<meta property=\"og:type\" content=\"article\" \/>\n<meta property=\"og:title\" content=\"Van Tu\u015fba \u0130l\u00e7e Milli E\u011fitim M\u00fcd\u00fcr\u00fcne Atanan Ceylani&#039;ye &quot;Hay\u0131rl\u0131 Olsun&quot; Ziyareti\" \/>\n<meta property=\"og:description\" content=\"Van Tu\u015fba \u0130l\u00e7e Milli E\u011fitim M\u00fcd\u00fcrl\u00fc\u011f\u00fcne atanan Muhlis Ceylan&#8217;iyi makam\u0131nda ziyaret ederek, hay\u0131rl\u0131 olsun dileklerinde bulundu. Milli E\u011fitim Bakan\u0131 Prof.Dr. Yusuf Tekin&#8217;in tensipleriyle g\u00f6reve gelmesiyle birlikte il\u00e7e milli e\u011fitim m\u00fcd\u00fcrl\u00fcklerinde de\u011fi\u015fikli\u011fe gidildi. Yap\u0131lan atamalar do\u011frultusunda, Van&#8217;\u0131n Tu\u015fba \u0130l\u00e7esi Milli E\u011fitim M\u00fcd\u00fcr\u00fc M.Bak\u0131r Bedevio\u011flu, yerine Tu\u015fba \u0130l\u00e7e Milli E\u011fitim \u015eube M\u00fcd\u00fcr\u00fc Muhlis Ceylan&#8217;i atand\u0131. Son Dakika &hellip;\" \/>\n<meta property=\"og:url\" content=\"https:\/\/vanxhaber.com\/index.php\/2024\/01\/23\/van-tusba-ilce-milli-egitim-mudurune-atanan-ceylaniye-hayirli-olsun-ziyareti\/\" \/>\n<meta property=\"og:site_name\" content=\"Van Haber | Van X Haber | Van Haberleri\" \/>\n<meta property=\"article:published_time\" content=\"2024-01-23T11:06:38+00:00\" \/>\n<meta property=\"article:modified_time\" content=\"2024-01-23T11:06:39+00:00\" \/>\n<meta property=\"og:image\" content=\"https:\/\/vanxhaber.com\/wp-content\/uploads\/2024\/01\/ziyare-haberi.jpg\" \/>\n\t<meta property=\"og:image:width\" content=\"641\" \/>\n\t<meta property=\"og:image:height\" content=\"380\" \/>\n\t<meta property=\"og:image:type\" content=\"image\/jpeg\" \/>\n<meta name=\"author\" content=\"Van X Haber\" \/>\n<meta name=\"twitter:card\" content=\"summary_large_image\" \/>\n<meta name=\"twitter:label1\" content=\"Yazan:\" \/>\n\t<meta name=\"twitter:data1\" content=\"Van X Haber\" \/>\n\t<meta name=\"twitter:label2\" content=\"Tahmini okuma s\u00fcresi\" \/>\n\t<meta name=\"twitter:data2\" content=\"2 dakika\" \/>\n<script type=\"application\/ld+json\" class=\"yoast-schema-graph\">{\"@context\":\"https:\/\/schema.org\",\"@graph\":[{\"@type\":\"Article\",\"@id\":\"https:\/\/vanxhaber.com\/index.php\/2024\/01\/23\/van-tusba-ilce-milli-egitim-mudurune-atanan-ceylaniye-hayirli-olsun-ziyareti\/#article\",\"isPartOf\":{\"@id\":\"https:\/\/vanxhaber.com\/index.php\/2024\/01\/23\/van-tusba-ilce-milli-egitim-mudurune-atanan-ceylaniye-hayirli-olsun-ziyareti\/\"},\"author\":{\"name\":\"Van X Haber\",\"@id\":\"https:\/\/vanxhaber.com\/#\/schema\/person\/a5fd8d89510cb5370e62ad176f7978ee\"},\"headline\":\"Van Tu\u015fba \u0130l\u00e7e Milli E\u011fitim M\u00fcd\u00fcr\u00fcne Atanan Ceylani&#8217;ye &#8220;Hay\u0131rl\u0131 Olsun&#8221; Ziyareti\",\"datePublished\":\"2024-01-23T11:06:38+00:00\",\"dateModified\":\"2024-01-23T11:06:39+00:00\",\"mainEntityOfPage\":{\"@id\":\"https:\/\/vanxhaber.com\/index.php\/2024\/01\/23\/van-tusba-ilce-milli-egitim-mudurune-atanan-ceylaniye-hayirli-olsun-ziyareti\/\"},\"wordCount\":257,\"commentCount\":0,\"image\":{\"@id\":\"https:\/\/vanxhaber.com\/index.php\/2024\/01\/23\/van-tusba-ilce-milli-egitim-mudurune-atanan-ceylaniye-hayirli-olsun-ziyareti\/#primaryimage\"},\"thumbnailUrl\":\"https:\/\/vanxhaber.com\/wp-content\/uploads\/2024\/01\/ziyare-haberi.jpg\",\"articleSection\":[\"Van Haber\"],\"inLanguage\":\"tr\",\"potentialAction\":[{\"@type\":\"CommentAction\",\"name\":\"Comment\",\"target\":[\"https:\/\/vanxhaber.com\/index.php\/2024\/01\/23\/van-tusba-ilce-milli-egitim-mudurune-atanan-ceylaniye-hayirli-olsun-ziyareti\/#respond\"]}],\"copyrightYear\":\"2024\",\"copyrightHolder\":{\"@id\":\"https:\/\/vanxhaber.com\/#organization\"}},{\"@type\":\"WebPage\",\"@id\":\"https:\/\/vanxhaber.com\/index.php\/2024\/01\/23\/van-tusba-ilce-milli-egitim-mudurune-atanan-ceylaniye-hayirli-olsun-ziyareti\/\",\"url\":\"https:\/\/vanxhaber.com\/index.php\/2024\/01\/23\/van-tusba-ilce-milli-egitim-mudurune-atanan-ceylaniye-hayirli-olsun-ziyareti\/\",\"name\":\"Van Tu\u015fba \u0130l\u00e7e Milli E\u011fitim M\u00fcd\u00fcr\u00fcne Atanan Ceylani'ye \\\"Hay\u0131rl\u0131 Olsun\\\" Ziyareti - Van Haber | Van X Haber | Van Haberleri\",\"isPartOf\":{\"@id\":\"https:\/\/vanxhaber.com\/#website\"},\"primaryImageOfPage\":{\"@id\":\"https:\/\/vanxhaber.com\/index.php\/2024\/01\/23\/van-tusba-ilce-milli-egitim-mudurune-atanan-ceylaniye-hayirli-olsun-ziyareti\/#primaryimage\"},\"image\":{\"@id\":\"https:\/\/vanxhaber.com\/index.php\/2024\/01\/23\/van-tusba-ilce-milli-egitim-mudurune-atanan-ceylaniye-hayirli-olsun-ziyareti\/#primaryimage\"},\"thumbnailUrl\":\"https:\/\/vanxhaber.com\/wp-content\/uploads\/2024\/01\/ziyare-haberi.jpg\",\"datePublished\":\"2024-01-23T11:06:38+00:00\",\"dateModified\":\"2024-01-23T11:06:39+00:00\",\"author\":{\"@id\":\"https:\/\/vanxhaber.com\/#\/schema\/person\/a5fd8d89510cb5370e62ad176f7978ee\"},\"breadcrumb\":{\"@id\":\"https:\/\/vanxhaber.com\/index.php\/2024\/01\/23\/van-tusba-ilce-milli-egitim-mudurune-atanan-ceylaniye-hayirli-olsun-ziyareti\/#breadcrumb\"},\"inLanguage\":\"tr\",\"potentialAction\":[{\"@type\":\"ReadAction\",\"target\":[\"https:\/\/vanxhaber.com\/index.php\/2024\/01\/23\/van-tusba-ilce-milli-egitim-mudurune-atanan-ceylaniye-hayirli-olsun-ziyareti\/\"]}]},{\"@type\":\"ImageObject\",\"inLanguage\":\"tr\",\"@id\":\"https:\/\/vanxhaber.com\/index.php\/2024\/01\/23\/van-tusba-ilce-milli-egitim-mudurune-atanan-ceylaniye-hayirli-olsun-ziyareti\/#primaryimage\",\"url\":\"https:\/\/vanxhaber.com\/wp-content\/uploads\/2024\/01\/ziyare-haberi.jpg\",\"contentUrl\":\"https:\/\/vanxhaber.com\/wp-content\/uploads\/2024\/01\/ziyare-haberi.jpg\",\"width\":641,\"height\":380},{\"@type\":\"BreadcrumbList\",\"@id\":\"https:\/\/vanxhaber.com\/index.php\/2024\/01\/23\/van-tusba-ilce-milli-egitim-mudurune-atanan-ceylaniye-hayirli-olsun-ziyareti\/#breadcrumb\",\"itemListElement\":[{\"@type\":\"ListItem\",\"position\":1,\"name\":\"Anasayfa\",\"item\":\"https:\/\/vanxhaber.com\/\"},{\"@type\":\"ListItem\",\"position\":2,\"name\":\"Van Tu\u015fba \u0130l\u00e7e Milli E\u011fitim M\u00fcd\u00fcr\u00fcne Atanan Ceylani&#8217;ye &#8220;Hay\u0131rl\u0131 Olsun&#8221; Ziyareti\"}]},{\"@type\":\"WebSite\",\"@id\":\"https:\/\/vanxhaber.com\/#website\",\"url\":\"https:\/\/vanxhaber.com\/\",\"name\":\"Van Haber | Van X Haber | Van Haberleri\",\"description\":\"Van Haber, Van&#039;\u0131n ilk yapay zeka teknolojileri ile yaz\u0131lan Van X Haber ve Van Haberlerini aktif g\u00fcncel sunan tek vanhaber merkezidir.\",\"potentialAction\":[{\"@type\":\"SearchAction\",\"target\":{\"@type\":\"EntryPoint\",\"urlTemplate\":\"https:\/\/vanxhaber.com\/?s={search_term_string}\"},\"query-input\":{\"@type\":\"PropertyValueSpecification\",\"valueRequired\":true,\"valueName\":\"search_term_string\"}}],\"inLanguage\":\"tr\"},{\"@type\":\"Person\",\"@id\":\"https:\/\/vanxhaber.com\/#\/schema\/person\/a5fd8d89510cb5370e62ad176f7978ee\",\"name\":\"Van X Haber\",\"image\":{\"@type\":\"ImageObject\",\"inLanguage\":\"tr\",\"@id\":\"https:\/\/vanxhaber.com\/#\/schema\/person\/image\/\",\"url\":\"https:\/\/secure.gravatar.com\/avatar\/36f2f63826681263103acb5ca1e7bc1a6db11baea9b75dd091d89b74f2704b07?s=96&d=mm&r=g\",\"contentUrl\":\"https:\/\/secure.gravatar.com\/avatar\/36f2f63826681263103acb5ca1e7bc1a6db11baea9b75dd091d89b74f2704b07?s=96&d=mm&r=g\",\"caption\":\"Van X Haber\"},\"description\":\"Van X Haber Van'\u0131n ilk ve tek yeni nesil Van Haber merkezi. Son Dakika Van Haberleri ve G\u00fcncel Van haber merkezinde s\u0131cak geli\u015fmeleri aktarmaya devam edece\u011fiz.\",\"url\":\"https:\/\/vanxhaber.com\/index.php\/author\/vangazetesi\/\"}]}<\/script>\n<!-- \/ Yoast SEO Premium plugin. -->","yoast_head_json":{"title":"Van Tu\u015fba \u0130l\u00e7e Milli E\u011fitim M\u00fcd\u00fcr\u00fcne Atanan Ceylani'ye \"Hay\u0131rl\u0131 Olsun\" Ziyareti - Van Haber | Van X Haber | Van Haberleri","robots":{"index":"index","follow":"follow","max-snippet":"max-snippet:-1","max-image-preview":"max-image-preview:large","max-video-preview":"max-video-preview:-1"},"canonical":"https:\/\/vanxhaber.com\/index.php\/2024\/01\/23\/van-tusba-ilce-milli-egitim-mudurune-atanan-ceylaniye-hayirli-olsun-ziyareti\/","og_locale":"tr_TR","og_type":"article","og_title":"Van Tu\u015fba \u0130l\u00e7e Milli E\u011fitim M\u00fcd\u00fcr\u00fcne Atanan Ceylani'ye \"Hay\u0131rl\u0131 Olsun\" Ziyareti","og_description":"Van Tu\u015fba \u0130l\u00e7e Milli E\u011fitim M\u00fcd\u00fcrl\u00fc\u011f\u00fcne atanan Muhlis Ceylan&#8217;iyi makam\u0131nda ziyaret ederek, hay\u0131rl\u0131 olsun dileklerinde bulundu. Milli E\u011fitim Bakan\u0131 Prof.Dr. Yusuf Tekin&#8217;in tensipleriyle g\u00f6reve gelmesiyle birlikte il\u00e7e milli e\u011fitim m\u00fcd\u00fcrl\u00fcklerinde de\u011fi\u015fikli\u011fe gidildi. Yap\u0131lan atamalar do\u011frultusunda, Van&#8217;\u0131n Tu\u015fba \u0130l\u00e7esi Milli E\u011fitim M\u00fcd\u00fcr\u00fc M.Bak\u0131r Bedevio\u011flu, yerine Tu\u015fba \u0130l\u00e7e Milli E\u011fitim \u015eube M\u00fcd\u00fcr\u00fc Muhlis Ceylan&#8217;i atand\u0131. Son Dakika &hellip;","og_url":"https:\/\/vanxhaber.com\/index.php\/2024\/01\/23\/van-tusba-ilce-milli-egitim-mudurune-atanan-ceylaniye-hayirli-olsun-ziyareti\/","og_site_name":"Van Haber | Van X Haber | Van Haberleri","article_published_time":"2024-01-23T11:06:38+00:00","article_modified_time":"2024-01-23T11:06:39+00:00","og_image":[{"width":641,"height":380,"url":"https:\/\/vanxhaber.com\/wp-content\/uploads\/2024\/01\/ziyare-haberi.jpg","type":"image\/jpeg"}],"author":"Van X Haber","twitter_card":"summary_large_image","twitter_misc":{"Yazan:":"Van X Haber","Tahmini okuma s\u00fcresi":"2 dakika"},"schema":{"@context":"https:\/\/schema.org","@graph":[{"@type":"Article","@id":"https:\/\/vanxhaber.com\/index.php\/2024\/01\/23\/van-tusba-ilce-milli-egitim-mudurune-atanan-ceylaniye-hayirli-olsun-ziyareti\/#article","isPartOf":{"@id":"https:\/\/vanxhaber.com\/index.php\/2024\/01\/23\/van-tusba-ilce-milli-egitim-mudurune-atanan-ceylaniye-hayirli-olsun-ziyareti\/"},"author":{"name":"Van X Haber","@id":"https:\/\/vanxhaber.com\/#\/schema\/person\/a5fd8d89510cb5370e62ad176f7978ee"},"headline":"Van Tu\u015fba \u0130l\u00e7e Milli E\u011fitim M\u00fcd\u00fcr\u00fcne Atanan Ceylani&#8217;ye &#8220;Hay\u0131rl\u0131 Olsun&#8221; Ziyareti","datePublished":"2024-01-23T11:06:38+00:00","dateModified":"2024-01-23T11:06:39+00:00","mainEntityOfPage":{"@id":"https:\/\/vanxhaber.com\/index.php\/2024\/01\/23\/van-tusba-ilce-milli-egitim-mudurune-atanan-ceylaniye-hayirli-olsun-ziyareti\/"},"wordCount":257,"commentCount":0,"image":{"@id":"https:\/\/vanxhaber.com\/index.php\/2024\/01\/23\/van-tusba-ilce-milli-egitim-mudurune-atanan-ceylaniye-hayirli-olsun-ziyareti\/#primaryimage"},"thumbnailUrl":"https:\/\/vanxhaber.com\/wp-content\/uploads\/2024\/01\/ziyare-haberi.jpg","articleSection":["Van Haber"],"inLanguage":"tr","potentialAction":[{"@type":"CommentAction","name":"Comment","target":["https:\/\/vanxhaber.com\/index.php\/2024\/01\/23\/van-tusba-ilce-milli-egitim-mudurune-atanan-ceylaniye-hayirli-olsun-ziyareti\/#respond"]}],"copyrightYear":"2024","copyrightHolder":{"@id":"https:\/\/vanxhaber.com\/#organization"}},{"@type":"WebPage","@id":"https:\/\/vanxhaber.com\/index.php\/2024\/01\/23\/van-tusba-ilce-milli-egitim-mudurune-atanan-ceylaniye-hayirli-olsun-ziyareti\/","url":"https:\/\/vanxhaber.com\/index.php\/2024\/01\/23\/van-tusba-ilce-milli-egitim-mudurune-atanan-ceylaniye-hayirli-olsun-ziyareti\/","name":"Van Tu\u015fba \u0130l\u00e7e Milli E\u011fitim M\u00fcd\u00fcr\u00fcne Atanan Ceylani'ye \"Hay\u0131rl\u0131 Olsun\" Ziyareti - Van Haber | Van X Haber | Van Haberleri","isPartOf":{"@id":"https:\/\/vanxhaber.com\/#website"},"primaryImageOfPage":{"@id":"https:\/\/vanxhaber.com\/index.php\/2024\/01\/23\/van-tusba-ilce-milli-egitim-mudurune-atanan-ceylaniye-hayirli-olsun-ziyareti\/#primaryimage"},"image":{"@id":"https:\/\/vanxhaber.com\/index.php\/2024\/01\/23\/van-tusba-ilce-milli-egitim-mudurune-atanan-ceylaniye-hayirli-olsun-ziyareti\/#primaryimage"},"thumbnailUrl":"https:\/\/vanxhaber.com\/wp-content\/uploads\/2024\/01\/ziyare-haberi.jpg","datePublished":"2024-01-23T11:06:38+00:00","dateModified":"2024-01-23T11:06:39+00:00","author":{"@id":"https:\/\/vanxhaber.com\/#\/schema\/person\/a5fd8d89510cb5370e62ad176f7978ee"},"breadcrumb":{"@id":"https:\/\/vanxhaber.com\/index.php\/2024\/01\/23\/van-tusba-ilce-milli-egitim-mudurune-atanan-ceylaniye-hayirli-olsun-ziyareti\/#breadcrumb"},"inLanguage":"tr","potentialAction":[{"@type":"ReadAction","target":["https:\/\/vanxhaber.com\/index.php\/2024\/01\/23\/van-tusba-ilce-milli-egitim-mudurune-atanan-ceylaniye-hayirli-olsun-ziyareti\/"]}]},{"@type":"ImageObject","inLanguage":"tr","@id":"https:\/\/vanxhaber.com\/index.php\/2024\/01\/23\/van-tusba-ilce-milli-egitim-mudurune-atanan-ceylaniye-hayirli-olsun-ziyareti\/#primaryimage","url":"https:\/\/vanxhaber.com\/wp-content\/uploads\/2024\/01\/ziyare-haberi.jpg","contentUrl":"https:\/\/vanxhaber.com\/wp-content\/uploads\/2024\/01\/ziyare-haberi.jpg","width":641,"height":380},{"@type":"BreadcrumbList","@id":"https:\/\/vanxhaber.com\/index.php\/2024\/01\/23\/van-tusba-ilce-milli-egitim-mudurune-atanan-ceylaniye-hayirli-olsun-ziyareti\/#breadcrumb","itemListElement":[{"@type":"ListItem","position":1,"name":"Anasayfa","item":"https:\/\/vanxhaber.com\/"},{"@type":"ListItem","position":2,"name":"Van Tu\u015fba \u0130l\u00e7e Milli E\u011fitim M\u00fcd\u00fcr\u00fcne Atanan Ceylani&#8217;ye &#8220;Hay\u0131rl\u0131 Olsun&#8221; Ziyareti"}]},{"@type":"WebSite","@id":"https:\/\/vanxhaber.com\/#website","url":"https:\/\/vanxhaber.com\/","name":"Van Haber | Van X Haber | Van Haberleri","description":"Van Haber, Van&#039;\u0131n ilk yapay zeka teknolojileri ile yaz\u0131lan Van X Haber ve Van Haberlerini aktif g\u00fcncel sunan tek vanhaber merkezidir.","potentialAction":[{"@type":"SearchAction","target":{"@type":"EntryPoint","urlTemplate":"https:\/\/vanxhaber.com\/?s={search_term_string}"},"query-input":{"@type":"PropertyValueSpecification","valueRequired":true,"valueName":"search_term_string"}}],"inLanguage":"tr"},{"@type":"Person","@id":"https:\/\/vanxhaber.com\/#\/schema\/person\/a5fd8d89510cb5370e62ad176f7978ee","name":"Van X Haber","image":{"@type":"ImageObject","inLanguage":"tr","@id":"https:\/\/vanxhaber.com\/#\/schema\/person\/image\/","url":"https:\/\/secure.gravatar.com\/avatar\/36f2f63826681263103acb5ca1e7bc1a6db11baea9b75dd091d89b74f2704b07?s=96&d=mm&r=g","contentUrl":"https:\/\/secure.gravatar.com\/avatar\/36f2f63826681263103acb5ca1e7bc1a6db11baea9b75dd091d89b74f2704b07?s=96&d=mm&r=g","caption":"Van X Haber"},"description":"Van X Haber Van'\u0131n ilk ve tek yeni nesil Van Haber merkezi. Son Dakika Van Haberleri ve G\u00fcncel Van haber merkezinde s\u0131cak geli\u015fmeleri aktarmaya devam edece\u011fiz.","url":"https:\/\/vanxhaber.com\/index.php\/author\/vangazetesi\/"}]}},"_links":{"self":[{"href":"https:\/\/vanxhaber.com\/index.php\/wp-json\/wp\/v2\/posts\/1446","targetHints":{"allow":["GET"]}}],"collection":[{"href":"https:\/\/vanxhaber.com\/index.php\/wp-json\/wp\/v2\/posts"}],"about":[{"href":"https:\/\/vanxhaber.com\/index.php\/wp-json\/wp\/v2\/types\/post"}],"author":[{"embeddable":true,"href":"https:\/\/vanxhaber.com\/index.php\/wp-json\/wp\/v2\/users\/2"}],"replies":[{"embeddable":true,"href":"https:\/\/vanxhaber.com\/index.php\/wp-json\/wp\/v2\/comments?post=1446"}],"version-history":[{"count":1,"href":"https:\/\/vanxhaber.com\/index.php\/wp-json\/wp\/v2\/posts\/1446\/revisions"}],"predecessor-version":[{"id":1449,"href":"https:\/\/vanxhaber.com\/index.php\/wp-json\/wp\/v2\/posts\/1446\/revisions\/1449"}],"wp:featuredmedia":[{"embeddable":true,"href":"https:\/\/vanxhaber.com\/index.php\/wp-json\/wp\/v2\/media\/1448"}],"wp:attachment":[{"href":"https:\/\/vanxhaber.com\/index.php\/wp-json\/wp\/v2\/media?parent=1446"}],"wp:term":[{"taxonomy":"category","embeddable":true,"href":"https:\/\/vanxhaber.com\/index.php\/wp-json\/wp\/v2\/categories?post=1446"},{"taxonomy":"post_tag","embeddable":true,"href":"https:\/\/vanxhaber.com\/index.php\/wp-json\/wp\/v2\/tags?post=1446"}],"curies":[{"name":"wp","href":"https:\/\/api.w.org\/{rel}","templated":true}]}}