{"id":1450,"date":"2024-01-24T10:13:06","date_gmt":"2024-01-24T10:13:06","guid":{"rendered":"https:\/\/vanxhaber.com\/?p=1450"},"modified":"2024-01-24T10:13:08","modified_gmt":"2024-01-24T10:13:08","slug":"vanda-kar-yagisi-beraberinde-kazalarida-getirdi","status":"publish","type":"post","link":"https:\/\/vanxhaber.com\/index.php\/2024\/01\/24\/vanda-kar-yagisi-beraberinde-kazalarida-getirdi\/","title":{"rendered":"Van&#8217;da kar ya\u011f\u0131\u015f\u0131 beraberinde kazalar\u0131&#8217;da getirdi"},"content":{"rendered":"\n<p><strong>Van&#8217;da etkili olan kar ya\u011f\u0131\u015f\u0131 hayat\u0131 olumsuz y\u00f6nde etkilemeye devam ediyor. 429 yerle\u015fim yeri yolunun ula\u015f\u0131ma kapand\u0131\u011f\u0131 kentte u\u00e7ak seferleri ise r\u00f6tarl\u0131 yap\u0131l\u0131yor.<\/strong><\/p>\n\n\n\n<p><strong> <\/strong>Kar ya\u011f\u0131\u015f\u0131ndan dolay\u0131 Van Geva\u015f kara yolunda seyreden iki t\u0131r, kar ya\u011f\u0131\u015f\u0131ndan dolay\u0131 kayganla\u015fan yolda kontrolden \u00e7\u0131kt\u0131. Ayr\u0131 noktalarda ref\u00fcje \u00e7arparak durabilen t\u0131rlarda maddi hasar meydana gelirken, b\u00f6lgede kar ya\u011f\u0131\u015f\u0131 yo\u011fun \u015fekilde devam ediyor.<\/p>\n\n\n\n<p><strong>Van&#8217;<\/strong>\u0131n Edremit il\u00e7esinde etkili olan kar ya\u011f\u0131\u015f\u0131 nedeniyle kayganla\u015fan yol beraberinde kazalar\u0131 getirdi. Van-Geva\u015f kara yolunda seyreden iki t\u0131r, kar ya\u011f\u0131\u015f\u0131ndan dolay\u0131 kayganla\u015fan yolda kontrolden \u00e7\u0131karak ref\u00fcje \u00e7arpt\u0131. T\u0131rlarda maddi hasar meydana gelirken, b\u00f6lgede kar ya\u011f\u0131\u015f\u0131 yo\u011fun \u015fekilde devam ediyor.<\/p>\n","protected":false},"excerpt":{"rendered":"<p>Van&#8217;da etkili olan kar ya\u011f\u0131\u015f\u0131 hayat\u0131 olumsuz y\u00f6nde etkilemeye devam ediyor. 429 yerle\u015fim yeri yolunun ula\u015f\u0131ma kapand\u0131\u011f\u0131 kentte u\u00e7ak seferleri ise r\u00f6tarl\u0131 yap\u0131l\u0131yor. Kar ya\u011f\u0131\u015f\u0131ndan dolay\u0131 Van Geva\u015f kara yolunda seyreden iki t\u0131r, kar ya\u011f\u0131\u015f\u0131ndan dolay\u0131 kayganla\u015fan yolda kontrolden \u00e7\u0131kt\u0131. Ayr\u0131 noktalarda ref\u00fcje \u00e7arparak durabilen t\u0131rlarda maddi hasar meydana gelirken, b\u00f6lgede kar ya\u011f\u0131\u015f\u0131 yo\u011fun \u015fekilde &hellip;<\/p>\n","protected":false},"author":2,"featured_media":1452,"comment_status":"open","ping_status":"closed","sticky":false,"template":"","format":"standard","meta":{"googlesitekit_rrm_CAowot3VCw:productID":"","footnotes":""},"categories":[1],"tags":[],"class_list":["post-1450","post","type-post","status-publish","format-standard","has-post-thumbnail","hentry","category-van-haber"],"yoast_head":"<!-- This site is optimized with the Yoast SEO Premium plugin v21.7 (Yoast SEO v26.7) - https:\/\/yoast.com\/wordpress\/plugins\/seo\/ -->\n<title>Van&#039;da kar ya\u011f\u0131\u015f\u0131 beraberinde kazalar\u0131&#039;da getirdi - Van Haber | Van X Haber | Van Haberleri<\/title>\n<meta name=\"robots\" content=\"index, follow, max-snippet:-1, max-image-preview:large, max-video-preview:-1\" \/>\n<link rel=\"canonical\" href=\"https:\/\/vanxhaber.com\/index.php\/2024\/01\/24\/vanda-kar-yagisi-beraberinde-kazalarida-getirdi\/\" \/>\n<meta property=\"og:locale\" content=\"tr_TR\" \/>\n<meta property=\"og:type\" content=\"article\" \/>\n<meta property=\"og:title\" content=\"Van&#039;da kar ya\u011f\u0131\u015f\u0131 beraberinde kazalar\u0131&#039;da getirdi\" \/>\n<meta property=\"og:description\" content=\"Van&#8217;da etkili olan kar ya\u011f\u0131\u015f\u0131 hayat\u0131 olumsuz y\u00f6nde etkilemeye devam ediyor. 429 yerle\u015fim yeri yolunun ula\u015f\u0131ma kapand\u0131\u011f\u0131 kentte u\u00e7ak seferleri ise r\u00f6tarl\u0131 yap\u0131l\u0131yor. Kar ya\u011f\u0131\u015f\u0131ndan dolay\u0131 Van Geva\u015f kara yolunda seyreden iki t\u0131r, kar ya\u011f\u0131\u015f\u0131ndan dolay\u0131 kayganla\u015fan yolda kontrolden \u00e7\u0131kt\u0131. Ayr\u0131 noktalarda ref\u00fcje \u00e7arparak durabilen t\u0131rlarda maddi hasar meydana gelirken, b\u00f6lgede kar ya\u011f\u0131\u015f\u0131 yo\u011fun \u015fekilde &hellip;\" \/>\n<meta property=\"og:url\" content=\"https:\/\/vanxhaber.com\/index.php\/2024\/01\/24\/vanda-kar-yagisi-beraberinde-kazalarida-getirdi\/\" \/>\n<meta property=\"og:site_name\" content=\"Van Haber | Van X Haber | Van Haberleri\" \/>\n<meta property=\"article:published_time\" content=\"2024-01-24T10:13:06+00:00\" \/>\n<meta property=\"article:modified_time\" content=\"2024-01-24T10:13:08+00:00\" \/>\n<meta property=\"og:image\" content=\"https:\/\/vanxhaber.com\/wp-content\/uploads\/2024\/01\/van-da-kazalar.jpg\" \/>\n\t<meta property=\"og:image:width\" content=\"641\" \/>\n\t<meta property=\"og:image:height\" content=\"380\" \/>\n\t<meta property=\"og:image:type\" content=\"image\/jpeg\" \/>\n<meta name=\"author\" content=\"Van X Haber\" \/>\n<meta name=\"twitter:card\" content=\"summary_large_image\" \/>\n<meta name=\"twitter:label1\" content=\"Yazan:\" \/>\n\t<meta name=\"twitter:data1\" content=\"Van X Haber\" \/>\n\t<meta name=\"twitter:label2\" content=\"Tahmini okuma s\u00fcresi\" \/>\n\t<meta name=\"twitter:data2\" content=\"1 dakika\" \/>\n<script type=\"application\/ld+json\" class=\"yoast-schema-graph\">{\"@context\":\"https:\/\/schema.org\",\"@graph\":[{\"@type\":\"Article\",\"@id\":\"https:\/\/vanxhaber.com\/index.php\/2024\/01\/24\/vanda-kar-yagisi-beraberinde-kazalarida-getirdi\/#article\",\"isPartOf\":{\"@id\":\"https:\/\/vanxhaber.com\/index.php\/2024\/01\/24\/vanda-kar-yagisi-beraberinde-kazalarida-getirdi\/\"},\"author\":{\"name\":\"Van X Haber\",\"@id\":\"https:\/\/vanxhaber.com\/#\/schema\/person\/a5fd8d89510cb5370e62ad176f7978ee\"},\"headline\":\"Van&#8217;da kar ya\u011f\u0131\u015f\u0131 beraberinde kazalar\u0131&#8217;da getirdi\",\"datePublished\":\"2024-01-24T10:13:06+00:00\",\"dateModified\":\"2024-01-24T10:13:08+00:00\",\"mainEntityOfPage\":{\"@id\":\"https:\/\/vanxhaber.com\/index.php\/2024\/01\/24\/vanda-kar-yagisi-beraberinde-kazalarida-getirdi\/\"},\"wordCount\":130,\"commentCount\":0,\"image\":{\"@id\":\"https:\/\/vanxhaber.com\/index.php\/2024\/01\/24\/vanda-kar-yagisi-beraberinde-kazalarida-getirdi\/#primaryimage\"},\"thumbnailUrl\":\"https:\/\/vanxhaber.com\/wp-content\/uploads\/2024\/01\/van-da-kazalar.jpg\",\"articleSection\":[\"Van Haber\"],\"inLanguage\":\"tr\",\"potentialAction\":[{\"@type\":\"CommentAction\",\"name\":\"Comment\",\"target\":[\"https:\/\/vanxhaber.com\/index.php\/2024\/01\/24\/vanda-kar-yagisi-beraberinde-kazalarida-getirdi\/#respond\"]}],\"copyrightYear\":\"2024\",\"copyrightHolder\":{\"@id\":\"https:\/\/vanxhaber.com\/#organization\"}},{\"@type\":\"WebPage\",\"@id\":\"https:\/\/vanxhaber.com\/index.php\/2024\/01\/24\/vanda-kar-yagisi-beraberinde-kazalarida-getirdi\/\",\"url\":\"https:\/\/vanxhaber.com\/index.php\/2024\/01\/24\/vanda-kar-yagisi-beraberinde-kazalarida-getirdi\/\",\"name\":\"Van'da kar ya\u011f\u0131\u015f\u0131 beraberinde kazalar\u0131'da getirdi - Van Haber | Van X Haber | Van Haberleri\",\"isPartOf\":{\"@id\":\"https:\/\/vanxhaber.com\/#website\"},\"primaryImageOfPage\":{\"@id\":\"https:\/\/vanxhaber.com\/index.php\/2024\/01\/24\/vanda-kar-yagisi-beraberinde-kazalarida-getirdi\/#primaryimage\"},\"image\":{\"@id\":\"https:\/\/vanxhaber.com\/index.php\/2024\/01\/24\/vanda-kar-yagisi-beraberinde-kazalarida-getirdi\/#primaryimage\"},\"thumbnailUrl\":\"https:\/\/vanxhaber.com\/wp-content\/uploads\/2024\/01\/van-da-kazalar.jpg\",\"datePublished\":\"2024-01-24T10:13:06+00:00\",\"dateModified\":\"2024-01-24T10:13:08+00:00\",\"author\":{\"@id\":\"https:\/\/vanxhaber.com\/#\/schema\/person\/a5fd8d89510cb5370e62ad176f7978ee\"},\"breadcrumb\":{\"@id\":\"https:\/\/vanxhaber.com\/index.php\/2024\/01\/24\/vanda-kar-yagisi-beraberinde-kazalarida-getirdi\/#breadcrumb\"},\"inLanguage\":\"tr\",\"potentialAction\":[{\"@type\":\"ReadAction\",\"target\":[\"https:\/\/vanxhaber.com\/index.php\/2024\/01\/24\/vanda-kar-yagisi-beraberinde-kazalarida-getirdi\/\"]}]},{\"@type\":\"ImageObject\",\"inLanguage\":\"tr\",\"@id\":\"https:\/\/vanxhaber.com\/index.php\/2024\/01\/24\/vanda-kar-yagisi-beraberinde-kazalarida-getirdi\/#primaryimage\",\"url\":\"https:\/\/vanxhaber.com\/wp-content\/uploads\/2024\/01\/van-da-kazalar.jpg\",\"contentUrl\":\"https:\/\/vanxhaber.com\/wp-content\/uploads\/2024\/01\/van-da-kazalar.jpg\",\"width\":641,\"height\":380},{\"@type\":\"BreadcrumbList\",\"@id\":\"https:\/\/vanxhaber.com\/index.php\/2024\/01\/24\/vanda-kar-yagisi-beraberinde-kazalarida-getirdi\/#breadcrumb\",\"itemListElement\":[{\"@type\":\"ListItem\",\"position\":1,\"name\":\"Anasayfa\",\"item\":\"https:\/\/vanxhaber.com\/\"},{\"@type\":\"ListItem\",\"position\":2,\"name\":\"Van&#8217;da kar ya\u011f\u0131\u015f\u0131 beraberinde kazalar\u0131&#8217;da getirdi\"}]},{\"@type\":\"WebSite\",\"@id\":\"https:\/\/vanxhaber.com\/#website\",\"url\":\"https:\/\/vanxhaber.com\/\",\"name\":\"Van Haber | Van X Haber | Van Haberleri\",\"description\":\"Van Haber, Van&#039;\u0131n ilk yapay zeka teknolojileri ile yaz\u0131lan Van X Haber ve Van Haberlerini aktif g\u00fcncel sunan tek vanhaber merkezidir.\",\"potentialAction\":[{\"@type\":\"SearchAction\",\"target\":{\"@type\":\"EntryPoint\",\"urlTemplate\":\"https:\/\/vanxhaber.com\/?s={search_term_string}\"},\"query-input\":{\"@type\":\"PropertyValueSpecification\",\"valueRequired\":true,\"valueName\":\"search_term_string\"}}],\"inLanguage\":\"tr\"},{\"@type\":\"Person\",\"@id\":\"https:\/\/vanxhaber.com\/#\/schema\/person\/a5fd8d89510cb5370e62ad176f7978ee\",\"name\":\"Van X Haber\",\"image\":{\"@type\":\"ImageObject\",\"inLanguage\":\"tr\",\"@id\":\"https:\/\/vanxhaber.com\/#\/schema\/person\/image\/\",\"url\":\"https:\/\/secure.gravatar.com\/avatar\/36f2f63826681263103acb5ca1e7bc1a6db11baea9b75dd091d89b74f2704b07?s=96&d=mm&r=g\",\"contentUrl\":\"https:\/\/secure.gravatar.com\/avatar\/36f2f63826681263103acb5ca1e7bc1a6db11baea9b75dd091d89b74f2704b07?s=96&d=mm&r=g\",\"caption\":\"Van X Haber\"},\"description\":\"Van X Haber Van'\u0131n ilk ve tek yeni nesil Van Haber merkezi. Son Dakika Van Haberleri ve G\u00fcncel Van haber merkezinde s\u0131cak geli\u015fmeleri aktarmaya devam edece\u011fiz.\",\"url\":\"https:\/\/vanxhaber.com\/index.php\/author\/vangazetesi\/\"}]}<\/script>\n<!-- \/ Yoast SEO Premium plugin. -->","yoast_head_json":{"title":"Van'da kar ya\u011f\u0131\u015f\u0131 beraberinde kazalar\u0131'da getirdi - Van Haber | Van X Haber | Van Haberleri","robots":{"index":"index","follow":"follow","max-snippet":"max-snippet:-1","max-image-preview":"max-image-preview:large","max-video-preview":"max-video-preview:-1"},"canonical":"https:\/\/vanxhaber.com\/index.php\/2024\/01\/24\/vanda-kar-yagisi-beraberinde-kazalarida-getirdi\/","og_locale":"tr_TR","og_type":"article","og_title":"Van'da kar ya\u011f\u0131\u015f\u0131 beraberinde kazalar\u0131'da getirdi","og_description":"Van&#8217;da etkili olan kar ya\u011f\u0131\u015f\u0131 hayat\u0131 olumsuz y\u00f6nde etkilemeye devam ediyor. 429 yerle\u015fim yeri yolunun ula\u015f\u0131ma kapand\u0131\u011f\u0131 kentte u\u00e7ak seferleri ise r\u00f6tarl\u0131 yap\u0131l\u0131yor. Kar ya\u011f\u0131\u015f\u0131ndan dolay\u0131 Van Geva\u015f kara yolunda seyreden iki t\u0131r, kar ya\u011f\u0131\u015f\u0131ndan dolay\u0131 kayganla\u015fan yolda kontrolden \u00e7\u0131kt\u0131. Ayr\u0131 noktalarda ref\u00fcje \u00e7arparak durabilen t\u0131rlarda maddi hasar meydana gelirken, b\u00f6lgede kar ya\u011f\u0131\u015f\u0131 yo\u011fun \u015fekilde &hellip;","og_url":"https:\/\/vanxhaber.com\/index.php\/2024\/01\/24\/vanda-kar-yagisi-beraberinde-kazalarida-getirdi\/","og_site_name":"Van Haber | Van X Haber | Van Haberleri","article_published_time":"2024-01-24T10:13:06+00:00","article_modified_time":"2024-01-24T10:13:08+00:00","og_image":[{"width":641,"height":380,"url":"https:\/\/vanxhaber.com\/wp-content\/uploads\/2024\/01\/van-da-kazalar.jpg","type":"image\/jpeg"}],"author":"Van X Haber","twitter_card":"summary_large_image","twitter_misc":{"Yazan:":"Van X Haber","Tahmini okuma s\u00fcresi":"1 dakika"},"schema":{"@context":"https:\/\/schema.org","@graph":[{"@type":"Article","@id":"https:\/\/vanxhaber.com\/index.php\/2024\/01\/24\/vanda-kar-yagisi-beraberinde-kazalarida-getirdi\/#article","isPartOf":{"@id":"https:\/\/vanxhaber.com\/index.php\/2024\/01\/24\/vanda-kar-yagisi-beraberinde-kazalarida-getirdi\/"},"author":{"name":"Van X Haber","@id":"https:\/\/vanxhaber.com\/#\/schema\/person\/a5fd8d89510cb5370e62ad176f7978ee"},"headline":"Van&#8217;da kar ya\u011f\u0131\u015f\u0131 beraberinde kazalar\u0131&#8217;da getirdi","datePublished":"2024-01-24T10:13:06+00:00","dateModified":"2024-01-24T10:13:08+00:00","mainEntityOfPage":{"@id":"https:\/\/vanxhaber.com\/index.php\/2024\/01\/24\/vanda-kar-yagisi-beraberinde-kazalarida-getirdi\/"},"wordCount":130,"commentCount":0,"image":{"@id":"https:\/\/vanxhaber.com\/index.php\/2024\/01\/24\/vanda-kar-yagisi-beraberinde-kazalarida-getirdi\/#primaryimage"},"thumbnailUrl":"https:\/\/vanxhaber.com\/wp-content\/uploads\/2024\/01\/van-da-kazalar.jpg","articleSection":["Van Haber"],"inLanguage":"tr","potentialAction":[{"@type":"CommentAction","name":"Comment","target":["https:\/\/vanxhaber.com\/index.php\/2024\/01\/24\/vanda-kar-yagisi-beraberinde-kazalarida-getirdi\/#respond"]}],"copyrightYear":"2024","copyrightHolder":{"@id":"https:\/\/vanxhaber.com\/#organization"}},{"@type":"WebPage","@id":"https:\/\/vanxhaber.com\/index.php\/2024\/01\/24\/vanda-kar-yagisi-beraberinde-kazalarida-getirdi\/","url":"https:\/\/vanxhaber.com\/index.php\/2024\/01\/24\/vanda-kar-yagisi-beraberinde-kazalarida-getirdi\/","name":"Van'da kar ya\u011f\u0131\u015f\u0131 beraberinde kazalar\u0131'da getirdi - Van Haber | Van X Haber | Van Haberleri","isPartOf":{"@id":"https:\/\/vanxhaber.com\/#website"},"primaryImageOfPage":{"@id":"https:\/\/vanxhaber.com\/index.php\/2024\/01\/24\/vanda-kar-yagisi-beraberinde-kazalarida-getirdi\/#primaryimage"},"image":{"@id":"https:\/\/vanxhaber.com\/index.php\/2024\/01\/24\/vanda-kar-yagisi-beraberinde-kazalarida-getirdi\/#primaryimage"},"thumbnailUrl":"https:\/\/vanxhaber.com\/wp-content\/uploads\/2024\/01\/van-da-kazalar.jpg","datePublished":"2024-01-24T10:13:06+00:00","dateModified":"2024-01-24T10:13:08+00:00","author":{"@id":"https:\/\/vanxhaber.com\/#\/schema\/person\/a5fd8d89510cb5370e62ad176f7978ee"},"breadcrumb":{"@id":"https:\/\/vanxhaber.com\/index.php\/2024\/01\/24\/vanda-kar-yagisi-beraberinde-kazalarida-getirdi\/#breadcrumb"},"inLanguage":"tr","potentialAction":[{"@type":"ReadAction","target":["https:\/\/vanxhaber.com\/index.php\/2024\/01\/24\/vanda-kar-yagisi-beraberinde-kazalarida-getirdi\/"]}]},{"@type":"ImageObject","inLanguage":"tr","@id":"https:\/\/vanxhaber.com\/index.php\/2024\/01\/24\/vanda-kar-yagisi-beraberinde-kazalarida-getirdi\/#primaryimage","url":"https:\/\/vanxhaber.com\/wp-content\/uploads\/2024\/01\/van-da-kazalar.jpg","contentUrl":"https:\/\/vanxhaber.com\/wp-content\/uploads\/2024\/01\/van-da-kazalar.jpg","width":641,"height":380},{"@type":"BreadcrumbList","@id":"https:\/\/vanxhaber.com\/index.php\/2024\/01\/24\/vanda-kar-yagisi-beraberinde-kazalarida-getirdi\/#breadcrumb","itemListElement":[{"@type":"ListItem","position":1,"name":"Anasayfa","item":"https:\/\/vanxhaber.com\/"},{"@type":"ListItem","position":2,"name":"Van&#8217;da kar ya\u011f\u0131\u015f\u0131 beraberinde kazalar\u0131&#8217;da getirdi"}]},{"@type":"WebSite","@id":"https:\/\/vanxhaber.com\/#website","url":"https:\/\/vanxhaber.com\/","name":"Van Haber | Van X Haber | Van Haberleri","description":"Van Haber, Van&#039;\u0131n ilk yapay zeka teknolojileri ile yaz\u0131lan Van X Haber ve Van Haberlerini aktif g\u00fcncel sunan tek vanhaber merkezidir.","potentialAction":[{"@type":"SearchAction","target":{"@type":"EntryPoint","urlTemplate":"https:\/\/vanxhaber.com\/?s={search_term_string}"},"query-input":{"@type":"PropertyValueSpecification","valueRequired":true,"valueName":"search_term_string"}}],"inLanguage":"tr"},{"@type":"Person","@id":"https:\/\/vanxhaber.com\/#\/schema\/person\/a5fd8d89510cb5370e62ad176f7978ee","name":"Van X Haber","image":{"@type":"ImageObject","inLanguage":"tr","@id":"https:\/\/vanxhaber.com\/#\/schema\/person\/image\/","url":"https:\/\/secure.gravatar.com\/avatar\/36f2f63826681263103acb5ca1e7bc1a6db11baea9b75dd091d89b74f2704b07?s=96&d=mm&r=g","contentUrl":"https:\/\/secure.gravatar.com\/avatar\/36f2f63826681263103acb5ca1e7bc1a6db11baea9b75dd091d89b74f2704b07?s=96&d=mm&r=g","caption":"Van X Haber"},"description":"Van X Haber Van'\u0131n ilk ve tek yeni nesil Van Haber merkezi. Son Dakika Van Haberleri ve G\u00fcncel Van haber merkezinde s\u0131cak geli\u015fmeleri aktarmaya devam edece\u011fiz.","url":"https:\/\/vanxhaber.com\/index.php\/author\/vangazetesi\/"}]}},"_links":{"self":[{"href":"https:\/\/vanxhaber.com\/index.php\/wp-json\/wp\/v2\/posts\/1450","targetHints":{"allow":["GET"]}}],"collection":[{"href":"https:\/\/vanxhaber.com\/index.php\/wp-json\/wp\/v2\/posts"}],"about":[{"href":"https:\/\/vanxhaber.com\/index.php\/wp-json\/wp\/v2\/types\/post"}],"author":[{"embeddable":true,"href":"https:\/\/vanxhaber.com\/index.php\/wp-json\/wp\/v2\/users\/2"}],"replies":[{"embeddable":true,"href":"https:\/\/vanxhaber.com\/index.php\/wp-json\/wp\/v2\/comments?post=1450"}],"version-history":[{"count":1,"href":"https:\/\/vanxhaber.com\/index.php\/wp-json\/wp\/v2\/posts\/1450\/revisions"}],"predecessor-version":[{"id":1453,"href":"https:\/\/vanxhaber.com\/index.php\/wp-json\/wp\/v2\/posts\/1450\/revisions\/1453"}],"wp:featuredmedia":[{"embeddable":true,"href":"https:\/\/vanxhaber.com\/index.php\/wp-json\/wp\/v2\/media\/1452"}],"wp:attachment":[{"href":"https:\/\/vanxhaber.com\/index.php\/wp-json\/wp\/v2\/media?parent=1450"}],"wp:term":[{"taxonomy":"category","embeddable":true,"href":"https:\/\/vanxhaber.com\/index.php\/wp-json\/wp\/v2\/categories?post=1450"},{"taxonomy":"post_tag","embeddable":true,"href":"https:\/\/vanxhaber.com\/index.php\/wp-json\/wp\/v2\/tags?post=1450"}],"curies":[{"name":"wp","href":"https:\/\/api.w.org\/{rel}","templated":true}]}}