{"id":1454,"date":"2024-01-24T10:18:10","date_gmt":"2024-01-24T10:18:10","guid":{"rendered":"https:\/\/vanxhaber.com\/?p=1454"},"modified":"2024-01-24T10:18:13","modified_gmt":"2024-01-24T10:18:13","slug":"vanda-429-yerlesim-yerinin-yolu-ulasima-kapandi","status":"publish","type":"post","link":"https:\/\/vanxhaber.com\/index.php\/2024\/01\/24\/vanda-429-yerlesim-yerinin-yolu-ulasima-kapandi\/","title":{"rendered":"Van&#8217;da 429 yerle\u015fim yerinin yolu ula\u015f\u0131ma kapand\u0131"},"content":{"rendered":"\n<p><strong>Van&#8217;da etkili olan kar ya\u011f\u0131\u015f\u0131 ve tipi nedeniyle 257&#8217;si mahalle 172&#8217;si mezra olmak \u00fczere toplamda 429 yerle\u015fim yerinin yolu ula\u015f\u0131ma kapand\u0131.<\/strong> <\/p>\n\n\n\n<p>Karla m\u00fccadele ekipleri, kapal\u0131 yollar\u0131 a\u00e7mak i\u00e7in \u00e7al\u0131\u015fmalar\u0131n\u0131 s\u00fcrd\u00fcr\u00fcyor. Ancak Van-Bah\u00e7esaray kara yolunda \u00e7\u0131\u011f tehlikesi nedeniyle \u00e7al\u0131\u015fma yap\u0131lam\u0131yor.<\/p>\n\n\n\n<p>Van&#8217;da etkili olan kar ya\u011f\u0131\u015f\u0131 nedeniyle 429 yerle\u015fim yerinin yolu ula\u015f\u0131ma kapand\u0131. Ekipler, kapanan yollar\u0131n a\u00e7\u0131lmas\u0131 i\u00e7in \u00e7al\u0131\u015fma ba\u015flatt\u0131.Kent merkezinde d\u00fcn etkili olan ya\u011fmur, gece saatlerinde yerini kar ya\u011f\u0131\u015f\u0131na b\u0131rakt\u0131. Kar ya\u011f\u0131\u015f\u0131 ve tipi nedeniyle 257&#8217;si mahalle 172&#8217;si mezra olmak \u00fczere 429 yerle\u015fim yerinin yolu ula\u015f\u0131ma kapand\u0131. Kar kal\u0131nl\u0131\u011f\u0131n\u0131n kent merkezinde 10, y\u00fcksek kesimlerde 50 santimetreye ula\u015ft\u0131\u011f\u0131 kentte B\u00fcy\u00fck\u015fehir Belediyesi ile Karayollar\u0131&#8217;na ba\u011fl\u0131 karla m\u00fccadele ekipleri, kapal\u0131 yollar\u0131 a\u00e7mak i\u00e7in \u00e7al\u0131\u015fmalar\u0131n\u0131 aral\u0131ks\u0131z s\u00fcrd\u00fcr\u00fcyor.Di\u011fer yandan, 22 Aral\u0131k&#8217;tan bu yana kapal\u0131 olan Van-Bah\u00e7esaray kara yolunda \u00e7\u0131\u011f tehlikesi nedeniyle \u00e7al\u0131\u015fma y\u00fcr\u00fct\u00fclemiyor.<\/p>\n","protected":false},"excerpt":{"rendered":"<p>Van&#8217;da etkili olan kar ya\u011f\u0131\u015f\u0131 ve tipi nedeniyle 257&#8217;si mahalle 172&#8217;si mezra olmak \u00fczere toplamda 429 yerle\u015fim yerinin yolu ula\u015f\u0131ma kapand\u0131. Karla m\u00fccadele ekipleri, kapal\u0131 yollar\u0131 a\u00e7mak i\u00e7in \u00e7al\u0131\u015fmalar\u0131n\u0131 s\u00fcrd\u00fcr\u00fcyor. Ancak Van-Bah\u00e7esaray kara yolunda \u00e7\u0131\u011f tehlikesi nedeniyle \u00e7al\u0131\u015fma yap\u0131lam\u0131yor. Van&#8217;da etkili olan kar ya\u011f\u0131\u015f\u0131 nedeniyle 429 yerle\u015fim yerinin yolu ula\u015f\u0131ma kapand\u0131. Ekipler, kapanan yollar\u0131n a\u00e7\u0131lmas\u0131 &hellip;<\/p>\n","protected":false},"author":2,"featured_media":1456,"comment_status":"open","ping_status":"closed","sticky":false,"template":"","format":"standard","meta":{"googlesitekit_rrm_CAowot3VCw:productID":"","footnotes":""},"categories":[1],"tags":[],"class_list":["post-1454","post","type-post","status-publish","format-standard","has-post-thumbnail","hentry","category-van-haber"],"yoast_head":"<!-- This site is optimized with the Yoast SEO Premium plugin v21.7 (Yoast SEO v26.7) - https:\/\/yoast.com\/wordpress\/plugins\/seo\/ -->\n<title>Van&#039;da 429 yerle\u015fim yerinin yolu ula\u015f\u0131ma kapand\u0131 - Van Haber | Van X Haber | Van Haberleri<\/title>\n<meta name=\"robots\" content=\"index, follow, max-snippet:-1, max-image-preview:large, max-video-preview:-1\" \/>\n<link rel=\"canonical\" href=\"https:\/\/vanxhaber.com\/index.php\/2024\/01\/24\/vanda-429-yerlesim-yerinin-yolu-ulasima-kapandi\/\" \/>\n<meta property=\"og:locale\" content=\"tr_TR\" \/>\n<meta property=\"og:type\" content=\"article\" \/>\n<meta property=\"og:title\" content=\"Van&#039;da 429 yerle\u015fim yerinin yolu ula\u015f\u0131ma kapand\u0131\" \/>\n<meta property=\"og:description\" content=\"Van&#8217;da etkili olan kar ya\u011f\u0131\u015f\u0131 ve tipi nedeniyle 257&#8217;si mahalle 172&#8217;si mezra olmak \u00fczere toplamda 429 yerle\u015fim yerinin yolu ula\u015f\u0131ma kapand\u0131. Karla m\u00fccadele ekipleri, kapal\u0131 yollar\u0131 a\u00e7mak i\u00e7in \u00e7al\u0131\u015fmalar\u0131n\u0131 s\u00fcrd\u00fcr\u00fcyor. Ancak Van-Bah\u00e7esaray kara yolunda \u00e7\u0131\u011f tehlikesi nedeniyle \u00e7al\u0131\u015fma yap\u0131lam\u0131yor. Van&#8217;da etkili olan kar ya\u011f\u0131\u015f\u0131 nedeniyle 429 yerle\u015fim yerinin yolu ula\u015f\u0131ma kapand\u0131. Ekipler, kapanan yollar\u0131n a\u00e7\u0131lmas\u0131 &hellip;\" \/>\n<meta property=\"og:url\" content=\"https:\/\/vanxhaber.com\/index.php\/2024\/01\/24\/vanda-429-yerlesim-yerinin-yolu-ulasima-kapandi\/\" \/>\n<meta property=\"og:site_name\" content=\"Van Haber | Van X Haber | Van Haberleri\" \/>\n<meta property=\"article:published_time\" content=\"2024-01-24T10:18:10+00:00\" \/>\n<meta property=\"article:modified_time\" content=\"2024-01-24T10:18:13+00:00\" \/>\n<meta property=\"og:image\" content=\"https:\/\/vanxhaber.com\/wp-content\/uploads\/2024\/01\/vanda-yerlesim-yollari-kapandi.jpg\" \/>\n\t<meta property=\"og:image:width\" content=\"641\" \/>\n\t<meta property=\"og:image:height\" content=\"380\" \/>\n\t<meta property=\"og:image:type\" content=\"image\/jpeg\" \/>\n<meta name=\"author\" content=\"Van X Haber\" \/>\n<meta name=\"twitter:card\" content=\"summary_large_image\" \/>\n<meta name=\"twitter:label1\" content=\"Yazan:\" \/>\n\t<meta name=\"twitter:data1\" content=\"Van X Haber\" \/>\n\t<meta name=\"twitter:label2\" content=\"Tahmini okuma s\u00fcresi\" \/>\n\t<meta name=\"twitter:data2\" content=\"1 dakika\" \/>\n<script type=\"application\/ld+json\" class=\"yoast-schema-graph\">{\"@context\":\"https:\/\/schema.org\",\"@graph\":[{\"@type\":\"Article\",\"@id\":\"https:\/\/vanxhaber.com\/index.php\/2024\/01\/24\/vanda-429-yerlesim-yerinin-yolu-ulasima-kapandi\/#article\",\"isPartOf\":{\"@id\":\"https:\/\/vanxhaber.com\/index.php\/2024\/01\/24\/vanda-429-yerlesim-yerinin-yolu-ulasima-kapandi\/\"},\"author\":{\"name\":\"Van X Haber\",\"@id\":\"https:\/\/vanxhaber.com\/#\/schema\/person\/a5fd8d89510cb5370e62ad176f7978ee\"},\"headline\":\"Van&#8217;da 429 yerle\u015fim yerinin yolu ula\u015f\u0131ma kapand\u0131\",\"datePublished\":\"2024-01-24T10:18:10+00:00\",\"dateModified\":\"2024-01-24T10:18:13+00:00\",\"mainEntityOfPage\":{\"@id\":\"https:\/\/vanxhaber.com\/index.php\/2024\/01\/24\/vanda-429-yerlesim-yerinin-yolu-ulasima-kapandi\/\"},\"wordCount\":187,\"commentCount\":0,\"image\":{\"@id\":\"https:\/\/vanxhaber.com\/index.php\/2024\/01\/24\/vanda-429-yerlesim-yerinin-yolu-ulasima-kapandi\/#primaryimage\"},\"thumbnailUrl\":\"https:\/\/vanxhaber.com\/wp-content\/uploads\/2024\/01\/vanda-yerlesim-yollari-kapandi.jpg\",\"articleSection\":[\"Van Haber\"],\"inLanguage\":\"tr\",\"potentialAction\":[{\"@type\":\"CommentAction\",\"name\":\"Comment\",\"target\":[\"https:\/\/vanxhaber.com\/index.php\/2024\/01\/24\/vanda-429-yerlesim-yerinin-yolu-ulasima-kapandi\/#respond\"]}],\"copyrightYear\":\"2024\",\"copyrightHolder\":{\"@id\":\"https:\/\/vanxhaber.com\/#organization\"}},{\"@type\":\"WebPage\",\"@id\":\"https:\/\/vanxhaber.com\/index.php\/2024\/01\/24\/vanda-429-yerlesim-yerinin-yolu-ulasima-kapandi\/\",\"url\":\"https:\/\/vanxhaber.com\/index.php\/2024\/01\/24\/vanda-429-yerlesim-yerinin-yolu-ulasima-kapandi\/\",\"name\":\"Van'da 429 yerle\u015fim yerinin yolu ula\u015f\u0131ma kapand\u0131 - Van Haber | Van X Haber | Van Haberleri\",\"isPartOf\":{\"@id\":\"https:\/\/vanxhaber.com\/#website\"},\"primaryImageOfPage\":{\"@id\":\"https:\/\/vanxhaber.com\/index.php\/2024\/01\/24\/vanda-429-yerlesim-yerinin-yolu-ulasima-kapandi\/#primaryimage\"},\"image\":{\"@id\":\"https:\/\/vanxhaber.com\/index.php\/2024\/01\/24\/vanda-429-yerlesim-yerinin-yolu-ulasima-kapandi\/#primaryimage\"},\"thumbnailUrl\":\"https:\/\/vanxhaber.com\/wp-content\/uploads\/2024\/01\/vanda-yerlesim-yollari-kapandi.jpg\",\"datePublished\":\"2024-01-24T10:18:10+00:00\",\"dateModified\":\"2024-01-24T10:18:13+00:00\",\"author\":{\"@id\":\"https:\/\/vanxhaber.com\/#\/schema\/person\/a5fd8d89510cb5370e62ad176f7978ee\"},\"breadcrumb\":{\"@id\":\"https:\/\/vanxhaber.com\/index.php\/2024\/01\/24\/vanda-429-yerlesim-yerinin-yolu-ulasima-kapandi\/#breadcrumb\"},\"inLanguage\":\"tr\",\"potentialAction\":[{\"@type\":\"ReadAction\",\"target\":[\"https:\/\/vanxhaber.com\/index.php\/2024\/01\/24\/vanda-429-yerlesim-yerinin-yolu-ulasima-kapandi\/\"]}]},{\"@type\":\"ImageObject\",\"inLanguage\":\"tr\",\"@id\":\"https:\/\/vanxhaber.com\/index.php\/2024\/01\/24\/vanda-429-yerlesim-yerinin-yolu-ulasima-kapandi\/#primaryimage\",\"url\":\"https:\/\/vanxhaber.com\/wp-content\/uploads\/2024\/01\/vanda-yerlesim-yollari-kapandi.jpg\",\"contentUrl\":\"https:\/\/vanxhaber.com\/wp-content\/uploads\/2024\/01\/vanda-yerlesim-yollari-kapandi.jpg\",\"width\":641,\"height\":380},{\"@type\":\"BreadcrumbList\",\"@id\":\"https:\/\/vanxhaber.com\/index.php\/2024\/01\/24\/vanda-429-yerlesim-yerinin-yolu-ulasima-kapandi\/#breadcrumb\",\"itemListElement\":[{\"@type\":\"ListItem\",\"position\":1,\"name\":\"Anasayfa\",\"item\":\"https:\/\/vanxhaber.com\/\"},{\"@type\":\"ListItem\",\"position\":2,\"name\":\"Van&#8217;da 429 yerle\u015fim yerinin yolu ula\u015f\u0131ma kapand\u0131\"}]},{\"@type\":\"WebSite\",\"@id\":\"https:\/\/vanxhaber.com\/#website\",\"url\":\"https:\/\/vanxhaber.com\/\",\"name\":\"Van Haber | Van X Haber | Van Haberleri\",\"description\":\"Van Haber, Van&#039;\u0131n ilk yapay zeka teknolojileri ile yaz\u0131lan Van X Haber ve Van Haberlerini aktif g\u00fcncel sunan tek vanhaber merkezidir.\",\"potentialAction\":[{\"@type\":\"SearchAction\",\"target\":{\"@type\":\"EntryPoint\",\"urlTemplate\":\"https:\/\/vanxhaber.com\/?s={search_term_string}\"},\"query-input\":{\"@type\":\"PropertyValueSpecification\",\"valueRequired\":true,\"valueName\":\"search_term_string\"}}],\"inLanguage\":\"tr\"},{\"@type\":\"Person\",\"@id\":\"https:\/\/vanxhaber.com\/#\/schema\/person\/a5fd8d89510cb5370e62ad176f7978ee\",\"name\":\"Van X Haber\",\"image\":{\"@type\":\"ImageObject\",\"inLanguage\":\"tr\",\"@id\":\"https:\/\/vanxhaber.com\/#\/schema\/person\/image\/\",\"url\":\"https:\/\/secure.gravatar.com\/avatar\/36f2f63826681263103acb5ca1e7bc1a6db11baea9b75dd091d89b74f2704b07?s=96&d=mm&r=g\",\"contentUrl\":\"https:\/\/secure.gravatar.com\/avatar\/36f2f63826681263103acb5ca1e7bc1a6db11baea9b75dd091d89b74f2704b07?s=96&d=mm&r=g\",\"caption\":\"Van X Haber\"},\"description\":\"Van X Haber Van'\u0131n ilk ve tek yeni nesil Van Haber merkezi. Son Dakika Van Haberleri ve G\u00fcncel Van haber merkezinde s\u0131cak geli\u015fmeleri aktarmaya devam edece\u011fiz.\",\"url\":\"https:\/\/vanxhaber.com\/index.php\/author\/vangazetesi\/\"}]}<\/script>\n<!-- \/ Yoast SEO Premium plugin. -->","yoast_head_json":{"title":"Van'da 429 yerle\u015fim yerinin yolu ula\u015f\u0131ma kapand\u0131 - Van Haber | Van X Haber | Van Haberleri","robots":{"index":"index","follow":"follow","max-snippet":"max-snippet:-1","max-image-preview":"max-image-preview:large","max-video-preview":"max-video-preview:-1"},"canonical":"https:\/\/vanxhaber.com\/index.php\/2024\/01\/24\/vanda-429-yerlesim-yerinin-yolu-ulasima-kapandi\/","og_locale":"tr_TR","og_type":"article","og_title":"Van'da 429 yerle\u015fim yerinin yolu ula\u015f\u0131ma kapand\u0131","og_description":"Van&#8217;da etkili olan kar ya\u011f\u0131\u015f\u0131 ve tipi nedeniyle 257&#8217;si mahalle 172&#8217;si mezra olmak \u00fczere toplamda 429 yerle\u015fim yerinin yolu ula\u015f\u0131ma kapand\u0131. Karla m\u00fccadele ekipleri, kapal\u0131 yollar\u0131 a\u00e7mak i\u00e7in \u00e7al\u0131\u015fmalar\u0131n\u0131 s\u00fcrd\u00fcr\u00fcyor. Ancak Van-Bah\u00e7esaray kara yolunda \u00e7\u0131\u011f tehlikesi nedeniyle \u00e7al\u0131\u015fma yap\u0131lam\u0131yor. Van&#8217;da etkili olan kar ya\u011f\u0131\u015f\u0131 nedeniyle 429 yerle\u015fim yerinin yolu ula\u015f\u0131ma kapand\u0131. Ekipler, kapanan yollar\u0131n a\u00e7\u0131lmas\u0131 &hellip;","og_url":"https:\/\/vanxhaber.com\/index.php\/2024\/01\/24\/vanda-429-yerlesim-yerinin-yolu-ulasima-kapandi\/","og_site_name":"Van Haber | Van X Haber | Van Haberleri","article_published_time":"2024-01-24T10:18:10+00:00","article_modified_time":"2024-01-24T10:18:13+00:00","og_image":[{"width":641,"height":380,"url":"https:\/\/vanxhaber.com\/wp-content\/uploads\/2024\/01\/vanda-yerlesim-yollari-kapandi.jpg","type":"image\/jpeg"}],"author":"Van X Haber","twitter_card":"summary_large_image","twitter_misc":{"Yazan:":"Van X Haber","Tahmini okuma s\u00fcresi":"1 dakika"},"schema":{"@context":"https:\/\/schema.org","@graph":[{"@type":"Article","@id":"https:\/\/vanxhaber.com\/index.php\/2024\/01\/24\/vanda-429-yerlesim-yerinin-yolu-ulasima-kapandi\/#article","isPartOf":{"@id":"https:\/\/vanxhaber.com\/index.php\/2024\/01\/24\/vanda-429-yerlesim-yerinin-yolu-ulasima-kapandi\/"},"author":{"name":"Van X Haber","@id":"https:\/\/vanxhaber.com\/#\/schema\/person\/a5fd8d89510cb5370e62ad176f7978ee"},"headline":"Van&#8217;da 429 yerle\u015fim yerinin yolu ula\u015f\u0131ma kapand\u0131","datePublished":"2024-01-24T10:18:10+00:00","dateModified":"2024-01-24T10:18:13+00:00","mainEntityOfPage":{"@id":"https:\/\/vanxhaber.com\/index.php\/2024\/01\/24\/vanda-429-yerlesim-yerinin-yolu-ulasima-kapandi\/"},"wordCount":187,"commentCount":0,"image":{"@id":"https:\/\/vanxhaber.com\/index.php\/2024\/01\/24\/vanda-429-yerlesim-yerinin-yolu-ulasima-kapandi\/#primaryimage"},"thumbnailUrl":"https:\/\/vanxhaber.com\/wp-content\/uploads\/2024\/01\/vanda-yerlesim-yollari-kapandi.jpg","articleSection":["Van Haber"],"inLanguage":"tr","potentialAction":[{"@type":"CommentAction","name":"Comment","target":["https:\/\/vanxhaber.com\/index.php\/2024\/01\/24\/vanda-429-yerlesim-yerinin-yolu-ulasima-kapandi\/#respond"]}],"copyrightYear":"2024","copyrightHolder":{"@id":"https:\/\/vanxhaber.com\/#organization"}},{"@type":"WebPage","@id":"https:\/\/vanxhaber.com\/index.php\/2024\/01\/24\/vanda-429-yerlesim-yerinin-yolu-ulasima-kapandi\/","url":"https:\/\/vanxhaber.com\/index.php\/2024\/01\/24\/vanda-429-yerlesim-yerinin-yolu-ulasima-kapandi\/","name":"Van'da 429 yerle\u015fim yerinin yolu ula\u015f\u0131ma kapand\u0131 - Van Haber | Van X Haber | Van Haberleri","isPartOf":{"@id":"https:\/\/vanxhaber.com\/#website"},"primaryImageOfPage":{"@id":"https:\/\/vanxhaber.com\/index.php\/2024\/01\/24\/vanda-429-yerlesim-yerinin-yolu-ulasima-kapandi\/#primaryimage"},"image":{"@id":"https:\/\/vanxhaber.com\/index.php\/2024\/01\/24\/vanda-429-yerlesim-yerinin-yolu-ulasima-kapandi\/#primaryimage"},"thumbnailUrl":"https:\/\/vanxhaber.com\/wp-content\/uploads\/2024\/01\/vanda-yerlesim-yollari-kapandi.jpg","datePublished":"2024-01-24T10:18:10+00:00","dateModified":"2024-01-24T10:18:13+00:00","author":{"@id":"https:\/\/vanxhaber.com\/#\/schema\/person\/a5fd8d89510cb5370e62ad176f7978ee"},"breadcrumb":{"@id":"https:\/\/vanxhaber.com\/index.php\/2024\/01\/24\/vanda-429-yerlesim-yerinin-yolu-ulasima-kapandi\/#breadcrumb"},"inLanguage":"tr","potentialAction":[{"@type":"ReadAction","target":["https:\/\/vanxhaber.com\/index.php\/2024\/01\/24\/vanda-429-yerlesim-yerinin-yolu-ulasima-kapandi\/"]}]},{"@type":"ImageObject","inLanguage":"tr","@id":"https:\/\/vanxhaber.com\/index.php\/2024\/01\/24\/vanda-429-yerlesim-yerinin-yolu-ulasima-kapandi\/#primaryimage","url":"https:\/\/vanxhaber.com\/wp-content\/uploads\/2024\/01\/vanda-yerlesim-yollari-kapandi.jpg","contentUrl":"https:\/\/vanxhaber.com\/wp-content\/uploads\/2024\/01\/vanda-yerlesim-yollari-kapandi.jpg","width":641,"height":380},{"@type":"BreadcrumbList","@id":"https:\/\/vanxhaber.com\/index.php\/2024\/01\/24\/vanda-429-yerlesim-yerinin-yolu-ulasima-kapandi\/#breadcrumb","itemListElement":[{"@type":"ListItem","position":1,"name":"Anasayfa","item":"https:\/\/vanxhaber.com\/"},{"@type":"ListItem","position":2,"name":"Van&#8217;da 429 yerle\u015fim yerinin yolu ula\u015f\u0131ma kapand\u0131"}]},{"@type":"WebSite","@id":"https:\/\/vanxhaber.com\/#website","url":"https:\/\/vanxhaber.com\/","name":"Van Haber | Van X Haber | Van Haberleri","description":"Van Haber, Van&#039;\u0131n ilk yapay zeka teknolojileri ile yaz\u0131lan Van X Haber ve Van Haberlerini aktif g\u00fcncel sunan tek vanhaber merkezidir.","potentialAction":[{"@type":"SearchAction","target":{"@type":"EntryPoint","urlTemplate":"https:\/\/vanxhaber.com\/?s={search_term_string}"},"query-input":{"@type":"PropertyValueSpecification","valueRequired":true,"valueName":"search_term_string"}}],"inLanguage":"tr"},{"@type":"Person","@id":"https:\/\/vanxhaber.com\/#\/schema\/person\/a5fd8d89510cb5370e62ad176f7978ee","name":"Van X Haber","image":{"@type":"ImageObject","inLanguage":"tr","@id":"https:\/\/vanxhaber.com\/#\/schema\/person\/image\/","url":"https:\/\/secure.gravatar.com\/avatar\/36f2f63826681263103acb5ca1e7bc1a6db11baea9b75dd091d89b74f2704b07?s=96&d=mm&r=g","contentUrl":"https:\/\/secure.gravatar.com\/avatar\/36f2f63826681263103acb5ca1e7bc1a6db11baea9b75dd091d89b74f2704b07?s=96&d=mm&r=g","caption":"Van X Haber"},"description":"Van X Haber Van'\u0131n ilk ve tek yeni nesil Van Haber merkezi. Son Dakika Van Haberleri ve G\u00fcncel Van haber merkezinde s\u0131cak geli\u015fmeleri aktarmaya devam edece\u011fiz.","url":"https:\/\/vanxhaber.com\/index.php\/author\/vangazetesi\/"}]}},"_links":{"self":[{"href":"https:\/\/vanxhaber.com\/index.php\/wp-json\/wp\/v2\/posts\/1454","targetHints":{"allow":["GET"]}}],"collection":[{"href":"https:\/\/vanxhaber.com\/index.php\/wp-json\/wp\/v2\/posts"}],"about":[{"href":"https:\/\/vanxhaber.com\/index.php\/wp-json\/wp\/v2\/types\/post"}],"author":[{"embeddable":true,"href":"https:\/\/vanxhaber.com\/index.php\/wp-json\/wp\/v2\/users\/2"}],"replies":[{"embeddable":true,"href":"https:\/\/vanxhaber.com\/index.php\/wp-json\/wp\/v2\/comments?post=1454"}],"version-history":[{"count":1,"href":"https:\/\/vanxhaber.com\/index.php\/wp-json\/wp\/v2\/posts\/1454\/revisions"}],"predecessor-version":[{"id":1457,"href":"https:\/\/vanxhaber.com\/index.php\/wp-json\/wp\/v2\/posts\/1454\/revisions\/1457"}],"wp:featuredmedia":[{"embeddable":true,"href":"https:\/\/vanxhaber.com\/index.php\/wp-json\/wp\/v2\/media\/1456"}],"wp:attachment":[{"href":"https:\/\/vanxhaber.com\/index.php\/wp-json\/wp\/v2\/media?parent=1454"}],"wp:term":[{"taxonomy":"category","embeddable":true,"href":"https:\/\/vanxhaber.com\/index.php\/wp-json\/wp\/v2\/categories?post=1454"},{"taxonomy":"post_tag","embeddable":true,"href":"https:\/\/vanxhaber.com\/index.php\/wp-json\/wp\/v2\/tags?post=1454"}],"curies":[{"name":"wp","href":"https:\/\/api.w.org\/{rel}","templated":true}]}}