{"id":1458,"date":"2024-01-24T10:21:31","date_gmt":"2024-01-24T10:21:31","guid":{"rendered":"https:\/\/vanxhaber.com\/?p=1458"},"modified":"2024-01-24T10:21:33","modified_gmt":"2024-01-24T10:21:33","slug":"vanda-3-aylik-bebek-ambulans-ucakla-ankaraya-sevk-edildi","status":"publish","type":"post","link":"https:\/\/vanxhaber.com\/index.php\/2024\/01\/24\/vanda-3-aylik-bebek-ambulans-ucakla-ankaraya-sevk-edildi\/","title":{"rendered":"Van&#8217;da 3 ayl\u0131k bebek ambulans u\u00e7akla Ankara&#8217;ya sevk edildi"},"content":{"rendered":"\n<p> <strong>Van\u2019da kolestaz karaci\u011fer yetmezli\u011fi olan 3 ayl\u0131k bebek, ambulans u\u00e7akla Ankara Cebeci E\u011fitim ve Ara\u015ft\u0131rma Hastanesine sevk edildi.<\/strong><\/p>\n\n\n\n<p>Van E\u011fitim ve Ara\u015ft\u0131rma Hastanesinde kolestaz karaci\u011fer yetmezli\u011fi tan\u0131s\u0131yla tedavi g\u00f6ren bebek hastan\u0131n ileri tetkik ve tedavisi i\u00e7in sevkine karar verildi. Bebek hastan\u0131n Ankara Cebeci E\u011fitim ve Ara\u015ft\u0131rma Hastanesine ambulans u\u00e7akla nakli yap\u0131ld\u0131.<\/p>\n","protected":false},"excerpt":{"rendered":"<p>Van\u2019da kolestaz karaci\u011fer yetmezli\u011fi olan 3 ayl\u0131k bebek, ambulans u\u00e7akla Ankara Cebeci E\u011fitim ve Ara\u015ft\u0131rma Hastanesine sevk edildi. Van E\u011fitim ve Ara\u015ft\u0131rma Hastanesinde kolestaz karaci\u011fer yetmezli\u011fi tan\u0131s\u0131yla tedavi g\u00f6ren bebek hastan\u0131n ileri tetkik ve tedavisi i\u00e7in sevkine karar verildi. Bebek hastan\u0131n Ankara Cebeci E\u011fitim ve Ara\u015ft\u0131rma Hastanesine ambulans u\u00e7akla nakli yap\u0131ld\u0131.<\/p>\n","protected":false},"author":2,"featured_media":1460,"comment_status":"open","ping_status":"closed","sticky":false,"template":"","format":"standard","meta":{"googlesitekit_rrm_CAowot3VCw:productID":"","footnotes":""},"categories":[1],"tags":[],"class_list":["post-1458","post","type-post","status-publish","format-standard","has-post-thumbnail","hentry","category-van-haber"],"yoast_head":"<!-- This site is optimized with the Yoast SEO Premium plugin v21.7 (Yoast SEO v26.7) - https:\/\/yoast.com\/wordpress\/plugins\/seo\/ -->\n<title>Van&#039;da 3 ayl\u0131k bebek ambulans u\u00e7akla Ankara&#039;ya sevk edildi - Van Haber | Van X Haber | Van Haberleri<\/title>\n<meta name=\"robots\" content=\"index, follow, max-snippet:-1, max-image-preview:large, max-video-preview:-1\" \/>\n<link rel=\"canonical\" href=\"https:\/\/vanxhaber.com\/index.php\/2024\/01\/24\/vanda-3-aylik-bebek-ambulans-ucakla-ankaraya-sevk-edildi\/\" \/>\n<meta property=\"og:locale\" content=\"tr_TR\" \/>\n<meta property=\"og:type\" content=\"article\" \/>\n<meta property=\"og:title\" content=\"Van&#039;da 3 ayl\u0131k bebek ambulans u\u00e7akla Ankara&#039;ya sevk edildi\" \/>\n<meta property=\"og:description\" content=\"Van\u2019da kolestaz karaci\u011fer yetmezli\u011fi olan 3 ayl\u0131k bebek, ambulans u\u00e7akla Ankara Cebeci E\u011fitim ve Ara\u015ft\u0131rma Hastanesine sevk edildi. Van E\u011fitim ve Ara\u015ft\u0131rma Hastanesinde kolestaz karaci\u011fer yetmezli\u011fi tan\u0131s\u0131yla tedavi g\u00f6ren bebek hastan\u0131n ileri tetkik ve tedavisi i\u00e7in sevkine karar verildi. Bebek hastan\u0131n Ankara Cebeci E\u011fitim ve Ara\u015ft\u0131rma Hastanesine ambulans u\u00e7akla nakli yap\u0131ld\u0131.\" \/>\n<meta property=\"og:url\" content=\"https:\/\/vanxhaber.com\/index.php\/2024\/01\/24\/vanda-3-aylik-bebek-ambulans-ucakla-ankaraya-sevk-edildi\/\" \/>\n<meta property=\"og:site_name\" content=\"Van Haber | Van X Haber | Van Haberleri\" \/>\n<meta property=\"article:published_time\" content=\"2024-01-24T10:21:31+00:00\" \/>\n<meta property=\"article:modified_time\" content=\"2024-01-24T10:21:33+00:00\" \/>\n<meta property=\"og:image\" content=\"https:\/\/vanxhaber.com\/wp-content\/uploads\/2024\/01\/ambulans-ucak.jpg\" \/>\n\t<meta property=\"og:image:width\" content=\"641\" \/>\n\t<meta property=\"og:image:height\" content=\"380\" \/>\n\t<meta property=\"og:image:type\" content=\"image\/jpeg\" \/>\n<meta name=\"author\" content=\"Van X Haber\" \/>\n<meta name=\"twitter:card\" content=\"summary_large_image\" \/>\n<meta name=\"twitter:label1\" content=\"Yazan:\" \/>\n\t<meta name=\"twitter:data1\" content=\"Van X Haber\" \/>\n\t<meta name=\"twitter:label2\" content=\"Tahmini okuma s\u00fcresi\" \/>\n\t<meta name=\"twitter:data2\" content=\"1 dakika\" \/>\n<script type=\"application\/ld+json\" class=\"yoast-schema-graph\">{\"@context\":\"https:\/\/schema.org\",\"@graph\":[{\"@type\":\"Article\",\"@id\":\"https:\/\/vanxhaber.com\/index.php\/2024\/01\/24\/vanda-3-aylik-bebek-ambulans-ucakla-ankaraya-sevk-edildi\/#article\",\"isPartOf\":{\"@id\":\"https:\/\/vanxhaber.com\/index.php\/2024\/01\/24\/vanda-3-aylik-bebek-ambulans-ucakla-ankaraya-sevk-edildi\/\"},\"author\":{\"name\":\"Van X Haber\",\"@id\":\"https:\/\/vanxhaber.com\/#\/schema\/person\/a5fd8d89510cb5370e62ad176f7978ee\"},\"headline\":\"Van&#8217;da 3 ayl\u0131k bebek ambulans u\u00e7akla Ankara&#8217;ya sevk edildi\",\"datePublished\":\"2024-01-24T10:21:31+00:00\",\"dateModified\":\"2024-01-24T10:21:33+00:00\",\"mainEntityOfPage\":{\"@id\":\"https:\/\/vanxhaber.com\/index.php\/2024\/01\/24\/vanda-3-aylik-bebek-ambulans-ucakla-ankaraya-sevk-edildi\/\"},\"wordCount\":86,\"commentCount\":0,\"image\":{\"@id\":\"https:\/\/vanxhaber.com\/index.php\/2024\/01\/24\/vanda-3-aylik-bebek-ambulans-ucakla-ankaraya-sevk-edildi\/#primaryimage\"},\"thumbnailUrl\":\"https:\/\/vanxhaber.com\/wp-content\/uploads\/2024\/01\/ambulans-ucak.jpg\",\"articleSection\":[\"Van Haber\"],\"inLanguage\":\"tr\",\"potentialAction\":[{\"@type\":\"CommentAction\",\"name\":\"Comment\",\"target\":[\"https:\/\/vanxhaber.com\/index.php\/2024\/01\/24\/vanda-3-aylik-bebek-ambulans-ucakla-ankaraya-sevk-edildi\/#respond\"]}],\"copyrightYear\":\"2024\",\"copyrightHolder\":{\"@id\":\"https:\/\/vanxhaber.com\/#organization\"}},{\"@type\":\"WebPage\",\"@id\":\"https:\/\/vanxhaber.com\/index.php\/2024\/01\/24\/vanda-3-aylik-bebek-ambulans-ucakla-ankaraya-sevk-edildi\/\",\"url\":\"https:\/\/vanxhaber.com\/index.php\/2024\/01\/24\/vanda-3-aylik-bebek-ambulans-ucakla-ankaraya-sevk-edildi\/\",\"name\":\"Van'da 3 ayl\u0131k bebek ambulans u\u00e7akla Ankara'ya sevk edildi - Van Haber | Van X Haber | Van Haberleri\",\"isPartOf\":{\"@id\":\"https:\/\/vanxhaber.com\/#website\"},\"primaryImageOfPage\":{\"@id\":\"https:\/\/vanxhaber.com\/index.php\/2024\/01\/24\/vanda-3-aylik-bebek-ambulans-ucakla-ankaraya-sevk-edildi\/#primaryimage\"},\"image\":{\"@id\":\"https:\/\/vanxhaber.com\/index.php\/2024\/01\/24\/vanda-3-aylik-bebek-ambulans-ucakla-ankaraya-sevk-edildi\/#primaryimage\"},\"thumbnailUrl\":\"https:\/\/vanxhaber.com\/wp-content\/uploads\/2024\/01\/ambulans-ucak.jpg\",\"datePublished\":\"2024-01-24T10:21:31+00:00\",\"dateModified\":\"2024-01-24T10:21:33+00:00\",\"author\":{\"@id\":\"https:\/\/vanxhaber.com\/#\/schema\/person\/a5fd8d89510cb5370e62ad176f7978ee\"},\"breadcrumb\":{\"@id\":\"https:\/\/vanxhaber.com\/index.php\/2024\/01\/24\/vanda-3-aylik-bebek-ambulans-ucakla-ankaraya-sevk-edildi\/#breadcrumb\"},\"inLanguage\":\"tr\",\"potentialAction\":[{\"@type\":\"ReadAction\",\"target\":[\"https:\/\/vanxhaber.com\/index.php\/2024\/01\/24\/vanda-3-aylik-bebek-ambulans-ucakla-ankaraya-sevk-edildi\/\"]}]},{\"@type\":\"ImageObject\",\"inLanguage\":\"tr\",\"@id\":\"https:\/\/vanxhaber.com\/index.php\/2024\/01\/24\/vanda-3-aylik-bebek-ambulans-ucakla-ankaraya-sevk-edildi\/#primaryimage\",\"url\":\"https:\/\/vanxhaber.com\/wp-content\/uploads\/2024\/01\/ambulans-ucak.jpg\",\"contentUrl\":\"https:\/\/vanxhaber.com\/wp-content\/uploads\/2024\/01\/ambulans-ucak.jpg\",\"width\":641,\"height\":380},{\"@type\":\"BreadcrumbList\",\"@id\":\"https:\/\/vanxhaber.com\/index.php\/2024\/01\/24\/vanda-3-aylik-bebek-ambulans-ucakla-ankaraya-sevk-edildi\/#breadcrumb\",\"itemListElement\":[{\"@type\":\"ListItem\",\"position\":1,\"name\":\"Anasayfa\",\"item\":\"https:\/\/vanxhaber.com\/\"},{\"@type\":\"ListItem\",\"position\":2,\"name\":\"Van&#8217;da 3 ayl\u0131k bebek ambulans u\u00e7akla Ankara&#8217;ya sevk edildi\"}]},{\"@type\":\"WebSite\",\"@id\":\"https:\/\/vanxhaber.com\/#website\",\"url\":\"https:\/\/vanxhaber.com\/\",\"name\":\"Van Haber | Van X Haber | Van Haberleri\",\"description\":\"Van Haber, Van&#039;\u0131n ilk yapay zeka teknolojileri ile yaz\u0131lan Van X Haber ve Van Haberlerini aktif g\u00fcncel sunan tek vanhaber merkezidir.\",\"potentialAction\":[{\"@type\":\"SearchAction\",\"target\":{\"@type\":\"EntryPoint\",\"urlTemplate\":\"https:\/\/vanxhaber.com\/?s={search_term_string}\"},\"query-input\":{\"@type\":\"PropertyValueSpecification\",\"valueRequired\":true,\"valueName\":\"search_term_string\"}}],\"inLanguage\":\"tr\"},{\"@type\":\"Person\",\"@id\":\"https:\/\/vanxhaber.com\/#\/schema\/person\/a5fd8d89510cb5370e62ad176f7978ee\",\"name\":\"Van X Haber\",\"image\":{\"@type\":\"ImageObject\",\"inLanguage\":\"tr\",\"@id\":\"https:\/\/vanxhaber.com\/#\/schema\/person\/image\/\",\"url\":\"https:\/\/secure.gravatar.com\/avatar\/36f2f63826681263103acb5ca1e7bc1a6db11baea9b75dd091d89b74f2704b07?s=96&d=mm&r=g\",\"contentUrl\":\"https:\/\/secure.gravatar.com\/avatar\/36f2f63826681263103acb5ca1e7bc1a6db11baea9b75dd091d89b74f2704b07?s=96&d=mm&r=g\",\"caption\":\"Van X Haber\"},\"description\":\"Van X Haber Van'\u0131n ilk ve tek yeni nesil Van Haber merkezi. Son Dakika Van Haberleri ve G\u00fcncel Van haber merkezinde s\u0131cak geli\u015fmeleri aktarmaya devam edece\u011fiz.\",\"url\":\"https:\/\/vanxhaber.com\/index.php\/author\/vangazetesi\/\"}]}<\/script>\n<!-- \/ Yoast SEO Premium plugin. -->","yoast_head_json":{"title":"Van'da 3 ayl\u0131k bebek ambulans u\u00e7akla Ankara'ya sevk edildi - Van Haber | Van X Haber | Van Haberleri","robots":{"index":"index","follow":"follow","max-snippet":"max-snippet:-1","max-image-preview":"max-image-preview:large","max-video-preview":"max-video-preview:-1"},"canonical":"https:\/\/vanxhaber.com\/index.php\/2024\/01\/24\/vanda-3-aylik-bebek-ambulans-ucakla-ankaraya-sevk-edildi\/","og_locale":"tr_TR","og_type":"article","og_title":"Van'da 3 ayl\u0131k bebek ambulans u\u00e7akla Ankara'ya sevk edildi","og_description":"Van\u2019da kolestaz karaci\u011fer yetmezli\u011fi olan 3 ayl\u0131k bebek, ambulans u\u00e7akla Ankara Cebeci E\u011fitim ve Ara\u015ft\u0131rma Hastanesine sevk edildi. Van E\u011fitim ve Ara\u015ft\u0131rma Hastanesinde kolestaz karaci\u011fer yetmezli\u011fi tan\u0131s\u0131yla tedavi g\u00f6ren bebek hastan\u0131n ileri tetkik ve tedavisi i\u00e7in sevkine karar verildi. Bebek hastan\u0131n Ankara Cebeci E\u011fitim ve Ara\u015ft\u0131rma Hastanesine ambulans u\u00e7akla nakli yap\u0131ld\u0131.","og_url":"https:\/\/vanxhaber.com\/index.php\/2024\/01\/24\/vanda-3-aylik-bebek-ambulans-ucakla-ankaraya-sevk-edildi\/","og_site_name":"Van Haber | Van X Haber | Van Haberleri","article_published_time":"2024-01-24T10:21:31+00:00","article_modified_time":"2024-01-24T10:21:33+00:00","og_image":[{"width":641,"height":380,"url":"https:\/\/vanxhaber.com\/wp-content\/uploads\/2024\/01\/ambulans-ucak.jpg","type":"image\/jpeg"}],"author":"Van X Haber","twitter_card":"summary_large_image","twitter_misc":{"Yazan:":"Van X Haber","Tahmini okuma s\u00fcresi":"1 dakika"},"schema":{"@context":"https:\/\/schema.org","@graph":[{"@type":"Article","@id":"https:\/\/vanxhaber.com\/index.php\/2024\/01\/24\/vanda-3-aylik-bebek-ambulans-ucakla-ankaraya-sevk-edildi\/#article","isPartOf":{"@id":"https:\/\/vanxhaber.com\/index.php\/2024\/01\/24\/vanda-3-aylik-bebek-ambulans-ucakla-ankaraya-sevk-edildi\/"},"author":{"name":"Van X Haber","@id":"https:\/\/vanxhaber.com\/#\/schema\/person\/a5fd8d89510cb5370e62ad176f7978ee"},"headline":"Van&#8217;da 3 ayl\u0131k bebek ambulans u\u00e7akla Ankara&#8217;ya sevk edildi","datePublished":"2024-01-24T10:21:31+00:00","dateModified":"2024-01-24T10:21:33+00:00","mainEntityOfPage":{"@id":"https:\/\/vanxhaber.com\/index.php\/2024\/01\/24\/vanda-3-aylik-bebek-ambulans-ucakla-ankaraya-sevk-edildi\/"},"wordCount":86,"commentCount":0,"image":{"@id":"https:\/\/vanxhaber.com\/index.php\/2024\/01\/24\/vanda-3-aylik-bebek-ambulans-ucakla-ankaraya-sevk-edildi\/#primaryimage"},"thumbnailUrl":"https:\/\/vanxhaber.com\/wp-content\/uploads\/2024\/01\/ambulans-ucak.jpg","articleSection":["Van Haber"],"inLanguage":"tr","potentialAction":[{"@type":"CommentAction","name":"Comment","target":["https:\/\/vanxhaber.com\/index.php\/2024\/01\/24\/vanda-3-aylik-bebek-ambulans-ucakla-ankaraya-sevk-edildi\/#respond"]}],"copyrightYear":"2024","copyrightHolder":{"@id":"https:\/\/vanxhaber.com\/#organization"}},{"@type":"WebPage","@id":"https:\/\/vanxhaber.com\/index.php\/2024\/01\/24\/vanda-3-aylik-bebek-ambulans-ucakla-ankaraya-sevk-edildi\/","url":"https:\/\/vanxhaber.com\/index.php\/2024\/01\/24\/vanda-3-aylik-bebek-ambulans-ucakla-ankaraya-sevk-edildi\/","name":"Van'da 3 ayl\u0131k bebek ambulans u\u00e7akla Ankara'ya sevk edildi - Van Haber | Van X Haber | Van Haberleri","isPartOf":{"@id":"https:\/\/vanxhaber.com\/#website"},"primaryImageOfPage":{"@id":"https:\/\/vanxhaber.com\/index.php\/2024\/01\/24\/vanda-3-aylik-bebek-ambulans-ucakla-ankaraya-sevk-edildi\/#primaryimage"},"image":{"@id":"https:\/\/vanxhaber.com\/index.php\/2024\/01\/24\/vanda-3-aylik-bebek-ambulans-ucakla-ankaraya-sevk-edildi\/#primaryimage"},"thumbnailUrl":"https:\/\/vanxhaber.com\/wp-content\/uploads\/2024\/01\/ambulans-ucak.jpg","datePublished":"2024-01-24T10:21:31+00:00","dateModified":"2024-01-24T10:21:33+00:00","author":{"@id":"https:\/\/vanxhaber.com\/#\/schema\/person\/a5fd8d89510cb5370e62ad176f7978ee"},"breadcrumb":{"@id":"https:\/\/vanxhaber.com\/index.php\/2024\/01\/24\/vanda-3-aylik-bebek-ambulans-ucakla-ankaraya-sevk-edildi\/#breadcrumb"},"inLanguage":"tr","potentialAction":[{"@type":"ReadAction","target":["https:\/\/vanxhaber.com\/index.php\/2024\/01\/24\/vanda-3-aylik-bebek-ambulans-ucakla-ankaraya-sevk-edildi\/"]}]},{"@type":"ImageObject","inLanguage":"tr","@id":"https:\/\/vanxhaber.com\/index.php\/2024\/01\/24\/vanda-3-aylik-bebek-ambulans-ucakla-ankaraya-sevk-edildi\/#primaryimage","url":"https:\/\/vanxhaber.com\/wp-content\/uploads\/2024\/01\/ambulans-ucak.jpg","contentUrl":"https:\/\/vanxhaber.com\/wp-content\/uploads\/2024\/01\/ambulans-ucak.jpg","width":641,"height":380},{"@type":"BreadcrumbList","@id":"https:\/\/vanxhaber.com\/index.php\/2024\/01\/24\/vanda-3-aylik-bebek-ambulans-ucakla-ankaraya-sevk-edildi\/#breadcrumb","itemListElement":[{"@type":"ListItem","position":1,"name":"Anasayfa","item":"https:\/\/vanxhaber.com\/"},{"@type":"ListItem","position":2,"name":"Van&#8217;da 3 ayl\u0131k bebek ambulans u\u00e7akla Ankara&#8217;ya sevk edildi"}]},{"@type":"WebSite","@id":"https:\/\/vanxhaber.com\/#website","url":"https:\/\/vanxhaber.com\/","name":"Van Haber | Van X Haber | Van Haberleri","description":"Van Haber, Van&#039;\u0131n ilk yapay zeka teknolojileri ile yaz\u0131lan Van X Haber ve Van Haberlerini aktif g\u00fcncel sunan tek vanhaber merkezidir.","potentialAction":[{"@type":"SearchAction","target":{"@type":"EntryPoint","urlTemplate":"https:\/\/vanxhaber.com\/?s={search_term_string}"},"query-input":{"@type":"PropertyValueSpecification","valueRequired":true,"valueName":"search_term_string"}}],"inLanguage":"tr"},{"@type":"Person","@id":"https:\/\/vanxhaber.com\/#\/schema\/person\/a5fd8d89510cb5370e62ad176f7978ee","name":"Van X Haber","image":{"@type":"ImageObject","inLanguage":"tr","@id":"https:\/\/vanxhaber.com\/#\/schema\/person\/image\/","url":"https:\/\/secure.gravatar.com\/avatar\/36f2f63826681263103acb5ca1e7bc1a6db11baea9b75dd091d89b74f2704b07?s=96&d=mm&r=g","contentUrl":"https:\/\/secure.gravatar.com\/avatar\/36f2f63826681263103acb5ca1e7bc1a6db11baea9b75dd091d89b74f2704b07?s=96&d=mm&r=g","caption":"Van X Haber"},"description":"Van X Haber Van'\u0131n ilk ve tek yeni nesil Van Haber merkezi. Son Dakika Van Haberleri ve G\u00fcncel Van haber merkezinde s\u0131cak geli\u015fmeleri aktarmaya devam edece\u011fiz.","url":"https:\/\/vanxhaber.com\/index.php\/author\/vangazetesi\/"}]}},"_links":{"self":[{"href":"https:\/\/vanxhaber.com\/index.php\/wp-json\/wp\/v2\/posts\/1458","targetHints":{"allow":["GET"]}}],"collection":[{"href":"https:\/\/vanxhaber.com\/index.php\/wp-json\/wp\/v2\/posts"}],"about":[{"href":"https:\/\/vanxhaber.com\/index.php\/wp-json\/wp\/v2\/types\/post"}],"author":[{"embeddable":true,"href":"https:\/\/vanxhaber.com\/index.php\/wp-json\/wp\/v2\/users\/2"}],"replies":[{"embeddable":true,"href":"https:\/\/vanxhaber.com\/index.php\/wp-json\/wp\/v2\/comments?post=1458"}],"version-history":[{"count":1,"href":"https:\/\/vanxhaber.com\/index.php\/wp-json\/wp\/v2\/posts\/1458\/revisions"}],"predecessor-version":[{"id":1461,"href":"https:\/\/vanxhaber.com\/index.php\/wp-json\/wp\/v2\/posts\/1458\/revisions\/1461"}],"wp:featuredmedia":[{"embeddable":true,"href":"https:\/\/vanxhaber.com\/index.php\/wp-json\/wp\/v2\/media\/1460"}],"wp:attachment":[{"href":"https:\/\/vanxhaber.com\/index.php\/wp-json\/wp\/v2\/media?parent=1458"}],"wp:term":[{"taxonomy":"category","embeddable":true,"href":"https:\/\/vanxhaber.com\/index.php\/wp-json\/wp\/v2\/categories?post=1458"},{"taxonomy":"post_tag","embeddable":true,"href":"https:\/\/vanxhaber.com\/index.php\/wp-json\/wp\/v2\/tags?post=1458"}],"curies":[{"name":"wp","href":"https:\/\/api.w.org\/{rel}","templated":true}]}}