{"id":1462,"date":"2024-01-24T10:26:10","date_gmt":"2024-01-24T10:26:10","guid":{"rendered":"https:\/\/vanxhaber.com\/?p=1462"},"modified":"2024-01-24T10:26:12","modified_gmt":"2024-01-24T10:26:12","slug":"vanda-hapis-cezasi-bulunan-15-kisi-yakalandi","status":"publish","type":"post","link":"https:\/\/vanxhaber.com\/index.php\/2024\/01\/24\/vanda-hapis-cezasi-bulunan-15-kisi-yakalandi\/","title":{"rendered":"Van\u2019da hapis cezas\u0131 bulunan 15 ki\u015fi yakaland\u0131"},"content":{"rendered":"\n<p><strong>Van\u2019da polis ekiplerince y\u00fcr\u00fct\u00fclen \u00e7al\u0131\u015fmalar sonucunda kesinle\u015fmi\u015f hapis cezas\u0131 bulunan 15 ki\u015fi yakalanarak cezaevine teslim edildi.<\/strong><\/p>\n\n\n\n<p>Van Emniyet M\u00fcd\u00fcrl\u00fc\u011f\u00fcnden yap\u0131lan a\u00e7\u0131klamada, kamu d\u00fczeninin sa\u011flanmas\u0131 i\u00e7in su\u00e7 ve su\u00e7lularla m\u00fccadele kapsam\u0131nda aranan \u015fah\u0131s\/\u015fah\u0131slar\u0131n yakalanmas\u0131 ve adalete teslim edilmelerine y\u00f6nelik y\u00fcr\u00fct\u00fclen \u00e7al\u0131\u015fmalar\u0131n devam etti\u011fi belirtildi. <\/p>\n\n\n\n<p><\/p>\n\n\n\n<p>A\u00e7\u0131klamada, \u201cYap\u0131lan \u00e7al\u0131\u015fmalarda;<strong> \u2018Uyu\u015fturucu<\/strong> veya Uyar\u0131c\u0131 Madde \u0130mal ve Ticareti\u2019 su\u00e7undan aranma kayd\u0131 olan ve 10 y\u0131l kesinle\u015fmi\u015f hapis cezas\u0131 bulunan 1 \u015fah\u0131s, \u20185607 say\u0131l\u0131 Ka\u00e7ak\u00e7\u0131l\u0131kla M\u00fccadele Kanununa Muhalefet\u2019 su\u00e7undan aranma kayd\u0131 olan ve toplam 9 y\u0131l 11 ay 17 g\u00fcn kesinle\u015fmi\u015f hapis cezas\u0131 bulunan 8 \u015fah\u0131s, \u2018Bir Yabanc\u0131y\u0131 \u00dclkeye Sokan veya \u00dclkede Kalmas\u0131na \u0130mkan Sa\u011flama\u2019 su\u00e7undan aranma kayd\u0131 olan ve toplam 7 y\u0131l 9 ay 22 g\u00fcn kesinle\u015fmi\u015f hapis cezas\u0131 bulunan 1 \u015fah\u0131s, <strong>\u2018Uyu\u015fturucu<\/strong> Madde Kullanmak ve Bulundurmak\u2019 ve \u2018H\u00fck\u00fcml\u00fc veya <strong>Tutuklu<\/strong>nun Ka\u00e7mas\u0131\u2019 su\u00e7lar\u0131ndan aranma kayd\u0131 olan ve 4 y\u0131l 3 ay 15 g\u00fcn y\u0131l kesinle\u015fmi\u015f hapis cezas\u0131 bulunan 1 \u015fah\u0131s, \u2018Konutta veya Eklentilerinde Ya\u011fma\u2019 su\u00e7undan aranma kayd\u0131 olan ve 3 y\u0131l 1 ay 15 g\u00fcn kesinle\u015fmi\u015f hapis cezas\u0131 bulunan 1 \u015fah\u0131s, \u2018<strong>Ter\u00f6r \u00d6rg\u00fct\u00fc Propagandas\u0131<\/strong> Yapmak\u2019 su\u00e7undan aranma kayd\u0131 olan ve 2 y\u0131l 3 ay kesinle\u015fmi\u015f hapis cezas\u0131 bulunan 1 \u015fah\u0131s, \u2018Hakaret\u2019 su\u00e7undan aranma kayd\u0131 olan ve 1 y\u0131l 2 ay 17 g\u00fcn kesinle\u015fmi\u015f hapis cezas\u0131 bulunan 1 \u015fah\u0131s, \u2018Uyu\u015fturucu Madde Ticareti Yapma ve Sa\u011flama\u2019 su\u00e7undan aranma kayd\u0131 olan ve 6 ay kesinle\u015fmi\u015f hapis cezas\u0131 bulunan 1 \u015fah\u0131s olmak \u00fczere toplam 39 y\u0131l 1 ay 26 g\u00fcn kesinle\u015fmi\u015f hapis cezas\u0131 bulunan 15 \u015fah\u0131s yakalanarak cezaevine teslim edilmi\u015ftir\u201d denildi.<\/p>\n","protected":false},"excerpt":{"rendered":"<p>Van\u2019da polis ekiplerince y\u00fcr\u00fct\u00fclen \u00e7al\u0131\u015fmalar sonucunda kesinle\u015fmi\u015f hapis cezas\u0131 bulunan 15 ki\u015fi yakalanarak cezaevine teslim edildi. Van Emniyet M\u00fcd\u00fcrl\u00fc\u011f\u00fcnden yap\u0131lan a\u00e7\u0131klamada, kamu d\u00fczeninin sa\u011flanmas\u0131 i\u00e7in su\u00e7 ve su\u00e7lularla m\u00fccadele kapsam\u0131nda aranan \u015fah\u0131s\/\u015fah\u0131slar\u0131n yakalanmas\u0131 ve adalete teslim edilmelerine y\u00f6nelik y\u00fcr\u00fct\u00fclen \u00e7al\u0131\u015fmalar\u0131n devam etti\u011fi belirtildi. A\u00e7\u0131klamada, \u201cYap\u0131lan \u00e7al\u0131\u015fmalarda; \u2018Uyu\u015fturucu veya Uyar\u0131c\u0131 Madde \u0130mal ve Ticareti\u2019 su\u00e7undan aranma &hellip;<\/p>\n","protected":false},"author":2,"featured_media":1464,"comment_status":"open","ping_status":"closed","sticky":false,"template":"","format":"standard","meta":{"googlesitekit_rrm_CAowot3VCw:productID":"","footnotes":""},"categories":[1],"tags":[],"class_list":["post-1462","post","type-post","status-publish","format-standard","has-post-thumbnail","hentry","category-van-haber"],"yoast_head":"<!-- This site is optimized with the Yoast SEO Premium plugin v21.7 (Yoast SEO v26.7) - https:\/\/yoast.com\/wordpress\/plugins\/seo\/ -->\n<title>Van\u2019da hapis cezas\u0131 bulunan 15 ki\u015fi yakaland\u0131 - Van Haber | Van X Haber | Van Haberleri<\/title>\n<meta name=\"robots\" content=\"index, follow, max-snippet:-1, max-image-preview:large, max-video-preview:-1\" \/>\n<link rel=\"canonical\" href=\"https:\/\/vanxhaber.com\/index.php\/2024\/01\/24\/vanda-hapis-cezasi-bulunan-15-kisi-yakalandi\/\" \/>\n<meta property=\"og:locale\" content=\"tr_TR\" \/>\n<meta property=\"og:type\" content=\"article\" \/>\n<meta property=\"og:title\" content=\"Van\u2019da hapis cezas\u0131 bulunan 15 ki\u015fi yakaland\u0131\" \/>\n<meta property=\"og:description\" content=\"Van\u2019da polis ekiplerince y\u00fcr\u00fct\u00fclen \u00e7al\u0131\u015fmalar sonucunda kesinle\u015fmi\u015f hapis cezas\u0131 bulunan 15 ki\u015fi yakalanarak cezaevine teslim edildi. Van Emniyet M\u00fcd\u00fcrl\u00fc\u011f\u00fcnden yap\u0131lan a\u00e7\u0131klamada, kamu d\u00fczeninin sa\u011flanmas\u0131 i\u00e7in su\u00e7 ve su\u00e7lularla m\u00fccadele kapsam\u0131nda aranan \u015fah\u0131s\/\u015fah\u0131slar\u0131n yakalanmas\u0131 ve adalete teslim edilmelerine y\u00f6nelik y\u00fcr\u00fct\u00fclen \u00e7al\u0131\u015fmalar\u0131n devam etti\u011fi belirtildi. A\u00e7\u0131klamada, \u201cYap\u0131lan \u00e7al\u0131\u015fmalarda; \u2018Uyu\u015fturucu veya Uyar\u0131c\u0131 Madde \u0130mal ve Ticareti\u2019 su\u00e7undan aranma &hellip;\" \/>\n<meta property=\"og:url\" content=\"https:\/\/vanxhaber.com\/index.php\/2024\/01\/24\/vanda-hapis-cezasi-bulunan-15-kisi-yakalandi\/\" \/>\n<meta property=\"og:site_name\" content=\"Van Haber | Van X Haber | Van Haberleri\" \/>\n<meta property=\"article:published_time\" content=\"2024-01-24T10:26:10+00:00\" \/>\n<meta property=\"article:modified_time\" content=\"2024-01-24T10:26:12+00:00\" \/>\n<meta property=\"og:image\" content=\"https:\/\/vanxhaber.com\/wp-content\/uploads\/2024\/01\/vanda-15-kisi-tutuklandi.jpg\" \/>\n\t<meta property=\"og:image:width\" content=\"641\" \/>\n\t<meta property=\"og:image:height\" content=\"380\" \/>\n\t<meta property=\"og:image:type\" content=\"image\/jpeg\" \/>\n<meta name=\"author\" content=\"Van X Haber\" \/>\n<meta name=\"twitter:card\" content=\"summary_large_image\" \/>\n<meta name=\"twitter:label1\" content=\"Yazan:\" \/>\n\t<meta name=\"twitter:data1\" content=\"Van X Haber\" \/>\n\t<meta name=\"twitter:label2\" content=\"Tahmini okuma s\u00fcresi\" \/>\n\t<meta name=\"twitter:data2\" content=\"2 dakika\" \/>\n<script type=\"application\/ld+json\" class=\"yoast-schema-graph\">{\"@context\":\"https:\/\/schema.org\",\"@graph\":[{\"@type\":\"Article\",\"@id\":\"https:\/\/vanxhaber.com\/index.php\/2024\/01\/24\/vanda-hapis-cezasi-bulunan-15-kisi-yakalandi\/#article\",\"isPartOf\":{\"@id\":\"https:\/\/vanxhaber.com\/index.php\/2024\/01\/24\/vanda-hapis-cezasi-bulunan-15-kisi-yakalandi\/\"},\"author\":{\"name\":\"Van X Haber\",\"@id\":\"https:\/\/vanxhaber.com\/#\/schema\/person\/a5fd8d89510cb5370e62ad176f7978ee\"},\"headline\":\"Van\u2019da hapis cezas\u0131 bulunan 15 ki\u015fi yakaland\u0131\",\"datePublished\":\"2024-01-24T10:26:10+00:00\",\"dateModified\":\"2024-01-24T10:26:12+00:00\",\"mainEntityOfPage\":{\"@id\":\"https:\/\/vanxhaber.com\/index.php\/2024\/01\/24\/vanda-hapis-cezasi-bulunan-15-kisi-yakalandi\/\"},\"wordCount\":311,\"commentCount\":0,\"image\":{\"@id\":\"https:\/\/vanxhaber.com\/index.php\/2024\/01\/24\/vanda-hapis-cezasi-bulunan-15-kisi-yakalandi\/#primaryimage\"},\"thumbnailUrl\":\"https:\/\/vanxhaber.com\/wp-content\/uploads\/2024\/01\/vanda-15-kisi-tutuklandi.jpg\",\"articleSection\":[\"Van Haber\"],\"inLanguage\":\"tr\",\"potentialAction\":[{\"@type\":\"CommentAction\",\"name\":\"Comment\",\"target\":[\"https:\/\/vanxhaber.com\/index.php\/2024\/01\/24\/vanda-hapis-cezasi-bulunan-15-kisi-yakalandi\/#respond\"]}],\"copyrightYear\":\"2024\",\"copyrightHolder\":{\"@id\":\"https:\/\/vanxhaber.com\/#organization\"}},{\"@type\":\"WebPage\",\"@id\":\"https:\/\/vanxhaber.com\/index.php\/2024\/01\/24\/vanda-hapis-cezasi-bulunan-15-kisi-yakalandi\/\",\"url\":\"https:\/\/vanxhaber.com\/index.php\/2024\/01\/24\/vanda-hapis-cezasi-bulunan-15-kisi-yakalandi\/\",\"name\":\"Van\u2019da hapis cezas\u0131 bulunan 15 ki\u015fi yakaland\u0131 - Van Haber | Van X Haber | Van Haberleri\",\"isPartOf\":{\"@id\":\"https:\/\/vanxhaber.com\/#website\"},\"primaryImageOfPage\":{\"@id\":\"https:\/\/vanxhaber.com\/index.php\/2024\/01\/24\/vanda-hapis-cezasi-bulunan-15-kisi-yakalandi\/#primaryimage\"},\"image\":{\"@id\":\"https:\/\/vanxhaber.com\/index.php\/2024\/01\/24\/vanda-hapis-cezasi-bulunan-15-kisi-yakalandi\/#primaryimage\"},\"thumbnailUrl\":\"https:\/\/vanxhaber.com\/wp-content\/uploads\/2024\/01\/vanda-15-kisi-tutuklandi.jpg\",\"datePublished\":\"2024-01-24T10:26:10+00:00\",\"dateModified\":\"2024-01-24T10:26:12+00:00\",\"author\":{\"@id\":\"https:\/\/vanxhaber.com\/#\/schema\/person\/a5fd8d89510cb5370e62ad176f7978ee\"},\"breadcrumb\":{\"@id\":\"https:\/\/vanxhaber.com\/index.php\/2024\/01\/24\/vanda-hapis-cezasi-bulunan-15-kisi-yakalandi\/#breadcrumb\"},\"inLanguage\":\"tr\",\"potentialAction\":[{\"@type\":\"ReadAction\",\"target\":[\"https:\/\/vanxhaber.com\/index.php\/2024\/01\/24\/vanda-hapis-cezasi-bulunan-15-kisi-yakalandi\/\"]}]},{\"@type\":\"ImageObject\",\"inLanguage\":\"tr\",\"@id\":\"https:\/\/vanxhaber.com\/index.php\/2024\/01\/24\/vanda-hapis-cezasi-bulunan-15-kisi-yakalandi\/#primaryimage\",\"url\":\"https:\/\/vanxhaber.com\/wp-content\/uploads\/2024\/01\/vanda-15-kisi-tutuklandi.jpg\",\"contentUrl\":\"https:\/\/vanxhaber.com\/wp-content\/uploads\/2024\/01\/vanda-15-kisi-tutuklandi.jpg\",\"width\":641,\"height\":380},{\"@type\":\"BreadcrumbList\",\"@id\":\"https:\/\/vanxhaber.com\/index.php\/2024\/01\/24\/vanda-hapis-cezasi-bulunan-15-kisi-yakalandi\/#breadcrumb\",\"itemListElement\":[{\"@type\":\"ListItem\",\"position\":1,\"name\":\"Anasayfa\",\"item\":\"https:\/\/vanxhaber.com\/\"},{\"@type\":\"ListItem\",\"position\":2,\"name\":\"Van\u2019da hapis cezas\u0131 bulunan 15 ki\u015fi yakaland\u0131\"}]},{\"@type\":\"WebSite\",\"@id\":\"https:\/\/vanxhaber.com\/#website\",\"url\":\"https:\/\/vanxhaber.com\/\",\"name\":\"Van Haber | Van X Haber | Van Haberleri\",\"description\":\"Van Haber, Van&#039;\u0131n ilk yapay zeka teknolojileri ile yaz\u0131lan Van X Haber ve Van Haberlerini aktif g\u00fcncel sunan tek vanhaber merkezidir.\",\"potentialAction\":[{\"@type\":\"SearchAction\",\"target\":{\"@type\":\"EntryPoint\",\"urlTemplate\":\"https:\/\/vanxhaber.com\/?s={search_term_string}\"},\"query-input\":{\"@type\":\"PropertyValueSpecification\",\"valueRequired\":true,\"valueName\":\"search_term_string\"}}],\"inLanguage\":\"tr\"},{\"@type\":\"Person\",\"@id\":\"https:\/\/vanxhaber.com\/#\/schema\/person\/a5fd8d89510cb5370e62ad176f7978ee\",\"name\":\"Van X Haber\",\"image\":{\"@type\":\"ImageObject\",\"inLanguage\":\"tr\",\"@id\":\"https:\/\/vanxhaber.com\/#\/schema\/person\/image\/\",\"url\":\"https:\/\/secure.gravatar.com\/avatar\/36f2f63826681263103acb5ca1e7bc1a6db11baea9b75dd091d89b74f2704b07?s=96&d=mm&r=g\",\"contentUrl\":\"https:\/\/secure.gravatar.com\/avatar\/36f2f63826681263103acb5ca1e7bc1a6db11baea9b75dd091d89b74f2704b07?s=96&d=mm&r=g\",\"caption\":\"Van X Haber\"},\"description\":\"Van X Haber Van'\u0131n ilk ve tek yeni nesil Van Haber merkezi. Son Dakika Van Haberleri ve G\u00fcncel Van haber merkezinde s\u0131cak geli\u015fmeleri aktarmaya devam edece\u011fiz.\",\"url\":\"https:\/\/vanxhaber.com\/index.php\/author\/vangazetesi\/\"}]}<\/script>\n<!-- \/ Yoast SEO Premium plugin. -->","yoast_head_json":{"title":"Van\u2019da hapis cezas\u0131 bulunan 15 ki\u015fi yakaland\u0131 - Van Haber | Van X Haber | Van Haberleri","robots":{"index":"index","follow":"follow","max-snippet":"max-snippet:-1","max-image-preview":"max-image-preview:large","max-video-preview":"max-video-preview:-1"},"canonical":"https:\/\/vanxhaber.com\/index.php\/2024\/01\/24\/vanda-hapis-cezasi-bulunan-15-kisi-yakalandi\/","og_locale":"tr_TR","og_type":"article","og_title":"Van\u2019da hapis cezas\u0131 bulunan 15 ki\u015fi yakaland\u0131","og_description":"Van\u2019da polis ekiplerince y\u00fcr\u00fct\u00fclen \u00e7al\u0131\u015fmalar sonucunda kesinle\u015fmi\u015f hapis cezas\u0131 bulunan 15 ki\u015fi yakalanarak cezaevine teslim edildi. Van Emniyet M\u00fcd\u00fcrl\u00fc\u011f\u00fcnden yap\u0131lan a\u00e7\u0131klamada, kamu d\u00fczeninin sa\u011flanmas\u0131 i\u00e7in su\u00e7 ve su\u00e7lularla m\u00fccadele kapsam\u0131nda aranan \u015fah\u0131s\/\u015fah\u0131slar\u0131n yakalanmas\u0131 ve adalete teslim edilmelerine y\u00f6nelik y\u00fcr\u00fct\u00fclen \u00e7al\u0131\u015fmalar\u0131n devam etti\u011fi belirtildi. A\u00e7\u0131klamada, \u201cYap\u0131lan \u00e7al\u0131\u015fmalarda; \u2018Uyu\u015fturucu veya Uyar\u0131c\u0131 Madde \u0130mal ve Ticareti\u2019 su\u00e7undan aranma &hellip;","og_url":"https:\/\/vanxhaber.com\/index.php\/2024\/01\/24\/vanda-hapis-cezasi-bulunan-15-kisi-yakalandi\/","og_site_name":"Van Haber | Van X Haber | Van Haberleri","article_published_time":"2024-01-24T10:26:10+00:00","article_modified_time":"2024-01-24T10:26:12+00:00","og_image":[{"width":641,"height":380,"url":"https:\/\/vanxhaber.com\/wp-content\/uploads\/2024\/01\/vanda-15-kisi-tutuklandi.jpg","type":"image\/jpeg"}],"author":"Van X Haber","twitter_card":"summary_large_image","twitter_misc":{"Yazan:":"Van X Haber","Tahmini okuma s\u00fcresi":"2 dakika"},"schema":{"@context":"https:\/\/schema.org","@graph":[{"@type":"Article","@id":"https:\/\/vanxhaber.com\/index.php\/2024\/01\/24\/vanda-hapis-cezasi-bulunan-15-kisi-yakalandi\/#article","isPartOf":{"@id":"https:\/\/vanxhaber.com\/index.php\/2024\/01\/24\/vanda-hapis-cezasi-bulunan-15-kisi-yakalandi\/"},"author":{"name":"Van X Haber","@id":"https:\/\/vanxhaber.com\/#\/schema\/person\/a5fd8d89510cb5370e62ad176f7978ee"},"headline":"Van\u2019da hapis cezas\u0131 bulunan 15 ki\u015fi yakaland\u0131","datePublished":"2024-01-24T10:26:10+00:00","dateModified":"2024-01-24T10:26:12+00:00","mainEntityOfPage":{"@id":"https:\/\/vanxhaber.com\/index.php\/2024\/01\/24\/vanda-hapis-cezasi-bulunan-15-kisi-yakalandi\/"},"wordCount":311,"commentCount":0,"image":{"@id":"https:\/\/vanxhaber.com\/index.php\/2024\/01\/24\/vanda-hapis-cezasi-bulunan-15-kisi-yakalandi\/#primaryimage"},"thumbnailUrl":"https:\/\/vanxhaber.com\/wp-content\/uploads\/2024\/01\/vanda-15-kisi-tutuklandi.jpg","articleSection":["Van Haber"],"inLanguage":"tr","potentialAction":[{"@type":"CommentAction","name":"Comment","target":["https:\/\/vanxhaber.com\/index.php\/2024\/01\/24\/vanda-hapis-cezasi-bulunan-15-kisi-yakalandi\/#respond"]}],"copyrightYear":"2024","copyrightHolder":{"@id":"https:\/\/vanxhaber.com\/#organization"}},{"@type":"WebPage","@id":"https:\/\/vanxhaber.com\/index.php\/2024\/01\/24\/vanda-hapis-cezasi-bulunan-15-kisi-yakalandi\/","url":"https:\/\/vanxhaber.com\/index.php\/2024\/01\/24\/vanda-hapis-cezasi-bulunan-15-kisi-yakalandi\/","name":"Van\u2019da hapis cezas\u0131 bulunan 15 ki\u015fi yakaland\u0131 - Van Haber | Van X Haber | Van Haberleri","isPartOf":{"@id":"https:\/\/vanxhaber.com\/#website"},"primaryImageOfPage":{"@id":"https:\/\/vanxhaber.com\/index.php\/2024\/01\/24\/vanda-hapis-cezasi-bulunan-15-kisi-yakalandi\/#primaryimage"},"image":{"@id":"https:\/\/vanxhaber.com\/index.php\/2024\/01\/24\/vanda-hapis-cezasi-bulunan-15-kisi-yakalandi\/#primaryimage"},"thumbnailUrl":"https:\/\/vanxhaber.com\/wp-content\/uploads\/2024\/01\/vanda-15-kisi-tutuklandi.jpg","datePublished":"2024-01-24T10:26:10+00:00","dateModified":"2024-01-24T10:26:12+00:00","author":{"@id":"https:\/\/vanxhaber.com\/#\/schema\/person\/a5fd8d89510cb5370e62ad176f7978ee"},"breadcrumb":{"@id":"https:\/\/vanxhaber.com\/index.php\/2024\/01\/24\/vanda-hapis-cezasi-bulunan-15-kisi-yakalandi\/#breadcrumb"},"inLanguage":"tr","potentialAction":[{"@type":"ReadAction","target":["https:\/\/vanxhaber.com\/index.php\/2024\/01\/24\/vanda-hapis-cezasi-bulunan-15-kisi-yakalandi\/"]}]},{"@type":"ImageObject","inLanguage":"tr","@id":"https:\/\/vanxhaber.com\/index.php\/2024\/01\/24\/vanda-hapis-cezasi-bulunan-15-kisi-yakalandi\/#primaryimage","url":"https:\/\/vanxhaber.com\/wp-content\/uploads\/2024\/01\/vanda-15-kisi-tutuklandi.jpg","contentUrl":"https:\/\/vanxhaber.com\/wp-content\/uploads\/2024\/01\/vanda-15-kisi-tutuklandi.jpg","width":641,"height":380},{"@type":"BreadcrumbList","@id":"https:\/\/vanxhaber.com\/index.php\/2024\/01\/24\/vanda-hapis-cezasi-bulunan-15-kisi-yakalandi\/#breadcrumb","itemListElement":[{"@type":"ListItem","position":1,"name":"Anasayfa","item":"https:\/\/vanxhaber.com\/"},{"@type":"ListItem","position":2,"name":"Van\u2019da hapis cezas\u0131 bulunan 15 ki\u015fi yakaland\u0131"}]},{"@type":"WebSite","@id":"https:\/\/vanxhaber.com\/#website","url":"https:\/\/vanxhaber.com\/","name":"Van Haber | Van X Haber | Van Haberleri","description":"Van Haber, Van&#039;\u0131n ilk yapay zeka teknolojileri ile yaz\u0131lan Van X Haber ve Van Haberlerini aktif g\u00fcncel sunan tek vanhaber merkezidir.","potentialAction":[{"@type":"SearchAction","target":{"@type":"EntryPoint","urlTemplate":"https:\/\/vanxhaber.com\/?s={search_term_string}"},"query-input":{"@type":"PropertyValueSpecification","valueRequired":true,"valueName":"search_term_string"}}],"inLanguage":"tr"},{"@type":"Person","@id":"https:\/\/vanxhaber.com\/#\/schema\/person\/a5fd8d89510cb5370e62ad176f7978ee","name":"Van X Haber","image":{"@type":"ImageObject","inLanguage":"tr","@id":"https:\/\/vanxhaber.com\/#\/schema\/person\/image\/","url":"https:\/\/secure.gravatar.com\/avatar\/36f2f63826681263103acb5ca1e7bc1a6db11baea9b75dd091d89b74f2704b07?s=96&d=mm&r=g","contentUrl":"https:\/\/secure.gravatar.com\/avatar\/36f2f63826681263103acb5ca1e7bc1a6db11baea9b75dd091d89b74f2704b07?s=96&d=mm&r=g","caption":"Van X Haber"},"description":"Van X Haber Van'\u0131n ilk ve tek yeni nesil Van Haber merkezi. Son Dakika Van Haberleri ve G\u00fcncel Van haber merkezinde s\u0131cak geli\u015fmeleri aktarmaya devam edece\u011fiz.","url":"https:\/\/vanxhaber.com\/index.php\/author\/vangazetesi\/"}]}},"_links":{"self":[{"href":"https:\/\/vanxhaber.com\/index.php\/wp-json\/wp\/v2\/posts\/1462","targetHints":{"allow":["GET"]}}],"collection":[{"href":"https:\/\/vanxhaber.com\/index.php\/wp-json\/wp\/v2\/posts"}],"about":[{"href":"https:\/\/vanxhaber.com\/index.php\/wp-json\/wp\/v2\/types\/post"}],"author":[{"embeddable":true,"href":"https:\/\/vanxhaber.com\/index.php\/wp-json\/wp\/v2\/users\/2"}],"replies":[{"embeddable":true,"href":"https:\/\/vanxhaber.com\/index.php\/wp-json\/wp\/v2\/comments?post=1462"}],"version-history":[{"count":1,"href":"https:\/\/vanxhaber.com\/index.php\/wp-json\/wp\/v2\/posts\/1462\/revisions"}],"predecessor-version":[{"id":1465,"href":"https:\/\/vanxhaber.com\/index.php\/wp-json\/wp\/v2\/posts\/1462\/revisions\/1465"}],"wp:featuredmedia":[{"embeddable":true,"href":"https:\/\/vanxhaber.com\/index.php\/wp-json\/wp\/v2\/media\/1464"}],"wp:attachment":[{"href":"https:\/\/vanxhaber.com\/index.php\/wp-json\/wp\/v2\/media?parent=1462"}],"wp:term":[{"taxonomy":"category","embeddable":true,"href":"https:\/\/vanxhaber.com\/index.php\/wp-json\/wp\/v2\/categories?post=1462"},{"taxonomy":"post_tag","embeddable":true,"href":"https:\/\/vanxhaber.com\/index.php\/wp-json\/wp\/v2\/tags?post=1462"}],"curies":[{"name":"wp","href":"https:\/\/api.w.org\/{rel}","templated":true}]}}