{"id":1466,"date":"2024-01-24T12:09:22","date_gmt":"2024-01-24T12:09:22","guid":{"rendered":"https:\/\/vanxhaber.com\/?p=1466"},"modified":"2024-01-24T12:09:23","modified_gmt":"2024-01-24T12:09:23","slug":"vanda-332-surucuye-698-bin-90-tl-idari-para-cezasi-uygulandi","status":"publish","type":"post","link":"https:\/\/vanxhaber.com\/index.php\/2024\/01\/24\/vanda-332-surucuye-698-bin-90-tl-idari-para-cezasi-uygulandi\/","title":{"rendered":"Van&#8217;da 332 s\u00fcr\u00fcc\u00fcye 698 bin 90 TL idari para cezas\u0131 uyguland\u0131"},"content":{"rendered":"\n<p><strong>Van Valili\u011fi taraf\u0131ndan yap\u0131lan a\u00e7\u0131klamada, \u0130l Jandarma Komutanl\u0131\u011f\u0131 taraf\u0131ndan ger\u00e7ekle\u015ftirilen trafik denetimlerinde 332 s\u00fcr\u00fcc\u00fcye 698 bin 90 TL idari para cezas\u0131 uyguland\u0131\u011f\u0131 belirtildi. <\/strong>Ayr\u0131ca, 54 ara\u00e7 trafikten men edilirken, 53 s\u00fcr\u00fcc\u00fcye h\u0131z kurallar\u0131n\u0131 ihlal etti\u011fi gerek\u00e7esiyle 138 bin 830 TL T\u0130PCK tutana\u011f\u0131 tanzim edildi.<\/p>\n\n\n\n<p>Van Valili\u011finden yap\u0131lan a\u00e7\u0131klamada, \u0130l Jandarma Komutanl\u0131\u011f\u0131nca yol kullan\u0131c\u0131lar\u0131na y\u00f6nelik 15-21 Ocak 2024 tarihleri aras\u0131nda trafik denetimleri icra edildi\u011fi belirtildi. A\u00e7\u0131klamada, &#8220;14 bin 906 ara\u00e7 kontrol edildi, 332 s\u00fcr\u00fcc\u00fc ve araca 698 bin 90 TL idari para cezas\u0131 uyguland\u0131, 54 ara\u00e7 trafikten men edildi. 53 s\u00fcr\u00fcc\u00fcye ise h\u0131z kurallar\u0131n\u0131 ihlal etti\u011finden 138 bin 830 TL T\u0130PCK tutana\u011f\u0131 tanzim edildi&#8221; denildi.<\/p>\n","protected":false},"excerpt":{"rendered":"<p>Van Valili\u011fi taraf\u0131ndan yap\u0131lan a\u00e7\u0131klamada, \u0130l Jandarma Komutanl\u0131\u011f\u0131 taraf\u0131ndan ger\u00e7ekle\u015ftirilen trafik denetimlerinde 332 s\u00fcr\u00fcc\u00fcye 698 bin 90 TL idari para cezas\u0131 uyguland\u0131\u011f\u0131 belirtildi. Ayr\u0131ca, 54 ara\u00e7 trafikten men edilirken, 53 s\u00fcr\u00fcc\u00fcye h\u0131z kurallar\u0131n\u0131 ihlal etti\u011fi gerek\u00e7esiyle 138 bin 830 TL T\u0130PCK tutana\u011f\u0131 tanzim edildi. Van Valili\u011finden yap\u0131lan a\u00e7\u0131klamada, \u0130l Jandarma Komutanl\u0131\u011f\u0131nca yol kullan\u0131c\u0131lar\u0131na y\u00f6nelik 15-21 &hellip;<\/p>\n","protected":false},"author":2,"featured_media":1468,"comment_status":"open","ping_status":"closed","sticky":false,"template":"","format":"standard","meta":{"googlesitekit_rrm_CAowot3VCw:productID":"","footnotes":""},"categories":[1],"tags":[],"class_list":["post-1466","post","type-post","status-publish","format-standard","has-post-thumbnail","hentry","category-van-haber"],"yoast_head":"<!-- This site is optimized with the Yoast SEO Premium plugin v21.7 (Yoast SEO v26.7) - https:\/\/yoast.com\/wordpress\/plugins\/seo\/ -->\n<title>Van&#039;da 332 s\u00fcr\u00fcc\u00fcye 698 bin 90 TL idari para cezas\u0131 uyguland\u0131 - Van Haber | Van X Haber | Van Haberleri<\/title>\n<meta name=\"robots\" content=\"index, follow, max-snippet:-1, max-image-preview:large, max-video-preview:-1\" \/>\n<link rel=\"canonical\" href=\"https:\/\/vanxhaber.com\/index.php\/2024\/01\/24\/vanda-332-surucuye-698-bin-90-tl-idari-para-cezasi-uygulandi\/\" \/>\n<meta property=\"og:locale\" content=\"tr_TR\" \/>\n<meta property=\"og:type\" content=\"article\" \/>\n<meta property=\"og:title\" content=\"Van&#039;da 332 s\u00fcr\u00fcc\u00fcye 698 bin 90 TL idari para cezas\u0131 uyguland\u0131\" \/>\n<meta property=\"og:description\" content=\"Van Valili\u011fi taraf\u0131ndan yap\u0131lan a\u00e7\u0131klamada, \u0130l Jandarma Komutanl\u0131\u011f\u0131 taraf\u0131ndan ger\u00e7ekle\u015ftirilen trafik denetimlerinde 332 s\u00fcr\u00fcc\u00fcye 698 bin 90 TL idari para cezas\u0131 uyguland\u0131\u011f\u0131 belirtildi. Ayr\u0131ca, 54 ara\u00e7 trafikten men edilirken, 53 s\u00fcr\u00fcc\u00fcye h\u0131z kurallar\u0131n\u0131 ihlal etti\u011fi gerek\u00e7esiyle 138 bin 830 TL T\u0130PCK tutana\u011f\u0131 tanzim edildi. Van Valili\u011finden yap\u0131lan a\u00e7\u0131klamada, \u0130l Jandarma Komutanl\u0131\u011f\u0131nca yol kullan\u0131c\u0131lar\u0131na y\u00f6nelik 15-21 &hellip;\" \/>\n<meta property=\"og:url\" content=\"https:\/\/vanxhaber.com\/index.php\/2024\/01\/24\/vanda-332-surucuye-698-bin-90-tl-idari-para-cezasi-uygulandi\/\" \/>\n<meta property=\"og:site_name\" content=\"Van Haber | Van X Haber | Van Haberleri\" \/>\n<meta property=\"article:published_time\" content=\"2024-01-24T12:09:22+00:00\" \/>\n<meta property=\"article:modified_time\" content=\"2024-01-24T12:09:23+00:00\" \/>\n<meta property=\"og:image\" content=\"https:\/\/vanxhaber.com\/wp-content\/uploads\/2024\/01\/cezaiislem.jpg\" \/>\n\t<meta property=\"og:image:width\" content=\"641\" \/>\n\t<meta property=\"og:image:height\" content=\"380\" \/>\n\t<meta property=\"og:image:type\" content=\"image\/jpeg\" \/>\n<meta name=\"author\" content=\"Van X Haber\" \/>\n<meta name=\"twitter:card\" content=\"summary_large_image\" \/>\n<meta name=\"twitter:label1\" content=\"Yazan:\" \/>\n\t<meta name=\"twitter:data1\" content=\"Van X Haber\" \/>\n\t<meta name=\"twitter:label2\" content=\"Tahmini okuma s\u00fcresi\" \/>\n\t<meta name=\"twitter:data2\" content=\"1 dakika\" \/>\n<script type=\"application\/ld+json\" class=\"yoast-schema-graph\">{\"@context\":\"https:\/\/schema.org\",\"@graph\":[{\"@type\":\"Article\",\"@id\":\"https:\/\/vanxhaber.com\/index.php\/2024\/01\/24\/vanda-332-surucuye-698-bin-90-tl-idari-para-cezasi-uygulandi\/#article\",\"isPartOf\":{\"@id\":\"https:\/\/vanxhaber.com\/index.php\/2024\/01\/24\/vanda-332-surucuye-698-bin-90-tl-idari-para-cezasi-uygulandi\/\"},\"author\":{\"name\":\"Van X Haber\",\"@id\":\"https:\/\/vanxhaber.com\/#\/schema\/person\/a5fd8d89510cb5370e62ad176f7978ee\"},\"headline\":\"Van&#8217;da 332 s\u00fcr\u00fcc\u00fcye 698 bin 90 TL idari para cezas\u0131 uyguland\u0131\",\"datePublished\":\"2024-01-24T12:09:22+00:00\",\"dateModified\":\"2024-01-24T12:09:23+00:00\",\"mainEntityOfPage\":{\"@id\":\"https:\/\/vanxhaber.com\/index.php\/2024\/01\/24\/vanda-332-surucuye-698-bin-90-tl-idari-para-cezasi-uygulandi\/\"},\"wordCount\":138,\"commentCount\":0,\"image\":{\"@id\":\"https:\/\/vanxhaber.com\/index.php\/2024\/01\/24\/vanda-332-surucuye-698-bin-90-tl-idari-para-cezasi-uygulandi\/#primaryimage\"},\"thumbnailUrl\":\"https:\/\/vanxhaber.com\/wp-content\/uploads\/2024\/01\/cezaiislem.jpg\",\"articleSection\":[\"Van Haber\"],\"inLanguage\":\"tr\",\"potentialAction\":[{\"@type\":\"CommentAction\",\"name\":\"Comment\",\"target\":[\"https:\/\/vanxhaber.com\/index.php\/2024\/01\/24\/vanda-332-surucuye-698-bin-90-tl-idari-para-cezasi-uygulandi\/#respond\"]}],\"copyrightYear\":\"2024\",\"copyrightHolder\":{\"@id\":\"https:\/\/vanxhaber.com\/#organization\"}},{\"@type\":\"WebPage\",\"@id\":\"https:\/\/vanxhaber.com\/index.php\/2024\/01\/24\/vanda-332-surucuye-698-bin-90-tl-idari-para-cezasi-uygulandi\/\",\"url\":\"https:\/\/vanxhaber.com\/index.php\/2024\/01\/24\/vanda-332-surucuye-698-bin-90-tl-idari-para-cezasi-uygulandi\/\",\"name\":\"Van'da 332 s\u00fcr\u00fcc\u00fcye 698 bin 90 TL idari para cezas\u0131 uyguland\u0131 - Van Haber | Van X Haber | Van Haberleri\",\"isPartOf\":{\"@id\":\"https:\/\/vanxhaber.com\/#website\"},\"primaryImageOfPage\":{\"@id\":\"https:\/\/vanxhaber.com\/index.php\/2024\/01\/24\/vanda-332-surucuye-698-bin-90-tl-idari-para-cezasi-uygulandi\/#primaryimage\"},\"image\":{\"@id\":\"https:\/\/vanxhaber.com\/index.php\/2024\/01\/24\/vanda-332-surucuye-698-bin-90-tl-idari-para-cezasi-uygulandi\/#primaryimage\"},\"thumbnailUrl\":\"https:\/\/vanxhaber.com\/wp-content\/uploads\/2024\/01\/cezaiislem.jpg\",\"datePublished\":\"2024-01-24T12:09:22+00:00\",\"dateModified\":\"2024-01-24T12:09:23+00:00\",\"author\":{\"@id\":\"https:\/\/vanxhaber.com\/#\/schema\/person\/a5fd8d89510cb5370e62ad176f7978ee\"},\"breadcrumb\":{\"@id\":\"https:\/\/vanxhaber.com\/index.php\/2024\/01\/24\/vanda-332-surucuye-698-bin-90-tl-idari-para-cezasi-uygulandi\/#breadcrumb\"},\"inLanguage\":\"tr\",\"potentialAction\":[{\"@type\":\"ReadAction\",\"target\":[\"https:\/\/vanxhaber.com\/index.php\/2024\/01\/24\/vanda-332-surucuye-698-bin-90-tl-idari-para-cezasi-uygulandi\/\"]}]},{\"@type\":\"ImageObject\",\"inLanguage\":\"tr\",\"@id\":\"https:\/\/vanxhaber.com\/index.php\/2024\/01\/24\/vanda-332-surucuye-698-bin-90-tl-idari-para-cezasi-uygulandi\/#primaryimage\",\"url\":\"https:\/\/vanxhaber.com\/wp-content\/uploads\/2024\/01\/cezaiislem.jpg\",\"contentUrl\":\"https:\/\/vanxhaber.com\/wp-content\/uploads\/2024\/01\/cezaiislem.jpg\",\"width\":641,\"height\":380},{\"@type\":\"BreadcrumbList\",\"@id\":\"https:\/\/vanxhaber.com\/index.php\/2024\/01\/24\/vanda-332-surucuye-698-bin-90-tl-idari-para-cezasi-uygulandi\/#breadcrumb\",\"itemListElement\":[{\"@type\":\"ListItem\",\"position\":1,\"name\":\"Anasayfa\",\"item\":\"https:\/\/vanxhaber.com\/\"},{\"@type\":\"ListItem\",\"position\":2,\"name\":\"Van&#8217;da 332 s\u00fcr\u00fcc\u00fcye 698 bin 90 TL idari para cezas\u0131 uyguland\u0131\"}]},{\"@type\":\"WebSite\",\"@id\":\"https:\/\/vanxhaber.com\/#website\",\"url\":\"https:\/\/vanxhaber.com\/\",\"name\":\"Van Haber | Van X Haber | Van Haberleri\",\"description\":\"Van Haber, Van&#039;\u0131n ilk yapay zeka teknolojileri ile yaz\u0131lan Van X Haber ve Van Haberlerini aktif g\u00fcncel sunan tek vanhaber merkezidir.\",\"potentialAction\":[{\"@type\":\"SearchAction\",\"target\":{\"@type\":\"EntryPoint\",\"urlTemplate\":\"https:\/\/vanxhaber.com\/?s={search_term_string}\"},\"query-input\":{\"@type\":\"PropertyValueSpecification\",\"valueRequired\":true,\"valueName\":\"search_term_string\"}}],\"inLanguage\":\"tr\"},{\"@type\":\"Person\",\"@id\":\"https:\/\/vanxhaber.com\/#\/schema\/person\/a5fd8d89510cb5370e62ad176f7978ee\",\"name\":\"Van X Haber\",\"image\":{\"@type\":\"ImageObject\",\"inLanguage\":\"tr\",\"@id\":\"https:\/\/vanxhaber.com\/#\/schema\/person\/image\/\",\"url\":\"https:\/\/secure.gravatar.com\/avatar\/36f2f63826681263103acb5ca1e7bc1a6db11baea9b75dd091d89b74f2704b07?s=96&d=mm&r=g\",\"contentUrl\":\"https:\/\/secure.gravatar.com\/avatar\/36f2f63826681263103acb5ca1e7bc1a6db11baea9b75dd091d89b74f2704b07?s=96&d=mm&r=g\",\"caption\":\"Van X Haber\"},\"description\":\"Van X Haber Van'\u0131n ilk ve tek yeni nesil Van Haber merkezi. Son Dakika Van Haberleri ve G\u00fcncel Van haber merkezinde s\u0131cak geli\u015fmeleri aktarmaya devam edece\u011fiz.\",\"url\":\"https:\/\/vanxhaber.com\/index.php\/author\/vangazetesi\/\"}]}<\/script>\n<!-- \/ Yoast SEO Premium plugin. -->","yoast_head_json":{"title":"Van'da 332 s\u00fcr\u00fcc\u00fcye 698 bin 90 TL idari para cezas\u0131 uyguland\u0131 - Van Haber | Van X Haber | Van Haberleri","robots":{"index":"index","follow":"follow","max-snippet":"max-snippet:-1","max-image-preview":"max-image-preview:large","max-video-preview":"max-video-preview:-1"},"canonical":"https:\/\/vanxhaber.com\/index.php\/2024\/01\/24\/vanda-332-surucuye-698-bin-90-tl-idari-para-cezasi-uygulandi\/","og_locale":"tr_TR","og_type":"article","og_title":"Van'da 332 s\u00fcr\u00fcc\u00fcye 698 bin 90 TL idari para cezas\u0131 uyguland\u0131","og_description":"Van Valili\u011fi taraf\u0131ndan yap\u0131lan a\u00e7\u0131klamada, \u0130l Jandarma Komutanl\u0131\u011f\u0131 taraf\u0131ndan ger\u00e7ekle\u015ftirilen trafik denetimlerinde 332 s\u00fcr\u00fcc\u00fcye 698 bin 90 TL idari para cezas\u0131 uyguland\u0131\u011f\u0131 belirtildi. Ayr\u0131ca, 54 ara\u00e7 trafikten men edilirken, 53 s\u00fcr\u00fcc\u00fcye h\u0131z kurallar\u0131n\u0131 ihlal etti\u011fi gerek\u00e7esiyle 138 bin 830 TL T\u0130PCK tutana\u011f\u0131 tanzim edildi. Van Valili\u011finden yap\u0131lan a\u00e7\u0131klamada, \u0130l Jandarma Komutanl\u0131\u011f\u0131nca yol kullan\u0131c\u0131lar\u0131na y\u00f6nelik 15-21 &hellip;","og_url":"https:\/\/vanxhaber.com\/index.php\/2024\/01\/24\/vanda-332-surucuye-698-bin-90-tl-idari-para-cezasi-uygulandi\/","og_site_name":"Van Haber | Van X Haber | Van Haberleri","article_published_time":"2024-01-24T12:09:22+00:00","article_modified_time":"2024-01-24T12:09:23+00:00","og_image":[{"width":641,"height":380,"url":"https:\/\/vanxhaber.com\/wp-content\/uploads\/2024\/01\/cezaiislem.jpg","type":"image\/jpeg"}],"author":"Van X Haber","twitter_card":"summary_large_image","twitter_misc":{"Yazan:":"Van X Haber","Tahmini okuma s\u00fcresi":"1 dakika"},"schema":{"@context":"https:\/\/schema.org","@graph":[{"@type":"Article","@id":"https:\/\/vanxhaber.com\/index.php\/2024\/01\/24\/vanda-332-surucuye-698-bin-90-tl-idari-para-cezasi-uygulandi\/#article","isPartOf":{"@id":"https:\/\/vanxhaber.com\/index.php\/2024\/01\/24\/vanda-332-surucuye-698-bin-90-tl-idari-para-cezasi-uygulandi\/"},"author":{"name":"Van X Haber","@id":"https:\/\/vanxhaber.com\/#\/schema\/person\/a5fd8d89510cb5370e62ad176f7978ee"},"headline":"Van&#8217;da 332 s\u00fcr\u00fcc\u00fcye 698 bin 90 TL idari para cezas\u0131 uyguland\u0131","datePublished":"2024-01-24T12:09:22+00:00","dateModified":"2024-01-24T12:09:23+00:00","mainEntityOfPage":{"@id":"https:\/\/vanxhaber.com\/index.php\/2024\/01\/24\/vanda-332-surucuye-698-bin-90-tl-idari-para-cezasi-uygulandi\/"},"wordCount":138,"commentCount":0,"image":{"@id":"https:\/\/vanxhaber.com\/index.php\/2024\/01\/24\/vanda-332-surucuye-698-bin-90-tl-idari-para-cezasi-uygulandi\/#primaryimage"},"thumbnailUrl":"https:\/\/vanxhaber.com\/wp-content\/uploads\/2024\/01\/cezaiislem.jpg","articleSection":["Van Haber"],"inLanguage":"tr","potentialAction":[{"@type":"CommentAction","name":"Comment","target":["https:\/\/vanxhaber.com\/index.php\/2024\/01\/24\/vanda-332-surucuye-698-bin-90-tl-idari-para-cezasi-uygulandi\/#respond"]}],"copyrightYear":"2024","copyrightHolder":{"@id":"https:\/\/vanxhaber.com\/#organization"}},{"@type":"WebPage","@id":"https:\/\/vanxhaber.com\/index.php\/2024\/01\/24\/vanda-332-surucuye-698-bin-90-tl-idari-para-cezasi-uygulandi\/","url":"https:\/\/vanxhaber.com\/index.php\/2024\/01\/24\/vanda-332-surucuye-698-bin-90-tl-idari-para-cezasi-uygulandi\/","name":"Van'da 332 s\u00fcr\u00fcc\u00fcye 698 bin 90 TL idari para cezas\u0131 uyguland\u0131 - Van Haber | Van X Haber | Van Haberleri","isPartOf":{"@id":"https:\/\/vanxhaber.com\/#website"},"primaryImageOfPage":{"@id":"https:\/\/vanxhaber.com\/index.php\/2024\/01\/24\/vanda-332-surucuye-698-bin-90-tl-idari-para-cezasi-uygulandi\/#primaryimage"},"image":{"@id":"https:\/\/vanxhaber.com\/index.php\/2024\/01\/24\/vanda-332-surucuye-698-bin-90-tl-idari-para-cezasi-uygulandi\/#primaryimage"},"thumbnailUrl":"https:\/\/vanxhaber.com\/wp-content\/uploads\/2024\/01\/cezaiislem.jpg","datePublished":"2024-01-24T12:09:22+00:00","dateModified":"2024-01-24T12:09:23+00:00","author":{"@id":"https:\/\/vanxhaber.com\/#\/schema\/person\/a5fd8d89510cb5370e62ad176f7978ee"},"breadcrumb":{"@id":"https:\/\/vanxhaber.com\/index.php\/2024\/01\/24\/vanda-332-surucuye-698-bin-90-tl-idari-para-cezasi-uygulandi\/#breadcrumb"},"inLanguage":"tr","potentialAction":[{"@type":"ReadAction","target":["https:\/\/vanxhaber.com\/index.php\/2024\/01\/24\/vanda-332-surucuye-698-bin-90-tl-idari-para-cezasi-uygulandi\/"]}]},{"@type":"ImageObject","inLanguage":"tr","@id":"https:\/\/vanxhaber.com\/index.php\/2024\/01\/24\/vanda-332-surucuye-698-bin-90-tl-idari-para-cezasi-uygulandi\/#primaryimage","url":"https:\/\/vanxhaber.com\/wp-content\/uploads\/2024\/01\/cezaiislem.jpg","contentUrl":"https:\/\/vanxhaber.com\/wp-content\/uploads\/2024\/01\/cezaiislem.jpg","width":641,"height":380},{"@type":"BreadcrumbList","@id":"https:\/\/vanxhaber.com\/index.php\/2024\/01\/24\/vanda-332-surucuye-698-bin-90-tl-idari-para-cezasi-uygulandi\/#breadcrumb","itemListElement":[{"@type":"ListItem","position":1,"name":"Anasayfa","item":"https:\/\/vanxhaber.com\/"},{"@type":"ListItem","position":2,"name":"Van&#8217;da 332 s\u00fcr\u00fcc\u00fcye 698 bin 90 TL idari para cezas\u0131 uyguland\u0131"}]},{"@type":"WebSite","@id":"https:\/\/vanxhaber.com\/#website","url":"https:\/\/vanxhaber.com\/","name":"Van Haber | Van X Haber | Van Haberleri","description":"Van Haber, Van&#039;\u0131n ilk yapay zeka teknolojileri ile yaz\u0131lan Van X Haber ve Van Haberlerini aktif g\u00fcncel sunan tek vanhaber merkezidir.","potentialAction":[{"@type":"SearchAction","target":{"@type":"EntryPoint","urlTemplate":"https:\/\/vanxhaber.com\/?s={search_term_string}"},"query-input":{"@type":"PropertyValueSpecification","valueRequired":true,"valueName":"search_term_string"}}],"inLanguage":"tr"},{"@type":"Person","@id":"https:\/\/vanxhaber.com\/#\/schema\/person\/a5fd8d89510cb5370e62ad176f7978ee","name":"Van X Haber","image":{"@type":"ImageObject","inLanguage":"tr","@id":"https:\/\/vanxhaber.com\/#\/schema\/person\/image\/","url":"https:\/\/secure.gravatar.com\/avatar\/36f2f63826681263103acb5ca1e7bc1a6db11baea9b75dd091d89b74f2704b07?s=96&d=mm&r=g","contentUrl":"https:\/\/secure.gravatar.com\/avatar\/36f2f63826681263103acb5ca1e7bc1a6db11baea9b75dd091d89b74f2704b07?s=96&d=mm&r=g","caption":"Van X Haber"},"description":"Van X Haber Van'\u0131n ilk ve tek yeni nesil Van Haber merkezi. Son Dakika Van Haberleri ve G\u00fcncel Van haber merkezinde s\u0131cak geli\u015fmeleri aktarmaya devam edece\u011fiz.","url":"https:\/\/vanxhaber.com\/index.php\/author\/vangazetesi\/"}]}},"_links":{"self":[{"href":"https:\/\/vanxhaber.com\/index.php\/wp-json\/wp\/v2\/posts\/1466","targetHints":{"allow":["GET"]}}],"collection":[{"href":"https:\/\/vanxhaber.com\/index.php\/wp-json\/wp\/v2\/posts"}],"about":[{"href":"https:\/\/vanxhaber.com\/index.php\/wp-json\/wp\/v2\/types\/post"}],"author":[{"embeddable":true,"href":"https:\/\/vanxhaber.com\/index.php\/wp-json\/wp\/v2\/users\/2"}],"replies":[{"embeddable":true,"href":"https:\/\/vanxhaber.com\/index.php\/wp-json\/wp\/v2\/comments?post=1466"}],"version-history":[{"count":1,"href":"https:\/\/vanxhaber.com\/index.php\/wp-json\/wp\/v2\/posts\/1466\/revisions"}],"predecessor-version":[{"id":1469,"href":"https:\/\/vanxhaber.com\/index.php\/wp-json\/wp\/v2\/posts\/1466\/revisions\/1469"}],"wp:featuredmedia":[{"embeddable":true,"href":"https:\/\/vanxhaber.com\/index.php\/wp-json\/wp\/v2\/media\/1468"}],"wp:attachment":[{"href":"https:\/\/vanxhaber.com\/index.php\/wp-json\/wp\/v2\/media?parent=1466"}],"wp:term":[{"taxonomy":"category","embeddable":true,"href":"https:\/\/vanxhaber.com\/index.php\/wp-json\/wp\/v2\/categories?post=1466"},{"taxonomy":"post_tag","embeddable":true,"href":"https:\/\/vanxhaber.com\/index.php\/wp-json\/wp\/v2\/tags?post=1466"}],"curies":[{"name":"wp","href":"https:\/\/api.w.org\/{rel}","templated":true}]}}