{"id":1483,"date":"2024-01-25T10:49:37","date_gmt":"2024-01-25T10:49:37","guid":{"rendered":"https:\/\/vanxhaber.com\/?p=1483"},"modified":"2024-01-25T10:49:39","modified_gmt":"2024-01-25T10:49:39","slug":"kadinin-gucu-vanin-gucu","status":"publish","type":"post","link":"https:\/\/vanxhaber.com\/index.php\/2024\/01\/25\/kadinin-gucu-vanin-gucu\/","title":{"rendered":"Kad\u0131n\u0131n G\u00fcc\u00fc Van&#8217;\u0131n G\u00fcc\u00fc"},"content":{"rendered":"\n<p><strong>Van Valisi<\/strong> ve B\u00fcy\u00fck\u015fehir Belediye Ba\u015fkan Vekili Ozan Balc\u0131, B\u00fcy\u00fck\u015fehir Belediyesi Kad\u0131n ve Aile Hizmetleri Dairesi Ba\u015fkanl\u0131\u011f\u0131\u2019n\u0131 ziyaret etti.<\/p>\n\n\n\n<p>Kad\u0131n ve Aile Hizmetleri Dairesi b\u00fcnyesinde yap\u0131lan \u00e7al\u0131\u015fmalar\u0131, B\u00fcy\u00fck\u015fehir Belediyesi Genel Sekreteri Prof. Dr. Ali \u00d6zvan ile birlikte inceleyen ve Daire Ba\u015fkan\u0131 Selma Bi\u00e7ek\u2019ten bilgi alan <strong>Van Valisi<\/strong> Ozan Balc\u0131, kad\u0131nlara destek vermekten b\u00fcy\u00fck mutluluk duydu\u011funu ifade etti.<strong> Kad\u0131n<\/strong>\u0131n g\u00fcc\u00fcn\u00fcn Van\u2019\u0131n g\u00fcc\u00fc oldu\u011funu, kad\u0131nlar\u0131n sosyal hayata kat\u0131l\u0131m\u0131 i\u00e7in \u00e7al\u0131\u015fmalar yapt\u0131klar\u0131n\u0131 ve desteklerinin devam edece\u011fini vurgulayan Vali Balc\u0131, \u201c100 Aile Destek Merkezi a\u00e7t\u0131k. Bu merkezlerden 35 bin kad\u0131n faydalan\u0131yor. 100 K\u00f6y Ya\u015fam Merkezi a\u00e7t\u0131k. Bu merkezlerdeki 175 kurstan 2300 kad\u0131n faydalanarak sosyal ya\u015fama kat\u0131lma imk\u00e2n\u0131 buluyor. 4 tane Kad\u0131n K\u00fclt\u00fcr Sanat Merkezi a\u00e7t\u0131k. \u0130n\u015fallah 13 il\u00e7emize de bu merkezlerden 1\u2019er tane a\u00e7aca\u011f\u0131z. Ge\u00e7ti\u011fimiz y\u0131l 75 bin kad\u0131n ilimizin ve b\u00f6lgemizin tarihi ve turistik mek\u00e2nlar\u0131n\u0131 gezerek, sinema ve tiyatro ile bulu\u015fturuldu. Bu y\u0131l Kad\u0131n\u0131n G\u00fcc\u00fc Van\u2019\u0131n G\u00fcc\u00fc projesi kapsam\u0131nda 50 bin kad\u0131n sinema, tiyatro ve s\u00f6yle\u015fi program\u0131na kat\u0131lacak. A\u00e7\u0131lan meslek edinme kurslar\u0131 ile kad\u0131nlar\u0131n usta \u00f6\u011freticilik belgesi alarak meslek sahibi olmalar\u0131 sa\u011flan\u0131yor\u201d ifadelerini kulland\u0131.<\/p>\n","protected":false},"excerpt":{"rendered":"<p>Van Valisi ve B\u00fcy\u00fck\u015fehir Belediye Ba\u015fkan Vekili Ozan Balc\u0131, B\u00fcy\u00fck\u015fehir Belediyesi Kad\u0131n ve Aile Hizmetleri Dairesi Ba\u015fkanl\u0131\u011f\u0131\u2019n\u0131 ziyaret etti. Kad\u0131n ve Aile Hizmetleri Dairesi b\u00fcnyesinde yap\u0131lan \u00e7al\u0131\u015fmalar\u0131, B\u00fcy\u00fck\u015fehir Belediyesi Genel Sekreteri Prof. Dr. Ali \u00d6zvan ile birlikte inceleyen ve Daire Ba\u015fkan\u0131 Selma Bi\u00e7ek\u2019ten bilgi alan Van Valisi Ozan Balc\u0131, kad\u0131nlara destek vermekten b\u00fcy\u00fck mutluluk duydu\u011funu &hellip;<\/p>\n","protected":false},"author":2,"featured_media":1485,"comment_status":"open","ping_status":"closed","sticky":false,"template":"","format":"standard","meta":{"googlesitekit_rrm_CAowot3VCw:productID":"","footnotes":""},"categories":[1],"tags":[],"class_list":["post-1483","post","type-post","status-publish","format-standard","has-post-thumbnail","hentry","category-van-haber"],"yoast_head":"<!-- This site is optimized with the Yoast SEO Premium plugin v21.7 (Yoast SEO v26.7) - https:\/\/yoast.com\/wordpress\/plugins\/seo\/ -->\n<title>Kad\u0131n\u0131n G\u00fcc\u00fc Van&#039;\u0131n G\u00fcc\u00fc - Van Haber | Van X Haber | Van Haberleri<\/title>\n<meta name=\"robots\" content=\"index, follow, max-snippet:-1, max-image-preview:large, max-video-preview:-1\" \/>\n<link rel=\"canonical\" href=\"https:\/\/vanxhaber.com\/index.php\/2024\/01\/25\/kadinin-gucu-vanin-gucu\/\" \/>\n<meta property=\"og:locale\" content=\"tr_TR\" \/>\n<meta property=\"og:type\" content=\"article\" \/>\n<meta property=\"og:title\" content=\"Kad\u0131n\u0131n G\u00fcc\u00fc Van&#039;\u0131n G\u00fcc\u00fc\" \/>\n<meta property=\"og:description\" content=\"Van Valisi ve B\u00fcy\u00fck\u015fehir Belediye Ba\u015fkan Vekili Ozan Balc\u0131, B\u00fcy\u00fck\u015fehir Belediyesi Kad\u0131n ve Aile Hizmetleri Dairesi Ba\u015fkanl\u0131\u011f\u0131\u2019n\u0131 ziyaret etti. Kad\u0131n ve Aile Hizmetleri Dairesi b\u00fcnyesinde yap\u0131lan \u00e7al\u0131\u015fmalar\u0131, B\u00fcy\u00fck\u015fehir Belediyesi Genel Sekreteri Prof. Dr. Ali \u00d6zvan ile birlikte inceleyen ve Daire Ba\u015fkan\u0131 Selma Bi\u00e7ek\u2019ten bilgi alan Van Valisi Ozan Balc\u0131, kad\u0131nlara destek vermekten b\u00fcy\u00fck mutluluk duydu\u011funu &hellip;\" \/>\n<meta property=\"og:url\" content=\"https:\/\/vanxhaber.com\/index.php\/2024\/01\/25\/kadinin-gucu-vanin-gucu\/\" \/>\n<meta property=\"og:site_name\" content=\"Van Haber | Van X Haber | Van Haberleri\" \/>\n<meta property=\"article:published_time\" content=\"2024-01-25T10:49:37+00:00\" \/>\n<meta property=\"article:modified_time\" content=\"2024-01-25T10:49:39+00:00\" \/>\n<meta property=\"og:image\" content=\"https:\/\/vanxhaber.com\/wp-content\/uploads\/2024\/01\/VAN-VALISI.jpg\" \/>\n\t<meta property=\"og:image:width\" content=\"641\" \/>\n\t<meta property=\"og:image:height\" content=\"380\" \/>\n\t<meta property=\"og:image:type\" content=\"image\/jpeg\" \/>\n<meta name=\"author\" content=\"Van X Haber\" \/>\n<meta name=\"twitter:card\" content=\"summary_large_image\" \/>\n<meta name=\"twitter:label1\" content=\"Yazan:\" \/>\n\t<meta name=\"twitter:data1\" content=\"Van X Haber\" \/>\n\t<meta name=\"twitter:label2\" content=\"Tahmini okuma s\u00fcresi\" \/>\n\t<meta name=\"twitter:data2\" content=\"2 dakika\" \/>\n<script type=\"application\/ld+json\" class=\"yoast-schema-graph\">{\"@context\":\"https:\/\/schema.org\",\"@graph\":[{\"@type\":\"Article\",\"@id\":\"https:\/\/vanxhaber.com\/index.php\/2024\/01\/25\/kadinin-gucu-vanin-gucu\/#article\",\"isPartOf\":{\"@id\":\"https:\/\/vanxhaber.com\/index.php\/2024\/01\/25\/kadinin-gucu-vanin-gucu\/\"},\"author\":{\"name\":\"Van X Haber\",\"@id\":\"https:\/\/vanxhaber.com\/#\/schema\/person\/a5fd8d89510cb5370e62ad176f7978ee\"},\"headline\":\"Kad\u0131n\u0131n G\u00fcc\u00fc Van&#8217;\u0131n G\u00fcc\u00fc\",\"datePublished\":\"2024-01-25T10:49:37+00:00\",\"dateModified\":\"2024-01-25T10:49:39+00:00\",\"mainEntityOfPage\":{\"@id\":\"https:\/\/vanxhaber.com\/index.php\/2024\/01\/25\/kadinin-gucu-vanin-gucu\/\"},\"wordCount\":258,\"commentCount\":0,\"image\":{\"@id\":\"https:\/\/vanxhaber.com\/index.php\/2024\/01\/25\/kadinin-gucu-vanin-gucu\/#primaryimage\"},\"thumbnailUrl\":\"https:\/\/vanxhaber.com\/wp-content\/uploads\/2024\/01\/VAN-VALISI.jpg\",\"articleSection\":[\"Van Haber\"],\"inLanguage\":\"tr\",\"potentialAction\":[{\"@type\":\"CommentAction\",\"name\":\"Comment\",\"target\":[\"https:\/\/vanxhaber.com\/index.php\/2024\/01\/25\/kadinin-gucu-vanin-gucu\/#respond\"]}],\"copyrightYear\":\"2024\",\"copyrightHolder\":{\"@id\":\"https:\/\/vanxhaber.com\/#organization\"}},{\"@type\":\"WebPage\",\"@id\":\"https:\/\/vanxhaber.com\/index.php\/2024\/01\/25\/kadinin-gucu-vanin-gucu\/\",\"url\":\"https:\/\/vanxhaber.com\/index.php\/2024\/01\/25\/kadinin-gucu-vanin-gucu\/\",\"name\":\"Kad\u0131n\u0131n G\u00fcc\u00fc Van'\u0131n G\u00fcc\u00fc - Van Haber | Van X Haber | Van Haberleri\",\"isPartOf\":{\"@id\":\"https:\/\/vanxhaber.com\/#website\"},\"primaryImageOfPage\":{\"@id\":\"https:\/\/vanxhaber.com\/index.php\/2024\/01\/25\/kadinin-gucu-vanin-gucu\/#primaryimage\"},\"image\":{\"@id\":\"https:\/\/vanxhaber.com\/index.php\/2024\/01\/25\/kadinin-gucu-vanin-gucu\/#primaryimage\"},\"thumbnailUrl\":\"https:\/\/vanxhaber.com\/wp-content\/uploads\/2024\/01\/VAN-VALISI.jpg\",\"datePublished\":\"2024-01-25T10:49:37+00:00\",\"dateModified\":\"2024-01-25T10:49:39+00:00\",\"author\":{\"@id\":\"https:\/\/vanxhaber.com\/#\/schema\/person\/a5fd8d89510cb5370e62ad176f7978ee\"},\"breadcrumb\":{\"@id\":\"https:\/\/vanxhaber.com\/index.php\/2024\/01\/25\/kadinin-gucu-vanin-gucu\/#breadcrumb\"},\"inLanguage\":\"tr\",\"potentialAction\":[{\"@type\":\"ReadAction\",\"target\":[\"https:\/\/vanxhaber.com\/index.php\/2024\/01\/25\/kadinin-gucu-vanin-gucu\/\"]}]},{\"@type\":\"ImageObject\",\"inLanguage\":\"tr\",\"@id\":\"https:\/\/vanxhaber.com\/index.php\/2024\/01\/25\/kadinin-gucu-vanin-gucu\/#primaryimage\",\"url\":\"https:\/\/vanxhaber.com\/wp-content\/uploads\/2024\/01\/VAN-VALISI.jpg\",\"contentUrl\":\"https:\/\/vanxhaber.com\/wp-content\/uploads\/2024\/01\/VAN-VALISI.jpg\",\"width\":641,\"height\":380},{\"@type\":\"BreadcrumbList\",\"@id\":\"https:\/\/vanxhaber.com\/index.php\/2024\/01\/25\/kadinin-gucu-vanin-gucu\/#breadcrumb\",\"itemListElement\":[{\"@type\":\"ListItem\",\"position\":1,\"name\":\"Anasayfa\",\"item\":\"https:\/\/vanxhaber.com\/\"},{\"@type\":\"ListItem\",\"position\":2,\"name\":\"Kad\u0131n\u0131n G\u00fcc\u00fc Van&#8217;\u0131n G\u00fcc\u00fc\"}]},{\"@type\":\"WebSite\",\"@id\":\"https:\/\/vanxhaber.com\/#website\",\"url\":\"https:\/\/vanxhaber.com\/\",\"name\":\"Van Haber | Van X Haber | Van Haberleri\",\"description\":\"Van Haber, Van&#039;\u0131n ilk yapay zeka teknolojileri ile yaz\u0131lan Van X Haber ve Van Haberlerini aktif g\u00fcncel sunan tek vanhaber merkezidir.\",\"potentialAction\":[{\"@type\":\"SearchAction\",\"target\":{\"@type\":\"EntryPoint\",\"urlTemplate\":\"https:\/\/vanxhaber.com\/?s={search_term_string}\"},\"query-input\":{\"@type\":\"PropertyValueSpecification\",\"valueRequired\":true,\"valueName\":\"search_term_string\"}}],\"inLanguage\":\"tr\"},{\"@type\":\"Person\",\"@id\":\"https:\/\/vanxhaber.com\/#\/schema\/person\/a5fd8d89510cb5370e62ad176f7978ee\",\"name\":\"Van X Haber\",\"image\":{\"@type\":\"ImageObject\",\"inLanguage\":\"tr\",\"@id\":\"https:\/\/vanxhaber.com\/#\/schema\/person\/image\/\",\"url\":\"https:\/\/secure.gravatar.com\/avatar\/36f2f63826681263103acb5ca1e7bc1a6db11baea9b75dd091d89b74f2704b07?s=96&d=mm&r=g\",\"contentUrl\":\"https:\/\/secure.gravatar.com\/avatar\/36f2f63826681263103acb5ca1e7bc1a6db11baea9b75dd091d89b74f2704b07?s=96&d=mm&r=g\",\"caption\":\"Van X Haber\"},\"description\":\"Van X Haber Van'\u0131n ilk ve tek yeni nesil Van Haber merkezi. Son Dakika Van Haberleri ve G\u00fcncel Van haber merkezinde s\u0131cak geli\u015fmeleri aktarmaya devam edece\u011fiz.\",\"url\":\"https:\/\/vanxhaber.com\/index.php\/author\/vangazetesi\/\"}]}<\/script>\n<!-- \/ Yoast SEO Premium plugin. -->","yoast_head_json":{"title":"Kad\u0131n\u0131n G\u00fcc\u00fc Van'\u0131n G\u00fcc\u00fc - Van Haber | Van X Haber | Van Haberleri","robots":{"index":"index","follow":"follow","max-snippet":"max-snippet:-1","max-image-preview":"max-image-preview:large","max-video-preview":"max-video-preview:-1"},"canonical":"https:\/\/vanxhaber.com\/index.php\/2024\/01\/25\/kadinin-gucu-vanin-gucu\/","og_locale":"tr_TR","og_type":"article","og_title":"Kad\u0131n\u0131n G\u00fcc\u00fc Van'\u0131n G\u00fcc\u00fc","og_description":"Van Valisi ve B\u00fcy\u00fck\u015fehir Belediye Ba\u015fkan Vekili Ozan Balc\u0131, B\u00fcy\u00fck\u015fehir Belediyesi Kad\u0131n ve Aile Hizmetleri Dairesi Ba\u015fkanl\u0131\u011f\u0131\u2019n\u0131 ziyaret etti. Kad\u0131n ve Aile Hizmetleri Dairesi b\u00fcnyesinde yap\u0131lan \u00e7al\u0131\u015fmalar\u0131, B\u00fcy\u00fck\u015fehir Belediyesi Genel Sekreteri Prof. Dr. Ali \u00d6zvan ile birlikte inceleyen ve Daire Ba\u015fkan\u0131 Selma Bi\u00e7ek\u2019ten bilgi alan Van Valisi Ozan Balc\u0131, kad\u0131nlara destek vermekten b\u00fcy\u00fck mutluluk duydu\u011funu &hellip;","og_url":"https:\/\/vanxhaber.com\/index.php\/2024\/01\/25\/kadinin-gucu-vanin-gucu\/","og_site_name":"Van Haber | Van X Haber | Van Haberleri","article_published_time":"2024-01-25T10:49:37+00:00","article_modified_time":"2024-01-25T10:49:39+00:00","og_image":[{"width":641,"height":380,"url":"https:\/\/vanxhaber.com\/wp-content\/uploads\/2024\/01\/VAN-VALISI.jpg","type":"image\/jpeg"}],"author":"Van X Haber","twitter_card":"summary_large_image","twitter_misc":{"Yazan:":"Van X Haber","Tahmini okuma s\u00fcresi":"2 dakika"},"schema":{"@context":"https:\/\/schema.org","@graph":[{"@type":"Article","@id":"https:\/\/vanxhaber.com\/index.php\/2024\/01\/25\/kadinin-gucu-vanin-gucu\/#article","isPartOf":{"@id":"https:\/\/vanxhaber.com\/index.php\/2024\/01\/25\/kadinin-gucu-vanin-gucu\/"},"author":{"name":"Van X Haber","@id":"https:\/\/vanxhaber.com\/#\/schema\/person\/a5fd8d89510cb5370e62ad176f7978ee"},"headline":"Kad\u0131n\u0131n G\u00fcc\u00fc Van&#8217;\u0131n G\u00fcc\u00fc","datePublished":"2024-01-25T10:49:37+00:00","dateModified":"2024-01-25T10:49:39+00:00","mainEntityOfPage":{"@id":"https:\/\/vanxhaber.com\/index.php\/2024\/01\/25\/kadinin-gucu-vanin-gucu\/"},"wordCount":258,"commentCount":0,"image":{"@id":"https:\/\/vanxhaber.com\/index.php\/2024\/01\/25\/kadinin-gucu-vanin-gucu\/#primaryimage"},"thumbnailUrl":"https:\/\/vanxhaber.com\/wp-content\/uploads\/2024\/01\/VAN-VALISI.jpg","articleSection":["Van Haber"],"inLanguage":"tr","potentialAction":[{"@type":"CommentAction","name":"Comment","target":["https:\/\/vanxhaber.com\/index.php\/2024\/01\/25\/kadinin-gucu-vanin-gucu\/#respond"]}],"copyrightYear":"2024","copyrightHolder":{"@id":"https:\/\/vanxhaber.com\/#organization"}},{"@type":"WebPage","@id":"https:\/\/vanxhaber.com\/index.php\/2024\/01\/25\/kadinin-gucu-vanin-gucu\/","url":"https:\/\/vanxhaber.com\/index.php\/2024\/01\/25\/kadinin-gucu-vanin-gucu\/","name":"Kad\u0131n\u0131n G\u00fcc\u00fc Van'\u0131n G\u00fcc\u00fc - Van Haber | Van X Haber | Van Haberleri","isPartOf":{"@id":"https:\/\/vanxhaber.com\/#website"},"primaryImageOfPage":{"@id":"https:\/\/vanxhaber.com\/index.php\/2024\/01\/25\/kadinin-gucu-vanin-gucu\/#primaryimage"},"image":{"@id":"https:\/\/vanxhaber.com\/index.php\/2024\/01\/25\/kadinin-gucu-vanin-gucu\/#primaryimage"},"thumbnailUrl":"https:\/\/vanxhaber.com\/wp-content\/uploads\/2024\/01\/VAN-VALISI.jpg","datePublished":"2024-01-25T10:49:37+00:00","dateModified":"2024-01-25T10:49:39+00:00","author":{"@id":"https:\/\/vanxhaber.com\/#\/schema\/person\/a5fd8d89510cb5370e62ad176f7978ee"},"breadcrumb":{"@id":"https:\/\/vanxhaber.com\/index.php\/2024\/01\/25\/kadinin-gucu-vanin-gucu\/#breadcrumb"},"inLanguage":"tr","potentialAction":[{"@type":"ReadAction","target":["https:\/\/vanxhaber.com\/index.php\/2024\/01\/25\/kadinin-gucu-vanin-gucu\/"]}]},{"@type":"ImageObject","inLanguage":"tr","@id":"https:\/\/vanxhaber.com\/index.php\/2024\/01\/25\/kadinin-gucu-vanin-gucu\/#primaryimage","url":"https:\/\/vanxhaber.com\/wp-content\/uploads\/2024\/01\/VAN-VALISI.jpg","contentUrl":"https:\/\/vanxhaber.com\/wp-content\/uploads\/2024\/01\/VAN-VALISI.jpg","width":641,"height":380},{"@type":"BreadcrumbList","@id":"https:\/\/vanxhaber.com\/index.php\/2024\/01\/25\/kadinin-gucu-vanin-gucu\/#breadcrumb","itemListElement":[{"@type":"ListItem","position":1,"name":"Anasayfa","item":"https:\/\/vanxhaber.com\/"},{"@type":"ListItem","position":2,"name":"Kad\u0131n\u0131n G\u00fcc\u00fc Van&#8217;\u0131n G\u00fcc\u00fc"}]},{"@type":"WebSite","@id":"https:\/\/vanxhaber.com\/#website","url":"https:\/\/vanxhaber.com\/","name":"Van Haber | Van X Haber | Van Haberleri","description":"Van Haber, Van&#039;\u0131n ilk yapay zeka teknolojileri ile yaz\u0131lan Van X Haber ve Van Haberlerini aktif g\u00fcncel sunan tek vanhaber merkezidir.","potentialAction":[{"@type":"SearchAction","target":{"@type":"EntryPoint","urlTemplate":"https:\/\/vanxhaber.com\/?s={search_term_string}"},"query-input":{"@type":"PropertyValueSpecification","valueRequired":true,"valueName":"search_term_string"}}],"inLanguage":"tr"},{"@type":"Person","@id":"https:\/\/vanxhaber.com\/#\/schema\/person\/a5fd8d89510cb5370e62ad176f7978ee","name":"Van X Haber","image":{"@type":"ImageObject","inLanguage":"tr","@id":"https:\/\/vanxhaber.com\/#\/schema\/person\/image\/","url":"https:\/\/secure.gravatar.com\/avatar\/36f2f63826681263103acb5ca1e7bc1a6db11baea9b75dd091d89b74f2704b07?s=96&d=mm&r=g","contentUrl":"https:\/\/secure.gravatar.com\/avatar\/36f2f63826681263103acb5ca1e7bc1a6db11baea9b75dd091d89b74f2704b07?s=96&d=mm&r=g","caption":"Van X Haber"},"description":"Van X Haber Van'\u0131n ilk ve tek yeni nesil Van Haber merkezi. Son Dakika Van Haberleri ve G\u00fcncel Van haber merkezinde s\u0131cak geli\u015fmeleri aktarmaya devam edece\u011fiz.","url":"https:\/\/vanxhaber.com\/index.php\/author\/vangazetesi\/"}]}},"_links":{"self":[{"href":"https:\/\/vanxhaber.com\/index.php\/wp-json\/wp\/v2\/posts\/1483","targetHints":{"allow":["GET"]}}],"collection":[{"href":"https:\/\/vanxhaber.com\/index.php\/wp-json\/wp\/v2\/posts"}],"about":[{"href":"https:\/\/vanxhaber.com\/index.php\/wp-json\/wp\/v2\/types\/post"}],"author":[{"embeddable":true,"href":"https:\/\/vanxhaber.com\/index.php\/wp-json\/wp\/v2\/users\/2"}],"replies":[{"embeddable":true,"href":"https:\/\/vanxhaber.com\/index.php\/wp-json\/wp\/v2\/comments?post=1483"}],"version-history":[{"count":1,"href":"https:\/\/vanxhaber.com\/index.php\/wp-json\/wp\/v2\/posts\/1483\/revisions"}],"predecessor-version":[{"id":1486,"href":"https:\/\/vanxhaber.com\/index.php\/wp-json\/wp\/v2\/posts\/1483\/revisions\/1486"}],"wp:featuredmedia":[{"embeddable":true,"href":"https:\/\/vanxhaber.com\/index.php\/wp-json\/wp\/v2\/media\/1485"}],"wp:attachment":[{"href":"https:\/\/vanxhaber.com\/index.php\/wp-json\/wp\/v2\/media?parent=1483"}],"wp:term":[{"taxonomy":"category","embeddable":true,"href":"https:\/\/vanxhaber.com\/index.php\/wp-json\/wp\/v2\/categories?post=1483"},{"taxonomy":"post_tag","embeddable":true,"href":"https:\/\/vanxhaber.com\/index.php\/wp-json\/wp\/v2\/tags?post=1483"}],"curies":[{"name":"wp","href":"https:\/\/api.w.org\/{rel}","templated":true}]}}