{"id":1493,"date":"2024-01-26T08:15:52","date_gmt":"2024-01-26T08:15:52","guid":{"rendered":"https:\/\/vanxhaber.com\/?p=1493"},"modified":"2024-01-26T08:15:54","modified_gmt":"2024-01-26T08:15:54","slug":"van-il-koordinasyon-kurulu-toplantisi-yapildi","status":"publish","type":"post","link":"https:\/\/vanxhaber.com\/index.php\/2024\/01\/26\/van-il-koordinasyon-kurulu-toplantisi-yapildi\/","title":{"rendered":"Van \u0130l Koordinasyon Kurulu toplant\u0131s\u0131 yap\u0131ld\u0131"},"content":{"rendered":"\n<p><strong>Van \u0130l Koordinasyon Kurulu 2024 y\u0131l\u0131n\u0131n 1. D\u00f6nem toplant\u0131s\u0131 Vali Yard\u0131mc\u0131s\u0131 Murat Yayaba\u015f\u0131 ba\u015fkanl\u0131\u011f\u0131nda yap\u0131ld\u0131.<\/strong><\/p>\n\n\n\n<p><strong>Van<\/strong> \u0130l Tar\u0131m ve Orman M\u00fcd\u00fcrl\u00fc\u011f\u00fc Konferans Salonu\u2019nda yap\u0131lan toplant\u0131ya \u0130l Planlama ve Koordinasyon M\u00fcd\u00fcr\u00fc Hasan G\u00fcltakar, kamu kurumlar\u0131n\u0131n m\u00fcd\u00fcrleri ve yat\u0131r\u0131mc\u0131 kurulu\u015flar\u0131n temsilcileri kat\u0131ld\u0131. Toplant\u0131n\u0131n a\u00e7\u0131l\u0131\u015f\u0131nda konu\u015fan Vali Yard\u0131mc\u0131s\u0131 Murat Yayaba\u015f\u0131, toplant\u0131n\u0131n hay\u0131rl\u0131 hizmetlere vesile olmas\u0131n\u0131 diledi. Vali Yard\u0131mc\u0131s\u0131 Yayaba\u015f\u0131, \u201cKoordinasyonu gerektiren s\u0131k\u0131nt\u0131lar var ise ilgili kurumlar\u0131n bunlar\u0131 de\u011ferlendirip, \u00e7\u00f6z\u00fcme y\u00f6nelik iradeyi g\u00f6stermesini istiyor ve 2024 y\u0131l\u0131 yat\u0131r\u0131m d\u00f6neminde yapaca\u011f\u0131n\u0131z \u00e7al\u0131\u015fmalarda ba\u015far\u0131lar diliyorum\u201d dedi. Daha sonra 2024 y\u0131l\u0131 yat\u0131r\u0131m projeleri hakk\u0131nda bilgi verilerek, kamu kurum ve kurulu\u015flar\u0131n\u0131n temsilcilerinin g\u00f6r\u00fc\u015f ve \u00f6nerileri dinlendi.<\/p>\n","protected":false},"excerpt":{"rendered":"<p>Van \u0130l Koordinasyon Kurulu 2024 y\u0131l\u0131n\u0131n 1. D\u00f6nem toplant\u0131s\u0131 Vali Yard\u0131mc\u0131s\u0131 Murat Yayaba\u015f\u0131 ba\u015fkanl\u0131\u011f\u0131nda yap\u0131ld\u0131. Van \u0130l Tar\u0131m ve Orman M\u00fcd\u00fcrl\u00fc\u011f\u00fc Konferans Salonu\u2019nda yap\u0131lan toplant\u0131ya \u0130l Planlama ve Koordinasyon M\u00fcd\u00fcr\u00fc Hasan G\u00fcltakar, kamu kurumlar\u0131n\u0131n m\u00fcd\u00fcrleri ve yat\u0131r\u0131mc\u0131 kurulu\u015flar\u0131n temsilcileri kat\u0131ld\u0131. Toplant\u0131n\u0131n a\u00e7\u0131l\u0131\u015f\u0131nda konu\u015fan Vali Yard\u0131mc\u0131s\u0131 Murat Yayaba\u015f\u0131, toplant\u0131n\u0131n hay\u0131rl\u0131 hizmetlere vesile olmas\u0131n\u0131 diledi. Vali Yard\u0131mc\u0131s\u0131 &hellip;<\/p>\n","protected":false},"author":2,"featured_media":1495,"comment_status":"open","ping_status":"closed","sticky":false,"template":"","format":"standard","meta":{"googlesitekit_rrm_CAowot3VCw:productID":"","footnotes":""},"categories":[1],"tags":[],"class_list":["post-1493","post","type-post","status-publish","format-standard","has-post-thumbnail","hentry","category-van-haber"],"yoast_head":"<!-- This site is optimized with the Yoast SEO Premium plugin v21.7 (Yoast SEO v26.7) - https:\/\/yoast.com\/wordpress\/plugins\/seo\/ -->\n<title>Van \u0130l Koordinasyon Kurulu toplant\u0131s\u0131 yap\u0131ld\u0131 - Van Haber | Van X Haber | Van Haberleri<\/title>\n<meta name=\"robots\" content=\"index, follow, max-snippet:-1, max-image-preview:large, max-video-preview:-1\" \/>\n<link rel=\"canonical\" href=\"https:\/\/vanxhaber.com\/index.php\/2024\/01\/26\/van-il-koordinasyon-kurulu-toplantisi-yapildi\/\" \/>\n<meta property=\"og:locale\" content=\"tr_TR\" \/>\n<meta property=\"og:type\" content=\"article\" \/>\n<meta property=\"og:title\" content=\"Van \u0130l Koordinasyon Kurulu toplant\u0131s\u0131 yap\u0131ld\u0131\" \/>\n<meta property=\"og:description\" content=\"Van \u0130l Koordinasyon Kurulu 2024 y\u0131l\u0131n\u0131n 1. D\u00f6nem toplant\u0131s\u0131 Vali Yard\u0131mc\u0131s\u0131 Murat Yayaba\u015f\u0131 ba\u015fkanl\u0131\u011f\u0131nda yap\u0131ld\u0131. Van \u0130l Tar\u0131m ve Orman M\u00fcd\u00fcrl\u00fc\u011f\u00fc Konferans Salonu\u2019nda yap\u0131lan toplant\u0131ya \u0130l Planlama ve Koordinasyon M\u00fcd\u00fcr\u00fc Hasan G\u00fcltakar, kamu kurumlar\u0131n\u0131n m\u00fcd\u00fcrleri ve yat\u0131r\u0131mc\u0131 kurulu\u015flar\u0131n temsilcileri kat\u0131ld\u0131. Toplant\u0131n\u0131n a\u00e7\u0131l\u0131\u015f\u0131nda konu\u015fan Vali Yard\u0131mc\u0131s\u0131 Murat Yayaba\u015f\u0131, toplant\u0131n\u0131n hay\u0131rl\u0131 hizmetlere vesile olmas\u0131n\u0131 diledi. Vali Yard\u0131mc\u0131s\u0131 &hellip;\" \/>\n<meta property=\"og:url\" content=\"https:\/\/vanxhaber.com\/index.php\/2024\/01\/26\/van-il-koordinasyon-kurulu-toplantisi-yapildi\/\" \/>\n<meta property=\"og:site_name\" content=\"Van Haber | Van X Haber | Van Haberleri\" \/>\n<meta property=\"article:published_time\" content=\"2024-01-26T08:15:52+00:00\" \/>\n<meta property=\"article:modified_time\" content=\"2024-01-26T08:15:54+00:00\" \/>\n<meta property=\"og:image\" content=\"https:\/\/vanxhaber.com\/wp-content\/uploads\/2024\/01\/van-haber.jpg\" \/>\n\t<meta property=\"og:image:width\" content=\"641\" \/>\n\t<meta property=\"og:image:height\" content=\"380\" \/>\n\t<meta property=\"og:image:type\" content=\"image\/jpeg\" \/>\n<meta name=\"author\" content=\"Van X Haber\" \/>\n<meta name=\"twitter:card\" content=\"summary_large_image\" \/>\n<meta name=\"twitter:label1\" content=\"Yazan:\" \/>\n\t<meta name=\"twitter:data1\" content=\"Van X Haber\" \/>\n\t<meta name=\"twitter:label2\" content=\"Tahmini okuma s\u00fcresi\" \/>\n\t<meta name=\"twitter:data2\" content=\"1 dakika\" \/>\n<script type=\"application\/ld+json\" class=\"yoast-schema-graph\">{\"@context\":\"https:\/\/schema.org\",\"@graph\":[{\"@type\":\"Article\",\"@id\":\"https:\/\/vanxhaber.com\/index.php\/2024\/01\/26\/van-il-koordinasyon-kurulu-toplantisi-yapildi\/#article\",\"isPartOf\":{\"@id\":\"https:\/\/vanxhaber.com\/index.php\/2024\/01\/26\/van-il-koordinasyon-kurulu-toplantisi-yapildi\/\"},\"author\":{\"name\":\"Van X Haber\",\"@id\":\"https:\/\/vanxhaber.com\/#\/schema\/person\/a5fd8d89510cb5370e62ad176f7978ee\"},\"headline\":\"Van \u0130l Koordinasyon Kurulu toplant\u0131s\u0131 yap\u0131ld\u0131\",\"datePublished\":\"2024-01-26T08:15:52+00:00\",\"dateModified\":\"2024-01-26T08:15:54+00:00\",\"mainEntityOfPage\":{\"@id\":\"https:\/\/vanxhaber.com\/index.php\/2024\/01\/26\/van-il-koordinasyon-kurulu-toplantisi-yapildi\/\"},\"wordCount\":168,\"commentCount\":0,\"image\":{\"@id\":\"https:\/\/vanxhaber.com\/index.php\/2024\/01\/26\/van-il-koordinasyon-kurulu-toplantisi-yapildi\/#primaryimage\"},\"thumbnailUrl\":\"https:\/\/vanxhaber.com\/wp-content\/uploads\/2024\/01\/van-haber.jpg\",\"articleSection\":[\"Van Haber\"],\"inLanguage\":\"tr\",\"potentialAction\":[{\"@type\":\"CommentAction\",\"name\":\"Comment\",\"target\":[\"https:\/\/vanxhaber.com\/index.php\/2024\/01\/26\/van-il-koordinasyon-kurulu-toplantisi-yapildi\/#respond\"]}],\"copyrightYear\":\"2024\",\"copyrightHolder\":{\"@id\":\"https:\/\/vanxhaber.com\/#organization\"}},{\"@type\":\"WebPage\",\"@id\":\"https:\/\/vanxhaber.com\/index.php\/2024\/01\/26\/van-il-koordinasyon-kurulu-toplantisi-yapildi\/\",\"url\":\"https:\/\/vanxhaber.com\/index.php\/2024\/01\/26\/van-il-koordinasyon-kurulu-toplantisi-yapildi\/\",\"name\":\"Van \u0130l Koordinasyon Kurulu toplant\u0131s\u0131 yap\u0131ld\u0131 - Van Haber | Van X Haber | Van Haberleri\",\"isPartOf\":{\"@id\":\"https:\/\/vanxhaber.com\/#website\"},\"primaryImageOfPage\":{\"@id\":\"https:\/\/vanxhaber.com\/index.php\/2024\/01\/26\/van-il-koordinasyon-kurulu-toplantisi-yapildi\/#primaryimage\"},\"image\":{\"@id\":\"https:\/\/vanxhaber.com\/index.php\/2024\/01\/26\/van-il-koordinasyon-kurulu-toplantisi-yapildi\/#primaryimage\"},\"thumbnailUrl\":\"https:\/\/vanxhaber.com\/wp-content\/uploads\/2024\/01\/van-haber.jpg\",\"datePublished\":\"2024-01-26T08:15:52+00:00\",\"dateModified\":\"2024-01-26T08:15:54+00:00\",\"author\":{\"@id\":\"https:\/\/vanxhaber.com\/#\/schema\/person\/a5fd8d89510cb5370e62ad176f7978ee\"},\"breadcrumb\":{\"@id\":\"https:\/\/vanxhaber.com\/index.php\/2024\/01\/26\/van-il-koordinasyon-kurulu-toplantisi-yapildi\/#breadcrumb\"},\"inLanguage\":\"tr\",\"potentialAction\":[{\"@type\":\"ReadAction\",\"target\":[\"https:\/\/vanxhaber.com\/index.php\/2024\/01\/26\/van-il-koordinasyon-kurulu-toplantisi-yapildi\/\"]}]},{\"@type\":\"ImageObject\",\"inLanguage\":\"tr\",\"@id\":\"https:\/\/vanxhaber.com\/index.php\/2024\/01\/26\/van-il-koordinasyon-kurulu-toplantisi-yapildi\/#primaryimage\",\"url\":\"https:\/\/vanxhaber.com\/wp-content\/uploads\/2024\/01\/van-haber.jpg\",\"contentUrl\":\"https:\/\/vanxhaber.com\/wp-content\/uploads\/2024\/01\/van-haber.jpg\",\"width\":641,\"height\":380},{\"@type\":\"BreadcrumbList\",\"@id\":\"https:\/\/vanxhaber.com\/index.php\/2024\/01\/26\/van-il-koordinasyon-kurulu-toplantisi-yapildi\/#breadcrumb\",\"itemListElement\":[{\"@type\":\"ListItem\",\"position\":1,\"name\":\"Anasayfa\",\"item\":\"https:\/\/vanxhaber.com\/\"},{\"@type\":\"ListItem\",\"position\":2,\"name\":\"Van \u0130l Koordinasyon Kurulu toplant\u0131s\u0131 yap\u0131ld\u0131\"}]},{\"@type\":\"WebSite\",\"@id\":\"https:\/\/vanxhaber.com\/#website\",\"url\":\"https:\/\/vanxhaber.com\/\",\"name\":\"Van Haber | Van X Haber | Van Haberleri\",\"description\":\"Van Haber, Van&#039;\u0131n ilk yapay zeka teknolojileri ile yaz\u0131lan Van X Haber ve Van Haberlerini aktif g\u00fcncel sunan tek vanhaber merkezidir.\",\"potentialAction\":[{\"@type\":\"SearchAction\",\"target\":{\"@type\":\"EntryPoint\",\"urlTemplate\":\"https:\/\/vanxhaber.com\/?s={search_term_string}\"},\"query-input\":{\"@type\":\"PropertyValueSpecification\",\"valueRequired\":true,\"valueName\":\"search_term_string\"}}],\"inLanguage\":\"tr\"},{\"@type\":\"Person\",\"@id\":\"https:\/\/vanxhaber.com\/#\/schema\/person\/a5fd8d89510cb5370e62ad176f7978ee\",\"name\":\"Van X Haber\",\"image\":{\"@type\":\"ImageObject\",\"inLanguage\":\"tr\",\"@id\":\"https:\/\/vanxhaber.com\/#\/schema\/person\/image\/\",\"url\":\"https:\/\/secure.gravatar.com\/avatar\/36f2f63826681263103acb5ca1e7bc1a6db11baea9b75dd091d89b74f2704b07?s=96&d=mm&r=g\",\"contentUrl\":\"https:\/\/secure.gravatar.com\/avatar\/36f2f63826681263103acb5ca1e7bc1a6db11baea9b75dd091d89b74f2704b07?s=96&d=mm&r=g\",\"caption\":\"Van X Haber\"},\"description\":\"Van X Haber Van'\u0131n ilk ve tek yeni nesil Van Haber merkezi. Son Dakika Van Haberleri ve G\u00fcncel Van haber merkezinde s\u0131cak geli\u015fmeleri aktarmaya devam edece\u011fiz.\",\"url\":\"https:\/\/vanxhaber.com\/index.php\/author\/vangazetesi\/\"}]}<\/script>\n<!-- \/ Yoast SEO Premium plugin. -->","yoast_head_json":{"title":"Van \u0130l Koordinasyon Kurulu toplant\u0131s\u0131 yap\u0131ld\u0131 - Van Haber | Van X Haber | Van Haberleri","robots":{"index":"index","follow":"follow","max-snippet":"max-snippet:-1","max-image-preview":"max-image-preview:large","max-video-preview":"max-video-preview:-1"},"canonical":"https:\/\/vanxhaber.com\/index.php\/2024\/01\/26\/van-il-koordinasyon-kurulu-toplantisi-yapildi\/","og_locale":"tr_TR","og_type":"article","og_title":"Van \u0130l Koordinasyon Kurulu toplant\u0131s\u0131 yap\u0131ld\u0131","og_description":"Van \u0130l Koordinasyon Kurulu 2024 y\u0131l\u0131n\u0131n 1. D\u00f6nem toplant\u0131s\u0131 Vali Yard\u0131mc\u0131s\u0131 Murat Yayaba\u015f\u0131 ba\u015fkanl\u0131\u011f\u0131nda yap\u0131ld\u0131. Van \u0130l Tar\u0131m ve Orman M\u00fcd\u00fcrl\u00fc\u011f\u00fc Konferans Salonu\u2019nda yap\u0131lan toplant\u0131ya \u0130l Planlama ve Koordinasyon M\u00fcd\u00fcr\u00fc Hasan G\u00fcltakar, kamu kurumlar\u0131n\u0131n m\u00fcd\u00fcrleri ve yat\u0131r\u0131mc\u0131 kurulu\u015flar\u0131n temsilcileri kat\u0131ld\u0131. Toplant\u0131n\u0131n a\u00e7\u0131l\u0131\u015f\u0131nda konu\u015fan Vali Yard\u0131mc\u0131s\u0131 Murat Yayaba\u015f\u0131, toplant\u0131n\u0131n hay\u0131rl\u0131 hizmetlere vesile olmas\u0131n\u0131 diledi. Vali Yard\u0131mc\u0131s\u0131 &hellip;","og_url":"https:\/\/vanxhaber.com\/index.php\/2024\/01\/26\/van-il-koordinasyon-kurulu-toplantisi-yapildi\/","og_site_name":"Van Haber | Van X Haber | Van Haberleri","article_published_time":"2024-01-26T08:15:52+00:00","article_modified_time":"2024-01-26T08:15:54+00:00","og_image":[{"width":641,"height":380,"url":"https:\/\/vanxhaber.com\/wp-content\/uploads\/2024\/01\/van-haber.jpg","type":"image\/jpeg"}],"author":"Van X Haber","twitter_card":"summary_large_image","twitter_misc":{"Yazan:":"Van X Haber","Tahmini okuma s\u00fcresi":"1 dakika"},"schema":{"@context":"https:\/\/schema.org","@graph":[{"@type":"Article","@id":"https:\/\/vanxhaber.com\/index.php\/2024\/01\/26\/van-il-koordinasyon-kurulu-toplantisi-yapildi\/#article","isPartOf":{"@id":"https:\/\/vanxhaber.com\/index.php\/2024\/01\/26\/van-il-koordinasyon-kurulu-toplantisi-yapildi\/"},"author":{"name":"Van X Haber","@id":"https:\/\/vanxhaber.com\/#\/schema\/person\/a5fd8d89510cb5370e62ad176f7978ee"},"headline":"Van \u0130l Koordinasyon Kurulu toplant\u0131s\u0131 yap\u0131ld\u0131","datePublished":"2024-01-26T08:15:52+00:00","dateModified":"2024-01-26T08:15:54+00:00","mainEntityOfPage":{"@id":"https:\/\/vanxhaber.com\/index.php\/2024\/01\/26\/van-il-koordinasyon-kurulu-toplantisi-yapildi\/"},"wordCount":168,"commentCount":0,"image":{"@id":"https:\/\/vanxhaber.com\/index.php\/2024\/01\/26\/van-il-koordinasyon-kurulu-toplantisi-yapildi\/#primaryimage"},"thumbnailUrl":"https:\/\/vanxhaber.com\/wp-content\/uploads\/2024\/01\/van-haber.jpg","articleSection":["Van Haber"],"inLanguage":"tr","potentialAction":[{"@type":"CommentAction","name":"Comment","target":["https:\/\/vanxhaber.com\/index.php\/2024\/01\/26\/van-il-koordinasyon-kurulu-toplantisi-yapildi\/#respond"]}],"copyrightYear":"2024","copyrightHolder":{"@id":"https:\/\/vanxhaber.com\/#organization"}},{"@type":"WebPage","@id":"https:\/\/vanxhaber.com\/index.php\/2024\/01\/26\/van-il-koordinasyon-kurulu-toplantisi-yapildi\/","url":"https:\/\/vanxhaber.com\/index.php\/2024\/01\/26\/van-il-koordinasyon-kurulu-toplantisi-yapildi\/","name":"Van \u0130l Koordinasyon Kurulu toplant\u0131s\u0131 yap\u0131ld\u0131 - Van Haber | Van X Haber | Van Haberleri","isPartOf":{"@id":"https:\/\/vanxhaber.com\/#website"},"primaryImageOfPage":{"@id":"https:\/\/vanxhaber.com\/index.php\/2024\/01\/26\/van-il-koordinasyon-kurulu-toplantisi-yapildi\/#primaryimage"},"image":{"@id":"https:\/\/vanxhaber.com\/index.php\/2024\/01\/26\/van-il-koordinasyon-kurulu-toplantisi-yapildi\/#primaryimage"},"thumbnailUrl":"https:\/\/vanxhaber.com\/wp-content\/uploads\/2024\/01\/van-haber.jpg","datePublished":"2024-01-26T08:15:52+00:00","dateModified":"2024-01-26T08:15:54+00:00","author":{"@id":"https:\/\/vanxhaber.com\/#\/schema\/person\/a5fd8d89510cb5370e62ad176f7978ee"},"breadcrumb":{"@id":"https:\/\/vanxhaber.com\/index.php\/2024\/01\/26\/van-il-koordinasyon-kurulu-toplantisi-yapildi\/#breadcrumb"},"inLanguage":"tr","potentialAction":[{"@type":"ReadAction","target":["https:\/\/vanxhaber.com\/index.php\/2024\/01\/26\/van-il-koordinasyon-kurulu-toplantisi-yapildi\/"]}]},{"@type":"ImageObject","inLanguage":"tr","@id":"https:\/\/vanxhaber.com\/index.php\/2024\/01\/26\/van-il-koordinasyon-kurulu-toplantisi-yapildi\/#primaryimage","url":"https:\/\/vanxhaber.com\/wp-content\/uploads\/2024\/01\/van-haber.jpg","contentUrl":"https:\/\/vanxhaber.com\/wp-content\/uploads\/2024\/01\/van-haber.jpg","width":641,"height":380},{"@type":"BreadcrumbList","@id":"https:\/\/vanxhaber.com\/index.php\/2024\/01\/26\/van-il-koordinasyon-kurulu-toplantisi-yapildi\/#breadcrumb","itemListElement":[{"@type":"ListItem","position":1,"name":"Anasayfa","item":"https:\/\/vanxhaber.com\/"},{"@type":"ListItem","position":2,"name":"Van \u0130l Koordinasyon Kurulu toplant\u0131s\u0131 yap\u0131ld\u0131"}]},{"@type":"WebSite","@id":"https:\/\/vanxhaber.com\/#website","url":"https:\/\/vanxhaber.com\/","name":"Van Haber | Van X Haber | Van Haberleri","description":"Van Haber, Van&#039;\u0131n ilk yapay zeka teknolojileri ile yaz\u0131lan Van X Haber ve Van Haberlerini aktif g\u00fcncel sunan tek vanhaber merkezidir.","potentialAction":[{"@type":"SearchAction","target":{"@type":"EntryPoint","urlTemplate":"https:\/\/vanxhaber.com\/?s={search_term_string}"},"query-input":{"@type":"PropertyValueSpecification","valueRequired":true,"valueName":"search_term_string"}}],"inLanguage":"tr"},{"@type":"Person","@id":"https:\/\/vanxhaber.com\/#\/schema\/person\/a5fd8d89510cb5370e62ad176f7978ee","name":"Van X Haber","image":{"@type":"ImageObject","inLanguage":"tr","@id":"https:\/\/vanxhaber.com\/#\/schema\/person\/image\/","url":"https:\/\/secure.gravatar.com\/avatar\/36f2f63826681263103acb5ca1e7bc1a6db11baea9b75dd091d89b74f2704b07?s=96&d=mm&r=g","contentUrl":"https:\/\/secure.gravatar.com\/avatar\/36f2f63826681263103acb5ca1e7bc1a6db11baea9b75dd091d89b74f2704b07?s=96&d=mm&r=g","caption":"Van X Haber"},"description":"Van X Haber Van'\u0131n ilk ve tek yeni nesil Van Haber merkezi. Son Dakika Van Haberleri ve G\u00fcncel Van haber merkezinde s\u0131cak geli\u015fmeleri aktarmaya devam edece\u011fiz.","url":"https:\/\/vanxhaber.com\/index.php\/author\/vangazetesi\/"}]}},"_links":{"self":[{"href":"https:\/\/vanxhaber.com\/index.php\/wp-json\/wp\/v2\/posts\/1493","targetHints":{"allow":["GET"]}}],"collection":[{"href":"https:\/\/vanxhaber.com\/index.php\/wp-json\/wp\/v2\/posts"}],"about":[{"href":"https:\/\/vanxhaber.com\/index.php\/wp-json\/wp\/v2\/types\/post"}],"author":[{"embeddable":true,"href":"https:\/\/vanxhaber.com\/index.php\/wp-json\/wp\/v2\/users\/2"}],"replies":[{"embeddable":true,"href":"https:\/\/vanxhaber.com\/index.php\/wp-json\/wp\/v2\/comments?post=1493"}],"version-history":[{"count":1,"href":"https:\/\/vanxhaber.com\/index.php\/wp-json\/wp\/v2\/posts\/1493\/revisions"}],"predecessor-version":[{"id":1496,"href":"https:\/\/vanxhaber.com\/index.php\/wp-json\/wp\/v2\/posts\/1493\/revisions\/1496"}],"wp:featuredmedia":[{"embeddable":true,"href":"https:\/\/vanxhaber.com\/index.php\/wp-json\/wp\/v2\/media\/1495"}],"wp:attachment":[{"href":"https:\/\/vanxhaber.com\/index.php\/wp-json\/wp\/v2\/media?parent=1493"}],"wp:term":[{"taxonomy":"category","embeddable":true,"href":"https:\/\/vanxhaber.com\/index.php\/wp-json\/wp\/v2\/categories?post=1493"},{"taxonomy":"post_tag","embeddable":true,"href":"https:\/\/vanxhaber.com\/index.php\/wp-json\/wp\/v2\/tags?post=1493"}],"curies":[{"name":"wp","href":"https:\/\/api.w.org\/{rel}","templated":true}]}}