{"id":1497,"date":"2024-01-26T08:19:59","date_gmt":"2024-01-26T08:19:59","guid":{"rendered":"https:\/\/vanxhaber.com\/?p=1497"},"modified":"2024-01-26T08:20:00","modified_gmt":"2024-01-26T08:20:00","slug":"kizilayin-kan-bagisi-kampanyasi-suruyor","status":"publish","type":"post","link":"https:\/\/vanxhaber.com\/index.php\/2024\/01\/26\/kizilayin-kan-bagisi-kampanyasi-suruyor\/","title":{"rendered":"K\u0131z\u0131lay&#8217;\u0131n kan ba\u011f\u0131\u015f\u0131 kampanyas\u0131 s\u00fcr\u00fcyor"},"content":{"rendered":"\n<p><strong>K\u0131z\u0131lay Van B\u00f6lge Kan Merkezi ekipleri, \u2018Birbirimize Candan Ba\u011fl\u0131y\u0131z\u2019 slogan\u0131 \u00e7er\u00e7evesinde il\u00e7e il\u00e7e gezerek kan ba\u011f\u0131\u015f\u0131 kampanyas\u0131 d\u00fczenliyor.<\/strong><\/p>\n\n\n\n<p>K\u0131\u015f \u015fartlar\u0131n\u0131n hayat\u0131 iyice zorla\u015ft\u0131rmas\u0131ndan \u00f6nce kan stoklar\u0131n\u0131 belirli bir seviyenin \u00fczerine \u00e7\u0131karmay\u0131 ve d\u00fczenli ba\u011f\u0131\u015f\u0131 \u00f6zendirmeyi hedefleyen K\u0131z\u0131lay, \u00fclke \u00e7ap\u0131nda \u201cBirbirimize Candan Ba\u011fl\u0131y\u0131z\u201d slogan\u0131 ile b\u00fcy\u00fck bir kan ba\u011f\u0131\u015f kampanyas\u0131 ba\u015flatt\u0131. T\u00fcm illerde oldu\u011fu gibi Van\u2019da da bu \u00e7er\u00e7evede ba\u015flat\u0131lan kan ba\u011f\u0131\u015f\u0131 kampanyas\u0131 merkez ve il\u00e7elerde devam ediyor. Van\u2019\u0131n Geva\u015f il\u00e7esinde d\u00fczenlenen ve bir g\u00fcn s\u00fcrecek olan kampanyayla ilgili a\u00e7\u0131klamada bulunan K\u0131z\u0131lay G\u00fcneydo\u011fu Van B\u00f6lge Kan Merkezi M\u00fcd\u00fcr\u00fc Dr. \u0130brahim \u00c7elik, b\u00f6lge olarak Van, Bitlis, Mu\u015f, I\u011fd\u0131r ve Hakkari\u2019deki 28 hastanenin kan ihtiyac\u0131n\u0131 kar\u015f\u0131lad\u0131klar\u0131n\u0131 belirtti. B\u00f6lge olarak bu il ve il\u00e7elerde kan ba\u011f\u0131\u015f\u0131 kampanyalar\u0131 d\u00fczenleyerek, bu hizmeti y\u00fcr\u00fctmeye devam ettiklerini ifade eden \u00c7elik, &#8220;Bizim kan ihtiyac\u0131n\u0131 kar\u015f\u0131layabilmemiz, hastanelerde kan ve kan \u00fcr\u00fcnlerine ihtiyac\u0131 olan hastalar\u0131n sorunsuz bir \u015fekilde ihtiya\u00e7lar\u0131n\u0131 giderilebilmesi i\u00e7in g\u00f6n\u00fcll\u00fc kan ba\u011f\u0131\u015f\u00e7\u0131lar\u0131na ve d\u00fczenli kan ba\u011f\u0131\u015f\u0131na ihtiyac\u0131m\u0131z var. \u00c7\u00fcnk\u00fc kan, kayna\u011f\u0131 sadece insan olan ve di\u011fer ila\u00e7lar gibi \u00fcretilmeyen bir tedavi arac\u0131d\u0131r. Biz de bu anlamda kan ba\u011f\u0131\u015f\u0131 faaliyetlerine devam ediyoruz&#8221; dedi. K\u0131z\u0131lay\u2019\u0131n 11 Ocak itibar\u0131yla \u00fclke genelinde \u2018Birbirimize Candan Ba\u011fl\u0131y\u0131z\u2019 slogan\u0131 \u00e7er\u00e7evesinde bir kan ba\u011f\u0131\u015f\u0131 kampanyas\u0131 ba\u015flatt\u0131\u011f\u0131n\u0131 vurgulayan \u00c7elik, &#8220;\u00d6zellikle bu yo\u011fun k\u0131\u015f aylar\u0131n\u0131n sert ge\u00e7mesi nedeniyle kan ba\u011f\u0131\u015f\u0131ndaki d\u00fc\u015f\u00fc\u015f ve martta Ramazan ay\u0131na girecek olmam\u0131z bu d\u00fc\u015f\u00fc\u015f\u00fc ya\u015fatmamak ad\u0131na b\u00f6yle bir kan ba\u011f\u0131\u015f\u0131 kampanyas\u0131 ba\u015flatt\u0131k. Biz de Van b\u00f6lgesinde kan ba\u011f\u0131\u015f\u0131 kampanyalar\u0131 d\u00fczenleyerek devam ediyoruz. \u015eimdi de Geva\u015f il\u00e7esinde mobil kan alma kamyonumuzla faaliyetlerimize devam ediyoruz. Halk\u0131m\u0131z\u0131n yo\u011fun bir ilgisi var. Kurumlar\u0131m\u0131z, kampanyaya \u00e7ok g\u00fczel katk\u0131 sunuyor. Amac\u0131m\u0131z bug\u00fcn burada 70-80 \u00fcnite civar\u0131nda kan ba\u011f\u0131\u015f\u0131 elde etmek. Tabi biz her g\u00fcn Van olarak 200 \u00fcnite kan\u0131 stoklar\u0131m\u0131za almam\u0131z gerekiyor ki, hastanelerimizin ihtiyac\u0131n\u0131 sorunsuz giderebilelim. \u00c7\u00fcnk\u00fc so\u011fuk havalarda, k\u0131\u015f aylar\u0131nda hastanelerin ihtiya\u00e7lar\u0131 azalm\u0131yor. Hastanelerimizde sadece acil durumlarda de\u011fil, s\u00fcrekli kronik hastal\u0131klar nedeniyle kan tedavisi g\u00f6rmek zorunda kalan hastalar\u0131m\u0131z var. Faaliyetlerimizi devam ettirerek, ihtiyac\u0131 sorunsuz gidermeyi hedefliyoruz&#8221; ifadelerini kulland\u0131. Kampanyan\u0131n y\u0131l boyunca devam edece\u011fini vurgulayan \u00c7elik, &#8220;Van merkezde kan alma kamyonumuz her g\u00fcn, Erci\u015f il\u00e7emizde de haftan\u0131n iki g\u00fcn\u00fc d\u00fczenli olarak kan ba\u011f\u0131\u015f\u0131 al\u0131yoruz. Kan ba\u011f\u0131\u015f\u0131, toplumsal dayan\u0131\u015fman\u0131n en g\u00fczel \u00f6rneklerinden biridir. Bu manada bu g\u00fczel organizasyona t\u00fcm ba\u011f\u0131\u015f\u00e7\u0131lar\u0131m\u0131z\u0131 bekliyoruz&#8221; diye konu\u015ftu. Vatanda\u015flar ise kan ba\u011f\u0131\u015f\u0131n\u0131n \u00f6nemli oldu\u011funu ifade ederek b\u00f6yle bir kampanyada yer ald\u0131klar\u0131 i\u00e7in mutlu olduklar\u0131n\u0131 s\u00f6ylediler. \u0130lk defa kan vermenin mutlulu\u011funu ya\u015fad\u0131\u011f\u0131n\u0131 belirten Mazlum G\u00fcls\u00fcm isimli vatanda\u015f ise, &#8220;Kan ba\u011f\u0131\u015f\u0131 ile ilgili s\u00fcrekli bir hevesim vard\u0131 ama 18 ya\u015f\u0131ndan k\u00fc\u00e7\u00fck oldu\u011fum i\u00e7in kan veremiyordum. \u00dc\u00e7 ayda bir mobil ara\u00e7 Geva\u015f\u2019a gelecek. Art\u0131k arkada\u015flarla s\u00fcrekli buraday\u0131z. Bizim i\u00e7in kan ba\u011f\u0131\u015f\u0131 \u00f6nemli&#8221; ifadelerine yer verdi.<\/p>\n","protected":false},"excerpt":{"rendered":"<p>K\u0131z\u0131lay Van B\u00f6lge Kan Merkezi ekipleri, \u2018Birbirimize Candan Ba\u011fl\u0131y\u0131z\u2019 slogan\u0131 \u00e7er\u00e7evesinde il\u00e7e il\u00e7e gezerek kan ba\u011f\u0131\u015f\u0131 kampanyas\u0131 d\u00fczenliyor. K\u0131\u015f \u015fartlar\u0131n\u0131n hayat\u0131 iyice zorla\u015ft\u0131rmas\u0131ndan \u00f6nce kan stoklar\u0131n\u0131 belirli bir seviyenin \u00fczerine \u00e7\u0131karmay\u0131 ve d\u00fczenli ba\u011f\u0131\u015f\u0131 \u00f6zendirmeyi hedefleyen K\u0131z\u0131lay, \u00fclke \u00e7ap\u0131nda \u201cBirbirimize Candan Ba\u011fl\u0131y\u0131z\u201d slogan\u0131 ile b\u00fcy\u00fck bir kan ba\u011f\u0131\u015f kampanyas\u0131 ba\u015flatt\u0131. T\u00fcm illerde oldu\u011fu gibi Van\u2019da &hellip;<\/p>\n","protected":false},"author":2,"featured_media":1499,"comment_status":"open","ping_status":"closed","sticky":false,"template":"","format":"standard","meta":{"googlesitekit_rrm_CAowot3VCw:productID":"","footnotes":""},"categories":[1],"tags":[],"class_list":["post-1497","post","type-post","status-publish","format-standard","has-post-thumbnail","hentry","category-van-haber"],"yoast_head":"<!-- This site is optimized with the Yoast SEO Premium plugin v21.7 (Yoast SEO v26.7) - https:\/\/yoast.com\/wordpress\/plugins\/seo\/ -->\n<title>K\u0131z\u0131lay&#039;\u0131n kan ba\u011f\u0131\u015f\u0131 kampanyas\u0131 s\u00fcr\u00fcyor - Van Haber | Van X Haber | Van Haberleri<\/title>\n<meta name=\"robots\" content=\"index, follow, max-snippet:-1, max-image-preview:large, max-video-preview:-1\" \/>\n<link rel=\"canonical\" href=\"https:\/\/vanxhaber.com\/index.php\/2024\/01\/26\/kizilayin-kan-bagisi-kampanyasi-suruyor\/\" \/>\n<meta property=\"og:locale\" content=\"tr_TR\" \/>\n<meta property=\"og:type\" content=\"article\" \/>\n<meta property=\"og:title\" content=\"K\u0131z\u0131lay&#039;\u0131n kan ba\u011f\u0131\u015f\u0131 kampanyas\u0131 s\u00fcr\u00fcyor\" \/>\n<meta property=\"og:description\" content=\"K\u0131z\u0131lay Van B\u00f6lge Kan Merkezi ekipleri, \u2018Birbirimize Candan Ba\u011fl\u0131y\u0131z\u2019 slogan\u0131 \u00e7er\u00e7evesinde il\u00e7e il\u00e7e gezerek kan ba\u011f\u0131\u015f\u0131 kampanyas\u0131 d\u00fczenliyor. K\u0131\u015f \u015fartlar\u0131n\u0131n hayat\u0131 iyice zorla\u015ft\u0131rmas\u0131ndan \u00f6nce kan stoklar\u0131n\u0131 belirli bir seviyenin \u00fczerine \u00e7\u0131karmay\u0131 ve d\u00fczenli ba\u011f\u0131\u015f\u0131 \u00f6zendirmeyi hedefleyen K\u0131z\u0131lay, \u00fclke \u00e7ap\u0131nda \u201cBirbirimize Candan Ba\u011fl\u0131y\u0131z\u201d slogan\u0131 ile b\u00fcy\u00fck bir kan ba\u011f\u0131\u015f kampanyas\u0131 ba\u015flatt\u0131. T\u00fcm illerde oldu\u011fu gibi Van\u2019da &hellip;\" \/>\n<meta property=\"og:url\" content=\"https:\/\/vanxhaber.com\/index.php\/2024\/01\/26\/kizilayin-kan-bagisi-kampanyasi-suruyor\/\" \/>\n<meta property=\"og:site_name\" content=\"Van Haber | Van X Haber | Van Haberleri\" \/>\n<meta property=\"article:published_time\" content=\"2024-01-26T08:19:59+00:00\" \/>\n<meta property=\"article:modified_time\" content=\"2024-01-26T08:20:00+00:00\" \/>\n<meta property=\"og:image\" content=\"https:\/\/vanxhaber.com\/wp-content\/uploads\/2024\/01\/kiizilay.jpg\" \/>\n\t<meta property=\"og:image:width\" content=\"641\" \/>\n\t<meta property=\"og:image:height\" content=\"380\" \/>\n\t<meta property=\"og:image:type\" content=\"image\/jpeg\" \/>\n<meta name=\"author\" content=\"Van X Haber\" \/>\n<meta name=\"twitter:card\" content=\"summary_large_image\" \/>\n<meta name=\"twitter:label1\" content=\"Yazan:\" \/>\n\t<meta name=\"twitter:data1\" content=\"Van X Haber\" \/>\n\t<meta name=\"twitter:label2\" content=\"Tahmini okuma s\u00fcresi\" \/>\n\t<meta name=\"twitter:data2\" content=\"3 dakika\" \/>\n<script type=\"application\/ld+json\" class=\"yoast-schema-graph\">{\"@context\":\"https:\/\/schema.org\",\"@graph\":[{\"@type\":\"Article\",\"@id\":\"https:\/\/vanxhaber.com\/index.php\/2024\/01\/26\/kizilayin-kan-bagisi-kampanyasi-suruyor\/#article\",\"isPartOf\":{\"@id\":\"https:\/\/vanxhaber.com\/index.php\/2024\/01\/26\/kizilayin-kan-bagisi-kampanyasi-suruyor\/\"},\"author\":{\"name\":\"Van X Haber\",\"@id\":\"https:\/\/vanxhaber.com\/#\/schema\/person\/a5fd8d89510cb5370e62ad176f7978ee\"},\"headline\":\"K\u0131z\u0131lay&#8217;\u0131n kan ba\u011f\u0131\u015f\u0131 kampanyas\u0131 s\u00fcr\u00fcyor\",\"datePublished\":\"2024-01-26T08:19:59+00:00\",\"dateModified\":\"2024-01-26T08:20:00+00:00\",\"mainEntityOfPage\":{\"@id\":\"https:\/\/vanxhaber.com\/index.php\/2024\/01\/26\/kizilayin-kan-bagisi-kampanyasi-suruyor\/\"},\"wordCount\":594,\"commentCount\":0,\"image\":{\"@id\":\"https:\/\/vanxhaber.com\/index.php\/2024\/01\/26\/kizilayin-kan-bagisi-kampanyasi-suruyor\/#primaryimage\"},\"thumbnailUrl\":\"https:\/\/vanxhaber.com\/wp-content\/uploads\/2024\/01\/kiizilay.jpg\",\"articleSection\":[\"Van Haber\"],\"inLanguage\":\"tr\",\"potentialAction\":[{\"@type\":\"CommentAction\",\"name\":\"Comment\",\"target\":[\"https:\/\/vanxhaber.com\/index.php\/2024\/01\/26\/kizilayin-kan-bagisi-kampanyasi-suruyor\/#respond\"]}],\"copyrightYear\":\"2024\",\"copyrightHolder\":{\"@id\":\"https:\/\/vanxhaber.com\/#organization\"}},{\"@type\":\"WebPage\",\"@id\":\"https:\/\/vanxhaber.com\/index.php\/2024\/01\/26\/kizilayin-kan-bagisi-kampanyasi-suruyor\/\",\"url\":\"https:\/\/vanxhaber.com\/index.php\/2024\/01\/26\/kizilayin-kan-bagisi-kampanyasi-suruyor\/\",\"name\":\"K\u0131z\u0131lay'\u0131n kan ba\u011f\u0131\u015f\u0131 kampanyas\u0131 s\u00fcr\u00fcyor - Van Haber | Van X Haber | Van Haberleri\",\"isPartOf\":{\"@id\":\"https:\/\/vanxhaber.com\/#website\"},\"primaryImageOfPage\":{\"@id\":\"https:\/\/vanxhaber.com\/index.php\/2024\/01\/26\/kizilayin-kan-bagisi-kampanyasi-suruyor\/#primaryimage\"},\"image\":{\"@id\":\"https:\/\/vanxhaber.com\/index.php\/2024\/01\/26\/kizilayin-kan-bagisi-kampanyasi-suruyor\/#primaryimage\"},\"thumbnailUrl\":\"https:\/\/vanxhaber.com\/wp-content\/uploads\/2024\/01\/kiizilay.jpg\",\"datePublished\":\"2024-01-26T08:19:59+00:00\",\"dateModified\":\"2024-01-26T08:20:00+00:00\",\"author\":{\"@id\":\"https:\/\/vanxhaber.com\/#\/schema\/person\/a5fd8d89510cb5370e62ad176f7978ee\"},\"breadcrumb\":{\"@id\":\"https:\/\/vanxhaber.com\/index.php\/2024\/01\/26\/kizilayin-kan-bagisi-kampanyasi-suruyor\/#breadcrumb\"},\"inLanguage\":\"tr\",\"potentialAction\":[{\"@type\":\"ReadAction\",\"target\":[\"https:\/\/vanxhaber.com\/index.php\/2024\/01\/26\/kizilayin-kan-bagisi-kampanyasi-suruyor\/\"]}]},{\"@type\":\"ImageObject\",\"inLanguage\":\"tr\",\"@id\":\"https:\/\/vanxhaber.com\/index.php\/2024\/01\/26\/kizilayin-kan-bagisi-kampanyasi-suruyor\/#primaryimage\",\"url\":\"https:\/\/vanxhaber.com\/wp-content\/uploads\/2024\/01\/kiizilay.jpg\",\"contentUrl\":\"https:\/\/vanxhaber.com\/wp-content\/uploads\/2024\/01\/kiizilay.jpg\",\"width\":641,\"height\":380},{\"@type\":\"BreadcrumbList\",\"@id\":\"https:\/\/vanxhaber.com\/index.php\/2024\/01\/26\/kizilayin-kan-bagisi-kampanyasi-suruyor\/#breadcrumb\",\"itemListElement\":[{\"@type\":\"ListItem\",\"position\":1,\"name\":\"Anasayfa\",\"item\":\"https:\/\/vanxhaber.com\/\"},{\"@type\":\"ListItem\",\"position\":2,\"name\":\"K\u0131z\u0131lay&#8217;\u0131n kan ba\u011f\u0131\u015f\u0131 kampanyas\u0131 s\u00fcr\u00fcyor\"}]},{\"@type\":\"WebSite\",\"@id\":\"https:\/\/vanxhaber.com\/#website\",\"url\":\"https:\/\/vanxhaber.com\/\",\"name\":\"Van Haber | Van X Haber | Van Haberleri\",\"description\":\"Van Haber, Van&#039;\u0131n ilk yapay zeka teknolojileri ile yaz\u0131lan Van X Haber ve Van Haberlerini aktif g\u00fcncel sunan tek vanhaber merkezidir.\",\"potentialAction\":[{\"@type\":\"SearchAction\",\"target\":{\"@type\":\"EntryPoint\",\"urlTemplate\":\"https:\/\/vanxhaber.com\/?s={search_term_string}\"},\"query-input\":{\"@type\":\"PropertyValueSpecification\",\"valueRequired\":true,\"valueName\":\"search_term_string\"}}],\"inLanguage\":\"tr\"},{\"@type\":\"Person\",\"@id\":\"https:\/\/vanxhaber.com\/#\/schema\/person\/a5fd8d89510cb5370e62ad176f7978ee\",\"name\":\"Van X Haber\",\"image\":{\"@type\":\"ImageObject\",\"inLanguage\":\"tr\",\"@id\":\"https:\/\/vanxhaber.com\/#\/schema\/person\/image\/\",\"url\":\"https:\/\/secure.gravatar.com\/avatar\/36f2f63826681263103acb5ca1e7bc1a6db11baea9b75dd091d89b74f2704b07?s=96&d=mm&r=g\",\"contentUrl\":\"https:\/\/secure.gravatar.com\/avatar\/36f2f63826681263103acb5ca1e7bc1a6db11baea9b75dd091d89b74f2704b07?s=96&d=mm&r=g\",\"caption\":\"Van X Haber\"},\"description\":\"Van X Haber Van'\u0131n ilk ve tek yeni nesil Van Haber merkezi. Son Dakika Van Haberleri ve G\u00fcncel Van haber merkezinde s\u0131cak geli\u015fmeleri aktarmaya devam edece\u011fiz.\",\"url\":\"https:\/\/vanxhaber.com\/index.php\/author\/vangazetesi\/\"}]}<\/script>\n<!-- \/ Yoast SEO Premium plugin. -->","yoast_head_json":{"title":"K\u0131z\u0131lay'\u0131n kan ba\u011f\u0131\u015f\u0131 kampanyas\u0131 s\u00fcr\u00fcyor - Van Haber | Van X Haber | Van Haberleri","robots":{"index":"index","follow":"follow","max-snippet":"max-snippet:-1","max-image-preview":"max-image-preview:large","max-video-preview":"max-video-preview:-1"},"canonical":"https:\/\/vanxhaber.com\/index.php\/2024\/01\/26\/kizilayin-kan-bagisi-kampanyasi-suruyor\/","og_locale":"tr_TR","og_type":"article","og_title":"K\u0131z\u0131lay'\u0131n kan ba\u011f\u0131\u015f\u0131 kampanyas\u0131 s\u00fcr\u00fcyor","og_description":"K\u0131z\u0131lay Van B\u00f6lge Kan Merkezi ekipleri, \u2018Birbirimize Candan Ba\u011fl\u0131y\u0131z\u2019 slogan\u0131 \u00e7er\u00e7evesinde il\u00e7e il\u00e7e gezerek kan ba\u011f\u0131\u015f\u0131 kampanyas\u0131 d\u00fczenliyor. K\u0131\u015f \u015fartlar\u0131n\u0131n hayat\u0131 iyice zorla\u015ft\u0131rmas\u0131ndan \u00f6nce kan stoklar\u0131n\u0131 belirli bir seviyenin \u00fczerine \u00e7\u0131karmay\u0131 ve d\u00fczenli ba\u011f\u0131\u015f\u0131 \u00f6zendirmeyi hedefleyen K\u0131z\u0131lay, \u00fclke \u00e7ap\u0131nda \u201cBirbirimize Candan Ba\u011fl\u0131y\u0131z\u201d slogan\u0131 ile b\u00fcy\u00fck bir kan ba\u011f\u0131\u015f kampanyas\u0131 ba\u015flatt\u0131. T\u00fcm illerde oldu\u011fu gibi Van\u2019da &hellip;","og_url":"https:\/\/vanxhaber.com\/index.php\/2024\/01\/26\/kizilayin-kan-bagisi-kampanyasi-suruyor\/","og_site_name":"Van Haber | Van X Haber | Van Haberleri","article_published_time":"2024-01-26T08:19:59+00:00","article_modified_time":"2024-01-26T08:20:00+00:00","og_image":[{"width":641,"height":380,"url":"https:\/\/vanxhaber.com\/wp-content\/uploads\/2024\/01\/kiizilay.jpg","type":"image\/jpeg"}],"author":"Van X Haber","twitter_card":"summary_large_image","twitter_misc":{"Yazan:":"Van X Haber","Tahmini okuma s\u00fcresi":"3 dakika"},"schema":{"@context":"https:\/\/schema.org","@graph":[{"@type":"Article","@id":"https:\/\/vanxhaber.com\/index.php\/2024\/01\/26\/kizilayin-kan-bagisi-kampanyasi-suruyor\/#article","isPartOf":{"@id":"https:\/\/vanxhaber.com\/index.php\/2024\/01\/26\/kizilayin-kan-bagisi-kampanyasi-suruyor\/"},"author":{"name":"Van X Haber","@id":"https:\/\/vanxhaber.com\/#\/schema\/person\/a5fd8d89510cb5370e62ad176f7978ee"},"headline":"K\u0131z\u0131lay&#8217;\u0131n kan ba\u011f\u0131\u015f\u0131 kampanyas\u0131 s\u00fcr\u00fcyor","datePublished":"2024-01-26T08:19:59+00:00","dateModified":"2024-01-26T08:20:00+00:00","mainEntityOfPage":{"@id":"https:\/\/vanxhaber.com\/index.php\/2024\/01\/26\/kizilayin-kan-bagisi-kampanyasi-suruyor\/"},"wordCount":594,"commentCount":0,"image":{"@id":"https:\/\/vanxhaber.com\/index.php\/2024\/01\/26\/kizilayin-kan-bagisi-kampanyasi-suruyor\/#primaryimage"},"thumbnailUrl":"https:\/\/vanxhaber.com\/wp-content\/uploads\/2024\/01\/kiizilay.jpg","articleSection":["Van Haber"],"inLanguage":"tr","potentialAction":[{"@type":"CommentAction","name":"Comment","target":["https:\/\/vanxhaber.com\/index.php\/2024\/01\/26\/kizilayin-kan-bagisi-kampanyasi-suruyor\/#respond"]}],"copyrightYear":"2024","copyrightHolder":{"@id":"https:\/\/vanxhaber.com\/#organization"}},{"@type":"WebPage","@id":"https:\/\/vanxhaber.com\/index.php\/2024\/01\/26\/kizilayin-kan-bagisi-kampanyasi-suruyor\/","url":"https:\/\/vanxhaber.com\/index.php\/2024\/01\/26\/kizilayin-kan-bagisi-kampanyasi-suruyor\/","name":"K\u0131z\u0131lay'\u0131n kan ba\u011f\u0131\u015f\u0131 kampanyas\u0131 s\u00fcr\u00fcyor - Van Haber | Van X Haber | Van Haberleri","isPartOf":{"@id":"https:\/\/vanxhaber.com\/#website"},"primaryImageOfPage":{"@id":"https:\/\/vanxhaber.com\/index.php\/2024\/01\/26\/kizilayin-kan-bagisi-kampanyasi-suruyor\/#primaryimage"},"image":{"@id":"https:\/\/vanxhaber.com\/index.php\/2024\/01\/26\/kizilayin-kan-bagisi-kampanyasi-suruyor\/#primaryimage"},"thumbnailUrl":"https:\/\/vanxhaber.com\/wp-content\/uploads\/2024\/01\/kiizilay.jpg","datePublished":"2024-01-26T08:19:59+00:00","dateModified":"2024-01-26T08:20:00+00:00","author":{"@id":"https:\/\/vanxhaber.com\/#\/schema\/person\/a5fd8d89510cb5370e62ad176f7978ee"},"breadcrumb":{"@id":"https:\/\/vanxhaber.com\/index.php\/2024\/01\/26\/kizilayin-kan-bagisi-kampanyasi-suruyor\/#breadcrumb"},"inLanguage":"tr","potentialAction":[{"@type":"ReadAction","target":["https:\/\/vanxhaber.com\/index.php\/2024\/01\/26\/kizilayin-kan-bagisi-kampanyasi-suruyor\/"]}]},{"@type":"ImageObject","inLanguage":"tr","@id":"https:\/\/vanxhaber.com\/index.php\/2024\/01\/26\/kizilayin-kan-bagisi-kampanyasi-suruyor\/#primaryimage","url":"https:\/\/vanxhaber.com\/wp-content\/uploads\/2024\/01\/kiizilay.jpg","contentUrl":"https:\/\/vanxhaber.com\/wp-content\/uploads\/2024\/01\/kiizilay.jpg","width":641,"height":380},{"@type":"BreadcrumbList","@id":"https:\/\/vanxhaber.com\/index.php\/2024\/01\/26\/kizilayin-kan-bagisi-kampanyasi-suruyor\/#breadcrumb","itemListElement":[{"@type":"ListItem","position":1,"name":"Anasayfa","item":"https:\/\/vanxhaber.com\/"},{"@type":"ListItem","position":2,"name":"K\u0131z\u0131lay&#8217;\u0131n kan ba\u011f\u0131\u015f\u0131 kampanyas\u0131 s\u00fcr\u00fcyor"}]},{"@type":"WebSite","@id":"https:\/\/vanxhaber.com\/#website","url":"https:\/\/vanxhaber.com\/","name":"Van Haber | Van X Haber | Van Haberleri","description":"Van Haber, Van&#039;\u0131n ilk yapay zeka teknolojileri ile yaz\u0131lan Van X Haber ve Van Haberlerini aktif g\u00fcncel sunan tek vanhaber merkezidir.","potentialAction":[{"@type":"SearchAction","target":{"@type":"EntryPoint","urlTemplate":"https:\/\/vanxhaber.com\/?s={search_term_string}"},"query-input":{"@type":"PropertyValueSpecification","valueRequired":true,"valueName":"search_term_string"}}],"inLanguage":"tr"},{"@type":"Person","@id":"https:\/\/vanxhaber.com\/#\/schema\/person\/a5fd8d89510cb5370e62ad176f7978ee","name":"Van X Haber","image":{"@type":"ImageObject","inLanguage":"tr","@id":"https:\/\/vanxhaber.com\/#\/schema\/person\/image\/","url":"https:\/\/secure.gravatar.com\/avatar\/36f2f63826681263103acb5ca1e7bc1a6db11baea9b75dd091d89b74f2704b07?s=96&d=mm&r=g","contentUrl":"https:\/\/secure.gravatar.com\/avatar\/36f2f63826681263103acb5ca1e7bc1a6db11baea9b75dd091d89b74f2704b07?s=96&d=mm&r=g","caption":"Van X Haber"},"description":"Van X Haber Van'\u0131n ilk ve tek yeni nesil Van Haber merkezi. Son Dakika Van Haberleri ve G\u00fcncel Van haber merkezinde s\u0131cak geli\u015fmeleri aktarmaya devam edece\u011fiz.","url":"https:\/\/vanxhaber.com\/index.php\/author\/vangazetesi\/"}]}},"_links":{"self":[{"href":"https:\/\/vanxhaber.com\/index.php\/wp-json\/wp\/v2\/posts\/1497","targetHints":{"allow":["GET"]}}],"collection":[{"href":"https:\/\/vanxhaber.com\/index.php\/wp-json\/wp\/v2\/posts"}],"about":[{"href":"https:\/\/vanxhaber.com\/index.php\/wp-json\/wp\/v2\/types\/post"}],"author":[{"embeddable":true,"href":"https:\/\/vanxhaber.com\/index.php\/wp-json\/wp\/v2\/users\/2"}],"replies":[{"embeddable":true,"href":"https:\/\/vanxhaber.com\/index.php\/wp-json\/wp\/v2\/comments?post=1497"}],"version-history":[{"count":1,"href":"https:\/\/vanxhaber.com\/index.php\/wp-json\/wp\/v2\/posts\/1497\/revisions"}],"predecessor-version":[{"id":1500,"href":"https:\/\/vanxhaber.com\/index.php\/wp-json\/wp\/v2\/posts\/1497\/revisions\/1500"}],"wp:featuredmedia":[{"embeddable":true,"href":"https:\/\/vanxhaber.com\/index.php\/wp-json\/wp\/v2\/media\/1499"}],"wp:attachment":[{"href":"https:\/\/vanxhaber.com\/index.php\/wp-json\/wp\/v2\/media?parent=1497"}],"wp:term":[{"taxonomy":"category","embeddable":true,"href":"https:\/\/vanxhaber.com\/index.php\/wp-json\/wp\/v2\/categories?post=1497"},{"taxonomy":"post_tag","embeddable":true,"href":"https:\/\/vanxhaber.com\/index.php\/wp-json\/wp\/v2\/tags?post=1497"}],"curies":[{"name":"wp","href":"https:\/\/api.w.org\/{rel}","templated":true}]}}