{"id":1501,"date":"2024-01-26T08:51:36","date_gmt":"2024-01-26T08:51:36","guid":{"rendered":"https:\/\/vanxhaber.com\/?p=1501"},"modified":"2024-01-26T08:51:38","modified_gmt":"2024-01-26T08:51:38","slug":"otobus-tarlaya-devrildi-en-az-4-olu-3u-agir-32-yarali","status":"publish","type":"post","link":"https:\/\/vanxhaber.com\/index.php\/2024\/01\/26\/otobus-tarlaya-devrildi-en-az-4-olu-3u-agir-32-yarali\/","title":{"rendered":"Otob\u00fcs tarlaya devrildi: En az 4 \u00f6l\u00fc, 3\u2019\u00fc a\u011f\u0131r 32 yaral\u0131!"},"content":{"rendered":"\n<p><strong>Kastamonu&#8217;nun Ta\u015fk\u00f6pr\u00fc il\u00e7esinde, yolcu otob\u00fcs\u00fcn\u00fcn tarlaya devrildi\u011fi kazada 4 ki\u015fi hayat\u0131n\u0131 kaybetti, 32 ki\u015fi yaraland\u0131.<\/strong><\/p>\n\n\n\n<p>S\u00fcr\u00fcc\u00fcs\u00fc hen\u00fcz \u00f6\u011frenilemeyen, T\u00fcrkay Turizme ait 34 ESY 73 plakal\u0131 otob\u00fcs, Alatarla k\u00f6y\u00fc mevkisinde kontrolden \u00e7\u0131karak tarlaya devrildi.<\/p>\n\n\n\n<p>\u0130hbar \u00fczerine olay yerine \u00e7ok say\u0131da jandarma, itfaiye ve sa\u011fl\u0131k ekibi sevk edildi.<\/p>\n\n\n\n<p>\u0130lk belirlemelere g\u00f6re kazada 4 ki\u015fi \u00f6ld\u00fc, 3&#8217;\u00fc a\u011f\u0131r 32 ki\u015fi de yaraland\u0131.<\/p>\n\n\n\n<p>Ekiplerin ara\u00e7tan \u00e7\u0131kard\u0131\u011f\u0131 yaral\u0131lar \u00e7evredeki hastanelere sevk edildi.<\/p>\n\n\n\n<p>Otob\u00fcs\u00fcn i\u015f makineleri ile kald\u0131r\u0131lmas\u0131 i\u00e7in \u00e7al\u0131\u015fmalar s\u00fcr\u00fcyor.<\/p>\n","protected":false},"excerpt":{"rendered":"<p>Kastamonu&#8217;nun Ta\u015fk\u00f6pr\u00fc il\u00e7esinde, yolcu otob\u00fcs\u00fcn\u00fcn tarlaya devrildi\u011fi kazada 4 ki\u015fi hayat\u0131n\u0131 kaybetti, 32 ki\u015fi yaraland\u0131. S\u00fcr\u00fcc\u00fcs\u00fc hen\u00fcz \u00f6\u011frenilemeyen, T\u00fcrkay Turizme ait 34 ESY 73 plakal\u0131 otob\u00fcs, Alatarla k\u00f6y\u00fc mevkisinde kontrolden \u00e7\u0131karak tarlaya devrildi. \u0130hbar \u00fczerine olay yerine \u00e7ok say\u0131da jandarma, itfaiye ve sa\u011fl\u0131k ekibi sevk edildi. \u0130lk belirlemelere g\u00f6re kazada 4 ki\u015fi \u00f6ld\u00fc, 3&#8217;\u00fc a\u011f\u0131r &hellip;<\/p>\n","protected":false},"author":2,"featured_media":1503,"comment_status":"open","ping_status":"closed","sticky":false,"template":"","format":"standard","meta":{"googlesitekit_rrm_CAowot3VCw:productID":"","footnotes":""},"categories":[1],"tags":[],"class_list":["post-1501","post","type-post","status-publish","format-standard","has-post-thumbnail","hentry","category-van-haber"],"yoast_head":"<!-- This site is optimized with the Yoast SEO Premium plugin v21.7 (Yoast SEO v26.7) - https:\/\/yoast.com\/wordpress\/plugins\/seo\/ -->\n<title>Otob\u00fcs tarlaya devrildi: En az 4 \u00f6l\u00fc, 3\u2019\u00fc a\u011f\u0131r 32 yaral\u0131! - Van Haber | Van X Haber | Van Haberleri<\/title>\n<meta name=\"robots\" content=\"index, follow, max-snippet:-1, max-image-preview:large, max-video-preview:-1\" \/>\n<link rel=\"canonical\" href=\"https:\/\/vanxhaber.com\/index.php\/2024\/01\/26\/otobus-tarlaya-devrildi-en-az-4-olu-3u-agir-32-yarali\/\" \/>\n<meta property=\"og:locale\" content=\"tr_TR\" \/>\n<meta property=\"og:type\" content=\"article\" \/>\n<meta property=\"og:title\" content=\"Otob\u00fcs tarlaya devrildi: En az 4 \u00f6l\u00fc, 3\u2019\u00fc a\u011f\u0131r 32 yaral\u0131!\" \/>\n<meta property=\"og:description\" content=\"Kastamonu&#8217;nun Ta\u015fk\u00f6pr\u00fc il\u00e7esinde, yolcu otob\u00fcs\u00fcn\u00fcn tarlaya devrildi\u011fi kazada 4 ki\u015fi hayat\u0131n\u0131 kaybetti, 32 ki\u015fi yaraland\u0131. S\u00fcr\u00fcc\u00fcs\u00fc hen\u00fcz \u00f6\u011frenilemeyen, T\u00fcrkay Turizme ait 34 ESY 73 plakal\u0131 otob\u00fcs, Alatarla k\u00f6y\u00fc mevkisinde kontrolden \u00e7\u0131karak tarlaya devrildi. \u0130hbar \u00fczerine olay yerine \u00e7ok say\u0131da jandarma, itfaiye ve sa\u011fl\u0131k ekibi sevk edildi. \u0130lk belirlemelere g\u00f6re kazada 4 ki\u015fi \u00f6ld\u00fc, 3&#8217;\u00fc a\u011f\u0131r &hellip;\" \/>\n<meta property=\"og:url\" content=\"https:\/\/vanxhaber.com\/index.php\/2024\/01\/26\/otobus-tarlaya-devrildi-en-az-4-olu-3u-agir-32-yarali\/\" \/>\n<meta property=\"og:site_name\" content=\"Van Haber | Van X Haber | Van Haberleri\" \/>\n<meta property=\"article:published_time\" content=\"2024-01-26T08:51:36+00:00\" \/>\n<meta property=\"article:modified_time\" content=\"2024-01-26T08:51:38+00:00\" \/>\n<meta property=\"og:image\" content=\"https:\/\/vanxhaber.com\/wp-content\/uploads\/2024\/01\/kaza-ani.jpg\" \/>\n\t<meta property=\"og:image:width\" content=\"1110\" \/>\n\t<meta property=\"og:image:height\" content=\"500\" \/>\n\t<meta property=\"og:image:type\" content=\"image\/jpeg\" \/>\n<meta name=\"author\" content=\"Van X Haber\" \/>\n<meta name=\"twitter:card\" content=\"summary_large_image\" \/>\n<meta name=\"twitter:label1\" content=\"Yazan:\" \/>\n\t<meta name=\"twitter:data1\" content=\"Van X Haber\" \/>\n\t<meta name=\"twitter:label2\" content=\"Tahmini okuma s\u00fcresi\" \/>\n\t<meta name=\"twitter:data2\" content=\"1 dakika\" \/>\n<script type=\"application\/ld+json\" class=\"yoast-schema-graph\">{\"@context\":\"https:\/\/schema.org\",\"@graph\":[{\"@type\":\"Article\",\"@id\":\"https:\/\/vanxhaber.com\/index.php\/2024\/01\/26\/otobus-tarlaya-devrildi-en-az-4-olu-3u-agir-32-yarali\/#article\",\"isPartOf\":{\"@id\":\"https:\/\/vanxhaber.com\/index.php\/2024\/01\/26\/otobus-tarlaya-devrildi-en-az-4-olu-3u-agir-32-yarali\/\"},\"author\":{\"name\":\"Van X Haber\",\"@id\":\"https:\/\/vanxhaber.com\/#\/schema\/person\/a5fd8d89510cb5370e62ad176f7978ee\"},\"headline\":\"Otob\u00fcs tarlaya devrildi: En az 4 \u00f6l\u00fc, 3\u2019\u00fc a\u011f\u0131r 32 yaral\u0131!\",\"datePublished\":\"2024-01-26T08:51:36+00:00\",\"dateModified\":\"2024-01-26T08:51:38+00:00\",\"mainEntityOfPage\":{\"@id\":\"https:\/\/vanxhaber.com\/index.php\/2024\/01\/26\/otobus-tarlaya-devrildi-en-az-4-olu-3u-agir-32-yarali\/\"},\"wordCount\":113,\"commentCount\":0,\"image\":{\"@id\":\"https:\/\/vanxhaber.com\/index.php\/2024\/01\/26\/otobus-tarlaya-devrildi-en-az-4-olu-3u-agir-32-yarali\/#primaryimage\"},\"thumbnailUrl\":\"https:\/\/vanxhaber.com\/wp-content\/uploads\/2024\/01\/kaza-ani.jpg\",\"articleSection\":[\"Van Haber\"],\"inLanguage\":\"tr\",\"potentialAction\":[{\"@type\":\"CommentAction\",\"name\":\"Comment\",\"target\":[\"https:\/\/vanxhaber.com\/index.php\/2024\/01\/26\/otobus-tarlaya-devrildi-en-az-4-olu-3u-agir-32-yarali\/#respond\"]}],\"copyrightYear\":\"2024\",\"copyrightHolder\":{\"@id\":\"https:\/\/vanxhaber.com\/#organization\"}},{\"@type\":\"WebPage\",\"@id\":\"https:\/\/vanxhaber.com\/index.php\/2024\/01\/26\/otobus-tarlaya-devrildi-en-az-4-olu-3u-agir-32-yarali\/\",\"url\":\"https:\/\/vanxhaber.com\/index.php\/2024\/01\/26\/otobus-tarlaya-devrildi-en-az-4-olu-3u-agir-32-yarali\/\",\"name\":\"Otob\u00fcs tarlaya devrildi: En az 4 \u00f6l\u00fc, 3\u2019\u00fc a\u011f\u0131r 32 yaral\u0131! - Van Haber | Van X Haber | Van Haberleri\",\"isPartOf\":{\"@id\":\"https:\/\/vanxhaber.com\/#website\"},\"primaryImageOfPage\":{\"@id\":\"https:\/\/vanxhaber.com\/index.php\/2024\/01\/26\/otobus-tarlaya-devrildi-en-az-4-olu-3u-agir-32-yarali\/#primaryimage\"},\"image\":{\"@id\":\"https:\/\/vanxhaber.com\/index.php\/2024\/01\/26\/otobus-tarlaya-devrildi-en-az-4-olu-3u-agir-32-yarali\/#primaryimage\"},\"thumbnailUrl\":\"https:\/\/vanxhaber.com\/wp-content\/uploads\/2024\/01\/kaza-ani.jpg\",\"datePublished\":\"2024-01-26T08:51:36+00:00\",\"dateModified\":\"2024-01-26T08:51:38+00:00\",\"author\":{\"@id\":\"https:\/\/vanxhaber.com\/#\/schema\/person\/a5fd8d89510cb5370e62ad176f7978ee\"},\"breadcrumb\":{\"@id\":\"https:\/\/vanxhaber.com\/index.php\/2024\/01\/26\/otobus-tarlaya-devrildi-en-az-4-olu-3u-agir-32-yarali\/#breadcrumb\"},\"inLanguage\":\"tr\",\"potentialAction\":[{\"@type\":\"ReadAction\",\"target\":[\"https:\/\/vanxhaber.com\/index.php\/2024\/01\/26\/otobus-tarlaya-devrildi-en-az-4-olu-3u-agir-32-yarali\/\"]}]},{\"@type\":\"ImageObject\",\"inLanguage\":\"tr\",\"@id\":\"https:\/\/vanxhaber.com\/index.php\/2024\/01\/26\/otobus-tarlaya-devrildi-en-az-4-olu-3u-agir-32-yarali\/#primaryimage\",\"url\":\"https:\/\/vanxhaber.com\/wp-content\/uploads\/2024\/01\/kaza-ani.jpg\",\"contentUrl\":\"https:\/\/vanxhaber.com\/wp-content\/uploads\/2024\/01\/kaza-ani.jpg\",\"width\":1110,\"height\":500},{\"@type\":\"BreadcrumbList\",\"@id\":\"https:\/\/vanxhaber.com\/index.php\/2024\/01\/26\/otobus-tarlaya-devrildi-en-az-4-olu-3u-agir-32-yarali\/#breadcrumb\",\"itemListElement\":[{\"@type\":\"ListItem\",\"position\":1,\"name\":\"Anasayfa\",\"item\":\"https:\/\/vanxhaber.com\/\"},{\"@type\":\"ListItem\",\"position\":2,\"name\":\"Otob\u00fcs tarlaya devrildi: En az 4 \u00f6l\u00fc, 3\u2019\u00fc a\u011f\u0131r 32 yaral\u0131!\"}]},{\"@type\":\"WebSite\",\"@id\":\"https:\/\/vanxhaber.com\/#website\",\"url\":\"https:\/\/vanxhaber.com\/\",\"name\":\"Van Haber | Van X Haber | Van Haberleri\",\"description\":\"Van Haber, Van&#039;\u0131n ilk yapay zeka teknolojileri ile yaz\u0131lan Van X Haber ve Van Haberlerini aktif g\u00fcncel sunan tek vanhaber merkezidir.\",\"potentialAction\":[{\"@type\":\"SearchAction\",\"target\":{\"@type\":\"EntryPoint\",\"urlTemplate\":\"https:\/\/vanxhaber.com\/?s={search_term_string}\"},\"query-input\":{\"@type\":\"PropertyValueSpecification\",\"valueRequired\":true,\"valueName\":\"search_term_string\"}}],\"inLanguage\":\"tr\"},{\"@type\":\"Person\",\"@id\":\"https:\/\/vanxhaber.com\/#\/schema\/person\/a5fd8d89510cb5370e62ad176f7978ee\",\"name\":\"Van X Haber\",\"image\":{\"@type\":\"ImageObject\",\"inLanguage\":\"tr\",\"@id\":\"https:\/\/vanxhaber.com\/#\/schema\/person\/image\/\",\"url\":\"https:\/\/secure.gravatar.com\/avatar\/36f2f63826681263103acb5ca1e7bc1a6db11baea9b75dd091d89b74f2704b07?s=96&d=mm&r=g\",\"contentUrl\":\"https:\/\/secure.gravatar.com\/avatar\/36f2f63826681263103acb5ca1e7bc1a6db11baea9b75dd091d89b74f2704b07?s=96&d=mm&r=g\",\"caption\":\"Van X Haber\"},\"description\":\"Van X Haber Van'\u0131n ilk ve tek yeni nesil Van Haber merkezi. Son Dakika Van Haberleri ve G\u00fcncel Van haber merkezinde s\u0131cak geli\u015fmeleri aktarmaya devam edece\u011fiz.\",\"url\":\"https:\/\/vanxhaber.com\/index.php\/author\/vangazetesi\/\"}]}<\/script>\n<!-- \/ Yoast SEO Premium plugin. -->","yoast_head_json":{"title":"Otob\u00fcs tarlaya devrildi: En az 4 \u00f6l\u00fc, 3\u2019\u00fc a\u011f\u0131r 32 yaral\u0131! - Van Haber | Van X Haber | Van Haberleri","robots":{"index":"index","follow":"follow","max-snippet":"max-snippet:-1","max-image-preview":"max-image-preview:large","max-video-preview":"max-video-preview:-1"},"canonical":"https:\/\/vanxhaber.com\/index.php\/2024\/01\/26\/otobus-tarlaya-devrildi-en-az-4-olu-3u-agir-32-yarali\/","og_locale":"tr_TR","og_type":"article","og_title":"Otob\u00fcs tarlaya devrildi: En az 4 \u00f6l\u00fc, 3\u2019\u00fc a\u011f\u0131r 32 yaral\u0131!","og_description":"Kastamonu&#8217;nun Ta\u015fk\u00f6pr\u00fc il\u00e7esinde, yolcu otob\u00fcs\u00fcn\u00fcn tarlaya devrildi\u011fi kazada 4 ki\u015fi hayat\u0131n\u0131 kaybetti, 32 ki\u015fi yaraland\u0131. S\u00fcr\u00fcc\u00fcs\u00fc hen\u00fcz \u00f6\u011frenilemeyen, T\u00fcrkay Turizme ait 34 ESY 73 plakal\u0131 otob\u00fcs, Alatarla k\u00f6y\u00fc mevkisinde kontrolden \u00e7\u0131karak tarlaya devrildi. \u0130hbar \u00fczerine olay yerine \u00e7ok say\u0131da jandarma, itfaiye ve sa\u011fl\u0131k ekibi sevk edildi. \u0130lk belirlemelere g\u00f6re kazada 4 ki\u015fi \u00f6ld\u00fc, 3&#8217;\u00fc a\u011f\u0131r &hellip;","og_url":"https:\/\/vanxhaber.com\/index.php\/2024\/01\/26\/otobus-tarlaya-devrildi-en-az-4-olu-3u-agir-32-yarali\/","og_site_name":"Van Haber | Van X Haber | Van Haberleri","article_published_time":"2024-01-26T08:51:36+00:00","article_modified_time":"2024-01-26T08:51:38+00:00","og_image":[{"width":1110,"height":500,"url":"https:\/\/vanxhaber.com\/wp-content\/uploads\/2024\/01\/kaza-ani.jpg","type":"image\/jpeg"}],"author":"Van X Haber","twitter_card":"summary_large_image","twitter_misc":{"Yazan:":"Van X Haber","Tahmini okuma s\u00fcresi":"1 dakika"},"schema":{"@context":"https:\/\/schema.org","@graph":[{"@type":"Article","@id":"https:\/\/vanxhaber.com\/index.php\/2024\/01\/26\/otobus-tarlaya-devrildi-en-az-4-olu-3u-agir-32-yarali\/#article","isPartOf":{"@id":"https:\/\/vanxhaber.com\/index.php\/2024\/01\/26\/otobus-tarlaya-devrildi-en-az-4-olu-3u-agir-32-yarali\/"},"author":{"name":"Van X Haber","@id":"https:\/\/vanxhaber.com\/#\/schema\/person\/a5fd8d89510cb5370e62ad176f7978ee"},"headline":"Otob\u00fcs tarlaya devrildi: En az 4 \u00f6l\u00fc, 3\u2019\u00fc a\u011f\u0131r 32 yaral\u0131!","datePublished":"2024-01-26T08:51:36+00:00","dateModified":"2024-01-26T08:51:38+00:00","mainEntityOfPage":{"@id":"https:\/\/vanxhaber.com\/index.php\/2024\/01\/26\/otobus-tarlaya-devrildi-en-az-4-olu-3u-agir-32-yarali\/"},"wordCount":113,"commentCount":0,"image":{"@id":"https:\/\/vanxhaber.com\/index.php\/2024\/01\/26\/otobus-tarlaya-devrildi-en-az-4-olu-3u-agir-32-yarali\/#primaryimage"},"thumbnailUrl":"https:\/\/vanxhaber.com\/wp-content\/uploads\/2024\/01\/kaza-ani.jpg","articleSection":["Van Haber"],"inLanguage":"tr","potentialAction":[{"@type":"CommentAction","name":"Comment","target":["https:\/\/vanxhaber.com\/index.php\/2024\/01\/26\/otobus-tarlaya-devrildi-en-az-4-olu-3u-agir-32-yarali\/#respond"]}],"copyrightYear":"2024","copyrightHolder":{"@id":"https:\/\/vanxhaber.com\/#organization"}},{"@type":"WebPage","@id":"https:\/\/vanxhaber.com\/index.php\/2024\/01\/26\/otobus-tarlaya-devrildi-en-az-4-olu-3u-agir-32-yarali\/","url":"https:\/\/vanxhaber.com\/index.php\/2024\/01\/26\/otobus-tarlaya-devrildi-en-az-4-olu-3u-agir-32-yarali\/","name":"Otob\u00fcs tarlaya devrildi: En az 4 \u00f6l\u00fc, 3\u2019\u00fc a\u011f\u0131r 32 yaral\u0131! - Van Haber | Van X Haber | Van Haberleri","isPartOf":{"@id":"https:\/\/vanxhaber.com\/#website"},"primaryImageOfPage":{"@id":"https:\/\/vanxhaber.com\/index.php\/2024\/01\/26\/otobus-tarlaya-devrildi-en-az-4-olu-3u-agir-32-yarali\/#primaryimage"},"image":{"@id":"https:\/\/vanxhaber.com\/index.php\/2024\/01\/26\/otobus-tarlaya-devrildi-en-az-4-olu-3u-agir-32-yarali\/#primaryimage"},"thumbnailUrl":"https:\/\/vanxhaber.com\/wp-content\/uploads\/2024\/01\/kaza-ani.jpg","datePublished":"2024-01-26T08:51:36+00:00","dateModified":"2024-01-26T08:51:38+00:00","author":{"@id":"https:\/\/vanxhaber.com\/#\/schema\/person\/a5fd8d89510cb5370e62ad176f7978ee"},"breadcrumb":{"@id":"https:\/\/vanxhaber.com\/index.php\/2024\/01\/26\/otobus-tarlaya-devrildi-en-az-4-olu-3u-agir-32-yarali\/#breadcrumb"},"inLanguage":"tr","potentialAction":[{"@type":"ReadAction","target":["https:\/\/vanxhaber.com\/index.php\/2024\/01\/26\/otobus-tarlaya-devrildi-en-az-4-olu-3u-agir-32-yarali\/"]}]},{"@type":"ImageObject","inLanguage":"tr","@id":"https:\/\/vanxhaber.com\/index.php\/2024\/01\/26\/otobus-tarlaya-devrildi-en-az-4-olu-3u-agir-32-yarali\/#primaryimage","url":"https:\/\/vanxhaber.com\/wp-content\/uploads\/2024\/01\/kaza-ani.jpg","contentUrl":"https:\/\/vanxhaber.com\/wp-content\/uploads\/2024\/01\/kaza-ani.jpg","width":1110,"height":500},{"@type":"BreadcrumbList","@id":"https:\/\/vanxhaber.com\/index.php\/2024\/01\/26\/otobus-tarlaya-devrildi-en-az-4-olu-3u-agir-32-yarali\/#breadcrumb","itemListElement":[{"@type":"ListItem","position":1,"name":"Anasayfa","item":"https:\/\/vanxhaber.com\/"},{"@type":"ListItem","position":2,"name":"Otob\u00fcs tarlaya devrildi: En az 4 \u00f6l\u00fc, 3\u2019\u00fc a\u011f\u0131r 32 yaral\u0131!"}]},{"@type":"WebSite","@id":"https:\/\/vanxhaber.com\/#website","url":"https:\/\/vanxhaber.com\/","name":"Van Haber | Van X Haber | Van Haberleri","description":"Van Haber, Van&#039;\u0131n ilk yapay zeka teknolojileri ile yaz\u0131lan Van X Haber ve Van Haberlerini aktif g\u00fcncel sunan tek vanhaber merkezidir.","potentialAction":[{"@type":"SearchAction","target":{"@type":"EntryPoint","urlTemplate":"https:\/\/vanxhaber.com\/?s={search_term_string}"},"query-input":{"@type":"PropertyValueSpecification","valueRequired":true,"valueName":"search_term_string"}}],"inLanguage":"tr"},{"@type":"Person","@id":"https:\/\/vanxhaber.com\/#\/schema\/person\/a5fd8d89510cb5370e62ad176f7978ee","name":"Van X Haber","image":{"@type":"ImageObject","inLanguage":"tr","@id":"https:\/\/vanxhaber.com\/#\/schema\/person\/image\/","url":"https:\/\/secure.gravatar.com\/avatar\/36f2f63826681263103acb5ca1e7bc1a6db11baea9b75dd091d89b74f2704b07?s=96&d=mm&r=g","contentUrl":"https:\/\/secure.gravatar.com\/avatar\/36f2f63826681263103acb5ca1e7bc1a6db11baea9b75dd091d89b74f2704b07?s=96&d=mm&r=g","caption":"Van X Haber"},"description":"Van X Haber Van'\u0131n ilk ve tek yeni nesil Van Haber merkezi. Son Dakika Van Haberleri ve G\u00fcncel Van haber merkezinde s\u0131cak geli\u015fmeleri aktarmaya devam edece\u011fiz.","url":"https:\/\/vanxhaber.com\/index.php\/author\/vangazetesi\/"}]}},"_links":{"self":[{"href":"https:\/\/vanxhaber.com\/index.php\/wp-json\/wp\/v2\/posts\/1501","targetHints":{"allow":["GET"]}}],"collection":[{"href":"https:\/\/vanxhaber.com\/index.php\/wp-json\/wp\/v2\/posts"}],"about":[{"href":"https:\/\/vanxhaber.com\/index.php\/wp-json\/wp\/v2\/types\/post"}],"author":[{"embeddable":true,"href":"https:\/\/vanxhaber.com\/index.php\/wp-json\/wp\/v2\/users\/2"}],"replies":[{"embeddable":true,"href":"https:\/\/vanxhaber.com\/index.php\/wp-json\/wp\/v2\/comments?post=1501"}],"version-history":[{"count":1,"href":"https:\/\/vanxhaber.com\/index.php\/wp-json\/wp\/v2\/posts\/1501\/revisions"}],"predecessor-version":[{"id":1504,"href":"https:\/\/vanxhaber.com\/index.php\/wp-json\/wp\/v2\/posts\/1501\/revisions\/1504"}],"wp:featuredmedia":[{"embeddable":true,"href":"https:\/\/vanxhaber.com\/index.php\/wp-json\/wp\/v2\/media\/1503"}],"wp:attachment":[{"href":"https:\/\/vanxhaber.com\/index.php\/wp-json\/wp\/v2\/media?parent=1501"}],"wp:term":[{"taxonomy":"category","embeddable":true,"href":"https:\/\/vanxhaber.com\/index.php\/wp-json\/wp\/v2\/categories?post=1501"},{"taxonomy":"post_tag","embeddable":true,"href":"https:\/\/vanxhaber.com\/index.php\/wp-json\/wp\/v2\/tags?post=1501"}],"curies":[{"name":"wp","href":"https:\/\/api.w.org\/{rel}","templated":true}]}}