{"id":1505,"date":"2024-01-26T09:03:16","date_gmt":"2024-01-26T09:03:16","guid":{"rendered":"https:\/\/vanxhaber.com\/?p=1505"},"modified":"2024-01-26T09:03:18","modified_gmt":"2024-01-26T09:03:18","slug":"kamu-iscilerinin-ilave-tediye-odemeleri-basladi","status":"publish","type":"post","link":"https:\/\/vanxhaber.com\/index.php\/2024\/01\/26\/kamu-iscilerinin-ilave-tediye-odemeleri-basladi\/","title":{"rendered":"Kamu i\u015f\u00e7ilerinin ilave tediye \u00f6demeleri ba\u015flad\u0131"},"content":{"rendered":"\n<p><strong>\u00c7al\u0131\u015fma ve Sosyal G\u00fcvenlik Bakanl\u0131\u011f\u0131, kamuda \u00e7al\u0131\u015fan i\u015f\u00e7ilerin ilave tediye \u00f6demelerinin birinci yar\u0131s\u0131n\u0131n bug\u00fcn itibar\u0131yla ba\u015flad\u0131\u011f\u0131n\u0131 duyurdu.<\/strong><\/p>\n\n\n\n<p><strong>Kamu i\u015f\u00e7ilerinin ilave tediye \u00f6demeleri ba\u015flad\u0131.<\/strong><\/p>\n\n\n\n<p>\u00c7al\u0131\u015fma ve<strong> Sosyal G\u00fcvenlik Bakanl\u0131\u011f\u0131&#8217;<\/strong>n\u0131n sosyal medya hesab\u0131ndan yap\u0131lan a\u00e7\u0131klamada, &#8220;Cumhurba\u015fkan\u0131m\u0131z Say\u0131n <strong>Recep Tayyip Erdo\u011fan<\/strong>&#8216;\u0131n imzas\u0131yla yay\u0131mlanan Resmi Gazete karar\u0131na g\u00f6re, devlet ve ba\u011fl\u0131 kurumlarda \u00e7al\u0131\u015fan i\u015f\u00e7ilerimizin ilave tediye \u00f6demelerinin birinci yar\u0131s\u0131 bug\u00fcn itibar\u0131yla hesaplara yat\u0131r\u0131lmaya ba\u015fland\u0131. Kamuda \u00e7al\u0131\u015fan i\u015f\u00e7ilerimiz i\u00e7in hay\u0131rl\u0131 olsun.&#8221; denildi.<\/p>\n\n\n\n<p>\u0130LAVE TED\u0130YE NED\u0130R?<\/p>\n\n\n\n<p>Genel ve katma b\u00fct\u00e7eli kamu kurumlar\u0131, sermayesinin yar\u0131s\u0131ndan fazlas\u0131 devlete ait olan \u015firket ve kurumlar ve belediyelerde \u00e7al\u0131\u015fan i\u015f\u00e7i stat\u00fcs\u00fcnde \u00e7al\u0131\u015fan personele \u00fccret sistemlerine bak\u0131lmaks\u0131z\u0131n her y\u0131l i\u00e7in bir ayl\u0131k tutar\u0131nda devlet\u00e7e verilen ikramiye \u00f6dene\u011fidir.<\/p>\n","protected":false},"excerpt":{"rendered":"<p>\u00c7al\u0131\u015fma ve Sosyal G\u00fcvenlik Bakanl\u0131\u011f\u0131, kamuda \u00e7al\u0131\u015fan i\u015f\u00e7ilerin ilave tediye \u00f6demelerinin birinci yar\u0131s\u0131n\u0131n bug\u00fcn itibar\u0131yla ba\u015flad\u0131\u011f\u0131n\u0131 duyurdu. Kamu i\u015f\u00e7ilerinin ilave tediye \u00f6demeleri ba\u015flad\u0131. \u00c7al\u0131\u015fma ve Sosyal G\u00fcvenlik Bakanl\u0131\u011f\u0131&#8217;n\u0131n sosyal medya hesab\u0131ndan yap\u0131lan a\u00e7\u0131klamada, &#8220;Cumhurba\u015fkan\u0131m\u0131z Say\u0131n Recep Tayyip Erdo\u011fan&#8216;\u0131n imzas\u0131yla yay\u0131mlanan Resmi Gazete karar\u0131na g\u00f6re, devlet ve ba\u011fl\u0131 kurumlarda \u00e7al\u0131\u015fan i\u015f\u00e7ilerimizin ilave tediye \u00f6demelerinin birinci yar\u0131s\u0131 &hellip;<\/p>\n","protected":false},"author":2,"featured_media":1507,"comment_status":"open","ping_status":"closed","sticky":false,"template":"","format":"standard","meta":{"googlesitekit_rrm_CAowot3VCw:productID":"","footnotes":""},"categories":[1,24,26,31],"tags":[],"class_list":["post-1505","post","type-post","status-publish","format-standard","has-post-thumbnail","hentry","category-van-haber","category-van-haberleri","category-van-siyaset","category-van-yapay-zeka"],"yoast_head":"<!-- This site is optimized with the Yoast SEO Premium plugin v21.7 (Yoast SEO v26.7) - https:\/\/yoast.com\/wordpress\/plugins\/seo\/ -->\n<title>Kamu i\u015f\u00e7ilerinin ilave tediye \u00f6demeleri ba\u015flad\u0131 - Van Haber | Van X Haber | Van Haberleri<\/title>\n<meta name=\"robots\" content=\"index, follow, max-snippet:-1, max-image-preview:large, max-video-preview:-1\" \/>\n<link rel=\"canonical\" href=\"https:\/\/vanxhaber.com\/index.php\/2024\/01\/26\/kamu-iscilerinin-ilave-tediye-odemeleri-basladi\/\" \/>\n<meta property=\"og:locale\" content=\"tr_TR\" \/>\n<meta property=\"og:type\" content=\"article\" \/>\n<meta property=\"og:title\" content=\"Kamu i\u015f\u00e7ilerinin ilave tediye \u00f6demeleri ba\u015flad\u0131\" \/>\n<meta property=\"og:description\" content=\"\u00c7al\u0131\u015fma ve Sosyal G\u00fcvenlik Bakanl\u0131\u011f\u0131, kamuda \u00e7al\u0131\u015fan i\u015f\u00e7ilerin ilave tediye \u00f6demelerinin birinci yar\u0131s\u0131n\u0131n bug\u00fcn itibar\u0131yla ba\u015flad\u0131\u011f\u0131n\u0131 duyurdu. Kamu i\u015f\u00e7ilerinin ilave tediye \u00f6demeleri ba\u015flad\u0131. \u00c7al\u0131\u015fma ve Sosyal G\u00fcvenlik Bakanl\u0131\u011f\u0131&#8217;n\u0131n sosyal medya hesab\u0131ndan yap\u0131lan a\u00e7\u0131klamada, &#8220;Cumhurba\u015fkan\u0131m\u0131z Say\u0131n Recep Tayyip Erdo\u011fan&#8216;\u0131n imzas\u0131yla yay\u0131mlanan Resmi Gazete karar\u0131na g\u00f6re, devlet ve ba\u011fl\u0131 kurumlarda \u00e7al\u0131\u015fan i\u015f\u00e7ilerimizin ilave tediye \u00f6demelerinin birinci yar\u0131s\u0131 &hellip;\" \/>\n<meta property=\"og:url\" content=\"https:\/\/vanxhaber.com\/index.php\/2024\/01\/26\/kamu-iscilerinin-ilave-tediye-odemeleri-basladi\/\" \/>\n<meta property=\"og:site_name\" content=\"Van Haber | Van X Haber | Van Haberleri\" \/>\n<meta property=\"article:published_time\" content=\"2024-01-26T09:03:16+00:00\" \/>\n<meta property=\"article:modified_time\" content=\"2024-01-26T09:03:18+00:00\" \/>\n<meta property=\"og:image\" content=\"https:\/\/vanxhaber.com\/wp-content\/uploads\/2024\/01\/emekli.jpg\" \/>\n\t<meta property=\"og:image:width\" content=\"1110\" \/>\n\t<meta property=\"og:image:height\" content=\"500\" \/>\n\t<meta property=\"og:image:type\" content=\"image\/jpeg\" \/>\n<meta name=\"author\" content=\"Van X Haber\" \/>\n<meta name=\"twitter:card\" content=\"summary_large_image\" \/>\n<meta name=\"twitter:label1\" content=\"Yazan:\" \/>\n\t<meta name=\"twitter:data1\" content=\"Van X Haber\" \/>\n\t<meta name=\"twitter:label2\" content=\"Tahmini okuma s\u00fcresi\" \/>\n\t<meta name=\"twitter:data2\" content=\"1 dakika\" \/>\n<script type=\"application\/ld+json\" class=\"yoast-schema-graph\">{\"@context\":\"https:\/\/schema.org\",\"@graph\":[{\"@type\":\"Article\",\"@id\":\"https:\/\/vanxhaber.com\/index.php\/2024\/01\/26\/kamu-iscilerinin-ilave-tediye-odemeleri-basladi\/#article\",\"isPartOf\":{\"@id\":\"https:\/\/vanxhaber.com\/index.php\/2024\/01\/26\/kamu-iscilerinin-ilave-tediye-odemeleri-basladi\/\"},\"author\":{\"name\":\"Van X Haber\",\"@id\":\"https:\/\/vanxhaber.com\/#\/schema\/person\/a5fd8d89510cb5370e62ad176f7978ee\"},\"headline\":\"Kamu i\u015f\u00e7ilerinin ilave tediye \u00f6demeleri ba\u015flad\u0131\",\"datePublished\":\"2024-01-26T09:03:16+00:00\",\"dateModified\":\"2024-01-26T09:03:18+00:00\",\"mainEntityOfPage\":{\"@id\":\"https:\/\/vanxhaber.com\/index.php\/2024\/01\/26\/kamu-iscilerinin-ilave-tediye-odemeleri-basladi\/\"},\"wordCount\":176,\"commentCount\":0,\"image\":{\"@id\":\"https:\/\/vanxhaber.com\/index.php\/2024\/01\/26\/kamu-iscilerinin-ilave-tediye-odemeleri-basladi\/#primaryimage\"},\"thumbnailUrl\":\"https:\/\/vanxhaber.com\/wp-content\/uploads\/2024\/01\/emekli.jpg\",\"articleSection\":[\"Van Haber\",\"Van Haberleri\",\"Van Siyaset\",\"Van Yapay Zeka\"],\"inLanguage\":\"tr\",\"potentialAction\":[{\"@type\":\"CommentAction\",\"name\":\"Comment\",\"target\":[\"https:\/\/vanxhaber.com\/index.php\/2024\/01\/26\/kamu-iscilerinin-ilave-tediye-odemeleri-basladi\/#respond\"]}],\"copyrightYear\":\"2024\",\"copyrightHolder\":{\"@id\":\"https:\/\/vanxhaber.com\/#organization\"}},{\"@type\":\"WebPage\",\"@id\":\"https:\/\/vanxhaber.com\/index.php\/2024\/01\/26\/kamu-iscilerinin-ilave-tediye-odemeleri-basladi\/\",\"url\":\"https:\/\/vanxhaber.com\/index.php\/2024\/01\/26\/kamu-iscilerinin-ilave-tediye-odemeleri-basladi\/\",\"name\":\"Kamu i\u015f\u00e7ilerinin ilave tediye \u00f6demeleri ba\u015flad\u0131 - Van Haber | Van X Haber | Van Haberleri\",\"isPartOf\":{\"@id\":\"https:\/\/vanxhaber.com\/#website\"},\"primaryImageOfPage\":{\"@id\":\"https:\/\/vanxhaber.com\/index.php\/2024\/01\/26\/kamu-iscilerinin-ilave-tediye-odemeleri-basladi\/#primaryimage\"},\"image\":{\"@id\":\"https:\/\/vanxhaber.com\/index.php\/2024\/01\/26\/kamu-iscilerinin-ilave-tediye-odemeleri-basladi\/#primaryimage\"},\"thumbnailUrl\":\"https:\/\/vanxhaber.com\/wp-content\/uploads\/2024\/01\/emekli.jpg\",\"datePublished\":\"2024-01-26T09:03:16+00:00\",\"dateModified\":\"2024-01-26T09:03:18+00:00\",\"author\":{\"@id\":\"https:\/\/vanxhaber.com\/#\/schema\/person\/a5fd8d89510cb5370e62ad176f7978ee\"},\"breadcrumb\":{\"@id\":\"https:\/\/vanxhaber.com\/index.php\/2024\/01\/26\/kamu-iscilerinin-ilave-tediye-odemeleri-basladi\/#breadcrumb\"},\"inLanguage\":\"tr\",\"potentialAction\":[{\"@type\":\"ReadAction\",\"target\":[\"https:\/\/vanxhaber.com\/index.php\/2024\/01\/26\/kamu-iscilerinin-ilave-tediye-odemeleri-basladi\/\"]}]},{\"@type\":\"ImageObject\",\"inLanguage\":\"tr\",\"@id\":\"https:\/\/vanxhaber.com\/index.php\/2024\/01\/26\/kamu-iscilerinin-ilave-tediye-odemeleri-basladi\/#primaryimage\",\"url\":\"https:\/\/vanxhaber.com\/wp-content\/uploads\/2024\/01\/emekli.jpg\",\"contentUrl\":\"https:\/\/vanxhaber.com\/wp-content\/uploads\/2024\/01\/emekli.jpg\",\"width\":1110,\"height\":500},{\"@type\":\"BreadcrumbList\",\"@id\":\"https:\/\/vanxhaber.com\/index.php\/2024\/01\/26\/kamu-iscilerinin-ilave-tediye-odemeleri-basladi\/#breadcrumb\",\"itemListElement\":[{\"@type\":\"ListItem\",\"position\":1,\"name\":\"Anasayfa\",\"item\":\"https:\/\/vanxhaber.com\/\"},{\"@type\":\"ListItem\",\"position\":2,\"name\":\"Kamu i\u015f\u00e7ilerinin ilave tediye \u00f6demeleri ba\u015flad\u0131\"}]},{\"@type\":\"WebSite\",\"@id\":\"https:\/\/vanxhaber.com\/#website\",\"url\":\"https:\/\/vanxhaber.com\/\",\"name\":\"Van Haber | Van X Haber | Van Haberleri\",\"description\":\"Van Haber, Van&#039;\u0131n ilk yapay zeka teknolojileri ile yaz\u0131lan Van X Haber ve Van Haberlerini aktif g\u00fcncel sunan tek vanhaber merkezidir.\",\"potentialAction\":[{\"@type\":\"SearchAction\",\"target\":{\"@type\":\"EntryPoint\",\"urlTemplate\":\"https:\/\/vanxhaber.com\/?s={search_term_string}\"},\"query-input\":{\"@type\":\"PropertyValueSpecification\",\"valueRequired\":true,\"valueName\":\"search_term_string\"}}],\"inLanguage\":\"tr\"},{\"@type\":\"Person\",\"@id\":\"https:\/\/vanxhaber.com\/#\/schema\/person\/a5fd8d89510cb5370e62ad176f7978ee\",\"name\":\"Van X Haber\",\"image\":{\"@type\":\"ImageObject\",\"inLanguage\":\"tr\",\"@id\":\"https:\/\/vanxhaber.com\/#\/schema\/person\/image\/\",\"url\":\"https:\/\/secure.gravatar.com\/avatar\/36f2f63826681263103acb5ca1e7bc1a6db11baea9b75dd091d89b74f2704b07?s=96&d=mm&r=g\",\"contentUrl\":\"https:\/\/secure.gravatar.com\/avatar\/36f2f63826681263103acb5ca1e7bc1a6db11baea9b75dd091d89b74f2704b07?s=96&d=mm&r=g\",\"caption\":\"Van X Haber\"},\"description\":\"Van X Haber Van'\u0131n ilk ve tek yeni nesil Van Haber merkezi. Son Dakika Van Haberleri ve G\u00fcncel Van haber merkezinde s\u0131cak geli\u015fmeleri aktarmaya devam edece\u011fiz.\",\"url\":\"https:\/\/vanxhaber.com\/index.php\/author\/vangazetesi\/\"}]}<\/script>\n<!-- \/ Yoast SEO Premium plugin. -->","yoast_head_json":{"title":"Kamu i\u015f\u00e7ilerinin ilave tediye \u00f6demeleri ba\u015flad\u0131 - Van Haber | Van X Haber | Van Haberleri","robots":{"index":"index","follow":"follow","max-snippet":"max-snippet:-1","max-image-preview":"max-image-preview:large","max-video-preview":"max-video-preview:-1"},"canonical":"https:\/\/vanxhaber.com\/index.php\/2024\/01\/26\/kamu-iscilerinin-ilave-tediye-odemeleri-basladi\/","og_locale":"tr_TR","og_type":"article","og_title":"Kamu i\u015f\u00e7ilerinin ilave tediye \u00f6demeleri ba\u015flad\u0131","og_description":"\u00c7al\u0131\u015fma ve Sosyal G\u00fcvenlik Bakanl\u0131\u011f\u0131, kamuda \u00e7al\u0131\u015fan i\u015f\u00e7ilerin ilave tediye \u00f6demelerinin birinci yar\u0131s\u0131n\u0131n bug\u00fcn itibar\u0131yla ba\u015flad\u0131\u011f\u0131n\u0131 duyurdu. Kamu i\u015f\u00e7ilerinin ilave tediye \u00f6demeleri ba\u015flad\u0131. \u00c7al\u0131\u015fma ve Sosyal G\u00fcvenlik Bakanl\u0131\u011f\u0131&#8217;n\u0131n sosyal medya hesab\u0131ndan yap\u0131lan a\u00e7\u0131klamada, &#8220;Cumhurba\u015fkan\u0131m\u0131z Say\u0131n Recep Tayyip Erdo\u011fan&#8216;\u0131n imzas\u0131yla yay\u0131mlanan Resmi Gazete karar\u0131na g\u00f6re, devlet ve ba\u011fl\u0131 kurumlarda \u00e7al\u0131\u015fan i\u015f\u00e7ilerimizin ilave tediye \u00f6demelerinin birinci yar\u0131s\u0131 &hellip;","og_url":"https:\/\/vanxhaber.com\/index.php\/2024\/01\/26\/kamu-iscilerinin-ilave-tediye-odemeleri-basladi\/","og_site_name":"Van Haber | Van X Haber | Van Haberleri","article_published_time":"2024-01-26T09:03:16+00:00","article_modified_time":"2024-01-26T09:03:18+00:00","og_image":[{"width":1110,"height":500,"url":"https:\/\/vanxhaber.com\/wp-content\/uploads\/2024\/01\/emekli.jpg","type":"image\/jpeg"}],"author":"Van X Haber","twitter_card":"summary_large_image","twitter_misc":{"Yazan:":"Van X Haber","Tahmini okuma s\u00fcresi":"1 dakika"},"schema":{"@context":"https:\/\/schema.org","@graph":[{"@type":"Article","@id":"https:\/\/vanxhaber.com\/index.php\/2024\/01\/26\/kamu-iscilerinin-ilave-tediye-odemeleri-basladi\/#article","isPartOf":{"@id":"https:\/\/vanxhaber.com\/index.php\/2024\/01\/26\/kamu-iscilerinin-ilave-tediye-odemeleri-basladi\/"},"author":{"name":"Van X Haber","@id":"https:\/\/vanxhaber.com\/#\/schema\/person\/a5fd8d89510cb5370e62ad176f7978ee"},"headline":"Kamu i\u015f\u00e7ilerinin ilave tediye \u00f6demeleri ba\u015flad\u0131","datePublished":"2024-01-26T09:03:16+00:00","dateModified":"2024-01-26T09:03:18+00:00","mainEntityOfPage":{"@id":"https:\/\/vanxhaber.com\/index.php\/2024\/01\/26\/kamu-iscilerinin-ilave-tediye-odemeleri-basladi\/"},"wordCount":176,"commentCount":0,"image":{"@id":"https:\/\/vanxhaber.com\/index.php\/2024\/01\/26\/kamu-iscilerinin-ilave-tediye-odemeleri-basladi\/#primaryimage"},"thumbnailUrl":"https:\/\/vanxhaber.com\/wp-content\/uploads\/2024\/01\/emekli.jpg","articleSection":["Van Haber","Van Haberleri","Van Siyaset","Van Yapay Zeka"],"inLanguage":"tr","potentialAction":[{"@type":"CommentAction","name":"Comment","target":["https:\/\/vanxhaber.com\/index.php\/2024\/01\/26\/kamu-iscilerinin-ilave-tediye-odemeleri-basladi\/#respond"]}],"copyrightYear":"2024","copyrightHolder":{"@id":"https:\/\/vanxhaber.com\/#organization"}},{"@type":"WebPage","@id":"https:\/\/vanxhaber.com\/index.php\/2024\/01\/26\/kamu-iscilerinin-ilave-tediye-odemeleri-basladi\/","url":"https:\/\/vanxhaber.com\/index.php\/2024\/01\/26\/kamu-iscilerinin-ilave-tediye-odemeleri-basladi\/","name":"Kamu i\u015f\u00e7ilerinin ilave tediye \u00f6demeleri ba\u015flad\u0131 - Van Haber | Van X Haber | Van Haberleri","isPartOf":{"@id":"https:\/\/vanxhaber.com\/#website"},"primaryImageOfPage":{"@id":"https:\/\/vanxhaber.com\/index.php\/2024\/01\/26\/kamu-iscilerinin-ilave-tediye-odemeleri-basladi\/#primaryimage"},"image":{"@id":"https:\/\/vanxhaber.com\/index.php\/2024\/01\/26\/kamu-iscilerinin-ilave-tediye-odemeleri-basladi\/#primaryimage"},"thumbnailUrl":"https:\/\/vanxhaber.com\/wp-content\/uploads\/2024\/01\/emekli.jpg","datePublished":"2024-01-26T09:03:16+00:00","dateModified":"2024-01-26T09:03:18+00:00","author":{"@id":"https:\/\/vanxhaber.com\/#\/schema\/person\/a5fd8d89510cb5370e62ad176f7978ee"},"breadcrumb":{"@id":"https:\/\/vanxhaber.com\/index.php\/2024\/01\/26\/kamu-iscilerinin-ilave-tediye-odemeleri-basladi\/#breadcrumb"},"inLanguage":"tr","potentialAction":[{"@type":"ReadAction","target":["https:\/\/vanxhaber.com\/index.php\/2024\/01\/26\/kamu-iscilerinin-ilave-tediye-odemeleri-basladi\/"]}]},{"@type":"ImageObject","inLanguage":"tr","@id":"https:\/\/vanxhaber.com\/index.php\/2024\/01\/26\/kamu-iscilerinin-ilave-tediye-odemeleri-basladi\/#primaryimage","url":"https:\/\/vanxhaber.com\/wp-content\/uploads\/2024\/01\/emekli.jpg","contentUrl":"https:\/\/vanxhaber.com\/wp-content\/uploads\/2024\/01\/emekli.jpg","width":1110,"height":500},{"@type":"BreadcrumbList","@id":"https:\/\/vanxhaber.com\/index.php\/2024\/01\/26\/kamu-iscilerinin-ilave-tediye-odemeleri-basladi\/#breadcrumb","itemListElement":[{"@type":"ListItem","position":1,"name":"Anasayfa","item":"https:\/\/vanxhaber.com\/"},{"@type":"ListItem","position":2,"name":"Kamu i\u015f\u00e7ilerinin ilave tediye \u00f6demeleri ba\u015flad\u0131"}]},{"@type":"WebSite","@id":"https:\/\/vanxhaber.com\/#website","url":"https:\/\/vanxhaber.com\/","name":"Van Haber | Van X Haber | Van Haberleri","description":"Van Haber, Van&#039;\u0131n ilk yapay zeka teknolojileri ile yaz\u0131lan Van X Haber ve Van Haberlerini aktif g\u00fcncel sunan tek vanhaber merkezidir.","potentialAction":[{"@type":"SearchAction","target":{"@type":"EntryPoint","urlTemplate":"https:\/\/vanxhaber.com\/?s={search_term_string}"},"query-input":{"@type":"PropertyValueSpecification","valueRequired":true,"valueName":"search_term_string"}}],"inLanguage":"tr"},{"@type":"Person","@id":"https:\/\/vanxhaber.com\/#\/schema\/person\/a5fd8d89510cb5370e62ad176f7978ee","name":"Van X Haber","image":{"@type":"ImageObject","inLanguage":"tr","@id":"https:\/\/vanxhaber.com\/#\/schema\/person\/image\/","url":"https:\/\/secure.gravatar.com\/avatar\/36f2f63826681263103acb5ca1e7bc1a6db11baea9b75dd091d89b74f2704b07?s=96&d=mm&r=g","contentUrl":"https:\/\/secure.gravatar.com\/avatar\/36f2f63826681263103acb5ca1e7bc1a6db11baea9b75dd091d89b74f2704b07?s=96&d=mm&r=g","caption":"Van X Haber"},"description":"Van X Haber Van'\u0131n ilk ve tek yeni nesil Van Haber merkezi. Son Dakika Van Haberleri ve G\u00fcncel Van haber merkezinde s\u0131cak geli\u015fmeleri aktarmaya devam edece\u011fiz.","url":"https:\/\/vanxhaber.com\/index.php\/author\/vangazetesi\/"}]}},"_links":{"self":[{"href":"https:\/\/vanxhaber.com\/index.php\/wp-json\/wp\/v2\/posts\/1505","targetHints":{"allow":["GET"]}}],"collection":[{"href":"https:\/\/vanxhaber.com\/index.php\/wp-json\/wp\/v2\/posts"}],"about":[{"href":"https:\/\/vanxhaber.com\/index.php\/wp-json\/wp\/v2\/types\/post"}],"author":[{"embeddable":true,"href":"https:\/\/vanxhaber.com\/index.php\/wp-json\/wp\/v2\/users\/2"}],"replies":[{"embeddable":true,"href":"https:\/\/vanxhaber.com\/index.php\/wp-json\/wp\/v2\/comments?post=1505"}],"version-history":[{"count":1,"href":"https:\/\/vanxhaber.com\/index.php\/wp-json\/wp\/v2\/posts\/1505\/revisions"}],"predecessor-version":[{"id":1508,"href":"https:\/\/vanxhaber.com\/index.php\/wp-json\/wp\/v2\/posts\/1505\/revisions\/1508"}],"wp:featuredmedia":[{"embeddable":true,"href":"https:\/\/vanxhaber.com\/index.php\/wp-json\/wp\/v2\/media\/1507"}],"wp:attachment":[{"href":"https:\/\/vanxhaber.com\/index.php\/wp-json\/wp\/v2\/media?parent=1505"}],"wp:term":[{"taxonomy":"category","embeddable":true,"href":"https:\/\/vanxhaber.com\/index.php\/wp-json\/wp\/v2\/categories?post=1505"},{"taxonomy":"post_tag","embeddable":true,"href":"https:\/\/vanxhaber.com\/index.php\/wp-json\/wp\/v2\/tags?post=1505"}],"curies":[{"name":"wp","href":"https:\/\/api.w.org\/{rel}","templated":true}]}}