{"id":1509,"date":"2024-01-29T09:37:44","date_gmt":"2024-01-29T09:37:44","guid":{"rendered":"https:\/\/vanxhaber.com\/?p=1509"},"modified":"2024-01-29T09:37:46","modified_gmt":"2024-01-29T09:37:46","slug":"vanin-muradiye-ilcesi-kis-mevsiminde-de-ziyaretci-akinina-ugruyor","status":"publish","type":"post","link":"https:\/\/vanxhaber.com\/index.php\/2024\/01\/29\/vanin-muradiye-ilcesi-kis-mevsiminde-de-ziyaretci-akinina-ugruyor\/","title":{"rendered":"Van&#8217;\u0131n Muradiye \u0130l\u00e7esi, K\u0131\u015f Mevsiminde de Ziyaret\u00e7i Ak\u0131n\u0131na U\u011fruyor"},"content":{"rendered":"\n<p>Van&#8217;\u0131n Muradiye il\u00e7esinde bulunan ve k\u0131\u015f aylar\u0131nda dahi b\u00fcy\u00fcleyici g\u00fczelli\u011fini koruyan Muradiye \u015eelalesi, donmu\u015f g\u00f6r\u00fcnt\u00fcs\u00fcyle ziyaret\u00e7ilerini adeta b\u00fcy\u00fcl\u00fcyor. Her mevsimde do\u011faseverlerin ilgi oda\u011f\u0131 olan \u015felale, kartpostall\u0131k manzaras\u0131yla foto\u011fraf tutkunlar\u0131n\u0131 cezbediyor.<\/p>\n\n\n\n<p>Van&#8217;\u0131n do\u011fal g\u00fczellikleri aras\u0131nda \u00f6nemli bir yere sahip olan Muradiye \u015eelalesi, k\u0131\u015f aylar\u0131nda da ziyaret\u00e7ilerin ilgi oda\u011f\u0131 olmaya devam ediyor. Her mevsimde oldu\u011fu gibi k\u0131\u015f\u0131n da c\u0131v\u0131l c\u0131v\u0131l olan \u015felale, bembeyaz g\u00f6r\u00fcnt\u00fcs\u00fcyle g\u00f6renleri kendisine hayran b\u0131rak\u0131yor.<\/p>\n\n\n\n<p>Muradiye \u015eelalesi, \u00f6zellikle k\u0131\u015f\u0131n donmu\u015f g\u00f6r\u00fcnt\u00fcs\u00fcyle adeta bir kartpostal\u0131 and\u0131r\u0131yor. So\u011fuk havaya ra\u011fmen ziyaret\u00e7i ak\u0131n\u0131na u\u011frayan \u015felale, yaz aylar\u0131nda ise g\u00fcr\u00fcl g\u00fcr\u00fcl akan sular\u0131yla b\u00fcy\u00fck ilgi g\u00f6r\u00fcyor. Bu mevsimde bile yo\u011fun ilgi g\u00f6ren \u015felale, ziyaret\u00e7ilerin bol bol hat\u0131ra foto\u011fraf\u0131 \u00e7ekmesine ve kartopu oynamas\u0131na olanak sa\u011fl\u0131yor.<\/p>\n\n\n\n<p>Van&#8217;\u0131n Muradiye il\u00e7esinde bulunan ve her mevsimde ziyaret\u00e7ilerin ak\u0131n\u0131na u\u011frayan Muradiye \u015eelalesi, do\u011faseverlerin vazge\u00e7ilmez rotalar\u0131ndan biri haline gelmi\u015f durumda. Beyaz \u00f6rt\u00fcyle kaplanan do\u011fal g\u00fczellik, hem yerel halk\u0131n hem de \u015fehir d\u0131\u015f\u0131ndan gelen ziyaret\u00e7ilerin ilgisini \u00e7ekiyor.<\/p>\n\n\n\n<p>\u015eelalenin etraf\u0131nda bulunan y\u00fcr\u00fcy\u00fc\u015f parkurlar\u0131 ve dinlenme alanlar\u0131, ziyaret\u00e7ilere do\u011fayla i\u00e7 i\u00e7e keyifli bir zaman ge\u00e7irme f\u0131rsat\u0131 sunuyor. Ayr\u0131ca \u00e7evredeki kafeler ve restoranlar, misafirlere y\u00f6resel lezzetleri tatma imkan\u0131 sa\u011fl\u0131yor.<\/p>\n\n\n\n<p>Muradiye \u015eelalesi, do\u011fan\u0131n b\u00fcy\u00fcleyici g\u00fczelli\u011fini her mevsimde ziyaret\u00e7ilerine sunmaya devam ediyor. Van&#8217;\u0131n turizm potansiyeline \u00f6nemli katk\u0131lar sa\u011flayan bu do\u011fal g\u00fczellik, b\u00f6lge turizminin geli\u015fimine de \u00f6nemli \u00f6l\u00e7\u00fcde destek oluyor.<\/p>\n\n\n\n<p><\/p>\n","protected":false},"excerpt":{"rendered":"<p>Van&#8217;\u0131n Muradiye il\u00e7esinde bulunan ve k\u0131\u015f aylar\u0131nda dahi b\u00fcy\u00fcleyici g\u00fczelli\u011fini koruyan Muradiye \u015eelalesi, donmu\u015f g\u00f6r\u00fcnt\u00fcs\u00fcyle ziyaret\u00e7ilerini adeta b\u00fcy\u00fcl\u00fcyor. Her mevsimde do\u011faseverlerin ilgi oda\u011f\u0131 olan \u015felale, kartpostall\u0131k manzaras\u0131yla foto\u011fraf tutkunlar\u0131n\u0131 cezbediyor. Van&#8217;\u0131n do\u011fal g\u00fczellikleri aras\u0131nda \u00f6nemli bir yere sahip olan Muradiye \u015eelalesi, k\u0131\u015f aylar\u0131nda da ziyaret\u00e7ilerin ilgi oda\u011f\u0131 olmaya devam ediyor. Her mevsimde oldu\u011fu gibi k\u0131\u015f\u0131n &hellip;<\/p>\n","protected":false},"author":2,"featured_media":1511,"comment_status":"open","ping_status":"closed","sticky":false,"template":"","format":"standard","meta":{"googlesitekit_rrm_CAowot3VCw:productID":"","footnotes":""},"categories":[1],"tags":[],"class_list":["post-1509","post","type-post","status-publish","format-standard","has-post-thumbnail","hentry","category-van-haber"],"yoast_head":"<!-- This site is optimized with the Yoast SEO Premium plugin v21.7 (Yoast SEO v26.7) - https:\/\/yoast.com\/wordpress\/plugins\/seo\/ -->\n<title>Van&#039;\u0131n Muradiye \u0130l\u00e7esi, K\u0131\u015f Mevsiminde de Ziyaret\u00e7i Ak\u0131n\u0131na U\u011fruyor - Van Haber | Van X Haber | Van Haberleri<\/title>\n<meta name=\"robots\" content=\"index, follow, max-snippet:-1, max-image-preview:large, max-video-preview:-1\" \/>\n<link rel=\"canonical\" href=\"https:\/\/vanxhaber.com\/index.php\/2024\/01\/29\/vanin-muradiye-ilcesi-kis-mevsiminde-de-ziyaretci-akinina-ugruyor\/\" \/>\n<meta property=\"og:locale\" content=\"tr_TR\" \/>\n<meta property=\"og:type\" content=\"article\" \/>\n<meta property=\"og:title\" content=\"Van&#039;\u0131n Muradiye \u0130l\u00e7esi, K\u0131\u015f Mevsiminde de Ziyaret\u00e7i Ak\u0131n\u0131na U\u011fruyor\" \/>\n<meta property=\"og:description\" content=\"Van&#8217;\u0131n Muradiye il\u00e7esinde bulunan ve k\u0131\u015f aylar\u0131nda dahi b\u00fcy\u00fcleyici g\u00fczelli\u011fini koruyan Muradiye \u015eelalesi, donmu\u015f g\u00f6r\u00fcnt\u00fcs\u00fcyle ziyaret\u00e7ilerini adeta b\u00fcy\u00fcl\u00fcyor. Her mevsimde do\u011faseverlerin ilgi oda\u011f\u0131 olan \u015felale, kartpostall\u0131k manzaras\u0131yla foto\u011fraf tutkunlar\u0131n\u0131 cezbediyor. Van&#8217;\u0131n do\u011fal g\u00fczellikleri aras\u0131nda \u00f6nemli bir yere sahip olan Muradiye \u015eelalesi, k\u0131\u015f aylar\u0131nda da ziyaret\u00e7ilerin ilgi oda\u011f\u0131 olmaya devam ediyor. Her mevsimde oldu\u011fu gibi k\u0131\u015f\u0131n &hellip;\" \/>\n<meta property=\"og:url\" content=\"https:\/\/vanxhaber.com\/index.php\/2024\/01\/29\/vanin-muradiye-ilcesi-kis-mevsiminde-de-ziyaretci-akinina-ugruyor\/\" \/>\n<meta property=\"og:site_name\" content=\"Van Haber | Van X Haber | Van Haberleri\" \/>\n<meta property=\"article:published_time\" content=\"2024-01-29T09:37:44+00:00\" \/>\n<meta property=\"article:modified_time\" content=\"2024-01-29T09:37:46+00:00\" \/>\n<meta property=\"og:image\" content=\"https:\/\/vanxhaber.com\/wp-content\/uploads\/2024\/01\/muradiye-selalesi.jpg\" \/>\n\t<meta property=\"og:image:width\" content=\"1110\" \/>\n\t<meta property=\"og:image:height\" content=\"500\" \/>\n\t<meta property=\"og:image:type\" content=\"image\/jpeg\" \/>\n<meta name=\"author\" content=\"Van X Haber\" \/>\n<meta name=\"twitter:card\" content=\"summary_large_image\" \/>\n<meta name=\"twitter:label1\" content=\"Yazan:\" \/>\n\t<meta name=\"twitter:data1\" content=\"Van X Haber\" \/>\n\t<meta name=\"twitter:label2\" content=\"Tahmini okuma s\u00fcresi\" \/>\n\t<meta name=\"twitter:data2\" content=\"2 dakika\" \/>\n<script type=\"application\/ld+json\" class=\"yoast-schema-graph\">{\"@context\":\"https:\/\/schema.org\",\"@graph\":[{\"@type\":\"Article\",\"@id\":\"https:\/\/vanxhaber.com\/index.php\/2024\/01\/29\/vanin-muradiye-ilcesi-kis-mevsiminde-de-ziyaretci-akinina-ugruyor\/#article\",\"isPartOf\":{\"@id\":\"https:\/\/vanxhaber.com\/index.php\/2024\/01\/29\/vanin-muradiye-ilcesi-kis-mevsiminde-de-ziyaretci-akinina-ugruyor\/\"},\"author\":{\"name\":\"Van X Haber\",\"@id\":\"https:\/\/vanxhaber.com\/#\/schema\/person\/a5fd8d89510cb5370e62ad176f7978ee\"},\"headline\":\"Van&#8217;\u0131n Muradiye \u0130l\u00e7esi, K\u0131\u015f Mevsiminde de Ziyaret\u00e7i Ak\u0131n\u0131na U\u011fruyor\",\"datePublished\":\"2024-01-29T09:37:44+00:00\",\"dateModified\":\"2024-01-29T09:37:46+00:00\",\"mainEntityOfPage\":{\"@id\":\"https:\/\/vanxhaber.com\/index.php\/2024\/01\/29\/vanin-muradiye-ilcesi-kis-mevsiminde-de-ziyaretci-akinina-ugruyor\/\"},\"wordCount\":330,\"commentCount\":0,\"image\":{\"@id\":\"https:\/\/vanxhaber.com\/index.php\/2024\/01\/29\/vanin-muradiye-ilcesi-kis-mevsiminde-de-ziyaretci-akinina-ugruyor\/#primaryimage\"},\"thumbnailUrl\":\"https:\/\/vanxhaber.com\/wp-content\/uploads\/2024\/01\/muradiye-selalesi.jpg\",\"articleSection\":[\"Van Haber\"],\"inLanguage\":\"tr\",\"potentialAction\":[{\"@type\":\"CommentAction\",\"name\":\"Comment\",\"target\":[\"https:\/\/vanxhaber.com\/index.php\/2024\/01\/29\/vanin-muradiye-ilcesi-kis-mevsiminde-de-ziyaretci-akinina-ugruyor\/#respond\"]}],\"copyrightYear\":\"2024\",\"copyrightHolder\":{\"@id\":\"https:\/\/vanxhaber.com\/#organization\"}},{\"@type\":\"WebPage\",\"@id\":\"https:\/\/vanxhaber.com\/index.php\/2024\/01\/29\/vanin-muradiye-ilcesi-kis-mevsiminde-de-ziyaretci-akinina-ugruyor\/\",\"url\":\"https:\/\/vanxhaber.com\/index.php\/2024\/01\/29\/vanin-muradiye-ilcesi-kis-mevsiminde-de-ziyaretci-akinina-ugruyor\/\",\"name\":\"Van'\u0131n Muradiye \u0130l\u00e7esi, K\u0131\u015f Mevsiminde de Ziyaret\u00e7i Ak\u0131n\u0131na U\u011fruyor - Van Haber | Van X Haber | Van Haberleri\",\"isPartOf\":{\"@id\":\"https:\/\/vanxhaber.com\/#website\"},\"primaryImageOfPage\":{\"@id\":\"https:\/\/vanxhaber.com\/index.php\/2024\/01\/29\/vanin-muradiye-ilcesi-kis-mevsiminde-de-ziyaretci-akinina-ugruyor\/#primaryimage\"},\"image\":{\"@id\":\"https:\/\/vanxhaber.com\/index.php\/2024\/01\/29\/vanin-muradiye-ilcesi-kis-mevsiminde-de-ziyaretci-akinina-ugruyor\/#primaryimage\"},\"thumbnailUrl\":\"https:\/\/vanxhaber.com\/wp-content\/uploads\/2024\/01\/muradiye-selalesi.jpg\",\"datePublished\":\"2024-01-29T09:37:44+00:00\",\"dateModified\":\"2024-01-29T09:37:46+00:00\",\"author\":{\"@id\":\"https:\/\/vanxhaber.com\/#\/schema\/person\/a5fd8d89510cb5370e62ad176f7978ee\"},\"breadcrumb\":{\"@id\":\"https:\/\/vanxhaber.com\/index.php\/2024\/01\/29\/vanin-muradiye-ilcesi-kis-mevsiminde-de-ziyaretci-akinina-ugruyor\/#breadcrumb\"},\"inLanguage\":\"tr\",\"potentialAction\":[{\"@type\":\"ReadAction\",\"target\":[\"https:\/\/vanxhaber.com\/index.php\/2024\/01\/29\/vanin-muradiye-ilcesi-kis-mevsiminde-de-ziyaretci-akinina-ugruyor\/\"]}]},{\"@type\":\"ImageObject\",\"inLanguage\":\"tr\",\"@id\":\"https:\/\/vanxhaber.com\/index.php\/2024\/01\/29\/vanin-muradiye-ilcesi-kis-mevsiminde-de-ziyaretci-akinina-ugruyor\/#primaryimage\",\"url\":\"https:\/\/vanxhaber.com\/wp-content\/uploads\/2024\/01\/muradiye-selalesi.jpg\",\"contentUrl\":\"https:\/\/vanxhaber.com\/wp-content\/uploads\/2024\/01\/muradiye-selalesi.jpg\",\"width\":1110,\"height\":500},{\"@type\":\"BreadcrumbList\",\"@id\":\"https:\/\/vanxhaber.com\/index.php\/2024\/01\/29\/vanin-muradiye-ilcesi-kis-mevsiminde-de-ziyaretci-akinina-ugruyor\/#breadcrumb\",\"itemListElement\":[{\"@type\":\"ListItem\",\"position\":1,\"name\":\"Anasayfa\",\"item\":\"https:\/\/vanxhaber.com\/\"},{\"@type\":\"ListItem\",\"position\":2,\"name\":\"Van&#8217;\u0131n Muradiye \u0130l\u00e7esi, K\u0131\u015f Mevsiminde de Ziyaret\u00e7i Ak\u0131n\u0131na U\u011fruyor\"}]},{\"@type\":\"WebSite\",\"@id\":\"https:\/\/vanxhaber.com\/#website\",\"url\":\"https:\/\/vanxhaber.com\/\",\"name\":\"Van Haber | Van X Haber | Van Haberleri\",\"description\":\"Van Haber, Van&#039;\u0131n ilk yapay zeka teknolojileri ile yaz\u0131lan Van X Haber ve Van Haberlerini aktif g\u00fcncel sunan tek vanhaber merkezidir.\",\"potentialAction\":[{\"@type\":\"SearchAction\",\"target\":{\"@type\":\"EntryPoint\",\"urlTemplate\":\"https:\/\/vanxhaber.com\/?s={search_term_string}\"},\"query-input\":{\"@type\":\"PropertyValueSpecification\",\"valueRequired\":true,\"valueName\":\"search_term_string\"}}],\"inLanguage\":\"tr\"},{\"@type\":\"Person\",\"@id\":\"https:\/\/vanxhaber.com\/#\/schema\/person\/a5fd8d89510cb5370e62ad176f7978ee\",\"name\":\"Van X Haber\",\"image\":{\"@type\":\"ImageObject\",\"inLanguage\":\"tr\",\"@id\":\"https:\/\/vanxhaber.com\/#\/schema\/person\/image\/\",\"url\":\"https:\/\/secure.gravatar.com\/avatar\/36f2f63826681263103acb5ca1e7bc1a6db11baea9b75dd091d89b74f2704b07?s=96&d=mm&r=g\",\"contentUrl\":\"https:\/\/secure.gravatar.com\/avatar\/36f2f63826681263103acb5ca1e7bc1a6db11baea9b75dd091d89b74f2704b07?s=96&d=mm&r=g\",\"caption\":\"Van X Haber\"},\"description\":\"Van X Haber Van'\u0131n ilk ve tek yeni nesil Van Haber merkezi. Son Dakika Van Haberleri ve G\u00fcncel Van haber merkezinde s\u0131cak geli\u015fmeleri aktarmaya devam edece\u011fiz.\",\"url\":\"https:\/\/vanxhaber.com\/index.php\/author\/vangazetesi\/\"}]}<\/script>\n<!-- \/ Yoast SEO Premium plugin. -->","yoast_head_json":{"title":"Van'\u0131n Muradiye \u0130l\u00e7esi, K\u0131\u015f Mevsiminde de Ziyaret\u00e7i Ak\u0131n\u0131na U\u011fruyor - Van Haber | Van X Haber | Van Haberleri","robots":{"index":"index","follow":"follow","max-snippet":"max-snippet:-1","max-image-preview":"max-image-preview:large","max-video-preview":"max-video-preview:-1"},"canonical":"https:\/\/vanxhaber.com\/index.php\/2024\/01\/29\/vanin-muradiye-ilcesi-kis-mevsiminde-de-ziyaretci-akinina-ugruyor\/","og_locale":"tr_TR","og_type":"article","og_title":"Van'\u0131n Muradiye \u0130l\u00e7esi, K\u0131\u015f Mevsiminde de Ziyaret\u00e7i Ak\u0131n\u0131na U\u011fruyor","og_description":"Van&#8217;\u0131n Muradiye il\u00e7esinde bulunan ve k\u0131\u015f aylar\u0131nda dahi b\u00fcy\u00fcleyici g\u00fczelli\u011fini koruyan Muradiye \u015eelalesi, donmu\u015f g\u00f6r\u00fcnt\u00fcs\u00fcyle ziyaret\u00e7ilerini adeta b\u00fcy\u00fcl\u00fcyor. Her mevsimde do\u011faseverlerin ilgi oda\u011f\u0131 olan \u015felale, kartpostall\u0131k manzaras\u0131yla foto\u011fraf tutkunlar\u0131n\u0131 cezbediyor. Van&#8217;\u0131n do\u011fal g\u00fczellikleri aras\u0131nda \u00f6nemli bir yere sahip olan Muradiye \u015eelalesi, k\u0131\u015f aylar\u0131nda da ziyaret\u00e7ilerin ilgi oda\u011f\u0131 olmaya devam ediyor. Her mevsimde oldu\u011fu gibi k\u0131\u015f\u0131n &hellip;","og_url":"https:\/\/vanxhaber.com\/index.php\/2024\/01\/29\/vanin-muradiye-ilcesi-kis-mevsiminde-de-ziyaretci-akinina-ugruyor\/","og_site_name":"Van Haber | Van X Haber | Van Haberleri","article_published_time":"2024-01-29T09:37:44+00:00","article_modified_time":"2024-01-29T09:37:46+00:00","og_image":[{"width":1110,"height":500,"url":"https:\/\/vanxhaber.com\/wp-content\/uploads\/2024\/01\/muradiye-selalesi.jpg","type":"image\/jpeg"}],"author":"Van X Haber","twitter_card":"summary_large_image","twitter_misc":{"Yazan:":"Van X Haber","Tahmini okuma s\u00fcresi":"2 dakika"},"schema":{"@context":"https:\/\/schema.org","@graph":[{"@type":"Article","@id":"https:\/\/vanxhaber.com\/index.php\/2024\/01\/29\/vanin-muradiye-ilcesi-kis-mevsiminde-de-ziyaretci-akinina-ugruyor\/#article","isPartOf":{"@id":"https:\/\/vanxhaber.com\/index.php\/2024\/01\/29\/vanin-muradiye-ilcesi-kis-mevsiminde-de-ziyaretci-akinina-ugruyor\/"},"author":{"name":"Van X Haber","@id":"https:\/\/vanxhaber.com\/#\/schema\/person\/a5fd8d89510cb5370e62ad176f7978ee"},"headline":"Van&#8217;\u0131n Muradiye \u0130l\u00e7esi, K\u0131\u015f Mevsiminde de Ziyaret\u00e7i Ak\u0131n\u0131na U\u011fruyor","datePublished":"2024-01-29T09:37:44+00:00","dateModified":"2024-01-29T09:37:46+00:00","mainEntityOfPage":{"@id":"https:\/\/vanxhaber.com\/index.php\/2024\/01\/29\/vanin-muradiye-ilcesi-kis-mevsiminde-de-ziyaretci-akinina-ugruyor\/"},"wordCount":330,"commentCount":0,"image":{"@id":"https:\/\/vanxhaber.com\/index.php\/2024\/01\/29\/vanin-muradiye-ilcesi-kis-mevsiminde-de-ziyaretci-akinina-ugruyor\/#primaryimage"},"thumbnailUrl":"https:\/\/vanxhaber.com\/wp-content\/uploads\/2024\/01\/muradiye-selalesi.jpg","articleSection":["Van Haber"],"inLanguage":"tr","potentialAction":[{"@type":"CommentAction","name":"Comment","target":["https:\/\/vanxhaber.com\/index.php\/2024\/01\/29\/vanin-muradiye-ilcesi-kis-mevsiminde-de-ziyaretci-akinina-ugruyor\/#respond"]}],"copyrightYear":"2024","copyrightHolder":{"@id":"https:\/\/vanxhaber.com\/#organization"}},{"@type":"WebPage","@id":"https:\/\/vanxhaber.com\/index.php\/2024\/01\/29\/vanin-muradiye-ilcesi-kis-mevsiminde-de-ziyaretci-akinina-ugruyor\/","url":"https:\/\/vanxhaber.com\/index.php\/2024\/01\/29\/vanin-muradiye-ilcesi-kis-mevsiminde-de-ziyaretci-akinina-ugruyor\/","name":"Van'\u0131n Muradiye \u0130l\u00e7esi, K\u0131\u015f Mevsiminde de Ziyaret\u00e7i Ak\u0131n\u0131na U\u011fruyor - Van Haber | Van X Haber | Van Haberleri","isPartOf":{"@id":"https:\/\/vanxhaber.com\/#website"},"primaryImageOfPage":{"@id":"https:\/\/vanxhaber.com\/index.php\/2024\/01\/29\/vanin-muradiye-ilcesi-kis-mevsiminde-de-ziyaretci-akinina-ugruyor\/#primaryimage"},"image":{"@id":"https:\/\/vanxhaber.com\/index.php\/2024\/01\/29\/vanin-muradiye-ilcesi-kis-mevsiminde-de-ziyaretci-akinina-ugruyor\/#primaryimage"},"thumbnailUrl":"https:\/\/vanxhaber.com\/wp-content\/uploads\/2024\/01\/muradiye-selalesi.jpg","datePublished":"2024-01-29T09:37:44+00:00","dateModified":"2024-01-29T09:37:46+00:00","author":{"@id":"https:\/\/vanxhaber.com\/#\/schema\/person\/a5fd8d89510cb5370e62ad176f7978ee"},"breadcrumb":{"@id":"https:\/\/vanxhaber.com\/index.php\/2024\/01\/29\/vanin-muradiye-ilcesi-kis-mevsiminde-de-ziyaretci-akinina-ugruyor\/#breadcrumb"},"inLanguage":"tr","potentialAction":[{"@type":"ReadAction","target":["https:\/\/vanxhaber.com\/index.php\/2024\/01\/29\/vanin-muradiye-ilcesi-kis-mevsiminde-de-ziyaretci-akinina-ugruyor\/"]}]},{"@type":"ImageObject","inLanguage":"tr","@id":"https:\/\/vanxhaber.com\/index.php\/2024\/01\/29\/vanin-muradiye-ilcesi-kis-mevsiminde-de-ziyaretci-akinina-ugruyor\/#primaryimage","url":"https:\/\/vanxhaber.com\/wp-content\/uploads\/2024\/01\/muradiye-selalesi.jpg","contentUrl":"https:\/\/vanxhaber.com\/wp-content\/uploads\/2024\/01\/muradiye-selalesi.jpg","width":1110,"height":500},{"@type":"BreadcrumbList","@id":"https:\/\/vanxhaber.com\/index.php\/2024\/01\/29\/vanin-muradiye-ilcesi-kis-mevsiminde-de-ziyaretci-akinina-ugruyor\/#breadcrumb","itemListElement":[{"@type":"ListItem","position":1,"name":"Anasayfa","item":"https:\/\/vanxhaber.com\/"},{"@type":"ListItem","position":2,"name":"Van&#8217;\u0131n Muradiye \u0130l\u00e7esi, K\u0131\u015f Mevsiminde de Ziyaret\u00e7i Ak\u0131n\u0131na U\u011fruyor"}]},{"@type":"WebSite","@id":"https:\/\/vanxhaber.com\/#website","url":"https:\/\/vanxhaber.com\/","name":"Van Haber | Van X Haber | Van Haberleri","description":"Van Haber, Van&#039;\u0131n ilk yapay zeka teknolojileri ile yaz\u0131lan Van X Haber ve Van Haberlerini aktif g\u00fcncel sunan tek vanhaber merkezidir.","potentialAction":[{"@type":"SearchAction","target":{"@type":"EntryPoint","urlTemplate":"https:\/\/vanxhaber.com\/?s={search_term_string}"},"query-input":{"@type":"PropertyValueSpecification","valueRequired":true,"valueName":"search_term_string"}}],"inLanguage":"tr"},{"@type":"Person","@id":"https:\/\/vanxhaber.com\/#\/schema\/person\/a5fd8d89510cb5370e62ad176f7978ee","name":"Van X Haber","image":{"@type":"ImageObject","inLanguage":"tr","@id":"https:\/\/vanxhaber.com\/#\/schema\/person\/image\/","url":"https:\/\/secure.gravatar.com\/avatar\/36f2f63826681263103acb5ca1e7bc1a6db11baea9b75dd091d89b74f2704b07?s=96&d=mm&r=g","contentUrl":"https:\/\/secure.gravatar.com\/avatar\/36f2f63826681263103acb5ca1e7bc1a6db11baea9b75dd091d89b74f2704b07?s=96&d=mm&r=g","caption":"Van X Haber"},"description":"Van X Haber Van'\u0131n ilk ve tek yeni nesil Van Haber merkezi. Son Dakika Van Haberleri ve G\u00fcncel Van haber merkezinde s\u0131cak geli\u015fmeleri aktarmaya devam edece\u011fiz.","url":"https:\/\/vanxhaber.com\/index.php\/author\/vangazetesi\/"}]}},"_links":{"self":[{"href":"https:\/\/vanxhaber.com\/index.php\/wp-json\/wp\/v2\/posts\/1509","targetHints":{"allow":["GET"]}}],"collection":[{"href":"https:\/\/vanxhaber.com\/index.php\/wp-json\/wp\/v2\/posts"}],"about":[{"href":"https:\/\/vanxhaber.com\/index.php\/wp-json\/wp\/v2\/types\/post"}],"author":[{"embeddable":true,"href":"https:\/\/vanxhaber.com\/index.php\/wp-json\/wp\/v2\/users\/2"}],"replies":[{"embeddable":true,"href":"https:\/\/vanxhaber.com\/index.php\/wp-json\/wp\/v2\/comments?post=1509"}],"version-history":[{"count":1,"href":"https:\/\/vanxhaber.com\/index.php\/wp-json\/wp\/v2\/posts\/1509\/revisions"}],"predecessor-version":[{"id":1512,"href":"https:\/\/vanxhaber.com\/index.php\/wp-json\/wp\/v2\/posts\/1509\/revisions\/1512"}],"wp:featuredmedia":[{"embeddable":true,"href":"https:\/\/vanxhaber.com\/index.php\/wp-json\/wp\/v2\/media\/1511"}],"wp:attachment":[{"href":"https:\/\/vanxhaber.com\/index.php\/wp-json\/wp\/v2\/media?parent=1509"}],"wp:term":[{"taxonomy":"category","embeddable":true,"href":"https:\/\/vanxhaber.com\/index.php\/wp-json\/wp\/v2\/categories?post=1509"},{"taxonomy":"post_tag","embeddable":true,"href":"https:\/\/vanxhaber.com\/index.php\/wp-json\/wp\/v2\/tags?post=1509"}],"curies":[{"name":"wp","href":"https:\/\/api.w.org\/{rel}","templated":true}]}}