{"id":1521,"date":"2024-01-30T08:44:36","date_gmt":"2024-01-30T08:44:36","guid":{"rendered":"https:\/\/vanxhaber.com\/?p=1521"},"modified":"2024-01-30T08:44:37","modified_gmt":"2024-01-30T08:44:37","slug":"vanda-besicilerin-zorlu-kis-mucadelesi","status":"publish","type":"post","link":"https:\/\/vanxhaber.com\/index.php\/2024\/01\/30\/vanda-besicilerin-zorlu-kis-mucadelesi\/","title":{"rendered":"Van&#8217;da Besicilerin Zorlu K\u0131\u015f M\u00fccadelesi"},"content":{"rendered":"\n<p>Karla kapl\u0131 evler ve ah\u0131rlar aras\u0131nda s\u0131k\u0131\u015fan Bah\u00e7esarayl\u0131 besiciler, kar ya\u011f\u0131\u015f\u0131n\u0131n getirdi\u011fi zorluklarla ba\u015fa \u00e7\u0131kmaya \u00e7al\u0131\u015f\u0131yor. Mahalle sakinleri, kar alt\u0131nda kalan hayvanlar\u0131 \u00e7\u0131karmak i\u00e7in \u00e7\u00f6z\u00fcm aray\u0131\u015f\u0131nda.&#8221;<\/p>\n\n\n\n<p><\/p>\n\n\n\n<p>&#8220;Van&#8217;\u0131n Bah\u00e7esaray il\u00e7esinde kar kal\u0131nl\u0131\u011f\u0131 2 metreyi a\u015farak ev ve ah\u0131rlar\u0131 kaplad\u0131. Besicilikle u\u011fra\u015fan vatanda\u015flar, kar ya\u011f\u0131\u015f\u0131n\u0131n getirdi\u011fi zorluklarla m\u00fccadele ediyor. Arvas Mahallesi&#8217;nde evler ve ah\u0131rlar kar alt\u0131nda kald\u0131, baz\u0131 mahalle sakinleri kom\u015fular\u0131na ula\u015fmakta g\u00fc\u00e7l\u00fck \u00e7ekiyor. Besiciler, hayvanlar\u0131n\u0131 beslemek i\u00e7in karla kapl\u0131 arazilere ot ve saman b\u0131rak\u0131yorlar. Kar alt\u0131nda kalan ah\u0131rlar i\u00e7in mahalle sakinleri \u00e7\u00f6z\u00fcm aray\u0131\u015f\u0131nda, baz\u0131lar\u0131 t\u00fcnel a\u00e7arak hayvanlar\u0131n\u0131 \u00e7\u0131karmaya \u00e7al\u0131\u015f\u0131yor. Bu zorlu k\u0131\u015f ko\u015fullar\u0131nda mahalleli, hem evlerinin damlar\u0131n\u0131 temizlemek hem de hayvanlar\u0131n\u0131 beslemek i\u00e7in yo\u011fun \u00e7aba sarf ediyor.&#8221;<\/p>\n\n\n\n<p><\/p>\n","protected":false},"excerpt":{"rendered":"<p>Karla kapl\u0131 evler ve ah\u0131rlar aras\u0131nda s\u0131k\u0131\u015fan Bah\u00e7esarayl\u0131 besiciler, kar ya\u011f\u0131\u015f\u0131n\u0131n getirdi\u011fi zorluklarla ba\u015fa \u00e7\u0131kmaya \u00e7al\u0131\u015f\u0131yor. Mahalle sakinleri, kar alt\u0131nda kalan hayvanlar\u0131 \u00e7\u0131karmak i\u00e7in \u00e7\u00f6z\u00fcm aray\u0131\u015f\u0131nda.&#8221; &#8220;Van&#8217;\u0131n Bah\u00e7esaray il\u00e7esinde kar kal\u0131nl\u0131\u011f\u0131 2 metreyi a\u015farak ev ve ah\u0131rlar\u0131 kaplad\u0131. Besicilikle u\u011fra\u015fan vatanda\u015flar, kar ya\u011f\u0131\u015f\u0131n\u0131n getirdi\u011fi zorluklarla m\u00fccadele ediyor. Arvas Mahallesi&#8217;nde evler ve ah\u0131rlar kar alt\u0131nda kald\u0131, &hellip;<\/p>\n","protected":false},"author":2,"featured_media":1523,"comment_status":"open","ping_status":"closed","sticky":false,"template":"","format":"standard","meta":{"googlesitekit_rrm_CAowot3VCw:productID":"","footnotes":""},"categories":[1],"tags":[],"class_list":["post-1521","post","type-post","status-publish","format-standard","has-post-thumbnail","hentry","category-van-haber"],"yoast_head":"<!-- This site is optimized with the Yoast SEO Premium plugin v21.7 (Yoast SEO v26.7) - https:\/\/yoast.com\/wordpress\/plugins\/seo\/ -->\n<title>Van&#039;da Besicilerin Zorlu K\u0131\u015f M\u00fccadelesi - Van Haber | Van X Haber | Van Haberleri<\/title>\n<meta name=\"robots\" content=\"index, follow, max-snippet:-1, max-image-preview:large, max-video-preview:-1\" \/>\n<link rel=\"canonical\" href=\"https:\/\/vanxhaber.com\/index.php\/2024\/01\/30\/vanda-besicilerin-zorlu-kis-mucadelesi\/\" \/>\n<meta property=\"og:locale\" content=\"tr_TR\" \/>\n<meta property=\"og:type\" content=\"article\" \/>\n<meta property=\"og:title\" content=\"Van&#039;da Besicilerin Zorlu K\u0131\u015f M\u00fccadelesi\" \/>\n<meta property=\"og:description\" content=\"Karla kapl\u0131 evler ve ah\u0131rlar aras\u0131nda s\u0131k\u0131\u015fan Bah\u00e7esarayl\u0131 besiciler, kar ya\u011f\u0131\u015f\u0131n\u0131n getirdi\u011fi zorluklarla ba\u015fa \u00e7\u0131kmaya \u00e7al\u0131\u015f\u0131yor. Mahalle sakinleri, kar alt\u0131nda kalan hayvanlar\u0131 \u00e7\u0131karmak i\u00e7in \u00e7\u00f6z\u00fcm aray\u0131\u015f\u0131nda.&#8221; &#8220;Van&#8217;\u0131n Bah\u00e7esaray il\u00e7esinde kar kal\u0131nl\u0131\u011f\u0131 2 metreyi a\u015farak ev ve ah\u0131rlar\u0131 kaplad\u0131. Besicilikle u\u011fra\u015fan vatanda\u015flar, kar ya\u011f\u0131\u015f\u0131n\u0131n getirdi\u011fi zorluklarla m\u00fccadele ediyor. Arvas Mahallesi&#8217;nde evler ve ah\u0131rlar kar alt\u0131nda kald\u0131, &hellip;\" \/>\n<meta property=\"og:url\" content=\"https:\/\/vanxhaber.com\/index.php\/2024\/01\/30\/vanda-besicilerin-zorlu-kis-mucadelesi\/\" \/>\n<meta property=\"og:site_name\" content=\"Van Haber | Van X Haber | Van Haberleri\" \/>\n<meta property=\"article:published_time\" content=\"2024-01-30T08:44:36+00:00\" \/>\n<meta property=\"article:modified_time\" content=\"2024-01-30T08:44:37+00:00\" \/>\n<meta property=\"og:image\" content=\"https:\/\/vanxhaber.com\/wp-content\/uploads\/2024\/01\/besicilerin-mesaisi.jpg\" \/>\n\t<meta property=\"og:image:width\" content=\"1110\" \/>\n\t<meta property=\"og:image:height\" content=\"500\" \/>\n\t<meta property=\"og:image:type\" content=\"image\/jpeg\" \/>\n<meta name=\"author\" content=\"Van X Haber\" \/>\n<meta name=\"twitter:card\" content=\"summary_large_image\" \/>\n<meta name=\"twitter:label1\" content=\"Yazan:\" \/>\n\t<meta name=\"twitter:data1\" content=\"Van X Haber\" \/>\n\t<meta name=\"twitter:label2\" content=\"Tahmini okuma s\u00fcresi\" \/>\n\t<meta name=\"twitter:data2\" content=\"1 dakika\" \/>\n<script type=\"application\/ld+json\" class=\"yoast-schema-graph\">{\"@context\":\"https:\/\/schema.org\",\"@graph\":[{\"@type\":\"Article\",\"@id\":\"https:\/\/vanxhaber.com\/index.php\/2024\/01\/30\/vanda-besicilerin-zorlu-kis-mucadelesi\/#article\",\"isPartOf\":{\"@id\":\"https:\/\/vanxhaber.com\/index.php\/2024\/01\/30\/vanda-besicilerin-zorlu-kis-mucadelesi\/\"},\"author\":{\"name\":\"Van X Haber\",\"@id\":\"https:\/\/vanxhaber.com\/#\/schema\/person\/a5fd8d89510cb5370e62ad176f7978ee\"},\"headline\":\"Van&#8217;da Besicilerin Zorlu K\u0131\u015f M\u00fccadelesi\",\"datePublished\":\"2024-01-30T08:44:36+00:00\",\"dateModified\":\"2024-01-30T08:44:37+00:00\",\"mainEntityOfPage\":{\"@id\":\"https:\/\/vanxhaber.com\/index.php\/2024\/01\/30\/vanda-besicilerin-zorlu-kis-mucadelesi\/\"},\"wordCount\":167,\"commentCount\":0,\"image\":{\"@id\":\"https:\/\/vanxhaber.com\/index.php\/2024\/01\/30\/vanda-besicilerin-zorlu-kis-mucadelesi\/#primaryimage\"},\"thumbnailUrl\":\"https:\/\/vanxhaber.com\/wp-content\/uploads\/2024\/01\/besicilerin-mesaisi.jpg\",\"articleSection\":[\"Van Haber\"],\"inLanguage\":\"tr\",\"potentialAction\":[{\"@type\":\"CommentAction\",\"name\":\"Comment\",\"target\":[\"https:\/\/vanxhaber.com\/index.php\/2024\/01\/30\/vanda-besicilerin-zorlu-kis-mucadelesi\/#respond\"]}],\"copyrightYear\":\"2024\",\"copyrightHolder\":{\"@id\":\"https:\/\/vanxhaber.com\/#organization\"}},{\"@type\":\"WebPage\",\"@id\":\"https:\/\/vanxhaber.com\/index.php\/2024\/01\/30\/vanda-besicilerin-zorlu-kis-mucadelesi\/\",\"url\":\"https:\/\/vanxhaber.com\/index.php\/2024\/01\/30\/vanda-besicilerin-zorlu-kis-mucadelesi\/\",\"name\":\"Van'da Besicilerin Zorlu K\u0131\u015f M\u00fccadelesi - Van Haber | Van X Haber | Van Haberleri\",\"isPartOf\":{\"@id\":\"https:\/\/vanxhaber.com\/#website\"},\"primaryImageOfPage\":{\"@id\":\"https:\/\/vanxhaber.com\/index.php\/2024\/01\/30\/vanda-besicilerin-zorlu-kis-mucadelesi\/#primaryimage\"},\"image\":{\"@id\":\"https:\/\/vanxhaber.com\/index.php\/2024\/01\/30\/vanda-besicilerin-zorlu-kis-mucadelesi\/#primaryimage\"},\"thumbnailUrl\":\"https:\/\/vanxhaber.com\/wp-content\/uploads\/2024\/01\/besicilerin-mesaisi.jpg\",\"datePublished\":\"2024-01-30T08:44:36+00:00\",\"dateModified\":\"2024-01-30T08:44:37+00:00\",\"author\":{\"@id\":\"https:\/\/vanxhaber.com\/#\/schema\/person\/a5fd8d89510cb5370e62ad176f7978ee\"},\"breadcrumb\":{\"@id\":\"https:\/\/vanxhaber.com\/index.php\/2024\/01\/30\/vanda-besicilerin-zorlu-kis-mucadelesi\/#breadcrumb\"},\"inLanguage\":\"tr\",\"potentialAction\":[{\"@type\":\"ReadAction\",\"target\":[\"https:\/\/vanxhaber.com\/index.php\/2024\/01\/30\/vanda-besicilerin-zorlu-kis-mucadelesi\/\"]}]},{\"@type\":\"ImageObject\",\"inLanguage\":\"tr\",\"@id\":\"https:\/\/vanxhaber.com\/index.php\/2024\/01\/30\/vanda-besicilerin-zorlu-kis-mucadelesi\/#primaryimage\",\"url\":\"https:\/\/vanxhaber.com\/wp-content\/uploads\/2024\/01\/besicilerin-mesaisi.jpg\",\"contentUrl\":\"https:\/\/vanxhaber.com\/wp-content\/uploads\/2024\/01\/besicilerin-mesaisi.jpg\",\"width\":1110,\"height\":500},{\"@type\":\"BreadcrumbList\",\"@id\":\"https:\/\/vanxhaber.com\/index.php\/2024\/01\/30\/vanda-besicilerin-zorlu-kis-mucadelesi\/#breadcrumb\",\"itemListElement\":[{\"@type\":\"ListItem\",\"position\":1,\"name\":\"Anasayfa\",\"item\":\"https:\/\/vanxhaber.com\/\"},{\"@type\":\"ListItem\",\"position\":2,\"name\":\"Van&#8217;da Besicilerin Zorlu K\u0131\u015f M\u00fccadelesi\"}]},{\"@type\":\"WebSite\",\"@id\":\"https:\/\/vanxhaber.com\/#website\",\"url\":\"https:\/\/vanxhaber.com\/\",\"name\":\"Van Haber | Van X Haber | Van Haberleri\",\"description\":\"Van Haber, Van&#039;\u0131n ilk yapay zeka teknolojileri ile yaz\u0131lan Van X Haber ve Van Haberlerini aktif g\u00fcncel sunan tek vanhaber merkezidir.\",\"potentialAction\":[{\"@type\":\"SearchAction\",\"target\":{\"@type\":\"EntryPoint\",\"urlTemplate\":\"https:\/\/vanxhaber.com\/?s={search_term_string}\"},\"query-input\":{\"@type\":\"PropertyValueSpecification\",\"valueRequired\":true,\"valueName\":\"search_term_string\"}}],\"inLanguage\":\"tr\"},{\"@type\":\"Person\",\"@id\":\"https:\/\/vanxhaber.com\/#\/schema\/person\/a5fd8d89510cb5370e62ad176f7978ee\",\"name\":\"Van X Haber\",\"image\":{\"@type\":\"ImageObject\",\"inLanguage\":\"tr\",\"@id\":\"https:\/\/vanxhaber.com\/#\/schema\/person\/image\/\",\"url\":\"https:\/\/secure.gravatar.com\/avatar\/36f2f63826681263103acb5ca1e7bc1a6db11baea9b75dd091d89b74f2704b07?s=96&d=mm&r=g\",\"contentUrl\":\"https:\/\/secure.gravatar.com\/avatar\/36f2f63826681263103acb5ca1e7bc1a6db11baea9b75dd091d89b74f2704b07?s=96&d=mm&r=g\",\"caption\":\"Van X Haber\"},\"description\":\"Van X Haber Van'\u0131n ilk ve tek yeni nesil Van Haber merkezi. Son Dakika Van Haberleri ve G\u00fcncel Van haber merkezinde s\u0131cak geli\u015fmeleri aktarmaya devam edece\u011fiz.\",\"url\":\"https:\/\/vanxhaber.com\/index.php\/author\/vangazetesi\/\"}]}<\/script>\n<!-- \/ Yoast SEO Premium plugin. -->","yoast_head_json":{"title":"Van'da Besicilerin Zorlu K\u0131\u015f M\u00fccadelesi - Van Haber | Van X Haber | Van Haberleri","robots":{"index":"index","follow":"follow","max-snippet":"max-snippet:-1","max-image-preview":"max-image-preview:large","max-video-preview":"max-video-preview:-1"},"canonical":"https:\/\/vanxhaber.com\/index.php\/2024\/01\/30\/vanda-besicilerin-zorlu-kis-mucadelesi\/","og_locale":"tr_TR","og_type":"article","og_title":"Van'da Besicilerin Zorlu K\u0131\u015f M\u00fccadelesi","og_description":"Karla kapl\u0131 evler ve ah\u0131rlar aras\u0131nda s\u0131k\u0131\u015fan Bah\u00e7esarayl\u0131 besiciler, kar ya\u011f\u0131\u015f\u0131n\u0131n getirdi\u011fi zorluklarla ba\u015fa \u00e7\u0131kmaya \u00e7al\u0131\u015f\u0131yor. Mahalle sakinleri, kar alt\u0131nda kalan hayvanlar\u0131 \u00e7\u0131karmak i\u00e7in \u00e7\u00f6z\u00fcm aray\u0131\u015f\u0131nda.&#8221; &#8220;Van&#8217;\u0131n Bah\u00e7esaray il\u00e7esinde kar kal\u0131nl\u0131\u011f\u0131 2 metreyi a\u015farak ev ve ah\u0131rlar\u0131 kaplad\u0131. Besicilikle u\u011fra\u015fan vatanda\u015flar, kar ya\u011f\u0131\u015f\u0131n\u0131n getirdi\u011fi zorluklarla m\u00fccadele ediyor. Arvas Mahallesi&#8217;nde evler ve ah\u0131rlar kar alt\u0131nda kald\u0131, &hellip;","og_url":"https:\/\/vanxhaber.com\/index.php\/2024\/01\/30\/vanda-besicilerin-zorlu-kis-mucadelesi\/","og_site_name":"Van Haber | Van X Haber | Van Haberleri","article_published_time":"2024-01-30T08:44:36+00:00","article_modified_time":"2024-01-30T08:44:37+00:00","og_image":[{"width":1110,"height":500,"url":"https:\/\/vanxhaber.com\/wp-content\/uploads\/2024\/01\/besicilerin-mesaisi.jpg","type":"image\/jpeg"}],"author":"Van X Haber","twitter_card":"summary_large_image","twitter_misc":{"Yazan:":"Van X Haber","Tahmini okuma s\u00fcresi":"1 dakika"},"schema":{"@context":"https:\/\/schema.org","@graph":[{"@type":"Article","@id":"https:\/\/vanxhaber.com\/index.php\/2024\/01\/30\/vanda-besicilerin-zorlu-kis-mucadelesi\/#article","isPartOf":{"@id":"https:\/\/vanxhaber.com\/index.php\/2024\/01\/30\/vanda-besicilerin-zorlu-kis-mucadelesi\/"},"author":{"name":"Van X Haber","@id":"https:\/\/vanxhaber.com\/#\/schema\/person\/a5fd8d89510cb5370e62ad176f7978ee"},"headline":"Van&#8217;da Besicilerin Zorlu K\u0131\u015f M\u00fccadelesi","datePublished":"2024-01-30T08:44:36+00:00","dateModified":"2024-01-30T08:44:37+00:00","mainEntityOfPage":{"@id":"https:\/\/vanxhaber.com\/index.php\/2024\/01\/30\/vanda-besicilerin-zorlu-kis-mucadelesi\/"},"wordCount":167,"commentCount":0,"image":{"@id":"https:\/\/vanxhaber.com\/index.php\/2024\/01\/30\/vanda-besicilerin-zorlu-kis-mucadelesi\/#primaryimage"},"thumbnailUrl":"https:\/\/vanxhaber.com\/wp-content\/uploads\/2024\/01\/besicilerin-mesaisi.jpg","articleSection":["Van Haber"],"inLanguage":"tr","potentialAction":[{"@type":"CommentAction","name":"Comment","target":["https:\/\/vanxhaber.com\/index.php\/2024\/01\/30\/vanda-besicilerin-zorlu-kis-mucadelesi\/#respond"]}],"copyrightYear":"2024","copyrightHolder":{"@id":"https:\/\/vanxhaber.com\/#organization"}},{"@type":"WebPage","@id":"https:\/\/vanxhaber.com\/index.php\/2024\/01\/30\/vanda-besicilerin-zorlu-kis-mucadelesi\/","url":"https:\/\/vanxhaber.com\/index.php\/2024\/01\/30\/vanda-besicilerin-zorlu-kis-mucadelesi\/","name":"Van'da Besicilerin Zorlu K\u0131\u015f M\u00fccadelesi - Van Haber | Van X Haber | Van Haberleri","isPartOf":{"@id":"https:\/\/vanxhaber.com\/#website"},"primaryImageOfPage":{"@id":"https:\/\/vanxhaber.com\/index.php\/2024\/01\/30\/vanda-besicilerin-zorlu-kis-mucadelesi\/#primaryimage"},"image":{"@id":"https:\/\/vanxhaber.com\/index.php\/2024\/01\/30\/vanda-besicilerin-zorlu-kis-mucadelesi\/#primaryimage"},"thumbnailUrl":"https:\/\/vanxhaber.com\/wp-content\/uploads\/2024\/01\/besicilerin-mesaisi.jpg","datePublished":"2024-01-30T08:44:36+00:00","dateModified":"2024-01-30T08:44:37+00:00","author":{"@id":"https:\/\/vanxhaber.com\/#\/schema\/person\/a5fd8d89510cb5370e62ad176f7978ee"},"breadcrumb":{"@id":"https:\/\/vanxhaber.com\/index.php\/2024\/01\/30\/vanda-besicilerin-zorlu-kis-mucadelesi\/#breadcrumb"},"inLanguage":"tr","potentialAction":[{"@type":"ReadAction","target":["https:\/\/vanxhaber.com\/index.php\/2024\/01\/30\/vanda-besicilerin-zorlu-kis-mucadelesi\/"]}]},{"@type":"ImageObject","inLanguage":"tr","@id":"https:\/\/vanxhaber.com\/index.php\/2024\/01\/30\/vanda-besicilerin-zorlu-kis-mucadelesi\/#primaryimage","url":"https:\/\/vanxhaber.com\/wp-content\/uploads\/2024\/01\/besicilerin-mesaisi.jpg","contentUrl":"https:\/\/vanxhaber.com\/wp-content\/uploads\/2024\/01\/besicilerin-mesaisi.jpg","width":1110,"height":500},{"@type":"BreadcrumbList","@id":"https:\/\/vanxhaber.com\/index.php\/2024\/01\/30\/vanda-besicilerin-zorlu-kis-mucadelesi\/#breadcrumb","itemListElement":[{"@type":"ListItem","position":1,"name":"Anasayfa","item":"https:\/\/vanxhaber.com\/"},{"@type":"ListItem","position":2,"name":"Van&#8217;da Besicilerin Zorlu K\u0131\u015f M\u00fccadelesi"}]},{"@type":"WebSite","@id":"https:\/\/vanxhaber.com\/#website","url":"https:\/\/vanxhaber.com\/","name":"Van Haber | Van X Haber | Van Haberleri","description":"Van Haber, Van&#039;\u0131n ilk yapay zeka teknolojileri ile yaz\u0131lan Van X Haber ve Van Haberlerini aktif g\u00fcncel sunan tek vanhaber merkezidir.","potentialAction":[{"@type":"SearchAction","target":{"@type":"EntryPoint","urlTemplate":"https:\/\/vanxhaber.com\/?s={search_term_string}"},"query-input":{"@type":"PropertyValueSpecification","valueRequired":true,"valueName":"search_term_string"}}],"inLanguage":"tr"},{"@type":"Person","@id":"https:\/\/vanxhaber.com\/#\/schema\/person\/a5fd8d89510cb5370e62ad176f7978ee","name":"Van X Haber","image":{"@type":"ImageObject","inLanguage":"tr","@id":"https:\/\/vanxhaber.com\/#\/schema\/person\/image\/","url":"https:\/\/secure.gravatar.com\/avatar\/36f2f63826681263103acb5ca1e7bc1a6db11baea9b75dd091d89b74f2704b07?s=96&d=mm&r=g","contentUrl":"https:\/\/secure.gravatar.com\/avatar\/36f2f63826681263103acb5ca1e7bc1a6db11baea9b75dd091d89b74f2704b07?s=96&d=mm&r=g","caption":"Van X Haber"},"description":"Van X Haber Van'\u0131n ilk ve tek yeni nesil Van Haber merkezi. Son Dakika Van Haberleri ve G\u00fcncel Van haber merkezinde s\u0131cak geli\u015fmeleri aktarmaya devam edece\u011fiz.","url":"https:\/\/vanxhaber.com\/index.php\/author\/vangazetesi\/"}]}},"_links":{"self":[{"href":"https:\/\/vanxhaber.com\/index.php\/wp-json\/wp\/v2\/posts\/1521","targetHints":{"allow":["GET"]}}],"collection":[{"href":"https:\/\/vanxhaber.com\/index.php\/wp-json\/wp\/v2\/posts"}],"about":[{"href":"https:\/\/vanxhaber.com\/index.php\/wp-json\/wp\/v2\/types\/post"}],"author":[{"embeddable":true,"href":"https:\/\/vanxhaber.com\/index.php\/wp-json\/wp\/v2\/users\/2"}],"replies":[{"embeddable":true,"href":"https:\/\/vanxhaber.com\/index.php\/wp-json\/wp\/v2\/comments?post=1521"}],"version-history":[{"count":1,"href":"https:\/\/vanxhaber.com\/index.php\/wp-json\/wp\/v2\/posts\/1521\/revisions"}],"predecessor-version":[{"id":1524,"href":"https:\/\/vanxhaber.com\/index.php\/wp-json\/wp\/v2\/posts\/1521\/revisions\/1524"}],"wp:featuredmedia":[{"embeddable":true,"href":"https:\/\/vanxhaber.com\/index.php\/wp-json\/wp\/v2\/media\/1523"}],"wp:attachment":[{"href":"https:\/\/vanxhaber.com\/index.php\/wp-json\/wp\/v2\/media?parent=1521"}],"wp:term":[{"taxonomy":"category","embeddable":true,"href":"https:\/\/vanxhaber.com\/index.php\/wp-json\/wp\/v2\/categories?post=1521"},{"taxonomy":"post_tag","embeddable":true,"href":"https:\/\/vanxhaber.com\/index.php\/wp-json\/wp\/v2\/tags?post=1521"}],"curies":[{"name":"wp","href":"https:\/\/api.w.org\/{rel}","templated":true}]}}