{"id":1538,"date":"2024-01-31T08:07:20","date_gmt":"2024-01-31T08:07:20","guid":{"rendered":"https:\/\/vanxhaber.com\/?p=1538"},"modified":"2024-01-31T08:07:22","modified_gmt":"2024-01-31T08:07:22","slug":"universiteye-hazirlanan-ogrencilere-kitap-destegi","status":"publish","type":"post","link":"https:\/\/vanxhaber.com\/index.php\/2024\/01\/31\/universiteye-hazirlanan-ogrencilere-kitap-destegi\/","title":{"rendered":"\u00dcniversiteye haz\u0131rlanan \u00f6\u011frencilere kitap deste\u011fi"},"content":{"rendered":"\n<p>\u00dcniversiteye haz\u0131rlanan \u00f6\u011frencilere kitap deste\u011fi Merkezi \u0130stanbul\u2019da olan Nitelikli E\u011fitim ve Ara\u015ft\u0131rma Derne\u011fi (NEVADER), Van ve Hakkari\u2019de \u00fcniversiteye haz\u0131rlanan ihtiya\u00e7 sahibi \u00f6\u011frencilere kaynak kitap deste\u011finde bulunuyor.<\/p>\n\n\n\n<p>\u0130stanbul&#8217;da kurulan NEVADER, T\u00fcrkiye&#8217;nin farkl\u0131 illerinde \u00fcniversiteye haz\u0131rlanan ihtiya\u00e7 sahibi \u00f6\u011frencilere kaynak kitap deste\u011finde bulunuyor. 30 y\u0131l\u0131k bir ge\u00e7mi\u015fi olan derne\u011fin Hakkari\u2019den ba\u015flayarak T\u00fcrkiye\u2019nin farkl\u0131 illerinde e\u011fitim \u00e7al\u0131\u015fmas\u0131 ba\u015flatt\u0131\u011f\u0131n\u0131 ifade eden NEVADER Ba\u015fkan\u0131 Azad Tekin Uluta\u015f, \u201cE\u011fitim \u00e7al\u0131\u015fmas\u0131n\u0131n i\u00e7eri\u011finde, Liselere Ge\u00e7i\u015f Sistemi (LGS) ve Y\u00fcksek\u00f6\u011fretim Kurumlar\u0131 S\u0131nav\u0131 (YKS) \u00f6\u011frencileri i\u00e7in kaynak kitaplar\u0131 getirmek yer al\u0131yor. Yakla\u015f\u0131k 5 y\u0131ld\u0131r Van, Hakkari ve il\u00e7elerine da\u011f\u0131t\u0131lmak \u00fczere bu kaynak kitaplar\u0131n\u0131 getiriyoruz\u201d dedi. &#8220;300 binden fazla kitap da\u011f\u0131tt\u0131k&#8221; 5 y\u0131l i\u00e7erisinde yakla\u015f\u0131k 300 binden fazla kitap da\u011f\u0131tt\u0131klar\u0131n\u0131 vurgulayan Uluta\u015f, \u201cTemel amac\u0131m\u0131z kaynak kitaplar\u0131 verip, ihtiya\u00e7 sahibi olan ba\u015far\u0131l\u0131 \u00f6\u011frencilerin daha iyi yerleri kazanmalar\u0131n\u0131 sa\u011flamakt\u0131r. Hamdolsun LGS birincilerimiz \u00e7\u0131kt\u0131. YKS s\u0131nav\u0131nda ilk 100\u2019e giren, ilk 200\u2019e giren \u00f6\u011frencimiz oldu. T\u00fcrkiye tarihinde ilk defa Hakkari\u2019de 27 t\u0131p \u00f6\u011frencisi \u00fcniversiteyi kazand\u0131. Van\u2019da da 350 den fazla \u00f6\u011frencimiz t\u0131p fak\u00fcltesini kazand\u0131. Bu da T\u00fcrkiye tarihinde bir ilkti. Tabi bu ba\u015far\u0131 sadece NEVADER\u2019in de\u011fil. As\u0131l i\u015f \u00f6\u011fretmenlerde, y\u00f6neticilerdedir. Biz kitaplar\u0131 getirdik. \u00d6\u011fretmenlerimiz bu kitplar\u0131 \u00f6\u011frencilere verdiler ve onlar\u0131 kontrol ettiler. Yoksa bu ba\u015far\u0131 sadece NEVADER\u2019in de\u011fil\u201d ifadelerini kulland\u0131. &#8220;Ailelerin ilgisi b\u00fcy\u00fck&#8221; Kaynak kitaplar\u0131n milli e\u011fitim m\u00fcd\u00fcrl\u00fc\u011f\u00fc ile i\u015fbirli\u011fi \u00e7er\u00e7evesinde \u00f6\u011frencilere da\u011f\u0131t\u0131ld\u0131\u011f\u0131n\u0131n alt\u0131n\u0131 \u00e7izen Uluta\u015f, \u201cMilli e\u011fitim m\u00fcd\u00fcrl\u00fc\u011f\u00fcndeki hocalar\u0131m\u0131z, \u00f6\u011fretmenlerimiz ba\u015far\u0131l\u0131 \u00f6\u011frencilerin listelerini \u00e7\u0131kar\u0131yorlar. Nokta at\u0131\u015f\u0131 yap\u0131larak \u00f6\u011frencilere kitaplar\u0131 da\u011f\u0131t\u0131l\u0131yor. Bizler \u0130stanbul\u2019da kurulmu\u015f olan bir derne\u011fiz. Kimsenin d\u00fc\u015f\u00fcncesine, yap\u0131s\u0131na bakmadan, ihtiya\u00e7 durumunu g\u00f6z \u00f6n\u00fcne alarak yard\u0131mc\u0131 oluyoruz. Bu \u00e7er\u00e7evede velilerin, ailelerin NEVADER\u2019e olan ilgisi b\u00fcy\u00fck. \u00c7\u00fcnk\u00fc bize g\u00fcveniyorlar. Ben bu duygularla bizlere 5 y\u0131ld\u0131r bir depo tahsis eden il ve il\u00e7e milli e\u011fitim m\u00fcd\u00fcrl\u00fc\u011f\u00fc yetkililerine te\u015fekk\u00fcr ediyorum\u201d diye konu\u015ftu. Kaynak kitaplar\u0131n \u00f6\u011frencilere ula\u015fmas\u0131 \u00e7al\u0131\u015fmalar\u0131nda g\u00f6n\u00fcll\u00fc olarak yer ald\u0131\u011f\u0131 i\u00e7in mutlu oldu\u011funu ifade eden Yusuf Talha Abatay ise \u201cGen\u00e7lerimizn e\u011fitim ve \u00f6\u011fretim hayat\u0131na katk\u0131da bulunmak herkesin isteyece\u011fi bir \u015fey. Bende burada oldu\u011fum i\u00e7in \u00e7ok mutluyum. G\u00fcn\u00fcm\u00fcz\u00fcn ekonomik faaliyetlerinde yeni kaynak kitaplar\u0131 bulmak zordur. Gen\u00e7lere s\u0131f\u0131r kaynak hediye etmek, herkesin yapaca\u011f\u0131 bir \u015fey de\u011fil. Bu manada NEVADER\u2019in yapt\u0131\u011f\u0131 \u015fey \u00e7ok b\u00fcy\u00fck. Kendilerini kutlamak gerekiyor\u201d dedi. \u00c7anakkale 18 Mart \u00dcniversitesi Gazetecilik B\u00f6l\u00fcm\u00fc&#8217;nde e\u011fitim g\u00f6ren Sevin\u00e7 Tulay isimli g\u00f6n\u00fcll\u00fc de, \u201cKitaplara ula\u015famayan veya kitaplar\u0131 olmayan \u00f6\u011frencilere bir nebze olsun yard\u0131m edebilmek bizi mutlu eder. Farkl\u0131 kitaplara, farkl\u0131 kaynaklara ula\u015fabilmek \u00e7ok zor. Biz de bu noktada zorluk \u00e7ekiyorduk. Onlara yard\u0131mc\u0131 olabilmek ad\u0131na g\u00f6n\u00fcll\u00fc olarak buraday\u0131z\u201d \u015feklinde konu\u015ftu.<\/p>\n","protected":false},"excerpt":{"rendered":"<p>\u00dcniversiteye haz\u0131rlanan \u00f6\u011frencilere kitap deste\u011fi Merkezi \u0130stanbul\u2019da olan Nitelikli E\u011fitim ve Ara\u015ft\u0131rma Derne\u011fi (NEVADER), Van ve Hakkari\u2019de \u00fcniversiteye haz\u0131rlanan ihtiya\u00e7 sahibi \u00f6\u011frencilere kaynak kitap deste\u011finde bulunuyor. \u0130stanbul&#8217;da kurulan NEVADER, T\u00fcrkiye&#8217;nin farkl\u0131 illerinde \u00fcniversiteye haz\u0131rlanan ihtiya\u00e7 sahibi \u00f6\u011frencilere kaynak kitap deste\u011finde bulunuyor. 30 y\u0131l\u0131k bir ge\u00e7mi\u015fi olan derne\u011fin Hakkari\u2019den ba\u015flayarak T\u00fcrkiye\u2019nin farkl\u0131 illerinde e\u011fitim \u00e7al\u0131\u015fmas\u0131 ba\u015flatt\u0131\u011f\u0131n\u0131 &hellip;<\/p>\n","protected":false},"author":2,"featured_media":1540,"comment_status":"open","ping_status":"closed","sticky":false,"template":"","format":"standard","meta":{"googlesitekit_rrm_CAowot3VCw:productID":"","footnotes":""},"categories":[1,24],"tags":[],"class_list":["post-1538","post","type-post","status-publish","format-standard","has-post-thumbnail","hentry","category-van-haber","category-van-haberleri"],"yoast_head":"<!-- This site is optimized with the Yoast SEO Premium plugin v21.7 (Yoast SEO v26.7) - https:\/\/yoast.com\/wordpress\/plugins\/seo\/ -->\n<title>\u00dcniversiteye haz\u0131rlanan \u00f6\u011frencilere kitap deste\u011fi - Van Haber | Van X Haber | Van Haberleri<\/title>\n<meta name=\"robots\" content=\"index, follow, max-snippet:-1, max-image-preview:large, max-video-preview:-1\" \/>\n<link rel=\"canonical\" href=\"https:\/\/vanxhaber.com\/index.php\/2024\/01\/31\/universiteye-hazirlanan-ogrencilere-kitap-destegi\/\" \/>\n<meta property=\"og:locale\" content=\"tr_TR\" \/>\n<meta property=\"og:type\" content=\"article\" \/>\n<meta property=\"og:title\" content=\"\u00dcniversiteye haz\u0131rlanan \u00f6\u011frencilere kitap deste\u011fi\" \/>\n<meta property=\"og:description\" content=\"\u00dcniversiteye haz\u0131rlanan \u00f6\u011frencilere kitap deste\u011fi Merkezi \u0130stanbul\u2019da olan Nitelikli E\u011fitim ve Ara\u015ft\u0131rma Derne\u011fi (NEVADER), Van ve Hakkari\u2019de \u00fcniversiteye haz\u0131rlanan ihtiya\u00e7 sahibi \u00f6\u011frencilere kaynak kitap deste\u011finde bulunuyor. \u0130stanbul&#8217;da kurulan NEVADER, T\u00fcrkiye&#8217;nin farkl\u0131 illerinde \u00fcniversiteye haz\u0131rlanan ihtiya\u00e7 sahibi \u00f6\u011frencilere kaynak kitap deste\u011finde bulunuyor. 30 y\u0131l\u0131k bir ge\u00e7mi\u015fi olan derne\u011fin Hakkari\u2019den ba\u015flayarak T\u00fcrkiye\u2019nin farkl\u0131 illerinde e\u011fitim \u00e7al\u0131\u015fmas\u0131 ba\u015flatt\u0131\u011f\u0131n\u0131 &hellip;\" \/>\n<meta property=\"og:url\" content=\"https:\/\/vanxhaber.com\/index.php\/2024\/01\/31\/universiteye-hazirlanan-ogrencilere-kitap-destegi\/\" \/>\n<meta property=\"og:site_name\" content=\"Van Haber | Van X Haber | Van Haberleri\" \/>\n<meta property=\"article:published_time\" content=\"2024-01-31T08:07:20+00:00\" \/>\n<meta property=\"article:modified_time\" content=\"2024-01-31T08:07:22+00:00\" \/>\n<meta property=\"og:image\" content=\"https:\/\/vanxhaber.com\/wp-content\/uploads\/2024\/01\/kitap-dagitim.jpg\" \/>\n\t<meta property=\"og:image:width\" content=\"641\" \/>\n\t<meta property=\"og:image:height\" content=\"380\" \/>\n\t<meta property=\"og:image:type\" content=\"image\/jpeg\" \/>\n<meta name=\"author\" content=\"Van X Haber\" \/>\n<meta name=\"twitter:card\" content=\"summary_large_image\" \/>\n<meta name=\"twitter:label1\" content=\"Yazan:\" \/>\n\t<meta name=\"twitter:data1\" content=\"Van X Haber\" \/>\n\t<meta name=\"twitter:label2\" content=\"Tahmini okuma s\u00fcresi\" \/>\n\t<meta name=\"twitter:data2\" content=\"3 dakika\" \/>\n<script type=\"application\/ld+json\" class=\"yoast-schema-graph\">{\"@context\":\"https:\/\/schema.org\",\"@graph\":[{\"@type\":\"Article\",\"@id\":\"https:\/\/vanxhaber.com\/index.php\/2024\/01\/31\/universiteye-hazirlanan-ogrencilere-kitap-destegi\/#article\",\"isPartOf\":{\"@id\":\"https:\/\/vanxhaber.com\/index.php\/2024\/01\/31\/universiteye-hazirlanan-ogrencilere-kitap-destegi\/\"},\"author\":{\"name\":\"Van X Haber\",\"@id\":\"https:\/\/vanxhaber.com\/#\/schema\/person\/a5fd8d89510cb5370e62ad176f7978ee\"},\"headline\":\"\u00dcniversiteye haz\u0131rlanan \u00f6\u011frencilere kitap deste\u011fi\",\"datePublished\":\"2024-01-31T08:07:20+00:00\",\"dateModified\":\"2024-01-31T08:07:22+00:00\",\"mainEntityOfPage\":{\"@id\":\"https:\/\/vanxhaber.com\/index.php\/2024\/01\/31\/universiteye-hazirlanan-ogrencilere-kitap-destegi\/\"},\"wordCount\":557,\"commentCount\":0,\"image\":{\"@id\":\"https:\/\/vanxhaber.com\/index.php\/2024\/01\/31\/universiteye-hazirlanan-ogrencilere-kitap-destegi\/#primaryimage\"},\"thumbnailUrl\":\"https:\/\/vanxhaber.com\/wp-content\/uploads\/2024\/01\/kitap-dagitim.jpg\",\"articleSection\":[\"Van Haber\",\"Van Haberleri\"],\"inLanguage\":\"tr\",\"potentialAction\":[{\"@type\":\"CommentAction\",\"name\":\"Comment\",\"target\":[\"https:\/\/vanxhaber.com\/index.php\/2024\/01\/31\/universiteye-hazirlanan-ogrencilere-kitap-destegi\/#respond\"]}],\"copyrightYear\":\"2024\",\"copyrightHolder\":{\"@id\":\"https:\/\/vanxhaber.com\/#organization\"}},{\"@type\":\"WebPage\",\"@id\":\"https:\/\/vanxhaber.com\/index.php\/2024\/01\/31\/universiteye-hazirlanan-ogrencilere-kitap-destegi\/\",\"url\":\"https:\/\/vanxhaber.com\/index.php\/2024\/01\/31\/universiteye-hazirlanan-ogrencilere-kitap-destegi\/\",\"name\":\"\u00dcniversiteye haz\u0131rlanan \u00f6\u011frencilere kitap deste\u011fi - Van Haber | Van X Haber | Van Haberleri\",\"isPartOf\":{\"@id\":\"https:\/\/vanxhaber.com\/#website\"},\"primaryImageOfPage\":{\"@id\":\"https:\/\/vanxhaber.com\/index.php\/2024\/01\/31\/universiteye-hazirlanan-ogrencilere-kitap-destegi\/#primaryimage\"},\"image\":{\"@id\":\"https:\/\/vanxhaber.com\/index.php\/2024\/01\/31\/universiteye-hazirlanan-ogrencilere-kitap-destegi\/#primaryimage\"},\"thumbnailUrl\":\"https:\/\/vanxhaber.com\/wp-content\/uploads\/2024\/01\/kitap-dagitim.jpg\",\"datePublished\":\"2024-01-31T08:07:20+00:00\",\"dateModified\":\"2024-01-31T08:07:22+00:00\",\"author\":{\"@id\":\"https:\/\/vanxhaber.com\/#\/schema\/person\/a5fd8d89510cb5370e62ad176f7978ee\"},\"breadcrumb\":{\"@id\":\"https:\/\/vanxhaber.com\/index.php\/2024\/01\/31\/universiteye-hazirlanan-ogrencilere-kitap-destegi\/#breadcrumb\"},\"inLanguage\":\"tr\",\"potentialAction\":[{\"@type\":\"ReadAction\",\"target\":[\"https:\/\/vanxhaber.com\/index.php\/2024\/01\/31\/universiteye-hazirlanan-ogrencilere-kitap-destegi\/\"]}]},{\"@type\":\"ImageObject\",\"inLanguage\":\"tr\",\"@id\":\"https:\/\/vanxhaber.com\/index.php\/2024\/01\/31\/universiteye-hazirlanan-ogrencilere-kitap-destegi\/#primaryimage\",\"url\":\"https:\/\/vanxhaber.com\/wp-content\/uploads\/2024\/01\/kitap-dagitim.jpg\",\"contentUrl\":\"https:\/\/vanxhaber.com\/wp-content\/uploads\/2024\/01\/kitap-dagitim.jpg\",\"width\":641,\"height\":380},{\"@type\":\"BreadcrumbList\",\"@id\":\"https:\/\/vanxhaber.com\/index.php\/2024\/01\/31\/universiteye-hazirlanan-ogrencilere-kitap-destegi\/#breadcrumb\",\"itemListElement\":[{\"@type\":\"ListItem\",\"position\":1,\"name\":\"Anasayfa\",\"item\":\"https:\/\/vanxhaber.com\/\"},{\"@type\":\"ListItem\",\"position\":2,\"name\":\"\u00dcniversiteye haz\u0131rlanan \u00f6\u011frencilere kitap deste\u011fi\"}]},{\"@type\":\"WebSite\",\"@id\":\"https:\/\/vanxhaber.com\/#website\",\"url\":\"https:\/\/vanxhaber.com\/\",\"name\":\"Van Haber | Van X Haber | Van Haberleri\",\"description\":\"Van Haber, Van&#039;\u0131n ilk yapay zeka teknolojileri ile yaz\u0131lan Van X Haber ve Van Haberlerini aktif g\u00fcncel sunan tek vanhaber merkezidir.\",\"potentialAction\":[{\"@type\":\"SearchAction\",\"target\":{\"@type\":\"EntryPoint\",\"urlTemplate\":\"https:\/\/vanxhaber.com\/?s={search_term_string}\"},\"query-input\":{\"@type\":\"PropertyValueSpecification\",\"valueRequired\":true,\"valueName\":\"search_term_string\"}}],\"inLanguage\":\"tr\"},{\"@type\":\"Person\",\"@id\":\"https:\/\/vanxhaber.com\/#\/schema\/person\/a5fd8d89510cb5370e62ad176f7978ee\",\"name\":\"Van X Haber\",\"image\":{\"@type\":\"ImageObject\",\"inLanguage\":\"tr\",\"@id\":\"https:\/\/vanxhaber.com\/#\/schema\/person\/image\/\",\"url\":\"https:\/\/secure.gravatar.com\/avatar\/36f2f63826681263103acb5ca1e7bc1a6db11baea9b75dd091d89b74f2704b07?s=96&d=mm&r=g\",\"contentUrl\":\"https:\/\/secure.gravatar.com\/avatar\/36f2f63826681263103acb5ca1e7bc1a6db11baea9b75dd091d89b74f2704b07?s=96&d=mm&r=g\",\"caption\":\"Van X Haber\"},\"description\":\"Van X Haber Van'\u0131n ilk ve tek yeni nesil Van Haber merkezi. Son Dakika Van Haberleri ve G\u00fcncel Van haber merkezinde s\u0131cak geli\u015fmeleri aktarmaya devam edece\u011fiz.\",\"url\":\"https:\/\/vanxhaber.com\/index.php\/author\/vangazetesi\/\"}]}<\/script>\n<!-- \/ Yoast SEO Premium plugin. -->","yoast_head_json":{"title":"\u00dcniversiteye haz\u0131rlanan \u00f6\u011frencilere kitap deste\u011fi - Van Haber | Van X Haber | Van Haberleri","robots":{"index":"index","follow":"follow","max-snippet":"max-snippet:-1","max-image-preview":"max-image-preview:large","max-video-preview":"max-video-preview:-1"},"canonical":"https:\/\/vanxhaber.com\/index.php\/2024\/01\/31\/universiteye-hazirlanan-ogrencilere-kitap-destegi\/","og_locale":"tr_TR","og_type":"article","og_title":"\u00dcniversiteye haz\u0131rlanan \u00f6\u011frencilere kitap deste\u011fi","og_description":"\u00dcniversiteye haz\u0131rlanan \u00f6\u011frencilere kitap deste\u011fi Merkezi \u0130stanbul\u2019da olan Nitelikli E\u011fitim ve Ara\u015ft\u0131rma Derne\u011fi (NEVADER), Van ve Hakkari\u2019de \u00fcniversiteye haz\u0131rlanan ihtiya\u00e7 sahibi \u00f6\u011frencilere kaynak kitap deste\u011finde bulunuyor. \u0130stanbul&#8217;da kurulan NEVADER, T\u00fcrkiye&#8217;nin farkl\u0131 illerinde \u00fcniversiteye haz\u0131rlanan ihtiya\u00e7 sahibi \u00f6\u011frencilere kaynak kitap deste\u011finde bulunuyor. 30 y\u0131l\u0131k bir ge\u00e7mi\u015fi olan derne\u011fin Hakkari\u2019den ba\u015flayarak T\u00fcrkiye\u2019nin farkl\u0131 illerinde e\u011fitim \u00e7al\u0131\u015fmas\u0131 ba\u015flatt\u0131\u011f\u0131n\u0131 &hellip;","og_url":"https:\/\/vanxhaber.com\/index.php\/2024\/01\/31\/universiteye-hazirlanan-ogrencilere-kitap-destegi\/","og_site_name":"Van Haber | Van X Haber | Van Haberleri","article_published_time":"2024-01-31T08:07:20+00:00","article_modified_time":"2024-01-31T08:07:22+00:00","og_image":[{"width":641,"height":380,"url":"https:\/\/vanxhaber.com\/wp-content\/uploads\/2024\/01\/kitap-dagitim.jpg","type":"image\/jpeg"}],"author":"Van X Haber","twitter_card":"summary_large_image","twitter_misc":{"Yazan:":"Van X Haber","Tahmini okuma s\u00fcresi":"3 dakika"},"schema":{"@context":"https:\/\/schema.org","@graph":[{"@type":"Article","@id":"https:\/\/vanxhaber.com\/index.php\/2024\/01\/31\/universiteye-hazirlanan-ogrencilere-kitap-destegi\/#article","isPartOf":{"@id":"https:\/\/vanxhaber.com\/index.php\/2024\/01\/31\/universiteye-hazirlanan-ogrencilere-kitap-destegi\/"},"author":{"name":"Van X Haber","@id":"https:\/\/vanxhaber.com\/#\/schema\/person\/a5fd8d89510cb5370e62ad176f7978ee"},"headline":"\u00dcniversiteye haz\u0131rlanan \u00f6\u011frencilere kitap deste\u011fi","datePublished":"2024-01-31T08:07:20+00:00","dateModified":"2024-01-31T08:07:22+00:00","mainEntityOfPage":{"@id":"https:\/\/vanxhaber.com\/index.php\/2024\/01\/31\/universiteye-hazirlanan-ogrencilere-kitap-destegi\/"},"wordCount":557,"commentCount":0,"image":{"@id":"https:\/\/vanxhaber.com\/index.php\/2024\/01\/31\/universiteye-hazirlanan-ogrencilere-kitap-destegi\/#primaryimage"},"thumbnailUrl":"https:\/\/vanxhaber.com\/wp-content\/uploads\/2024\/01\/kitap-dagitim.jpg","articleSection":["Van Haber","Van Haberleri"],"inLanguage":"tr","potentialAction":[{"@type":"CommentAction","name":"Comment","target":["https:\/\/vanxhaber.com\/index.php\/2024\/01\/31\/universiteye-hazirlanan-ogrencilere-kitap-destegi\/#respond"]}],"copyrightYear":"2024","copyrightHolder":{"@id":"https:\/\/vanxhaber.com\/#organization"}},{"@type":"WebPage","@id":"https:\/\/vanxhaber.com\/index.php\/2024\/01\/31\/universiteye-hazirlanan-ogrencilere-kitap-destegi\/","url":"https:\/\/vanxhaber.com\/index.php\/2024\/01\/31\/universiteye-hazirlanan-ogrencilere-kitap-destegi\/","name":"\u00dcniversiteye haz\u0131rlanan \u00f6\u011frencilere kitap deste\u011fi - Van Haber | Van X Haber | Van Haberleri","isPartOf":{"@id":"https:\/\/vanxhaber.com\/#website"},"primaryImageOfPage":{"@id":"https:\/\/vanxhaber.com\/index.php\/2024\/01\/31\/universiteye-hazirlanan-ogrencilere-kitap-destegi\/#primaryimage"},"image":{"@id":"https:\/\/vanxhaber.com\/index.php\/2024\/01\/31\/universiteye-hazirlanan-ogrencilere-kitap-destegi\/#primaryimage"},"thumbnailUrl":"https:\/\/vanxhaber.com\/wp-content\/uploads\/2024\/01\/kitap-dagitim.jpg","datePublished":"2024-01-31T08:07:20+00:00","dateModified":"2024-01-31T08:07:22+00:00","author":{"@id":"https:\/\/vanxhaber.com\/#\/schema\/person\/a5fd8d89510cb5370e62ad176f7978ee"},"breadcrumb":{"@id":"https:\/\/vanxhaber.com\/index.php\/2024\/01\/31\/universiteye-hazirlanan-ogrencilere-kitap-destegi\/#breadcrumb"},"inLanguage":"tr","potentialAction":[{"@type":"ReadAction","target":["https:\/\/vanxhaber.com\/index.php\/2024\/01\/31\/universiteye-hazirlanan-ogrencilere-kitap-destegi\/"]}]},{"@type":"ImageObject","inLanguage":"tr","@id":"https:\/\/vanxhaber.com\/index.php\/2024\/01\/31\/universiteye-hazirlanan-ogrencilere-kitap-destegi\/#primaryimage","url":"https:\/\/vanxhaber.com\/wp-content\/uploads\/2024\/01\/kitap-dagitim.jpg","contentUrl":"https:\/\/vanxhaber.com\/wp-content\/uploads\/2024\/01\/kitap-dagitim.jpg","width":641,"height":380},{"@type":"BreadcrumbList","@id":"https:\/\/vanxhaber.com\/index.php\/2024\/01\/31\/universiteye-hazirlanan-ogrencilere-kitap-destegi\/#breadcrumb","itemListElement":[{"@type":"ListItem","position":1,"name":"Anasayfa","item":"https:\/\/vanxhaber.com\/"},{"@type":"ListItem","position":2,"name":"\u00dcniversiteye haz\u0131rlanan \u00f6\u011frencilere kitap deste\u011fi"}]},{"@type":"WebSite","@id":"https:\/\/vanxhaber.com\/#website","url":"https:\/\/vanxhaber.com\/","name":"Van Haber | Van X Haber | Van Haberleri","description":"Van Haber, Van&#039;\u0131n ilk yapay zeka teknolojileri ile yaz\u0131lan Van X Haber ve Van Haberlerini aktif g\u00fcncel sunan tek vanhaber merkezidir.","potentialAction":[{"@type":"SearchAction","target":{"@type":"EntryPoint","urlTemplate":"https:\/\/vanxhaber.com\/?s={search_term_string}"},"query-input":{"@type":"PropertyValueSpecification","valueRequired":true,"valueName":"search_term_string"}}],"inLanguage":"tr"},{"@type":"Person","@id":"https:\/\/vanxhaber.com\/#\/schema\/person\/a5fd8d89510cb5370e62ad176f7978ee","name":"Van X Haber","image":{"@type":"ImageObject","inLanguage":"tr","@id":"https:\/\/vanxhaber.com\/#\/schema\/person\/image\/","url":"https:\/\/secure.gravatar.com\/avatar\/36f2f63826681263103acb5ca1e7bc1a6db11baea9b75dd091d89b74f2704b07?s=96&d=mm&r=g","contentUrl":"https:\/\/secure.gravatar.com\/avatar\/36f2f63826681263103acb5ca1e7bc1a6db11baea9b75dd091d89b74f2704b07?s=96&d=mm&r=g","caption":"Van X Haber"},"description":"Van X Haber Van'\u0131n ilk ve tek yeni nesil Van Haber merkezi. Son Dakika Van Haberleri ve G\u00fcncel Van haber merkezinde s\u0131cak geli\u015fmeleri aktarmaya devam edece\u011fiz.","url":"https:\/\/vanxhaber.com\/index.php\/author\/vangazetesi\/"}]}},"_links":{"self":[{"href":"https:\/\/vanxhaber.com\/index.php\/wp-json\/wp\/v2\/posts\/1538","targetHints":{"allow":["GET"]}}],"collection":[{"href":"https:\/\/vanxhaber.com\/index.php\/wp-json\/wp\/v2\/posts"}],"about":[{"href":"https:\/\/vanxhaber.com\/index.php\/wp-json\/wp\/v2\/types\/post"}],"author":[{"embeddable":true,"href":"https:\/\/vanxhaber.com\/index.php\/wp-json\/wp\/v2\/users\/2"}],"replies":[{"embeddable":true,"href":"https:\/\/vanxhaber.com\/index.php\/wp-json\/wp\/v2\/comments?post=1538"}],"version-history":[{"count":1,"href":"https:\/\/vanxhaber.com\/index.php\/wp-json\/wp\/v2\/posts\/1538\/revisions"}],"predecessor-version":[{"id":1541,"href":"https:\/\/vanxhaber.com\/index.php\/wp-json\/wp\/v2\/posts\/1538\/revisions\/1541"}],"wp:featuredmedia":[{"embeddable":true,"href":"https:\/\/vanxhaber.com\/index.php\/wp-json\/wp\/v2\/media\/1540"}],"wp:attachment":[{"href":"https:\/\/vanxhaber.com\/index.php\/wp-json\/wp\/v2\/media?parent=1538"}],"wp:term":[{"taxonomy":"category","embeddable":true,"href":"https:\/\/vanxhaber.com\/index.php\/wp-json\/wp\/v2\/categories?post=1538"},{"taxonomy":"post_tag","embeddable":true,"href":"https:\/\/vanxhaber.com\/index.php\/wp-json\/wp\/v2\/tags?post=1538"}],"curies":[{"name":"wp","href":"https:\/\/api.w.org\/{rel}","templated":true}]}}