{"id":1550,"date":"2024-01-31T08:29:27","date_gmt":"2024-01-31T08:29:27","guid":{"rendered":"https:\/\/vanxhaber.com\/?p=1550"},"modified":"2024-01-31T08:29:29","modified_gmt":"2024-01-31T08:29:29","slug":"diyanet-isleri-baskani-erbastan-hac-mujdesi-kontenjan-artacak","status":"publish","type":"post","link":"https:\/\/vanxhaber.com\/index.php\/2024\/01\/31\/diyanet-isleri-baskani-erbastan-hac-mujdesi-kontenjan-artacak\/","title":{"rendered":"Diyanet \u0130\u015fleri Ba\u015fkan\u0131 Erba\u015f\u2019tan hac m\u00fcjdesi! Kontenjan artacak"},"content":{"rendered":"\n<p><strong>Diyanet \u0130\u015fleri Ba\u015fkan\u0131 Prof. Dr. Ali Erba\u015f, bir televizyon kanal\u0131nda g\u00fcndeme ili\u015fkin de\u011ferlendirmelerde bulundu.<\/strong><\/p>\n\n\n\n<p><strong>\u201cF\u0130L\u0130ST\u0130N\u2019\u0130N KURTULU\u015eU B\u0130Z\u0130M G\u00dc\u00c7LENMEM\u0130ZE BA\u011eLI\u201d<\/strong><\/p>\n\n\n\n<p>Erba\u015f, Kud\u00fcs ve Filistin meselesinin M\u00fcsl\u00fcmanlar\u0131n ortak noktas\u0131 oldu\u011funu ve bu ortak noktada M\u00fcsl\u00fcmanlar\u0131n birle\u015fmesi gerekti\u011fini s\u00f6yleyerek, \u201cM\u00fcminleri ortak noktada birle\u015ftirecek baz\u0131 olaylar vard\u0131r. \u0130\u015fte bu olaylar\u0131n en ba\u015f\u0131nda Filistin, Gazze, Kud\u00fcs davas\u0131 gelmektedir. \u00c7\u00fcnk\u00fc zul\u00fcm katland\u0131k\u00e7a devam ediyor, bunu durdurmam\u0131z laz\u0131m. Filistin davam\u0131z bir as\u0131rd\u0131r var. Daha \u00f6nce zaten oralar bizim topraklar\u0131m\u0131zd\u0131. Filistin\u2019in kurtulu\u015fu bizim g\u00fc\u00e7lenmemize ba\u011fl\u0131. \u0130n\u015fallah daha g\u00fc\u00e7l\u00fc olaca\u011f\u0131z ve Filistin kurtulacak, buna inan\u0131yoruz\u201d a\u00e7\u0131klamalar\u0131nda bulundu.<\/p>\n\n\n\n<p><strong>\u201cBOYKOTA DEVAM EDEL\u0130M\u201d<\/strong><\/p>\n\n\n\n<p>Boykot konusuna ili\u015fkin \u00e7a\u011fr\u0131lar\u0131n\u0131 yakla\u015f\u0131k 3 ay \u00f6nce yapt\u0131klar\u0131n\u0131 belirten Erba\u015f, \u201cS\u00f6z\u00fcm\u00fcz\u00fcn ula\u015ft\u0131\u011f\u0131 yurt i\u00e7inde, yurt d\u0131\u015f\u0131nda nerede bizi dinleyen karde\u015fimiz varsa onlara hat\u0131rlat\u0131yorum; boykota devam edelim\u201d dedi.<\/p>\n\n\n\n<p><strong>T\u00dcRK\u0130YE\u2019N\u0130N HAC KONTENJANININ ARTMASI \u0130\u00c7\u0130N M\u00dcRACAAT ED\u0130LD\u0130<\/strong><\/p>\n\n\n\n<p>2024 y\u0131l\u0131 hac d\u00f6nemine ili\u015fkin de a\u00e7\u0131klamada bulunan Erba\u015f, \u201cBu sene hac protokol\u00fcm\u00fcz\u00fc yapt\u0131k. N\u00fcfusumuz 86 milyon oldu\u011fu i\u00e7in bizim de 86 bin hakk\u0131m\u0131z var. M\u00fcracaat\u0131m\u0131z\u0131 yapt\u0131k, n\u00fcfusumuzun g\u00fcncellenmesini talep ettik. O zaman 83 bin 430 rakam\u0131 86 bine \u00e7\u0131kacak in\u015fallah. Bu m\u00fcjdeyi \u015fimdiden vermi\u015f olay\u0131m\u201d ifadelerini kulland\u0131.<\/p>\n","protected":false},"excerpt":{"rendered":"<p>Diyanet \u0130\u015fleri Ba\u015fkan\u0131 Prof. Dr. Ali Erba\u015f, bir televizyon kanal\u0131nda g\u00fcndeme ili\u015fkin de\u011ferlendirmelerde bulundu. \u201cF\u0130L\u0130ST\u0130N\u2019\u0130N KURTULU\u015eU B\u0130Z\u0130M G\u00dc\u00c7LENMEM\u0130ZE BA\u011eLI\u201d Erba\u015f, Kud\u00fcs ve Filistin meselesinin M\u00fcsl\u00fcmanlar\u0131n ortak noktas\u0131 oldu\u011funu ve bu ortak noktada M\u00fcsl\u00fcmanlar\u0131n birle\u015fmesi gerekti\u011fini s\u00f6yleyerek, \u201cM\u00fcminleri ortak noktada birle\u015ftirecek baz\u0131 olaylar vard\u0131r. \u0130\u015fte bu olaylar\u0131n en ba\u015f\u0131nda Filistin, Gazze, Kud\u00fcs davas\u0131 gelmektedir. \u00c7\u00fcnk\u00fc zul\u00fcm &hellip;<\/p>\n","protected":false},"author":2,"featured_media":1552,"comment_status":"open","ping_status":"closed","sticky":false,"template":"","format":"standard","meta":{"googlesitekit_rrm_CAowot3VCw:productID":"","footnotes":""},"categories":[28,1,26,30],"tags":[],"class_list":["post-1550","post","type-post","status-publish","format-standard","has-post-thumbnail","hentry","category-van-egitim","category-van-haber","category-van-siyaset","category-van-x-haber"],"yoast_head":"<!-- This site is optimized with the Yoast SEO Premium plugin v21.7 (Yoast SEO v26.7) - https:\/\/yoast.com\/wordpress\/plugins\/seo\/ -->\n<title>Diyanet \u0130\u015fleri Ba\u015fkan\u0131 Erba\u015f\u2019tan hac m\u00fcjdesi! Kontenjan artacak - Van Haber | Van X Haber | Van Haberleri<\/title>\n<meta name=\"robots\" content=\"index, follow, max-snippet:-1, max-image-preview:large, max-video-preview:-1\" \/>\n<link rel=\"canonical\" href=\"https:\/\/vanxhaber.com\/index.php\/2024\/01\/31\/diyanet-isleri-baskani-erbastan-hac-mujdesi-kontenjan-artacak\/\" \/>\n<meta property=\"og:locale\" content=\"tr_TR\" \/>\n<meta property=\"og:type\" content=\"article\" \/>\n<meta property=\"og:title\" content=\"Diyanet \u0130\u015fleri Ba\u015fkan\u0131 Erba\u015f\u2019tan hac m\u00fcjdesi! Kontenjan artacak\" \/>\n<meta property=\"og:description\" content=\"Diyanet \u0130\u015fleri Ba\u015fkan\u0131 Prof. Dr. Ali Erba\u015f, bir televizyon kanal\u0131nda g\u00fcndeme ili\u015fkin de\u011ferlendirmelerde bulundu. \u201cF\u0130L\u0130ST\u0130N\u2019\u0130N KURTULU\u015eU B\u0130Z\u0130M G\u00dc\u00c7LENMEM\u0130ZE BA\u011eLI\u201d Erba\u015f, Kud\u00fcs ve Filistin meselesinin M\u00fcsl\u00fcmanlar\u0131n ortak noktas\u0131 oldu\u011funu ve bu ortak noktada M\u00fcsl\u00fcmanlar\u0131n birle\u015fmesi gerekti\u011fini s\u00f6yleyerek, \u201cM\u00fcminleri ortak noktada birle\u015ftirecek baz\u0131 olaylar vard\u0131r. \u0130\u015fte bu olaylar\u0131n en ba\u015f\u0131nda Filistin, Gazze, Kud\u00fcs davas\u0131 gelmektedir. \u00c7\u00fcnk\u00fc zul\u00fcm &hellip;\" \/>\n<meta property=\"og:url\" content=\"https:\/\/vanxhaber.com\/index.php\/2024\/01\/31\/diyanet-isleri-baskani-erbastan-hac-mujdesi-kontenjan-artacak\/\" \/>\n<meta property=\"og:site_name\" content=\"Van Haber | Van X Haber | Van Haberleri\" \/>\n<meta property=\"article:published_time\" content=\"2024-01-31T08:29:27+00:00\" \/>\n<meta property=\"article:modified_time\" content=\"2024-01-31T08:29:29+00:00\" \/>\n<meta property=\"og:image\" content=\"https:\/\/vanxhaber.com\/wp-content\/uploads\/2024\/01\/hac-vazifesi.jpg\" \/>\n\t<meta property=\"og:image:width\" content=\"641\" \/>\n\t<meta property=\"og:image:height\" content=\"380\" \/>\n\t<meta property=\"og:image:type\" content=\"image\/jpeg\" \/>\n<meta name=\"author\" content=\"Van X Haber\" \/>\n<meta name=\"twitter:card\" content=\"summary_large_image\" \/>\n<meta name=\"twitter:label1\" content=\"Yazan:\" \/>\n\t<meta name=\"twitter:data1\" content=\"Van X Haber\" \/>\n\t<meta name=\"twitter:label2\" content=\"Tahmini okuma s\u00fcresi\" \/>\n\t<meta name=\"twitter:data2\" content=\"2 dakika\" \/>\n<script type=\"application\/ld+json\" class=\"yoast-schema-graph\">{\"@context\":\"https:\/\/schema.org\",\"@graph\":[{\"@type\":\"Article\",\"@id\":\"https:\/\/vanxhaber.com\/index.php\/2024\/01\/31\/diyanet-isleri-baskani-erbastan-hac-mujdesi-kontenjan-artacak\/#article\",\"isPartOf\":{\"@id\":\"https:\/\/vanxhaber.com\/index.php\/2024\/01\/31\/diyanet-isleri-baskani-erbastan-hac-mujdesi-kontenjan-artacak\/\"},\"author\":{\"name\":\"Van X Haber\",\"@id\":\"https:\/\/vanxhaber.com\/#\/schema\/person\/a5fd8d89510cb5370e62ad176f7978ee\"},\"headline\":\"Diyanet \u0130\u015fleri Ba\u015fkan\u0131 Erba\u015f\u2019tan hac m\u00fcjdesi! Kontenjan artacak\",\"datePublished\":\"2024-01-31T08:29:27+00:00\",\"dateModified\":\"2024-01-31T08:29:29+00:00\",\"mainEntityOfPage\":{\"@id\":\"https:\/\/vanxhaber.com\/index.php\/2024\/01\/31\/diyanet-isleri-baskani-erbastan-hac-mujdesi-kontenjan-artacak\/\"},\"wordCount\":275,\"commentCount\":0,\"image\":{\"@id\":\"https:\/\/vanxhaber.com\/index.php\/2024\/01\/31\/diyanet-isleri-baskani-erbastan-hac-mujdesi-kontenjan-artacak\/#primaryimage\"},\"thumbnailUrl\":\"https:\/\/vanxhaber.com\/wp-content\/uploads\/2024\/01\/hac-vazifesi.jpg\",\"articleSection\":[\"Van E\u011fitim\",\"Van Haber\",\"Van Siyaset\",\"Van X Haber\"],\"inLanguage\":\"tr\",\"potentialAction\":[{\"@type\":\"CommentAction\",\"name\":\"Comment\",\"target\":[\"https:\/\/vanxhaber.com\/index.php\/2024\/01\/31\/diyanet-isleri-baskani-erbastan-hac-mujdesi-kontenjan-artacak\/#respond\"]}],\"copyrightYear\":\"2024\",\"copyrightHolder\":{\"@id\":\"https:\/\/vanxhaber.com\/#organization\"}},{\"@type\":\"WebPage\",\"@id\":\"https:\/\/vanxhaber.com\/index.php\/2024\/01\/31\/diyanet-isleri-baskani-erbastan-hac-mujdesi-kontenjan-artacak\/\",\"url\":\"https:\/\/vanxhaber.com\/index.php\/2024\/01\/31\/diyanet-isleri-baskani-erbastan-hac-mujdesi-kontenjan-artacak\/\",\"name\":\"Diyanet \u0130\u015fleri Ba\u015fkan\u0131 Erba\u015f\u2019tan hac m\u00fcjdesi! Kontenjan artacak - Van Haber | Van X Haber | Van Haberleri\",\"isPartOf\":{\"@id\":\"https:\/\/vanxhaber.com\/#website\"},\"primaryImageOfPage\":{\"@id\":\"https:\/\/vanxhaber.com\/index.php\/2024\/01\/31\/diyanet-isleri-baskani-erbastan-hac-mujdesi-kontenjan-artacak\/#primaryimage\"},\"image\":{\"@id\":\"https:\/\/vanxhaber.com\/index.php\/2024\/01\/31\/diyanet-isleri-baskani-erbastan-hac-mujdesi-kontenjan-artacak\/#primaryimage\"},\"thumbnailUrl\":\"https:\/\/vanxhaber.com\/wp-content\/uploads\/2024\/01\/hac-vazifesi.jpg\",\"datePublished\":\"2024-01-31T08:29:27+00:00\",\"dateModified\":\"2024-01-31T08:29:29+00:00\",\"author\":{\"@id\":\"https:\/\/vanxhaber.com\/#\/schema\/person\/a5fd8d89510cb5370e62ad176f7978ee\"},\"breadcrumb\":{\"@id\":\"https:\/\/vanxhaber.com\/index.php\/2024\/01\/31\/diyanet-isleri-baskani-erbastan-hac-mujdesi-kontenjan-artacak\/#breadcrumb\"},\"inLanguage\":\"tr\",\"potentialAction\":[{\"@type\":\"ReadAction\",\"target\":[\"https:\/\/vanxhaber.com\/index.php\/2024\/01\/31\/diyanet-isleri-baskani-erbastan-hac-mujdesi-kontenjan-artacak\/\"]}]},{\"@type\":\"ImageObject\",\"inLanguage\":\"tr\",\"@id\":\"https:\/\/vanxhaber.com\/index.php\/2024\/01\/31\/diyanet-isleri-baskani-erbastan-hac-mujdesi-kontenjan-artacak\/#primaryimage\",\"url\":\"https:\/\/vanxhaber.com\/wp-content\/uploads\/2024\/01\/hac-vazifesi.jpg\",\"contentUrl\":\"https:\/\/vanxhaber.com\/wp-content\/uploads\/2024\/01\/hac-vazifesi.jpg\",\"width\":641,\"height\":380},{\"@type\":\"BreadcrumbList\",\"@id\":\"https:\/\/vanxhaber.com\/index.php\/2024\/01\/31\/diyanet-isleri-baskani-erbastan-hac-mujdesi-kontenjan-artacak\/#breadcrumb\",\"itemListElement\":[{\"@type\":\"ListItem\",\"position\":1,\"name\":\"Anasayfa\",\"item\":\"https:\/\/vanxhaber.com\/\"},{\"@type\":\"ListItem\",\"position\":2,\"name\":\"Diyanet \u0130\u015fleri Ba\u015fkan\u0131 Erba\u015f\u2019tan hac m\u00fcjdesi! Kontenjan artacak\"}]},{\"@type\":\"WebSite\",\"@id\":\"https:\/\/vanxhaber.com\/#website\",\"url\":\"https:\/\/vanxhaber.com\/\",\"name\":\"Van Haber | Van X Haber | Van Haberleri\",\"description\":\"Van Haber, Van&#039;\u0131n ilk yapay zeka teknolojileri ile yaz\u0131lan Van X Haber ve Van Haberlerini aktif g\u00fcncel sunan tek vanhaber merkezidir.\",\"potentialAction\":[{\"@type\":\"SearchAction\",\"target\":{\"@type\":\"EntryPoint\",\"urlTemplate\":\"https:\/\/vanxhaber.com\/?s={search_term_string}\"},\"query-input\":{\"@type\":\"PropertyValueSpecification\",\"valueRequired\":true,\"valueName\":\"search_term_string\"}}],\"inLanguage\":\"tr\"},{\"@type\":\"Person\",\"@id\":\"https:\/\/vanxhaber.com\/#\/schema\/person\/a5fd8d89510cb5370e62ad176f7978ee\",\"name\":\"Van X Haber\",\"image\":{\"@type\":\"ImageObject\",\"inLanguage\":\"tr\",\"@id\":\"https:\/\/vanxhaber.com\/#\/schema\/person\/image\/\",\"url\":\"https:\/\/secure.gravatar.com\/avatar\/36f2f63826681263103acb5ca1e7bc1a6db11baea9b75dd091d89b74f2704b07?s=96&d=mm&r=g\",\"contentUrl\":\"https:\/\/secure.gravatar.com\/avatar\/36f2f63826681263103acb5ca1e7bc1a6db11baea9b75dd091d89b74f2704b07?s=96&d=mm&r=g\",\"caption\":\"Van X Haber\"},\"description\":\"Van X Haber Van'\u0131n ilk ve tek yeni nesil Van Haber merkezi. Son Dakika Van Haberleri ve G\u00fcncel Van haber merkezinde s\u0131cak geli\u015fmeleri aktarmaya devam edece\u011fiz.\",\"url\":\"https:\/\/vanxhaber.com\/index.php\/author\/vangazetesi\/\"}]}<\/script>\n<!-- \/ Yoast SEO Premium plugin. -->","yoast_head_json":{"title":"Diyanet \u0130\u015fleri Ba\u015fkan\u0131 Erba\u015f\u2019tan hac m\u00fcjdesi! Kontenjan artacak - Van Haber | Van X Haber | Van Haberleri","robots":{"index":"index","follow":"follow","max-snippet":"max-snippet:-1","max-image-preview":"max-image-preview:large","max-video-preview":"max-video-preview:-1"},"canonical":"https:\/\/vanxhaber.com\/index.php\/2024\/01\/31\/diyanet-isleri-baskani-erbastan-hac-mujdesi-kontenjan-artacak\/","og_locale":"tr_TR","og_type":"article","og_title":"Diyanet \u0130\u015fleri Ba\u015fkan\u0131 Erba\u015f\u2019tan hac m\u00fcjdesi! Kontenjan artacak","og_description":"Diyanet \u0130\u015fleri Ba\u015fkan\u0131 Prof. Dr. Ali Erba\u015f, bir televizyon kanal\u0131nda g\u00fcndeme ili\u015fkin de\u011ferlendirmelerde bulundu. \u201cF\u0130L\u0130ST\u0130N\u2019\u0130N KURTULU\u015eU B\u0130Z\u0130M G\u00dc\u00c7LENMEM\u0130ZE BA\u011eLI\u201d Erba\u015f, Kud\u00fcs ve Filistin meselesinin M\u00fcsl\u00fcmanlar\u0131n ortak noktas\u0131 oldu\u011funu ve bu ortak noktada M\u00fcsl\u00fcmanlar\u0131n birle\u015fmesi gerekti\u011fini s\u00f6yleyerek, \u201cM\u00fcminleri ortak noktada birle\u015ftirecek baz\u0131 olaylar vard\u0131r. \u0130\u015fte bu olaylar\u0131n en ba\u015f\u0131nda Filistin, Gazze, Kud\u00fcs davas\u0131 gelmektedir. \u00c7\u00fcnk\u00fc zul\u00fcm &hellip;","og_url":"https:\/\/vanxhaber.com\/index.php\/2024\/01\/31\/diyanet-isleri-baskani-erbastan-hac-mujdesi-kontenjan-artacak\/","og_site_name":"Van Haber | Van X Haber | Van Haberleri","article_published_time":"2024-01-31T08:29:27+00:00","article_modified_time":"2024-01-31T08:29:29+00:00","og_image":[{"width":641,"height":380,"url":"https:\/\/vanxhaber.com\/wp-content\/uploads\/2024\/01\/hac-vazifesi.jpg","type":"image\/jpeg"}],"author":"Van X Haber","twitter_card":"summary_large_image","twitter_misc":{"Yazan:":"Van X Haber","Tahmini okuma s\u00fcresi":"2 dakika"},"schema":{"@context":"https:\/\/schema.org","@graph":[{"@type":"Article","@id":"https:\/\/vanxhaber.com\/index.php\/2024\/01\/31\/diyanet-isleri-baskani-erbastan-hac-mujdesi-kontenjan-artacak\/#article","isPartOf":{"@id":"https:\/\/vanxhaber.com\/index.php\/2024\/01\/31\/diyanet-isleri-baskani-erbastan-hac-mujdesi-kontenjan-artacak\/"},"author":{"name":"Van X Haber","@id":"https:\/\/vanxhaber.com\/#\/schema\/person\/a5fd8d89510cb5370e62ad176f7978ee"},"headline":"Diyanet \u0130\u015fleri Ba\u015fkan\u0131 Erba\u015f\u2019tan hac m\u00fcjdesi! Kontenjan artacak","datePublished":"2024-01-31T08:29:27+00:00","dateModified":"2024-01-31T08:29:29+00:00","mainEntityOfPage":{"@id":"https:\/\/vanxhaber.com\/index.php\/2024\/01\/31\/diyanet-isleri-baskani-erbastan-hac-mujdesi-kontenjan-artacak\/"},"wordCount":275,"commentCount":0,"image":{"@id":"https:\/\/vanxhaber.com\/index.php\/2024\/01\/31\/diyanet-isleri-baskani-erbastan-hac-mujdesi-kontenjan-artacak\/#primaryimage"},"thumbnailUrl":"https:\/\/vanxhaber.com\/wp-content\/uploads\/2024\/01\/hac-vazifesi.jpg","articleSection":["Van E\u011fitim","Van Haber","Van Siyaset","Van X Haber"],"inLanguage":"tr","potentialAction":[{"@type":"CommentAction","name":"Comment","target":["https:\/\/vanxhaber.com\/index.php\/2024\/01\/31\/diyanet-isleri-baskani-erbastan-hac-mujdesi-kontenjan-artacak\/#respond"]}],"copyrightYear":"2024","copyrightHolder":{"@id":"https:\/\/vanxhaber.com\/#organization"}},{"@type":"WebPage","@id":"https:\/\/vanxhaber.com\/index.php\/2024\/01\/31\/diyanet-isleri-baskani-erbastan-hac-mujdesi-kontenjan-artacak\/","url":"https:\/\/vanxhaber.com\/index.php\/2024\/01\/31\/diyanet-isleri-baskani-erbastan-hac-mujdesi-kontenjan-artacak\/","name":"Diyanet \u0130\u015fleri Ba\u015fkan\u0131 Erba\u015f\u2019tan hac m\u00fcjdesi! Kontenjan artacak - Van Haber | Van X Haber | Van Haberleri","isPartOf":{"@id":"https:\/\/vanxhaber.com\/#website"},"primaryImageOfPage":{"@id":"https:\/\/vanxhaber.com\/index.php\/2024\/01\/31\/diyanet-isleri-baskani-erbastan-hac-mujdesi-kontenjan-artacak\/#primaryimage"},"image":{"@id":"https:\/\/vanxhaber.com\/index.php\/2024\/01\/31\/diyanet-isleri-baskani-erbastan-hac-mujdesi-kontenjan-artacak\/#primaryimage"},"thumbnailUrl":"https:\/\/vanxhaber.com\/wp-content\/uploads\/2024\/01\/hac-vazifesi.jpg","datePublished":"2024-01-31T08:29:27+00:00","dateModified":"2024-01-31T08:29:29+00:00","author":{"@id":"https:\/\/vanxhaber.com\/#\/schema\/person\/a5fd8d89510cb5370e62ad176f7978ee"},"breadcrumb":{"@id":"https:\/\/vanxhaber.com\/index.php\/2024\/01\/31\/diyanet-isleri-baskani-erbastan-hac-mujdesi-kontenjan-artacak\/#breadcrumb"},"inLanguage":"tr","potentialAction":[{"@type":"ReadAction","target":["https:\/\/vanxhaber.com\/index.php\/2024\/01\/31\/diyanet-isleri-baskani-erbastan-hac-mujdesi-kontenjan-artacak\/"]}]},{"@type":"ImageObject","inLanguage":"tr","@id":"https:\/\/vanxhaber.com\/index.php\/2024\/01\/31\/diyanet-isleri-baskani-erbastan-hac-mujdesi-kontenjan-artacak\/#primaryimage","url":"https:\/\/vanxhaber.com\/wp-content\/uploads\/2024\/01\/hac-vazifesi.jpg","contentUrl":"https:\/\/vanxhaber.com\/wp-content\/uploads\/2024\/01\/hac-vazifesi.jpg","width":641,"height":380},{"@type":"BreadcrumbList","@id":"https:\/\/vanxhaber.com\/index.php\/2024\/01\/31\/diyanet-isleri-baskani-erbastan-hac-mujdesi-kontenjan-artacak\/#breadcrumb","itemListElement":[{"@type":"ListItem","position":1,"name":"Anasayfa","item":"https:\/\/vanxhaber.com\/"},{"@type":"ListItem","position":2,"name":"Diyanet \u0130\u015fleri Ba\u015fkan\u0131 Erba\u015f\u2019tan hac m\u00fcjdesi! Kontenjan artacak"}]},{"@type":"WebSite","@id":"https:\/\/vanxhaber.com\/#website","url":"https:\/\/vanxhaber.com\/","name":"Van Haber | Van X Haber | Van Haberleri","description":"Van Haber, Van&#039;\u0131n ilk yapay zeka teknolojileri ile yaz\u0131lan Van X Haber ve Van Haberlerini aktif g\u00fcncel sunan tek vanhaber merkezidir.","potentialAction":[{"@type":"SearchAction","target":{"@type":"EntryPoint","urlTemplate":"https:\/\/vanxhaber.com\/?s={search_term_string}"},"query-input":{"@type":"PropertyValueSpecification","valueRequired":true,"valueName":"search_term_string"}}],"inLanguage":"tr"},{"@type":"Person","@id":"https:\/\/vanxhaber.com\/#\/schema\/person\/a5fd8d89510cb5370e62ad176f7978ee","name":"Van X Haber","image":{"@type":"ImageObject","inLanguage":"tr","@id":"https:\/\/vanxhaber.com\/#\/schema\/person\/image\/","url":"https:\/\/secure.gravatar.com\/avatar\/36f2f63826681263103acb5ca1e7bc1a6db11baea9b75dd091d89b74f2704b07?s=96&d=mm&r=g","contentUrl":"https:\/\/secure.gravatar.com\/avatar\/36f2f63826681263103acb5ca1e7bc1a6db11baea9b75dd091d89b74f2704b07?s=96&d=mm&r=g","caption":"Van X Haber"},"description":"Van X Haber Van'\u0131n ilk ve tek yeni nesil Van Haber merkezi. Son Dakika Van Haberleri ve G\u00fcncel Van haber merkezinde s\u0131cak geli\u015fmeleri aktarmaya devam edece\u011fiz.","url":"https:\/\/vanxhaber.com\/index.php\/author\/vangazetesi\/"}]}},"_links":{"self":[{"href":"https:\/\/vanxhaber.com\/index.php\/wp-json\/wp\/v2\/posts\/1550","targetHints":{"allow":["GET"]}}],"collection":[{"href":"https:\/\/vanxhaber.com\/index.php\/wp-json\/wp\/v2\/posts"}],"about":[{"href":"https:\/\/vanxhaber.com\/index.php\/wp-json\/wp\/v2\/types\/post"}],"author":[{"embeddable":true,"href":"https:\/\/vanxhaber.com\/index.php\/wp-json\/wp\/v2\/users\/2"}],"replies":[{"embeddable":true,"href":"https:\/\/vanxhaber.com\/index.php\/wp-json\/wp\/v2\/comments?post=1550"}],"version-history":[{"count":1,"href":"https:\/\/vanxhaber.com\/index.php\/wp-json\/wp\/v2\/posts\/1550\/revisions"}],"predecessor-version":[{"id":1553,"href":"https:\/\/vanxhaber.com\/index.php\/wp-json\/wp\/v2\/posts\/1550\/revisions\/1553"}],"wp:featuredmedia":[{"embeddable":true,"href":"https:\/\/vanxhaber.com\/index.php\/wp-json\/wp\/v2\/media\/1552"}],"wp:attachment":[{"href":"https:\/\/vanxhaber.com\/index.php\/wp-json\/wp\/v2\/media?parent=1550"}],"wp:term":[{"taxonomy":"category","embeddable":true,"href":"https:\/\/vanxhaber.com\/index.php\/wp-json\/wp\/v2\/categories?post=1550"},{"taxonomy":"post_tag","embeddable":true,"href":"https:\/\/vanxhaber.com\/index.php\/wp-json\/wp\/v2\/tags?post=1550"}],"curies":[{"name":"wp","href":"https:\/\/api.w.org\/{rel}","templated":true}]}}