{"id":1554,"date":"2024-02-01T08:50:41","date_gmt":"2024-02-01T08:50:41","guid":{"rendered":"https:\/\/vanxhaber.com\/?p=1554"},"modified":"2024-02-01T08:50:43","modified_gmt":"2024-02-01T08:50:43","slug":"van-berberler-ve-kuaforler-odasi-zam-yapti-iste-yeni-fiyatlar","status":"publish","type":"post","link":"https:\/\/vanxhaber.com\/index.php\/2024\/02\/01\/van-berberler-ve-kuaforler-odasi-zam-yapti-iste-yeni-fiyatlar\/","title":{"rendered":"Van Berberler ve Kuaf\u00f6rler Odas\u0131 Zam Yapt\u0131: \u0130\u015fte Yeni Fiyatlar"},"content":{"rendered":"\n<p><strong>Van&#8217;da berber ve kuaf\u00f6rler, girdi maliyetlerindeki art\u0131\u015f nedeniyle t\u0131ra\u015f \u00fccretlerine zam yapt\u0131. \u0130\u015fte g\u00fcncellenen fiyatlar ve sekt\u00f6r temsilcilerinin a\u00e7\u0131klamalar\u0131!<\/strong><\/p>\n\n\n\n<p>Son d\u00f6nemde girdi maliyetlerinde ya\u015fanan art\u0131\u015flar neticesinde Van&#8217;da bulunan berber ve kuaf\u00f6rler, t\u0131ra\u015f \u00fccretlerine zam yapt\u0131. Berberler Odas\u0131, ald\u0131\u011f\u0131 karar do\u011frultusunda \u00fcyelerine zaml\u0131 tarife listelerini iletti ve bundan sonra t\u0131ra\u015flar yeni tarife listesine g\u00f6re yap\u0131lacak.<\/p>\n\n\n\n<p>Yap\u0131lan zam oranlar\u0131na g\u00f6re, sa\u00e7 kesimi 200 TL&#8217;ye, sakal kesimi 100 TL&#8217;ye, sa\u00e7 ve sakal kesimi kombinasyonu 300 TL&#8217;ye, sa\u00e7 kesimi ve y\u0131kama 200 TL&#8217;ye, sa\u00e7, sakal ve y\u0131kama hizmeti 350 TL&#8217;ye, \u00e7ocuk t\u0131ra\u015f\u0131 (makine ile) 100 TL&#8217;ye, \u00e7ocuk t\u0131ra\u015f\u0131 (fantezi) ise 150 TL&#8217;ye y\u00fckseltildi.<\/p>\n\n\n\n<p>Ek olarak, ekstra hizmetlerde makine ile sa\u00e7 kesimi 100 lira, sa\u00e7 y\u0131kama ve f\u00f6n \u00e7ekme 100 lira, buhar veya kompres 100 lira, sa\u00e7 boyama 500 lira, b\u0131y\u0131k ve sakal boyama 300 lira, damat t\u0131ra\u015f\u0131 2 bin lira, maske 80 lira, sa\u00e7 bak\u0131m\u0131 200 lira, sir a\u011fda yanak ve kulak 100 lira, sa\u00e7\u0131n ustura ile kaz\u0131nmas\u0131 250 lira, d\u00fckk\u00e2n harici t\u0131ra\u015flar ise 250 lira olarak belirlendi.<\/p>\n\n\n\n<p>Van Berberler ve Kuaf\u00f6rler Odas\u0131 Ba\u015fkan\u0131 Veysel Ko\u00e7, yapt\u0131\u011f\u0131 a\u00e7\u0131klamada, &#8220;Son d\u00f6nemlerde ev ve d\u00fckk\u00e2n kiralar\u0131 ciddi anlamda artt\u0131. Bu anlamda berber ve kuaf\u00f6r esnaf\u0131m\u0131z\u0131n giderleri kat kat artt\u0131. Kulland\u0131klar\u0131 \u00fcr\u00fcnler y\u00fczde y\u00fcz artt\u0131. Yine SGK- Ba\u011fkur primleri ciddi oranda artt\u0131. Asgari \u00fccret keza ayn\u0131 \u015fekilde artt\u0131. Bunun yan\u0131nda piyasadaki b\u00fct\u00fcn \u00fcr\u00fcnler zamland\u0131. Esnaf ve sanatk\u00e2r\u0131m\u0131z\u0131n bu fiyat tarifesine ihtiyac\u0131 vard\u0131&#8221; \u015feklinde konu\u015ftu.<\/p>\n\n\n\n<p>Ko\u00e7, ayr\u0131ca, &#8220;Esnaf ve sanatk\u00e2r\u0131m\u0131z\u0131n el eme\u011finin, g\u00f6z nurunun bir nebze olsun kar\u015f\u0131l\u0131\u011f\u0131n\u0131n bedelidir. Esnaf ve sanatk\u00e2r\u0131m\u0131zdan bu anlamda bir ricam var. Bu fiyat tarifesinin alt\u0131na inmesinler. Sanatlar\u0131n\u0131 ucuza satmas\u0131nlar. El eme\u011fi, g\u00f6z nuru hizmetlerini hi\u00e7e saymas\u0131nlar. Bunun yan\u0131 s\u0131ra \u00f6zellikle bayan kuaf\u00f6rlerimizden bir ricam\u0131z var. Sosyal medyalarda indirimli kampanyalar yapmamalar\u0131n\u0131 \u00f6nemle arz ediyorum&#8221; ifadelerini kulland\u0131.<\/p>\n","protected":false},"excerpt":{"rendered":"<p>Van&#8217;da berber ve kuaf\u00f6rler, girdi maliyetlerindeki art\u0131\u015f nedeniyle t\u0131ra\u015f \u00fccretlerine zam yapt\u0131. \u0130\u015fte g\u00fcncellenen fiyatlar ve sekt\u00f6r temsilcilerinin a\u00e7\u0131klamalar\u0131! Son d\u00f6nemde girdi maliyetlerinde ya\u015fanan art\u0131\u015flar neticesinde Van&#8217;da bulunan berber ve kuaf\u00f6rler, t\u0131ra\u015f \u00fccretlerine zam yapt\u0131. Berberler Odas\u0131, ald\u0131\u011f\u0131 karar do\u011frultusunda \u00fcyelerine zaml\u0131 tarife listelerini iletti ve bundan sonra t\u0131ra\u015flar yeni tarife listesine g\u00f6re yap\u0131lacak. Yap\u0131lan &hellip;<\/p>\n","protected":false},"author":2,"featured_media":1556,"comment_status":"open","ping_status":"closed","sticky":false,"template":"","format":"standard","meta":{"googlesitekit_rrm_CAowot3VCw:productID":"","footnotes":""},"categories":[32,1],"tags":[],"class_list":["post-1554","post","type-post","status-publish","format-standard","has-post-thumbnail","hentry","category-van-genclik","category-van-haber"],"yoast_head":"<!-- This site is optimized with the Yoast SEO Premium plugin v21.7 (Yoast SEO v26.7) - https:\/\/yoast.com\/wordpress\/plugins\/seo\/ -->\n<title>Van Berberler ve Kuaf\u00f6rler Odas\u0131 Zam Yapt\u0131: \u0130\u015fte Yeni Fiyatlar - Van Haber | Van X Haber | Van Haberleri<\/title>\n<meta name=\"robots\" content=\"index, follow, max-snippet:-1, max-image-preview:large, max-video-preview:-1\" \/>\n<link rel=\"canonical\" href=\"https:\/\/vanxhaber.com\/index.php\/2024\/02\/01\/van-berberler-ve-kuaforler-odasi-zam-yapti-iste-yeni-fiyatlar\/\" \/>\n<meta property=\"og:locale\" content=\"tr_TR\" \/>\n<meta property=\"og:type\" content=\"article\" \/>\n<meta property=\"og:title\" content=\"Van Berberler ve Kuaf\u00f6rler Odas\u0131 Zam Yapt\u0131: \u0130\u015fte Yeni Fiyatlar\" \/>\n<meta property=\"og:description\" content=\"Van&#8217;da berber ve kuaf\u00f6rler, girdi maliyetlerindeki art\u0131\u015f nedeniyle t\u0131ra\u015f \u00fccretlerine zam yapt\u0131. \u0130\u015fte g\u00fcncellenen fiyatlar ve sekt\u00f6r temsilcilerinin a\u00e7\u0131klamalar\u0131! Son d\u00f6nemde girdi maliyetlerinde ya\u015fanan art\u0131\u015flar neticesinde Van&#8217;da bulunan berber ve kuaf\u00f6rler, t\u0131ra\u015f \u00fccretlerine zam yapt\u0131. Berberler Odas\u0131, ald\u0131\u011f\u0131 karar do\u011frultusunda \u00fcyelerine zaml\u0131 tarife listelerini iletti ve bundan sonra t\u0131ra\u015flar yeni tarife listesine g\u00f6re yap\u0131lacak. Yap\u0131lan &hellip;\" \/>\n<meta property=\"og:url\" content=\"https:\/\/vanxhaber.com\/index.php\/2024\/02\/01\/van-berberler-ve-kuaforler-odasi-zam-yapti-iste-yeni-fiyatlar\/\" \/>\n<meta property=\"og:site_name\" content=\"Van Haber | Van X Haber | Van Haberleri\" \/>\n<meta property=\"article:published_time\" content=\"2024-02-01T08:50:41+00:00\" \/>\n<meta property=\"article:modified_time\" content=\"2024-02-01T08:50:43+00:00\" \/>\n<meta property=\"og:image\" content=\"https:\/\/vanxhaber.com\/wp-content\/uploads\/2024\/02\/van-berber.jpg\" \/>\n\t<meta property=\"og:image:width\" content=\"641\" \/>\n\t<meta property=\"og:image:height\" content=\"380\" \/>\n\t<meta property=\"og:image:type\" content=\"image\/jpeg\" \/>\n<meta name=\"author\" content=\"Van X Haber\" \/>\n<meta name=\"twitter:card\" content=\"summary_large_image\" \/>\n<meta name=\"twitter:label1\" content=\"Yazan:\" \/>\n\t<meta name=\"twitter:data1\" content=\"Van X Haber\" \/>\n\t<meta name=\"twitter:label2\" content=\"Tahmini okuma s\u00fcresi\" \/>\n\t<meta name=\"twitter:data2\" content=\"2 dakika\" \/>\n<script type=\"application\/ld+json\" class=\"yoast-schema-graph\">{\"@context\":\"https:\/\/schema.org\",\"@graph\":[{\"@type\":\"Article\",\"@id\":\"https:\/\/vanxhaber.com\/index.php\/2024\/02\/01\/van-berberler-ve-kuaforler-odasi-zam-yapti-iste-yeni-fiyatlar\/#article\",\"isPartOf\":{\"@id\":\"https:\/\/vanxhaber.com\/index.php\/2024\/02\/01\/van-berberler-ve-kuaforler-odasi-zam-yapti-iste-yeni-fiyatlar\/\"},\"author\":{\"name\":\"Van X Haber\",\"@id\":\"https:\/\/vanxhaber.com\/#\/schema\/person\/a5fd8d89510cb5370e62ad176f7978ee\"},\"headline\":\"Van Berberler ve Kuaf\u00f6rler Odas\u0131 Zam Yapt\u0131: \u0130\u015fte Yeni Fiyatlar\",\"datePublished\":\"2024-02-01T08:50:41+00:00\",\"dateModified\":\"2024-02-01T08:50:43+00:00\",\"mainEntityOfPage\":{\"@id\":\"https:\/\/vanxhaber.com\/index.php\/2024\/02\/01\/van-berberler-ve-kuaforler-odasi-zam-yapti-iste-yeni-fiyatlar\/\"},\"wordCount\":369,\"commentCount\":0,\"image\":{\"@id\":\"https:\/\/vanxhaber.com\/index.php\/2024\/02\/01\/van-berberler-ve-kuaforler-odasi-zam-yapti-iste-yeni-fiyatlar\/#primaryimage\"},\"thumbnailUrl\":\"https:\/\/vanxhaber.com\/wp-content\/uploads\/2024\/02\/van-berber.jpg\",\"articleSection\":[\"Van\u00a0Gen\u00e7lik\",\"Van Haber\"],\"inLanguage\":\"tr\",\"potentialAction\":[{\"@type\":\"CommentAction\",\"name\":\"Comment\",\"target\":[\"https:\/\/vanxhaber.com\/index.php\/2024\/02\/01\/van-berberler-ve-kuaforler-odasi-zam-yapti-iste-yeni-fiyatlar\/#respond\"]}],\"copyrightYear\":\"2024\",\"copyrightHolder\":{\"@id\":\"https:\/\/vanxhaber.com\/#organization\"}},{\"@type\":\"WebPage\",\"@id\":\"https:\/\/vanxhaber.com\/index.php\/2024\/02\/01\/van-berberler-ve-kuaforler-odasi-zam-yapti-iste-yeni-fiyatlar\/\",\"url\":\"https:\/\/vanxhaber.com\/index.php\/2024\/02\/01\/van-berberler-ve-kuaforler-odasi-zam-yapti-iste-yeni-fiyatlar\/\",\"name\":\"Van Berberler ve Kuaf\u00f6rler Odas\u0131 Zam Yapt\u0131: \u0130\u015fte Yeni Fiyatlar - Van Haber | Van X Haber | Van Haberleri\",\"isPartOf\":{\"@id\":\"https:\/\/vanxhaber.com\/#website\"},\"primaryImageOfPage\":{\"@id\":\"https:\/\/vanxhaber.com\/index.php\/2024\/02\/01\/van-berberler-ve-kuaforler-odasi-zam-yapti-iste-yeni-fiyatlar\/#primaryimage\"},\"image\":{\"@id\":\"https:\/\/vanxhaber.com\/index.php\/2024\/02\/01\/van-berberler-ve-kuaforler-odasi-zam-yapti-iste-yeni-fiyatlar\/#primaryimage\"},\"thumbnailUrl\":\"https:\/\/vanxhaber.com\/wp-content\/uploads\/2024\/02\/van-berber.jpg\",\"datePublished\":\"2024-02-01T08:50:41+00:00\",\"dateModified\":\"2024-02-01T08:50:43+00:00\",\"author\":{\"@id\":\"https:\/\/vanxhaber.com\/#\/schema\/person\/a5fd8d89510cb5370e62ad176f7978ee\"},\"breadcrumb\":{\"@id\":\"https:\/\/vanxhaber.com\/index.php\/2024\/02\/01\/van-berberler-ve-kuaforler-odasi-zam-yapti-iste-yeni-fiyatlar\/#breadcrumb\"},\"inLanguage\":\"tr\",\"potentialAction\":[{\"@type\":\"ReadAction\",\"target\":[\"https:\/\/vanxhaber.com\/index.php\/2024\/02\/01\/van-berberler-ve-kuaforler-odasi-zam-yapti-iste-yeni-fiyatlar\/\"]}]},{\"@type\":\"ImageObject\",\"inLanguage\":\"tr\",\"@id\":\"https:\/\/vanxhaber.com\/index.php\/2024\/02\/01\/van-berberler-ve-kuaforler-odasi-zam-yapti-iste-yeni-fiyatlar\/#primaryimage\",\"url\":\"https:\/\/vanxhaber.com\/wp-content\/uploads\/2024\/02\/van-berber.jpg\",\"contentUrl\":\"https:\/\/vanxhaber.com\/wp-content\/uploads\/2024\/02\/van-berber.jpg\",\"width\":641,\"height\":380},{\"@type\":\"BreadcrumbList\",\"@id\":\"https:\/\/vanxhaber.com\/index.php\/2024\/02\/01\/van-berberler-ve-kuaforler-odasi-zam-yapti-iste-yeni-fiyatlar\/#breadcrumb\",\"itemListElement\":[{\"@type\":\"ListItem\",\"position\":1,\"name\":\"Anasayfa\",\"item\":\"https:\/\/vanxhaber.com\/\"},{\"@type\":\"ListItem\",\"position\":2,\"name\":\"Van Berberler ve Kuaf\u00f6rler Odas\u0131 Zam Yapt\u0131: \u0130\u015fte Yeni Fiyatlar\"}]},{\"@type\":\"WebSite\",\"@id\":\"https:\/\/vanxhaber.com\/#website\",\"url\":\"https:\/\/vanxhaber.com\/\",\"name\":\"Van Haber | Van X Haber | Van Haberleri\",\"description\":\"Van Haber, Van&#039;\u0131n ilk yapay zeka teknolojileri ile yaz\u0131lan Van X Haber ve Van Haberlerini aktif g\u00fcncel sunan tek vanhaber merkezidir.\",\"potentialAction\":[{\"@type\":\"SearchAction\",\"target\":{\"@type\":\"EntryPoint\",\"urlTemplate\":\"https:\/\/vanxhaber.com\/?s={search_term_string}\"},\"query-input\":{\"@type\":\"PropertyValueSpecification\",\"valueRequired\":true,\"valueName\":\"search_term_string\"}}],\"inLanguage\":\"tr\"},{\"@type\":\"Person\",\"@id\":\"https:\/\/vanxhaber.com\/#\/schema\/person\/a5fd8d89510cb5370e62ad176f7978ee\",\"name\":\"Van X Haber\",\"image\":{\"@type\":\"ImageObject\",\"inLanguage\":\"tr\",\"@id\":\"https:\/\/vanxhaber.com\/#\/schema\/person\/image\/\",\"url\":\"https:\/\/secure.gravatar.com\/avatar\/36f2f63826681263103acb5ca1e7bc1a6db11baea9b75dd091d89b74f2704b07?s=96&d=mm&r=g\",\"contentUrl\":\"https:\/\/secure.gravatar.com\/avatar\/36f2f63826681263103acb5ca1e7bc1a6db11baea9b75dd091d89b74f2704b07?s=96&d=mm&r=g\",\"caption\":\"Van X Haber\"},\"description\":\"Van X Haber Van'\u0131n ilk ve tek yeni nesil Van Haber merkezi. Son Dakika Van Haberleri ve G\u00fcncel Van haber merkezinde s\u0131cak geli\u015fmeleri aktarmaya devam edece\u011fiz.\",\"url\":\"https:\/\/vanxhaber.com\/index.php\/author\/vangazetesi\/\"}]}<\/script>\n<!-- \/ Yoast SEO Premium plugin. -->","yoast_head_json":{"title":"Van Berberler ve Kuaf\u00f6rler Odas\u0131 Zam Yapt\u0131: \u0130\u015fte Yeni Fiyatlar - Van Haber | Van X Haber | Van Haberleri","robots":{"index":"index","follow":"follow","max-snippet":"max-snippet:-1","max-image-preview":"max-image-preview:large","max-video-preview":"max-video-preview:-1"},"canonical":"https:\/\/vanxhaber.com\/index.php\/2024\/02\/01\/van-berberler-ve-kuaforler-odasi-zam-yapti-iste-yeni-fiyatlar\/","og_locale":"tr_TR","og_type":"article","og_title":"Van Berberler ve Kuaf\u00f6rler Odas\u0131 Zam Yapt\u0131: \u0130\u015fte Yeni Fiyatlar","og_description":"Van&#8217;da berber ve kuaf\u00f6rler, girdi maliyetlerindeki art\u0131\u015f nedeniyle t\u0131ra\u015f \u00fccretlerine zam yapt\u0131. \u0130\u015fte g\u00fcncellenen fiyatlar ve sekt\u00f6r temsilcilerinin a\u00e7\u0131klamalar\u0131! Son d\u00f6nemde girdi maliyetlerinde ya\u015fanan art\u0131\u015flar neticesinde Van&#8217;da bulunan berber ve kuaf\u00f6rler, t\u0131ra\u015f \u00fccretlerine zam yapt\u0131. Berberler Odas\u0131, ald\u0131\u011f\u0131 karar do\u011frultusunda \u00fcyelerine zaml\u0131 tarife listelerini iletti ve bundan sonra t\u0131ra\u015flar yeni tarife listesine g\u00f6re yap\u0131lacak. Yap\u0131lan &hellip;","og_url":"https:\/\/vanxhaber.com\/index.php\/2024\/02\/01\/van-berberler-ve-kuaforler-odasi-zam-yapti-iste-yeni-fiyatlar\/","og_site_name":"Van Haber | Van X Haber | Van Haberleri","article_published_time":"2024-02-01T08:50:41+00:00","article_modified_time":"2024-02-01T08:50:43+00:00","og_image":[{"width":641,"height":380,"url":"https:\/\/vanxhaber.com\/wp-content\/uploads\/2024\/02\/van-berber.jpg","type":"image\/jpeg"}],"author":"Van X Haber","twitter_card":"summary_large_image","twitter_misc":{"Yazan:":"Van X Haber","Tahmini okuma s\u00fcresi":"2 dakika"},"schema":{"@context":"https:\/\/schema.org","@graph":[{"@type":"Article","@id":"https:\/\/vanxhaber.com\/index.php\/2024\/02\/01\/van-berberler-ve-kuaforler-odasi-zam-yapti-iste-yeni-fiyatlar\/#article","isPartOf":{"@id":"https:\/\/vanxhaber.com\/index.php\/2024\/02\/01\/van-berberler-ve-kuaforler-odasi-zam-yapti-iste-yeni-fiyatlar\/"},"author":{"name":"Van X Haber","@id":"https:\/\/vanxhaber.com\/#\/schema\/person\/a5fd8d89510cb5370e62ad176f7978ee"},"headline":"Van Berberler ve Kuaf\u00f6rler Odas\u0131 Zam Yapt\u0131: \u0130\u015fte Yeni Fiyatlar","datePublished":"2024-02-01T08:50:41+00:00","dateModified":"2024-02-01T08:50:43+00:00","mainEntityOfPage":{"@id":"https:\/\/vanxhaber.com\/index.php\/2024\/02\/01\/van-berberler-ve-kuaforler-odasi-zam-yapti-iste-yeni-fiyatlar\/"},"wordCount":369,"commentCount":0,"image":{"@id":"https:\/\/vanxhaber.com\/index.php\/2024\/02\/01\/van-berberler-ve-kuaforler-odasi-zam-yapti-iste-yeni-fiyatlar\/#primaryimage"},"thumbnailUrl":"https:\/\/vanxhaber.com\/wp-content\/uploads\/2024\/02\/van-berber.jpg","articleSection":["Van\u00a0Gen\u00e7lik","Van Haber"],"inLanguage":"tr","potentialAction":[{"@type":"CommentAction","name":"Comment","target":["https:\/\/vanxhaber.com\/index.php\/2024\/02\/01\/van-berberler-ve-kuaforler-odasi-zam-yapti-iste-yeni-fiyatlar\/#respond"]}],"copyrightYear":"2024","copyrightHolder":{"@id":"https:\/\/vanxhaber.com\/#organization"}},{"@type":"WebPage","@id":"https:\/\/vanxhaber.com\/index.php\/2024\/02\/01\/van-berberler-ve-kuaforler-odasi-zam-yapti-iste-yeni-fiyatlar\/","url":"https:\/\/vanxhaber.com\/index.php\/2024\/02\/01\/van-berberler-ve-kuaforler-odasi-zam-yapti-iste-yeni-fiyatlar\/","name":"Van Berberler ve Kuaf\u00f6rler Odas\u0131 Zam Yapt\u0131: \u0130\u015fte Yeni Fiyatlar - Van Haber | Van X Haber | Van Haberleri","isPartOf":{"@id":"https:\/\/vanxhaber.com\/#website"},"primaryImageOfPage":{"@id":"https:\/\/vanxhaber.com\/index.php\/2024\/02\/01\/van-berberler-ve-kuaforler-odasi-zam-yapti-iste-yeni-fiyatlar\/#primaryimage"},"image":{"@id":"https:\/\/vanxhaber.com\/index.php\/2024\/02\/01\/van-berberler-ve-kuaforler-odasi-zam-yapti-iste-yeni-fiyatlar\/#primaryimage"},"thumbnailUrl":"https:\/\/vanxhaber.com\/wp-content\/uploads\/2024\/02\/van-berber.jpg","datePublished":"2024-02-01T08:50:41+00:00","dateModified":"2024-02-01T08:50:43+00:00","author":{"@id":"https:\/\/vanxhaber.com\/#\/schema\/person\/a5fd8d89510cb5370e62ad176f7978ee"},"breadcrumb":{"@id":"https:\/\/vanxhaber.com\/index.php\/2024\/02\/01\/van-berberler-ve-kuaforler-odasi-zam-yapti-iste-yeni-fiyatlar\/#breadcrumb"},"inLanguage":"tr","potentialAction":[{"@type":"ReadAction","target":["https:\/\/vanxhaber.com\/index.php\/2024\/02\/01\/van-berberler-ve-kuaforler-odasi-zam-yapti-iste-yeni-fiyatlar\/"]}]},{"@type":"ImageObject","inLanguage":"tr","@id":"https:\/\/vanxhaber.com\/index.php\/2024\/02\/01\/van-berberler-ve-kuaforler-odasi-zam-yapti-iste-yeni-fiyatlar\/#primaryimage","url":"https:\/\/vanxhaber.com\/wp-content\/uploads\/2024\/02\/van-berber.jpg","contentUrl":"https:\/\/vanxhaber.com\/wp-content\/uploads\/2024\/02\/van-berber.jpg","width":641,"height":380},{"@type":"BreadcrumbList","@id":"https:\/\/vanxhaber.com\/index.php\/2024\/02\/01\/van-berberler-ve-kuaforler-odasi-zam-yapti-iste-yeni-fiyatlar\/#breadcrumb","itemListElement":[{"@type":"ListItem","position":1,"name":"Anasayfa","item":"https:\/\/vanxhaber.com\/"},{"@type":"ListItem","position":2,"name":"Van Berberler ve Kuaf\u00f6rler Odas\u0131 Zam Yapt\u0131: \u0130\u015fte Yeni Fiyatlar"}]},{"@type":"WebSite","@id":"https:\/\/vanxhaber.com\/#website","url":"https:\/\/vanxhaber.com\/","name":"Van Haber | Van X Haber | Van Haberleri","description":"Van Haber, Van&#039;\u0131n ilk yapay zeka teknolojileri ile yaz\u0131lan Van X Haber ve Van Haberlerini aktif g\u00fcncel sunan tek vanhaber merkezidir.","potentialAction":[{"@type":"SearchAction","target":{"@type":"EntryPoint","urlTemplate":"https:\/\/vanxhaber.com\/?s={search_term_string}"},"query-input":{"@type":"PropertyValueSpecification","valueRequired":true,"valueName":"search_term_string"}}],"inLanguage":"tr"},{"@type":"Person","@id":"https:\/\/vanxhaber.com\/#\/schema\/person\/a5fd8d89510cb5370e62ad176f7978ee","name":"Van X Haber","image":{"@type":"ImageObject","inLanguage":"tr","@id":"https:\/\/vanxhaber.com\/#\/schema\/person\/image\/","url":"https:\/\/secure.gravatar.com\/avatar\/36f2f63826681263103acb5ca1e7bc1a6db11baea9b75dd091d89b74f2704b07?s=96&d=mm&r=g","contentUrl":"https:\/\/secure.gravatar.com\/avatar\/36f2f63826681263103acb5ca1e7bc1a6db11baea9b75dd091d89b74f2704b07?s=96&d=mm&r=g","caption":"Van X Haber"},"description":"Van X Haber Van'\u0131n ilk ve tek yeni nesil Van Haber merkezi. Son Dakika Van Haberleri ve G\u00fcncel Van haber merkezinde s\u0131cak geli\u015fmeleri aktarmaya devam edece\u011fiz.","url":"https:\/\/vanxhaber.com\/index.php\/author\/vangazetesi\/"}]}},"_links":{"self":[{"href":"https:\/\/vanxhaber.com\/index.php\/wp-json\/wp\/v2\/posts\/1554","targetHints":{"allow":["GET"]}}],"collection":[{"href":"https:\/\/vanxhaber.com\/index.php\/wp-json\/wp\/v2\/posts"}],"about":[{"href":"https:\/\/vanxhaber.com\/index.php\/wp-json\/wp\/v2\/types\/post"}],"author":[{"embeddable":true,"href":"https:\/\/vanxhaber.com\/index.php\/wp-json\/wp\/v2\/users\/2"}],"replies":[{"embeddable":true,"href":"https:\/\/vanxhaber.com\/index.php\/wp-json\/wp\/v2\/comments?post=1554"}],"version-history":[{"count":1,"href":"https:\/\/vanxhaber.com\/index.php\/wp-json\/wp\/v2\/posts\/1554\/revisions"}],"predecessor-version":[{"id":1557,"href":"https:\/\/vanxhaber.com\/index.php\/wp-json\/wp\/v2\/posts\/1554\/revisions\/1557"}],"wp:featuredmedia":[{"embeddable":true,"href":"https:\/\/vanxhaber.com\/index.php\/wp-json\/wp\/v2\/media\/1556"}],"wp:attachment":[{"href":"https:\/\/vanxhaber.com\/index.php\/wp-json\/wp\/v2\/media?parent=1554"}],"wp:term":[{"taxonomy":"category","embeddable":true,"href":"https:\/\/vanxhaber.com\/index.php\/wp-json\/wp\/v2\/categories?post=1554"},{"taxonomy":"post_tag","embeddable":true,"href":"https:\/\/vanxhaber.com\/index.php\/wp-json\/wp\/v2\/tags?post=1554"}],"curies":[{"name":"wp","href":"https:\/\/api.w.org\/{rel}","templated":true}]}}