{"id":1562,"date":"2024-02-01T09:28:30","date_gmt":"2024-02-01T09:28:30","guid":{"rendered":"https:\/\/vanxhaber.com\/?p=1562"},"modified":"2024-02-01T09:28:33","modified_gmt":"2024-02-01T09:28:33","slug":"vanin-bu-ilcesine-3-yeni-otobus-seferi-basliyor","status":"publish","type":"post","link":"https:\/\/vanxhaber.com\/index.php\/2024\/02\/01\/vanin-bu-ilcesine-3-yeni-otobus-seferi-basliyor\/","title":{"rendered":"Van&#8217;\u0131n bu il\u00e7esine 3 yeni otob\u00fcs seferi ba\u015fl\u0131yor"},"content":{"rendered":"\n<p><strong>Van B\u00fcy\u00fck\u015fehir Belediyesi taraf\u0131ndan il merkezi ve il\u00e7elerde ula\u015f\u0131m a\u011f\u0131 geni\u015fletiliyor. Van\u2019\u0131n G\u00fcrp\u0131nar il\u00e7esine ba\u011fl\u0131 3 mahalleye otob\u00fcs seferleri ba\u015fl\u0131yor.<\/strong><\/p>\n\n\n\n<p>AK Parti G\u00fcrp\u0131nar \u0130l\u00e7e Ba\u015fkanl\u0131\u011f\u0131 taraf\u0131ndan yap\u0131lan payla\u015f\u0131mda, yar\u0131ndan itibaren Ho\u015fap, Zernek ve \u00c7avu\u015ftepe mahallelerine otob\u00fcs seferlerinin ba\u015flayaca\u011f\u0131 duyuruldu.<br>AK Parti G\u00fcrp\u0131nar \u0130l\u00e7e Ba\u015fkanl\u0131\u011f\u0131 taraf\u0131ndan yap\u0131lan payla\u015f\u0131mda, \u201cM\u00fcjde! Van B\u00fcy\u00fck\u015fehir Belediyesi taraf\u0131ndan il\u00e7emizin Ho\u015fab, Zernek ve \u00c7avu\u015ftepe mahallelerine otob\u00fcs seferleri yar\u0131n saat 07.00 itibari ile sabah \u00f6\u011fle ve ak\u015fam olmak \u00fczere ba\u015flayacakt\u0131r. K\u0131ymetli G\u00fcrp\u0131narl\u0131 Hem\u015fehrilerimize Hay\u0131rl\u0131 olsun.\u201d ifadeleri kullan\u0131ld\u0131.<\/p>\n","protected":false},"excerpt":{"rendered":"<p>Van B\u00fcy\u00fck\u015fehir Belediyesi taraf\u0131ndan il merkezi ve il\u00e7elerde ula\u015f\u0131m a\u011f\u0131 geni\u015fletiliyor. Van\u2019\u0131n G\u00fcrp\u0131nar il\u00e7esine ba\u011fl\u0131 3 mahalleye otob\u00fcs seferleri ba\u015fl\u0131yor. AK Parti G\u00fcrp\u0131nar \u0130l\u00e7e Ba\u015fkanl\u0131\u011f\u0131 taraf\u0131ndan yap\u0131lan payla\u015f\u0131mda, yar\u0131ndan itibaren Ho\u015fap, Zernek ve \u00c7avu\u015ftepe mahallelerine otob\u00fcs seferlerinin ba\u015flayaca\u011f\u0131 duyuruldu.AK Parti G\u00fcrp\u0131nar \u0130l\u00e7e Ba\u015fkanl\u0131\u011f\u0131 taraf\u0131ndan yap\u0131lan payla\u015f\u0131mda, \u201cM\u00fcjde! Van B\u00fcy\u00fck\u015fehir Belediyesi taraf\u0131ndan il\u00e7emizin Ho\u015fab, Zernek ve &hellip;<\/p>\n","protected":false},"author":2,"featured_media":1564,"comment_status":"open","ping_status":"closed","sticky":false,"template":"","format":"standard","meta":{"googlesitekit_rrm_CAowot3VCw:productID":"","footnotes":""},"categories":[1,24],"tags":[],"class_list":["post-1562","post","type-post","status-publish","format-standard","has-post-thumbnail","hentry","category-van-haber","category-van-haberleri"],"yoast_head":"<!-- This site is optimized with the Yoast SEO Premium plugin v21.7 (Yoast SEO v26.7) - https:\/\/yoast.com\/wordpress\/plugins\/seo\/ -->\n<title>Van&#039;\u0131n bu il\u00e7esine 3 yeni otob\u00fcs seferi ba\u015fl\u0131yor - Van Haber | Van X Haber | Van Haberleri<\/title>\n<meta name=\"robots\" content=\"index, follow, max-snippet:-1, max-image-preview:large, max-video-preview:-1\" \/>\n<link rel=\"canonical\" href=\"https:\/\/vanxhaber.com\/index.php\/2024\/02\/01\/vanin-bu-ilcesine-3-yeni-otobus-seferi-basliyor\/\" \/>\n<meta property=\"og:locale\" content=\"tr_TR\" \/>\n<meta property=\"og:type\" content=\"article\" \/>\n<meta property=\"og:title\" content=\"Van&#039;\u0131n bu il\u00e7esine 3 yeni otob\u00fcs seferi ba\u015fl\u0131yor\" \/>\n<meta property=\"og:description\" content=\"Van B\u00fcy\u00fck\u015fehir Belediyesi taraf\u0131ndan il merkezi ve il\u00e7elerde ula\u015f\u0131m a\u011f\u0131 geni\u015fletiliyor. Van\u2019\u0131n G\u00fcrp\u0131nar il\u00e7esine ba\u011fl\u0131 3 mahalleye otob\u00fcs seferleri ba\u015fl\u0131yor. AK Parti G\u00fcrp\u0131nar \u0130l\u00e7e Ba\u015fkanl\u0131\u011f\u0131 taraf\u0131ndan yap\u0131lan payla\u015f\u0131mda, yar\u0131ndan itibaren Ho\u015fap, Zernek ve \u00c7avu\u015ftepe mahallelerine otob\u00fcs seferlerinin ba\u015flayaca\u011f\u0131 duyuruldu.AK Parti G\u00fcrp\u0131nar \u0130l\u00e7e Ba\u015fkanl\u0131\u011f\u0131 taraf\u0131ndan yap\u0131lan payla\u015f\u0131mda, \u201cM\u00fcjde! Van B\u00fcy\u00fck\u015fehir Belediyesi taraf\u0131ndan il\u00e7emizin Ho\u015fab, Zernek ve &hellip;\" \/>\n<meta property=\"og:url\" content=\"https:\/\/vanxhaber.com\/index.php\/2024\/02\/01\/vanin-bu-ilcesine-3-yeni-otobus-seferi-basliyor\/\" \/>\n<meta property=\"og:site_name\" content=\"Van Haber | Van X Haber | Van Haberleri\" \/>\n<meta property=\"article:published_time\" content=\"2024-02-01T09:28:30+00:00\" \/>\n<meta property=\"article:modified_time\" content=\"2024-02-01T09:28:33+00:00\" \/>\n<meta property=\"og:image\" content=\"https:\/\/vanxhaber.com\/wp-content\/uploads\/2024\/02\/otobus-seferleri.jpg\" \/>\n\t<meta property=\"og:image:width\" content=\"641\" \/>\n\t<meta property=\"og:image:height\" content=\"380\" \/>\n\t<meta property=\"og:image:type\" content=\"image\/jpeg\" \/>\n<meta name=\"author\" content=\"Van X Haber\" \/>\n<meta name=\"twitter:card\" content=\"summary_large_image\" \/>\n<meta name=\"twitter:label1\" content=\"Yazan:\" \/>\n\t<meta name=\"twitter:data1\" content=\"Van X Haber\" \/>\n\t<meta name=\"twitter:label2\" content=\"Tahmini okuma s\u00fcresi\" \/>\n\t<meta name=\"twitter:data2\" content=\"1 dakika\" \/>\n<script type=\"application\/ld+json\" class=\"yoast-schema-graph\">{\"@context\":\"https:\/\/schema.org\",\"@graph\":[{\"@type\":\"Article\",\"@id\":\"https:\/\/vanxhaber.com\/index.php\/2024\/02\/01\/vanin-bu-ilcesine-3-yeni-otobus-seferi-basliyor\/#article\",\"isPartOf\":{\"@id\":\"https:\/\/vanxhaber.com\/index.php\/2024\/02\/01\/vanin-bu-ilcesine-3-yeni-otobus-seferi-basliyor\/\"},\"author\":{\"name\":\"Van X Haber\",\"@id\":\"https:\/\/vanxhaber.com\/#\/schema\/person\/a5fd8d89510cb5370e62ad176f7978ee\"},\"headline\":\"Van&#8217;\u0131n bu il\u00e7esine 3 yeni otob\u00fcs seferi ba\u015fl\u0131yor\",\"datePublished\":\"2024-02-01T09:28:30+00:00\",\"dateModified\":\"2024-02-01T09:28:33+00:00\",\"mainEntityOfPage\":{\"@id\":\"https:\/\/vanxhaber.com\/index.php\/2024\/02\/01\/vanin-bu-ilcesine-3-yeni-otobus-seferi-basliyor\/\"},\"wordCount\":142,\"commentCount\":0,\"image\":{\"@id\":\"https:\/\/vanxhaber.com\/index.php\/2024\/02\/01\/vanin-bu-ilcesine-3-yeni-otobus-seferi-basliyor\/#primaryimage\"},\"thumbnailUrl\":\"https:\/\/vanxhaber.com\/wp-content\/uploads\/2024\/02\/otobus-seferleri.jpg\",\"articleSection\":[\"Van Haber\",\"Van Haberleri\"],\"inLanguage\":\"tr\",\"potentialAction\":[{\"@type\":\"CommentAction\",\"name\":\"Comment\",\"target\":[\"https:\/\/vanxhaber.com\/index.php\/2024\/02\/01\/vanin-bu-ilcesine-3-yeni-otobus-seferi-basliyor\/#respond\"]}],\"copyrightYear\":\"2024\",\"copyrightHolder\":{\"@id\":\"https:\/\/vanxhaber.com\/#organization\"}},{\"@type\":\"WebPage\",\"@id\":\"https:\/\/vanxhaber.com\/index.php\/2024\/02\/01\/vanin-bu-ilcesine-3-yeni-otobus-seferi-basliyor\/\",\"url\":\"https:\/\/vanxhaber.com\/index.php\/2024\/02\/01\/vanin-bu-ilcesine-3-yeni-otobus-seferi-basliyor\/\",\"name\":\"Van'\u0131n bu il\u00e7esine 3 yeni otob\u00fcs seferi ba\u015fl\u0131yor - Van Haber | Van X Haber | Van Haberleri\",\"isPartOf\":{\"@id\":\"https:\/\/vanxhaber.com\/#website\"},\"primaryImageOfPage\":{\"@id\":\"https:\/\/vanxhaber.com\/index.php\/2024\/02\/01\/vanin-bu-ilcesine-3-yeni-otobus-seferi-basliyor\/#primaryimage\"},\"image\":{\"@id\":\"https:\/\/vanxhaber.com\/index.php\/2024\/02\/01\/vanin-bu-ilcesine-3-yeni-otobus-seferi-basliyor\/#primaryimage\"},\"thumbnailUrl\":\"https:\/\/vanxhaber.com\/wp-content\/uploads\/2024\/02\/otobus-seferleri.jpg\",\"datePublished\":\"2024-02-01T09:28:30+00:00\",\"dateModified\":\"2024-02-01T09:28:33+00:00\",\"author\":{\"@id\":\"https:\/\/vanxhaber.com\/#\/schema\/person\/a5fd8d89510cb5370e62ad176f7978ee\"},\"breadcrumb\":{\"@id\":\"https:\/\/vanxhaber.com\/index.php\/2024\/02\/01\/vanin-bu-ilcesine-3-yeni-otobus-seferi-basliyor\/#breadcrumb\"},\"inLanguage\":\"tr\",\"potentialAction\":[{\"@type\":\"ReadAction\",\"target\":[\"https:\/\/vanxhaber.com\/index.php\/2024\/02\/01\/vanin-bu-ilcesine-3-yeni-otobus-seferi-basliyor\/\"]}]},{\"@type\":\"ImageObject\",\"inLanguage\":\"tr\",\"@id\":\"https:\/\/vanxhaber.com\/index.php\/2024\/02\/01\/vanin-bu-ilcesine-3-yeni-otobus-seferi-basliyor\/#primaryimage\",\"url\":\"https:\/\/vanxhaber.com\/wp-content\/uploads\/2024\/02\/otobus-seferleri.jpg\",\"contentUrl\":\"https:\/\/vanxhaber.com\/wp-content\/uploads\/2024\/02\/otobus-seferleri.jpg\",\"width\":641,\"height\":380},{\"@type\":\"BreadcrumbList\",\"@id\":\"https:\/\/vanxhaber.com\/index.php\/2024\/02\/01\/vanin-bu-ilcesine-3-yeni-otobus-seferi-basliyor\/#breadcrumb\",\"itemListElement\":[{\"@type\":\"ListItem\",\"position\":1,\"name\":\"Anasayfa\",\"item\":\"https:\/\/vanxhaber.com\/\"},{\"@type\":\"ListItem\",\"position\":2,\"name\":\"Van&#8217;\u0131n bu il\u00e7esine 3 yeni otob\u00fcs seferi ba\u015fl\u0131yor\"}]},{\"@type\":\"WebSite\",\"@id\":\"https:\/\/vanxhaber.com\/#website\",\"url\":\"https:\/\/vanxhaber.com\/\",\"name\":\"Van Haber | Van X Haber | Van Haberleri\",\"description\":\"Van Haber, Van&#039;\u0131n ilk yapay zeka teknolojileri ile yaz\u0131lan Van X Haber ve Van Haberlerini aktif g\u00fcncel sunan tek vanhaber merkezidir.\",\"potentialAction\":[{\"@type\":\"SearchAction\",\"target\":{\"@type\":\"EntryPoint\",\"urlTemplate\":\"https:\/\/vanxhaber.com\/?s={search_term_string}\"},\"query-input\":{\"@type\":\"PropertyValueSpecification\",\"valueRequired\":true,\"valueName\":\"search_term_string\"}}],\"inLanguage\":\"tr\"},{\"@type\":\"Person\",\"@id\":\"https:\/\/vanxhaber.com\/#\/schema\/person\/a5fd8d89510cb5370e62ad176f7978ee\",\"name\":\"Van X Haber\",\"image\":{\"@type\":\"ImageObject\",\"inLanguage\":\"tr\",\"@id\":\"https:\/\/vanxhaber.com\/#\/schema\/person\/image\/\",\"url\":\"https:\/\/secure.gravatar.com\/avatar\/36f2f63826681263103acb5ca1e7bc1a6db11baea9b75dd091d89b74f2704b07?s=96&d=mm&r=g\",\"contentUrl\":\"https:\/\/secure.gravatar.com\/avatar\/36f2f63826681263103acb5ca1e7bc1a6db11baea9b75dd091d89b74f2704b07?s=96&d=mm&r=g\",\"caption\":\"Van X Haber\"},\"description\":\"Van X Haber Van'\u0131n ilk ve tek yeni nesil Van Haber merkezi. Son Dakika Van Haberleri ve G\u00fcncel Van haber merkezinde s\u0131cak geli\u015fmeleri aktarmaya devam edece\u011fiz.\",\"url\":\"https:\/\/vanxhaber.com\/index.php\/author\/vangazetesi\/\"}]}<\/script>\n<!-- \/ Yoast SEO Premium plugin. -->","yoast_head_json":{"title":"Van'\u0131n bu il\u00e7esine 3 yeni otob\u00fcs seferi ba\u015fl\u0131yor - Van Haber | Van X Haber | Van Haberleri","robots":{"index":"index","follow":"follow","max-snippet":"max-snippet:-1","max-image-preview":"max-image-preview:large","max-video-preview":"max-video-preview:-1"},"canonical":"https:\/\/vanxhaber.com\/index.php\/2024\/02\/01\/vanin-bu-ilcesine-3-yeni-otobus-seferi-basliyor\/","og_locale":"tr_TR","og_type":"article","og_title":"Van'\u0131n bu il\u00e7esine 3 yeni otob\u00fcs seferi ba\u015fl\u0131yor","og_description":"Van B\u00fcy\u00fck\u015fehir Belediyesi taraf\u0131ndan il merkezi ve il\u00e7elerde ula\u015f\u0131m a\u011f\u0131 geni\u015fletiliyor. Van\u2019\u0131n G\u00fcrp\u0131nar il\u00e7esine ba\u011fl\u0131 3 mahalleye otob\u00fcs seferleri ba\u015fl\u0131yor. AK Parti G\u00fcrp\u0131nar \u0130l\u00e7e Ba\u015fkanl\u0131\u011f\u0131 taraf\u0131ndan yap\u0131lan payla\u015f\u0131mda, yar\u0131ndan itibaren Ho\u015fap, Zernek ve \u00c7avu\u015ftepe mahallelerine otob\u00fcs seferlerinin ba\u015flayaca\u011f\u0131 duyuruldu.AK Parti G\u00fcrp\u0131nar \u0130l\u00e7e Ba\u015fkanl\u0131\u011f\u0131 taraf\u0131ndan yap\u0131lan payla\u015f\u0131mda, \u201cM\u00fcjde! Van B\u00fcy\u00fck\u015fehir Belediyesi taraf\u0131ndan il\u00e7emizin Ho\u015fab, Zernek ve &hellip;","og_url":"https:\/\/vanxhaber.com\/index.php\/2024\/02\/01\/vanin-bu-ilcesine-3-yeni-otobus-seferi-basliyor\/","og_site_name":"Van Haber | Van X Haber | Van Haberleri","article_published_time":"2024-02-01T09:28:30+00:00","article_modified_time":"2024-02-01T09:28:33+00:00","og_image":[{"width":641,"height":380,"url":"https:\/\/vanxhaber.com\/wp-content\/uploads\/2024\/02\/otobus-seferleri.jpg","type":"image\/jpeg"}],"author":"Van X Haber","twitter_card":"summary_large_image","twitter_misc":{"Yazan:":"Van X Haber","Tahmini okuma s\u00fcresi":"1 dakika"},"schema":{"@context":"https:\/\/schema.org","@graph":[{"@type":"Article","@id":"https:\/\/vanxhaber.com\/index.php\/2024\/02\/01\/vanin-bu-ilcesine-3-yeni-otobus-seferi-basliyor\/#article","isPartOf":{"@id":"https:\/\/vanxhaber.com\/index.php\/2024\/02\/01\/vanin-bu-ilcesine-3-yeni-otobus-seferi-basliyor\/"},"author":{"name":"Van X Haber","@id":"https:\/\/vanxhaber.com\/#\/schema\/person\/a5fd8d89510cb5370e62ad176f7978ee"},"headline":"Van&#8217;\u0131n bu il\u00e7esine 3 yeni otob\u00fcs seferi ba\u015fl\u0131yor","datePublished":"2024-02-01T09:28:30+00:00","dateModified":"2024-02-01T09:28:33+00:00","mainEntityOfPage":{"@id":"https:\/\/vanxhaber.com\/index.php\/2024\/02\/01\/vanin-bu-ilcesine-3-yeni-otobus-seferi-basliyor\/"},"wordCount":142,"commentCount":0,"image":{"@id":"https:\/\/vanxhaber.com\/index.php\/2024\/02\/01\/vanin-bu-ilcesine-3-yeni-otobus-seferi-basliyor\/#primaryimage"},"thumbnailUrl":"https:\/\/vanxhaber.com\/wp-content\/uploads\/2024\/02\/otobus-seferleri.jpg","articleSection":["Van Haber","Van Haberleri"],"inLanguage":"tr","potentialAction":[{"@type":"CommentAction","name":"Comment","target":["https:\/\/vanxhaber.com\/index.php\/2024\/02\/01\/vanin-bu-ilcesine-3-yeni-otobus-seferi-basliyor\/#respond"]}],"copyrightYear":"2024","copyrightHolder":{"@id":"https:\/\/vanxhaber.com\/#organization"}},{"@type":"WebPage","@id":"https:\/\/vanxhaber.com\/index.php\/2024\/02\/01\/vanin-bu-ilcesine-3-yeni-otobus-seferi-basliyor\/","url":"https:\/\/vanxhaber.com\/index.php\/2024\/02\/01\/vanin-bu-ilcesine-3-yeni-otobus-seferi-basliyor\/","name":"Van'\u0131n bu il\u00e7esine 3 yeni otob\u00fcs seferi ba\u015fl\u0131yor - Van Haber | Van X Haber | Van Haberleri","isPartOf":{"@id":"https:\/\/vanxhaber.com\/#website"},"primaryImageOfPage":{"@id":"https:\/\/vanxhaber.com\/index.php\/2024\/02\/01\/vanin-bu-ilcesine-3-yeni-otobus-seferi-basliyor\/#primaryimage"},"image":{"@id":"https:\/\/vanxhaber.com\/index.php\/2024\/02\/01\/vanin-bu-ilcesine-3-yeni-otobus-seferi-basliyor\/#primaryimage"},"thumbnailUrl":"https:\/\/vanxhaber.com\/wp-content\/uploads\/2024\/02\/otobus-seferleri.jpg","datePublished":"2024-02-01T09:28:30+00:00","dateModified":"2024-02-01T09:28:33+00:00","author":{"@id":"https:\/\/vanxhaber.com\/#\/schema\/person\/a5fd8d89510cb5370e62ad176f7978ee"},"breadcrumb":{"@id":"https:\/\/vanxhaber.com\/index.php\/2024\/02\/01\/vanin-bu-ilcesine-3-yeni-otobus-seferi-basliyor\/#breadcrumb"},"inLanguage":"tr","potentialAction":[{"@type":"ReadAction","target":["https:\/\/vanxhaber.com\/index.php\/2024\/02\/01\/vanin-bu-ilcesine-3-yeni-otobus-seferi-basliyor\/"]}]},{"@type":"ImageObject","inLanguage":"tr","@id":"https:\/\/vanxhaber.com\/index.php\/2024\/02\/01\/vanin-bu-ilcesine-3-yeni-otobus-seferi-basliyor\/#primaryimage","url":"https:\/\/vanxhaber.com\/wp-content\/uploads\/2024\/02\/otobus-seferleri.jpg","contentUrl":"https:\/\/vanxhaber.com\/wp-content\/uploads\/2024\/02\/otobus-seferleri.jpg","width":641,"height":380},{"@type":"BreadcrumbList","@id":"https:\/\/vanxhaber.com\/index.php\/2024\/02\/01\/vanin-bu-ilcesine-3-yeni-otobus-seferi-basliyor\/#breadcrumb","itemListElement":[{"@type":"ListItem","position":1,"name":"Anasayfa","item":"https:\/\/vanxhaber.com\/"},{"@type":"ListItem","position":2,"name":"Van&#8217;\u0131n bu il\u00e7esine 3 yeni otob\u00fcs seferi ba\u015fl\u0131yor"}]},{"@type":"WebSite","@id":"https:\/\/vanxhaber.com\/#website","url":"https:\/\/vanxhaber.com\/","name":"Van Haber | Van X Haber | Van Haberleri","description":"Van Haber, Van&#039;\u0131n ilk yapay zeka teknolojileri ile yaz\u0131lan Van X Haber ve Van Haberlerini aktif g\u00fcncel sunan tek vanhaber merkezidir.","potentialAction":[{"@type":"SearchAction","target":{"@type":"EntryPoint","urlTemplate":"https:\/\/vanxhaber.com\/?s={search_term_string}"},"query-input":{"@type":"PropertyValueSpecification","valueRequired":true,"valueName":"search_term_string"}}],"inLanguage":"tr"},{"@type":"Person","@id":"https:\/\/vanxhaber.com\/#\/schema\/person\/a5fd8d89510cb5370e62ad176f7978ee","name":"Van X Haber","image":{"@type":"ImageObject","inLanguage":"tr","@id":"https:\/\/vanxhaber.com\/#\/schema\/person\/image\/","url":"https:\/\/secure.gravatar.com\/avatar\/36f2f63826681263103acb5ca1e7bc1a6db11baea9b75dd091d89b74f2704b07?s=96&d=mm&r=g","contentUrl":"https:\/\/secure.gravatar.com\/avatar\/36f2f63826681263103acb5ca1e7bc1a6db11baea9b75dd091d89b74f2704b07?s=96&d=mm&r=g","caption":"Van X Haber"},"description":"Van X Haber Van'\u0131n ilk ve tek yeni nesil Van Haber merkezi. Son Dakika Van Haberleri ve G\u00fcncel Van haber merkezinde s\u0131cak geli\u015fmeleri aktarmaya devam edece\u011fiz.","url":"https:\/\/vanxhaber.com\/index.php\/author\/vangazetesi\/"}]}},"_links":{"self":[{"href":"https:\/\/vanxhaber.com\/index.php\/wp-json\/wp\/v2\/posts\/1562","targetHints":{"allow":["GET"]}}],"collection":[{"href":"https:\/\/vanxhaber.com\/index.php\/wp-json\/wp\/v2\/posts"}],"about":[{"href":"https:\/\/vanxhaber.com\/index.php\/wp-json\/wp\/v2\/types\/post"}],"author":[{"embeddable":true,"href":"https:\/\/vanxhaber.com\/index.php\/wp-json\/wp\/v2\/users\/2"}],"replies":[{"embeddable":true,"href":"https:\/\/vanxhaber.com\/index.php\/wp-json\/wp\/v2\/comments?post=1562"}],"version-history":[{"count":1,"href":"https:\/\/vanxhaber.com\/index.php\/wp-json\/wp\/v2\/posts\/1562\/revisions"}],"predecessor-version":[{"id":1565,"href":"https:\/\/vanxhaber.com\/index.php\/wp-json\/wp\/v2\/posts\/1562\/revisions\/1565"}],"wp:featuredmedia":[{"embeddable":true,"href":"https:\/\/vanxhaber.com\/index.php\/wp-json\/wp\/v2\/media\/1564"}],"wp:attachment":[{"href":"https:\/\/vanxhaber.com\/index.php\/wp-json\/wp\/v2\/media?parent=1562"}],"wp:term":[{"taxonomy":"category","embeddable":true,"href":"https:\/\/vanxhaber.com\/index.php\/wp-json\/wp\/v2\/categories?post=1562"},{"taxonomy":"post_tag","embeddable":true,"href":"https:\/\/vanxhaber.com\/index.php\/wp-json\/wp\/v2\/tags?post=1562"}],"curies":[{"name":"wp","href":"https:\/\/api.w.org\/{rel}","templated":true}]}}