{"id":1566,"date":"2024-02-01T09:34:33","date_gmt":"2024-02-01T09:34:33","guid":{"rendered":"https:\/\/vanxhaber.com\/?p=1566"},"modified":"2024-02-01T09:34:34","modified_gmt":"2024-02-01T09:34:34","slug":"bahcesarayda-yola-dusen-ciglar-temizleniyor","status":"publish","type":"post","link":"https:\/\/vanxhaber.com\/index.php\/2024\/02\/01\/bahcesarayda-yola-dusen-ciglar-temizleniyor\/","title":{"rendered":"Bah\u00e7esaray\u2019da yola d\u00fc\u015fen \u00e7\u0131\u011flar temizleniyor"},"content":{"rendered":"\n<p><br><strong>Van\u2019\u0131n Bah\u00e7esaray il\u00e7esinde \u00e7\u0131\u011f d\u00fc\u015fmesi sonucu kapanan yolun a\u00e7\u0131lmas\u0131 i\u00e7in \u00e7al\u0131\u015fmalar s\u00fcr\u00fcyor.<\/strong><\/p>\n\n\n\n<p>Bah\u00e7esaray il\u00e7esine 28 kilometre uzakl\u0131kta bulunan Alt\u0131ndere Mahallesi\u2019nin yolunun iki noktas\u0131na \u00e7\u0131\u011f d\u00fc\u015ft\u00fc. Kapanan yolda Van B\u00fcy\u00fck\u015fehir Belediyesine ba\u011fl\u0131 Bah\u00e7esaray \u015eantiye \u015eefli\u011fi ekipleri, 3 i\u015f makinesiyle \u00e7al\u0131\u015fma ba\u015flatt\u0131. Ekipler, \u00e7\u0131\u011f\u0131n kapatt\u0131\u011f\u0131 mahalle yolunda t\u00fcneller a\u00e7arak ilerledi. \u0130\u015f makineleri, y\u00fcksekli\u011fi yer yer 6-7 metreyi bulan \u00e7\u0131\u011f k\u00fctlelerinin aras\u0131nda t\u00fcnellerle yolu a\u00e7maya \u00e7al\u0131\u015f\u0131yor.<\/p>\n\n\n\n<p>Karabet Ge\u00e7idi\u2019nde kar kal\u0131nl\u0131\u011f\u0131 3 metre<br>\u00d6te yandan Van-Bah\u00e7esaray kara yolu \u00e7\u0131\u011f riski nedeniyle 22 Aral\u0131k 2023\u2019ten bu yana kapal\u0131 tutuluyor. Meteoroloji Genel M\u00fcd\u00fcrl\u00fc\u011f\u00fcn\u00fcn verilerine g\u00f6re 3 bin rak\u0131ml\u0131 Karabet Ge\u00e7idi\u2019nde kar kal\u0131nl\u0131\u011f\u0131 3 metre \u00f6l\u00e7\u00fcl\u00fcrken Rize\u2019nin \u00c7aml\u0131hem\u015fin il\u00e7esine ba\u011fl\u0131 Polavit yaylas\u0131nda 2 metre, Hakkari Megab\u00fctan Kayak Merkezi\u2019nde ise 190 santimetre olarak \u00f6l\u00e7\u00fcld\u00fc.<\/p>\n","protected":false},"excerpt":{"rendered":"<p>Van\u2019\u0131n Bah\u00e7esaray il\u00e7esinde \u00e7\u0131\u011f d\u00fc\u015fmesi sonucu kapanan yolun a\u00e7\u0131lmas\u0131 i\u00e7in \u00e7al\u0131\u015fmalar s\u00fcr\u00fcyor. Bah\u00e7esaray il\u00e7esine 28 kilometre uzakl\u0131kta bulunan Alt\u0131ndere Mahallesi\u2019nin yolunun iki noktas\u0131na \u00e7\u0131\u011f d\u00fc\u015ft\u00fc. Kapanan yolda Van B\u00fcy\u00fck\u015fehir Belediyesine ba\u011fl\u0131 Bah\u00e7esaray \u015eantiye \u015eefli\u011fi ekipleri, 3 i\u015f makinesiyle \u00e7al\u0131\u015fma ba\u015flatt\u0131. Ekipler, \u00e7\u0131\u011f\u0131n kapatt\u0131\u011f\u0131 mahalle yolunda t\u00fcneller a\u00e7arak ilerledi. \u0130\u015f makineleri, y\u00fcksekli\u011fi yer yer 6-7 metreyi &hellip;<\/p>\n","protected":false},"author":2,"featured_media":0,"comment_status":"open","ping_status":"closed","sticky":false,"template":"","format":"standard","meta":{"googlesitekit_rrm_CAowot3VCw:productID":"","footnotes":""},"categories":[28,24],"tags":[],"class_list":["post-1566","post","type-post","status-publish","format-standard","has-post-thumbnail","hentry","category-van-egitim","category-van-haberleri"],"yoast_head":"<!-- This site is optimized with the Yoast SEO Premium plugin v21.7 (Yoast SEO v26.7) - https:\/\/yoast.com\/wordpress\/plugins\/seo\/ -->\n<title>Bah\u00e7esaray\u2019da yola d\u00fc\u015fen \u00e7\u0131\u011flar temizleniyor - Van Haber | Van X Haber | Van Haberleri<\/title>\n<meta name=\"robots\" content=\"index, follow, max-snippet:-1, max-image-preview:large, max-video-preview:-1\" \/>\n<link rel=\"canonical\" href=\"https:\/\/vanxhaber.com\/index.php\/2024\/02\/01\/bahcesarayda-yola-dusen-ciglar-temizleniyor\/\" \/>\n<meta property=\"og:locale\" content=\"tr_TR\" \/>\n<meta property=\"og:type\" content=\"article\" \/>\n<meta property=\"og:title\" content=\"Bah\u00e7esaray\u2019da yola d\u00fc\u015fen \u00e7\u0131\u011flar temizleniyor\" \/>\n<meta property=\"og:description\" content=\"Van\u2019\u0131n Bah\u00e7esaray il\u00e7esinde \u00e7\u0131\u011f d\u00fc\u015fmesi sonucu kapanan yolun a\u00e7\u0131lmas\u0131 i\u00e7in \u00e7al\u0131\u015fmalar s\u00fcr\u00fcyor. Bah\u00e7esaray il\u00e7esine 28 kilometre uzakl\u0131kta bulunan Alt\u0131ndere Mahallesi\u2019nin yolunun iki noktas\u0131na \u00e7\u0131\u011f d\u00fc\u015ft\u00fc. Kapanan yolda Van B\u00fcy\u00fck\u015fehir Belediyesine ba\u011fl\u0131 Bah\u00e7esaray \u015eantiye \u015eefli\u011fi ekipleri, 3 i\u015f makinesiyle \u00e7al\u0131\u015fma ba\u015flatt\u0131. Ekipler, \u00e7\u0131\u011f\u0131n kapatt\u0131\u011f\u0131 mahalle yolunda t\u00fcneller a\u00e7arak ilerledi. \u0130\u015f makineleri, y\u00fcksekli\u011fi yer yer 6-7 metreyi &hellip;\" \/>\n<meta property=\"og:url\" content=\"https:\/\/vanxhaber.com\/index.php\/2024\/02\/01\/bahcesarayda-yola-dusen-ciglar-temizleniyor\/\" \/>\n<meta property=\"og:site_name\" content=\"Van Haber | Van X Haber | Van Haberleri\" \/>\n<meta property=\"article:published_time\" content=\"2024-02-01T09:34:33+00:00\" \/>\n<meta property=\"article:modified_time\" content=\"2024-02-01T09:34:34+00:00\" \/>\n<meta name=\"author\" content=\"Van X Haber\" \/>\n<meta name=\"twitter:card\" content=\"summary_large_image\" \/>\n<meta name=\"twitter:label1\" content=\"Yazan:\" \/>\n\t<meta name=\"twitter:data1\" content=\"Van X Haber\" \/>\n\t<meta name=\"twitter:label2\" content=\"Tahmini okuma s\u00fcresi\" \/>\n\t<meta name=\"twitter:data2\" content=\"1 dakika\" \/>\n<script type=\"application\/ld+json\" class=\"yoast-schema-graph\">{\"@context\":\"https:\/\/schema.org\",\"@graph\":[{\"@type\":\"Article\",\"@id\":\"https:\/\/vanxhaber.com\/index.php\/2024\/02\/01\/bahcesarayda-yola-dusen-ciglar-temizleniyor\/#article\",\"isPartOf\":{\"@id\":\"https:\/\/vanxhaber.com\/index.php\/2024\/02\/01\/bahcesarayda-yola-dusen-ciglar-temizleniyor\/\"},\"author\":{\"name\":\"Van X Haber\",\"@id\":\"https:\/\/vanxhaber.com\/#\/schema\/person\/a5fd8d89510cb5370e62ad176f7978ee\"},\"headline\":\"Bah\u00e7esaray\u2019da yola d\u00fc\u015fen \u00e7\u0131\u011flar temizleniyor\",\"datePublished\":\"2024-02-01T09:34:33+00:00\",\"dateModified\":\"2024-02-01T09:34:34+00:00\",\"mainEntityOfPage\":{\"@id\":\"https:\/\/vanxhaber.com\/index.php\/2024\/02\/01\/bahcesarayda-yola-dusen-ciglar-temizleniyor\/\"},\"wordCount\":169,\"commentCount\":0,\"articleSection\":[\"Van E\u011fitim\",\"Van Haberleri\"],\"inLanguage\":\"tr\",\"potentialAction\":[{\"@type\":\"CommentAction\",\"name\":\"Comment\",\"target\":[\"https:\/\/vanxhaber.com\/index.php\/2024\/02\/01\/bahcesarayda-yola-dusen-ciglar-temizleniyor\/#respond\"]}],\"copyrightYear\":\"2024\",\"copyrightHolder\":{\"@id\":\"https:\/\/vanxhaber.com\/#organization\"}},{\"@type\":\"WebPage\",\"@id\":\"https:\/\/vanxhaber.com\/index.php\/2024\/02\/01\/bahcesarayda-yola-dusen-ciglar-temizleniyor\/\",\"url\":\"https:\/\/vanxhaber.com\/index.php\/2024\/02\/01\/bahcesarayda-yola-dusen-ciglar-temizleniyor\/\",\"name\":\"Bah\u00e7esaray\u2019da yola d\u00fc\u015fen \u00e7\u0131\u011flar temizleniyor - Van Haber | Van X Haber | Van Haberleri\",\"isPartOf\":{\"@id\":\"https:\/\/vanxhaber.com\/#website\"},\"datePublished\":\"2024-02-01T09:34:33+00:00\",\"dateModified\":\"2024-02-01T09:34:34+00:00\",\"author\":{\"@id\":\"https:\/\/vanxhaber.com\/#\/schema\/person\/a5fd8d89510cb5370e62ad176f7978ee\"},\"breadcrumb\":{\"@id\":\"https:\/\/vanxhaber.com\/index.php\/2024\/02\/01\/bahcesarayda-yola-dusen-ciglar-temizleniyor\/#breadcrumb\"},\"inLanguage\":\"tr\",\"potentialAction\":[{\"@type\":\"ReadAction\",\"target\":[\"https:\/\/vanxhaber.com\/index.php\/2024\/02\/01\/bahcesarayda-yola-dusen-ciglar-temizleniyor\/\"]}]},{\"@type\":\"BreadcrumbList\",\"@id\":\"https:\/\/vanxhaber.com\/index.php\/2024\/02\/01\/bahcesarayda-yola-dusen-ciglar-temizleniyor\/#breadcrumb\",\"itemListElement\":[{\"@type\":\"ListItem\",\"position\":1,\"name\":\"Anasayfa\",\"item\":\"https:\/\/vanxhaber.com\/\"},{\"@type\":\"ListItem\",\"position\":2,\"name\":\"Bah\u00e7esaray\u2019da yola d\u00fc\u015fen \u00e7\u0131\u011flar temizleniyor\"}]},{\"@type\":\"WebSite\",\"@id\":\"https:\/\/vanxhaber.com\/#website\",\"url\":\"https:\/\/vanxhaber.com\/\",\"name\":\"Van Haber | Van X Haber | Van Haberleri\",\"description\":\"Van Haber, Van&#039;\u0131n ilk yapay zeka teknolojileri ile yaz\u0131lan Van X Haber ve Van Haberlerini aktif g\u00fcncel sunan tek vanhaber merkezidir.\",\"potentialAction\":[{\"@type\":\"SearchAction\",\"target\":{\"@type\":\"EntryPoint\",\"urlTemplate\":\"https:\/\/vanxhaber.com\/?s={search_term_string}\"},\"query-input\":{\"@type\":\"PropertyValueSpecification\",\"valueRequired\":true,\"valueName\":\"search_term_string\"}}],\"inLanguage\":\"tr\"},{\"@type\":\"Person\",\"@id\":\"https:\/\/vanxhaber.com\/#\/schema\/person\/a5fd8d89510cb5370e62ad176f7978ee\",\"name\":\"Van X Haber\",\"image\":{\"@type\":\"ImageObject\",\"inLanguage\":\"tr\",\"@id\":\"https:\/\/vanxhaber.com\/#\/schema\/person\/image\/\",\"url\":\"https:\/\/secure.gravatar.com\/avatar\/36f2f63826681263103acb5ca1e7bc1a6db11baea9b75dd091d89b74f2704b07?s=96&d=mm&r=g\",\"contentUrl\":\"https:\/\/secure.gravatar.com\/avatar\/36f2f63826681263103acb5ca1e7bc1a6db11baea9b75dd091d89b74f2704b07?s=96&d=mm&r=g\",\"caption\":\"Van X Haber\"},\"description\":\"Van X Haber Van'\u0131n ilk ve tek yeni nesil Van Haber merkezi. Son Dakika Van Haberleri ve G\u00fcncel Van haber merkezinde s\u0131cak geli\u015fmeleri aktarmaya devam edece\u011fiz.\",\"url\":\"https:\/\/vanxhaber.com\/index.php\/author\/vangazetesi\/\"}]}<\/script>\n<!-- \/ Yoast SEO Premium plugin. -->","yoast_head_json":{"title":"Bah\u00e7esaray\u2019da yola d\u00fc\u015fen \u00e7\u0131\u011flar temizleniyor - Van Haber | Van X Haber | Van Haberleri","robots":{"index":"index","follow":"follow","max-snippet":"max-snippet:-1","max-image-preview":"max-image-preview:large","max-video-preview":"max-video-preview:-1"},"canonical":"https:\/\/vanxhaber.com\/index.php\/2024\/02\/01\/bahcesarayda-yola-dusen-ciglar-temizleniyor\/","og_locale":"tr_TR","og_type":"article","og_title":"Bah\u00e7esaray\u2019da yola d\u00fc\u015fen \u00e7\u0131\u011flar temizleniyor","og_description":"Van\u2019\u0131n Bah\u00e7esaray il\u00e7esinde \u00e7\u0131\u011f d\u00fc\u015fmesi sonucu kapanan yolun a\u00e7\u0131lmas\u0131 i\u00e7in \u00e7al\u0131\u015fmalar s\u00fcr\u00fcyor. Bah\u00e7esaray il\u00e7esine 28 kilometre uzakl\u0131kta bulunan Alt\u0131ndere Mahallesi\u2019nin yolunun iki noktas\u0131na \u00e7\u0131\u011f d\u00fc\u015ft\u00fc. Kapanan yolda Van B\u00fcy\u00fck\u015fehir Belediyesine ba\u011fl\u0131 Bah\u00e7esaray \u015eantiye \u015eefli\u011fi ekipleri, 3 i\u015f makinesiyle \u00e7al\u0131\u015fma ba\u015flatt\u0131. Ekipler, \u00e7\u0131\u011f\u0131n kapatt\u0131\u011f\u0131 mahalle yolunda t\u00fcneller a\u00e7arak ilerledi. \u0130\u015f makineleri, y\u00fcksekli\u011fi yer yer 6-7 metreyi &hellip;","og_url":"https:\/\/vanxhaber.com\/index.php\/2024\/02\/01\/bahcesarayda-yola-dusen-ciglar-temizleniyor\/","og_site_name":"Van Haber | Van X Haber | Van Haberleri","article_published_time":"2024-02-01T09:34:33+00:00","article_modified_time":"2024-02-01T09:34:34+00:00","author":"Van X Haber","twitter_card":"summary_large_image","twitter_misc":{"Yazan:":"Van X Haber","Tahmini okuma s\u00fcresi":"1 dakika"},"schema":{"@context":"https:\/\/schema.org","@graph":[{"@type":"Article","@id":"https:\/\/vanxhaber.com\/index.php\/2024\/02\/01\/bahcesarayda-yola-dusen-ciglar-temizleniyor\/#article","isPartOf":{"@id":"https:\/\/vanxhaber.com\/index.php\/2024\/02\/01\/bahcesarayda-yola-dusen-ciglar-temizleniyor\/"},"author":{"name":"Van X Haber","@id":"https:\/\/vanxhaber.com\/#\/schema\/person\/a5fd8d89510cb5370e62ad176f7978ee"},"headline":"Bah\u00e7esaray\u2019da yola d\u00fc\u015fen \u00e7\u0131\u011flar temizleniyor","datePublished":"2024-02-01T09:34:33+00:00","dateModified":"2024-02-01T09:34:34+00:00","mainEntityOfPage":{"@id":"https:\/\/vanxhaber.com\/index.php\/2024\/02\/01\/bahcesarayda-yola-dusen-ciglar-temizleniyor\/"},"wordCount":169,"commentCount":0,"articleSection":["Van E\u011fitim","Van Haberleri"],"inLanguage":"tr","potentialAction":[{"@type":"CommentAction","name":"Comment","target":["https:\/\/vanxhaber.com\/index.php\/2024\/02\/01\/bahcesarayda-yola-dusen-ciglar-temizleniyor\/#respond"]}],"copyrightYear":"2024","copyrightHolder":{"@id":"https:\/\/vanxhaber.com\/#organization"}},{"@type":"WebPage","@id":"https:\/\/vanxhaber.com\/index.php\/2024\/02\/01\/bahcesarayda-yola-dusen-ciglar-temizleniyor\/","url":"https:\/\/vanxhaber.com\/index.php\/2024\/02\/01\/bahcesarayda-yola-dusen-ciglar-temizleniyor\/","name":"Bah\u00e7esaray\u2019da yola d\u00fc\u015fen \u00e7\u0131\u011flar temizleniyor - Van Haber | Van X Haber | Van Haberleri","isPartOf":{"@id":"https:\/\/vanxhaber.com\/#website"},"datePublished":"2024-02-01T09:34:33+00:00","dateModified":"2024-02-01T09:34:34+00:00","author":{"@id":"https:\/\/vanxhaber.com\/#\/schema\/person\/a5fd8d89510cb5370e62ad176f7978ee"},"breadcrumb":{"@id":"https:\/\/vanxhaber.com\/index.php\/2024\/02\/01\/bahcesarayda-yola-dusen-ciglar-temizleniyor\/#breadcrumb"},"inLanguage":"tr","potentialAction":[{"@type":"ReadAction","target":["https:\/\/vanxhaber.com\/index.php\/2024\/02\/01\/bahcesarayda-yola-dusen-ciglar-temizleniyor\/"]}]},{"@type":"BreadcrumbList","@id":"https:\/\/vanxhaber.com\/index.php\/2024\/02\/01\/bahcesarayda-yola-dusen-ciglar-temizleniyor\/#breadcrumb","itemListElement":[{"@type":"ListItem","position":1,"name":"Anasayfa","item":"https:\/\/vanxhaber.com\/"},{"@type":"ListItem","position":2,"name":"Bah\u00e7esaray\u2019da yola d\u00fc\u015fen \u00e7\u0131\u011flar temizleniyor"}]},{"@type":"WebSite","@id":"https:\/\/vanxhaber.com\/#website","url":"https:\/\/vanxhaber.com\/","name":"Van Haber | Van X Haber | Van Haberleri","description":"Van Haber, Van&#039;\u0131n ilk yapay zeka teknolojileri ile yaz\u0131lan Van X Haber ve Van Haberlerini aktif g\u00fcncel sunan tek vanhaber merkezidir.","potentialAction":[{"@type":"SearchAction","target":{"@type":"EntryPoint","urlTemplate":"https:\/\/vanxhaber.com\/?s={search_term_string}"},"query-input":{"@type":"PropertyValueSpecification","valueRequired":true,"valueName":"search_term_string"}}],"inLanguage":"tr"},{"@type":"Person","@id":"https:\/\/vanxhaber.com\/#\/schema\/person\/a5fd8d89510cb5370e62ad176f7978ee","name":"Van X Haber","image":{"@type":"ImageObject","inLanguage":"tr","@id":"https:\/\/vanxhaber.com\/#\/schema\/person\/image\/","url":"https:\/\/secure.gravatar.com\/avatar\/36f2f63826681263103acb5ca1e7bc1a6db11baea9b75dd091d89b74f2704b07?s=96&d=mm&r=g","contentUrl":"https:\/\/secure.gravatar.com\/avatar\/36f2f63826681263103acb5ca1e7bc1a6db11baea9b75dd091d89b74f2704b07?s=96&d=mm&r=g","caption":"Van X Haber"},"description":"Van X Haber Van'\u0131n ilk ve tek yeni nesil Van Haber merkezi. Son Dakika Van Haberleri ve G\u00fcncel Van haber merkezinde s\u0131cak geli\u015fmeleri aktarmaya devam edece\u011fiz.","url":"https:\/\/vanxhaber.com\/index.php\/author\/vangazetesi\/"}]}},"_links":{"self":[{"href":"https:\/\/vanxhaber.com\/index.php\/wp-json\/wp\/v2\/posts\/1566","targetHints":{"allow":["GET"]}}],"collection":[{"href":"https:\/\/vanxhaber.com\/index.php\/wp-json\/wp\/v2\/posts"}],"about":[{"href":"https:\/\/vanxhaber.com\/index.php\/wp-json\/wp\/v2\/types\/post"}],"author":[{"embeddable":true,"href":"https:\/\/vanxhaber.com\/index.php\/wp-json\/wp\/v2\/users\/2"}],"replies":[{"embeddable":true,"href":"https:\/\/vanxhaber.com\/index.php\/wp-json\/wp\/v2\/comments?post=1566"}],"version-history":[{"count":1,"href":"https:\/\/vanxhaber.com\/index.php\/wp-json\/wp\/v2\/posts\/1566\/revisions"}],"predecessor-version":[{"id":1568,"href":"https:\/\/vanxhaber.com\/index.php\/wp-json\/wp\/v2\/posts\/1566\/revisions\/1568"}],"wp:attachment":[{"href":"https:\/\/vanxhaber.com\/index.php\/wp-json\/wp\/v2\/media?parent=1566"}],"wp:term":[{"taxonomy":"category","embeddable":true,"href":"https:\/\/vanxhaber.com\/index.php\/wp-json\/wp\/v2\/categories?post=1566"},{"taxonomy":"post_tag","embeddable":true,"href":"https:\/\/vanxhaber.com\/index.php\/wp-json\/wp\/v2\/tags?post=1566"}],"curies":[{"name":"wp","href":"https:\/\/api.w.org\/{rel}","templated":true}]}}