{"id":1573,"date":"2024-02-05T09:39:19","date_gmt":"2024-02-05T09:39:19","guid":{"rendered":"https:\/\/vanxhaber.com\/?p=1573"},"modified":"2024-02-05T09:39:20","modified_gmt":"2024-02-05T09:39:20","slug":"vanda-yariyil-tatili-312-bin-ogrenci-ve-19-bin-ogretmen-okula-basladi","status":"publish","type":"post","link":"https:\/\/vanxhaber.com\/index.php\/2024\/02\/05\/vanda-yariyil-tatili-312-bin-ogrenci-ve-19-bin-ogretmen-okula-basladi\/","title":{"rendered":"Van&#8217;da Yar\u0131y\u0131l Tatili: 312 Bin \u00d6\u011frenci ve 19 Bin \u00d6\u011fretmen okula Ba\u015flad\u0131"},"content":{"rendered":"\n<p>Van&#8217;da 2023-2024 e\u011fitim \u00f6\u011fretim y\u0131l\u0131n\u0131n birinci d\u00f6neminin tamamlanmas\u0131yla birlikte 312 bin 238 \u00f6\u011frenci ve 19 bin 256 \u00f6\u011fretmen i\u00e7in yar\u0131y\u0131l tatili ba\u015flad\u0131. <\/p>\n\n\n\n<p>E\u011fitim y\u0131l\u0131, 11 Eyl\u00fcl 2023 tarihinde ba\u015flam\u0131\u015ft\u0131 ve birinci d\u00f6nem 19 Ocak-05 \u015eubat 2024 tarihleri aras\u0131nda devam etti. \u0130l Milli E\u011fitim M\u00fcd\u00fcr\u00fc M. Nurettin Aras, tatil s\u00fcrecinin \u00f6\u011frencilere dinlenme ve ikinci d\u00f6nem i\u00e7in plan yapma f\u0131rsat\u0131 sundu\u011funu belirtti. \u00d6\u011frencilerin tatil boyunca kitap okuma, gezi gibi faaliyetler yaparak aileleriyle vakit ge\u00e7irecekleri ve dinlenmi\u015f bir \u015fekilde okullar\u0131na d\u00f6necekleri vurguland\u0131. Ayr\u0131ca, \u00f6\u011frencilerin tatilde ders \u00e7al\u0131\u015fmaya devam edeceklerini belirten a\u00e7\u0131klamalar da yap\u0131ld\u0131. 2023-2024 e\u011fitim \u00f6\u011fretim y\u0131l\u0131 ise 5 Nisan Pazartesi g\u00fcn\u00fc ba\u015flayacak ve 14 Haziran&#8217;da sona erecek.<\/p>\n","protected":false},"excerpt":{"rendered":"<p>Van&#8217;da 2023-2024 e\u011fitim \u00f6\u011fretim y\u0131l\u0131n\u0131n birinci d\u00f6neminin tamamlanmas\u0131yla birlikte 312 bin 238 \u00f6\u011frenci ve 19 bin 256 \u00f6\u011fretmen i\u00e7in yar\u0131y\u0131l tatili ba\u015flad\u0131. E\u011fitim y\u0131l\u0131, 11 Eyl\u00fcl 2023 tarihinde ba\u015flam\u0131\u015ft\u0131 ve birinci d\u00f6nem 19 Ocak-05 \u015eubat 2024 tarihleri aras\u0131nda devam etti. \u0130l Milli E\u011fitim M\u00fcd\u00fcr\u00fc M. Nurettin Aras, tatil s\u00fcrecinin \u00f6\u011frencilere dinlenme ve ikinci d\u00f6nem i\u00e7in &hellip;<\/p>\n","protected":false},"author":2,"featured_media":1575,"comment_status":"open","ping_status":"closed","sticky":false,"template":"","format":"standard","meta":{"googlesitekit_rrm_CAowot3VCw:productID":"","footnotes":""},"categories":[28,32,1],"tags":[],"class_list":["post-1573","post","type-post","status-publish","format-standard","has-post-thumbnail","hentry","category-van-egitim","category-van-genclik","category-van-haber"],"yoast_head":"<!-- This site is optimized with the Yoast SEO Premium plugin v21.7 (Yoast SEO v26.7) - https:\/\/yoast.com\/wordpress\/plugins\/seo\/ -->\n<title>Van&#039;da Yar\u0131y\u0131l Tatili: 312 Bin \u00d6\u011frenci ve 19 Bin \u00d6\u011fretmen okula Ba\u015flad\u0131 - Van Haber | Van X Haber | Van Haberleri<\/title>\n<meta name=\"robots\" content=\"index, follow, max-snippet:-1, max-image-preview:large, max-video-preview:-1\" \/>\n<link rel=\"canonical\" href=\"https:\/\/vanxhaber.com\/index.php\/2024\/02\/05\/vanda-yariyil-tatili-312-bin-ogrenci-ve-19-bin-ogretmen-okula-basladi\/\" \/>\n<meta property=\"og:locale\" content=\"tr_TR\" \/>\n<meta property=\"og:type\" content=\"article\" \/>\n<meta property=\"og:title\" content=\"Van&#039;da Yar\u0131y\u0131l Tatili: 312 Bin \u00d6\u011frenci ve 19 Bin \u00d6\u011fretmen okula Ba\u015flad\u0131\" \/>\n<meta property=\"og:description\" content=\"Van&#8217;da 2023-2024 e\u011fitim \u00f6\u011fretim y\u0131l\u0131n\u0131n birinci d\u00f6neminin tamamlanmas\u0131yla birlikte 312 bin 238 \u00f6\u011frenci ve 19 bin 256 \u00f6\u011fretmen i\u00e7in yar\u0131y\u0131l tatili ba\u015flad\u0131. E\u011fitim y\u0131l\u0131, 11 Eyl\u00fcl 2023 tarihinde ba\u015flam\u0131\u015ft\u0131 ve birinci d\u00f6nem 19 Ocak-05 \u015eubat 2024 tarihleri aras\u0131nda devam etti. \u0130l Milli E\u011fitim M\u00fcd\u00fcr\u00fc M. Nurettin Aras, tatil s\u00fcrecinin \u00f6\u011frencilere dinlenme ve ikinci d\u00f6nem i\u00e7in &hellip;\" \/>\n<meta property=\"og:url\" content=\"https:\/\/vanxhaber.com\/index.php\/2024\/02\/05\/vanda-yariyil-tatili-312-bin-ogrenci-ve-19-bin-ogretmen-okula-basladi\/\" \/>\n<meta property=\"og:site_name\" content=\"Van Haber | Van X Haber | Van Haberleri\" \/>\n<meta property=\"article:published_time\" content=\"2024-02-05T09:39:19+00:00\" \/>\n<meta property=\"article:modified_time\" content=\"2024-02-05T09:39:20+00:00\" \/>\n<meta property=\"og:image\" content=\"https:\/\/vanxhaber.com\/wp-content\/uploads\/2024\/02\/vanda-yarilyil-tatili.jpg\" \/>\n\t<meta property=\"og:image:width\" content=\"1110\" \/>\n\t<meta property=\"og:image:height\" content=\"500\" \/>\n\t<meta property=\"og:image:type\" content=\"image\/jpeg\" \/>\n<meta name=\"author\" content=\"Van X Haber\" \/>\n<meta name=\"twitter:card\" content=\"summary_large_image\" \/>\n<meta name=\"twitter:label1\" content=\"Yazan:\" \/>\n\t<meta name=\"twitter:data1\" content=\"Van X Haber\" \/>\n\t<meta name=\"twitter:label2\" content=\"Tahmini okuma s\u00fcresi\" \/>\n\t<meta name=\"twitter:data2\" content=\"1 dakika\" \/>\n<script type=\"application\/ld+json\" class=\"yoast-schema-graph\">{\"@context\":\"https:\/\/schema.org\",\"@graph\":[{\"@type\":\"Article\",\"@id\":\"https:\/\/vanxhaber.com\/index.php\/2024\/02\/05\/vanda-yariyil-tatili-312-bin-ogrenci-ve-19-bin-ogretmen-okula-basladi\/#article\",\"isPartOf\":{\"@id\":\"https:\/\/vanxhaber.com\/index.php\/2024\/02\/05\/vanda-yariyil-tatili-312-bin-ogrenci-ve-19-bin-ogretmen-okula-basladi\/\"},\"author\":{\"name\":\"Van X Haber\",\"@id\":\"https:\/\/vanxhaber.com\/#\/schema\/person\/a5fd8d89510cb5370e62ad176f7978ee\"},\"headline\":\"Van&#8217;da Yar\u0131y\u0131l Tatili: 312 Bin \u00d6\u011frenci ve 19 Bin \u00d6\u011fretmen okula Ba\u015flad\u0131\",\"datePublished\":\"2024-02-05T09:39:19+00:00\",\"dateModified\":\"2024-02-05T09:39:20+00:00\",\"mainEntityOfPage\":{\"@id\":\"https:\/\/vanxhaber.com\/index.php\/2024\/02\/05\/vanda-yariyil-tatili-312-bin-ogrenci-ve-19-bin-ogretmen-okula-basladi\/\"},\"wordCount\":147,\"commentCount\":0,\"image\":{\"@id\":\"https:\/\/vanxhaber.com\/index.php\/2024\/02\/05\/vanda-yariyil-tatili-312-bin-ogrenci-ve-19-bin-ogretmen-okula-basladi\/#primaryimage\"},\"thumbnailUrl\":\"https:\/\/vanxhaber.com\/wp-content\/uploads\/2024\/02\/vanda-yarilyil-tatili.jpg\",\"articleSection\":[\"Van E\u011fitim\",\"Van\u00a0Gen\u00e7lik\",\"Van Haber\"],\"inLanguage\":\"tr\",\"potentialAction\":[{\"@type\":\"CommentAction\",\"name\":\"Comment\",\"target\":[\"https:\/\/vanxhaber.com\/index.php\/2024\/02\/05\/vanda-yariyil-tatili-312-bin-ogrenci-ve-19-bin-ogretmen-okula-basladi\/#respond\"]}],\"copyrightYear\":\"2024\",\"copyrightHolder\":{\"@id\":\"https:\/\/vanxhaber.com\/#organization\"}},{\"@type\":\"WebPage\",\"@id\":\"https:\/\/vanxhaber.com\/index.php\/2024\/02\/05\/vanda-yariyil-tatili-312-bin-ogrenci-ve-19-bin-ogretmen-okula-basladi\/\",\"url\":\"https:\/\/vanxhaber.com\/index.php\/2024\/02\/05\/vanda-yariyil-tatili-312-bin-ogrenci-ve-19-bin-ogretmen-okula-basladi\/\",\"name\":\"Van'da Yar\u0131y\u0131l Tatili: 312 Bin \u00d6\u011frenci ve 19 Bin \u00d6\u011fretmen okula Ba\u015flad\u0131 - Van Haber | Van X Haber | Van Haberleri\",\"isPartOf\":{\"@id\":\"https:\/\/vanxhaber.com\/#website\"},\"primaryImageOfPage\":{\"@id\":\"https:\/\/vanxhaber.com\/index.php\/2024\/02\/05\/vanda-yariyil-tatili-312-bin-ogrenci-ve-19-bin-ogretmen-okula-basladi\/#primaryimage\"},\"image\":{\"@id\":\"https:\/\/vanxhaber.com\/index.php\/2024\/02\/05\/vanda-yariyil-tatili-312-bin-ogrenci-ve-19-bin-ogretmen-okula-basladi\/#primaryimage\"},\"thumbnailUrl\":\"https:\/\/vanxhaber.com\/wp-content\/uploads\/2024\/02\/vanda-yarilyil-tatili.jpg\",\"datePublished\":\"2024-02-05T09:39:19+00:00\",\"dateModified\":\"2024-02-05T09:39:20+00:00\",\"author\":{\"@id\":\"https:\/\/vanxhaber.com\/#\/schema\/person\/a5fd8d89510cb5370e62ad176f7978ee\"},\"breadcrumb\":{\"@id\":\"https:\/\/vanxhaber.com\/index.php\/2024\/02\/05\/vanda-yariyil-tatili-312-bin-ogrenci-ve-19-bin-ogretmen-okula-basladi\/#breadcrumb\"},\"inLanguage\":\"tr\",\"potentialAction\":[{\"@type\":\"ReadAction\",\"target\":[\"https:\/\/vanxhaber.com\/index.php\/2024\/02\/05\/vanda-yariyil-tatili-312-bin-ogrenci-ve-19-bin-ogretmen-okula-basladi\/\"]}]},{\"@type\":\"ImageObject\",\"inLanguage\":\"tr\",\"@id\":\"https:\/\/vanxhaber.com\/index.php\/2024\/02\/05\/vanda-yariyil-tatili-312-bin-ogrenci-ve-19-bin-ogretmen-okula-basladi\/#primaryimage\",\"url\":\"https:\/\/vanxhaber.com\/wp-content\/uploads\/2024\/02\/vanda-yarilyil-tatili.jpg\",\"contentUrl\":\"https:\/\/vanxhaber.com\/wp-content\/uploads\/2024\/02\/vanda-yarilyil-tatili.jpg\",\"width\":1110,\"height\":500},{\"@type\":\"BreadcrumbList\",\"@id\":\"https:\/\/vanxhaber.com\/index.php\/2024\/02\/05\/vanda-yariyil-tatili-312-bin-ogrenci-ve-19-bin-ogretmen-okula-basladi\/#breadcrumb\",\"itemListElement\":[{\"@type\":\"ListItem\",\"position\":1,\"name\":\"Anasayfa\",\"item\":\"https:\/\/vanxhaber.com\/\"},{\"@type\":\"ListItem\",\"position\":2,\"name\":\"Van&#8217;da Yar\u0131y\u0131l Tatili: 312 Bin \u00d6\u011frenci ve 19 Bin \u00d6\u011fretmen okula Ba\u015flad\u0131\"}]},{\"@type\":\"WebSite\",\"@id\":\"https:\/\/vanxhaber.com\/#website\",\"url\":\"https:\/\/vanxhaber.com\/\",\"name\":\"Van Haber | Van X Haber | Van Haberleri\",\"description\":\"Van Haber, Van&#039;\u0131n ilk yapay zeka teknolojileri ile yaz\u0131lan Van X Haber ve Van Haberlerini aktif g\u00fcncel sunan tek vanhaber merkezidir.\",\"potentialAction\":[{\"@type\":\"SearchAction\",\"target\":{\"@type\":\"EntryPoint\",\"urlTemplate\":\"https:\/\/vanxhaber.com\/?s={search_term_string}\"},\"query-input\":{\"@type\":\"PropertyValueSpecification\",\"valueRequired\":true,\"valueName\":\"search_term_string\"}}],\"inLanguage\":\"tr\"},{\"@type\":\"Person\",\"@id\":\"https:\/\/vanxhaber.com\/#\/schema\/person\/a5fd8d89510cb5370e62ad176f7978ee\",\"name\":\"Van X Haber\",\"image\":{\"@type\":\"ImageObject\",\"inLanguage\":\"tr\",\"@id\":\"https:\/\/vanxhaber.com\/#\/schema\/person\/image\/\",\"url\":\"https:\/\/secure.gravatar.com\/avatar\/36f2f63826681263103acb5ca1e7bc1a6db11baea9b75dd091d89b74f2704b07?s=96&d=mm&r=g\",\"contentUrl\":\"https:\/\/secure.gravatar.com\/avatar\/36f2f63826681263103acb5ca1e7bc1a6db11baea9b75dd091d89b74f2704b07?s=96&d=mm&r=g\",\"caption\":\"Van X Haber\"},\"description\":\"Van X Haber Van'\u0131n ilk ve tek yeni nesil Van Haber merkezi. Son Dakika Van Haberleri ve G\u00fcncel Van haber merkezinde s\u0131cak geli\u015fmeleri aktarmaya devam edece\u011fiz.\",\"url\":\"https:\/\/vanxhaber.com\/index.php\/author\/vangazetesi\/\"}]}<\/script>\n<!-- \/ Yoast SEO Premium plugin. -->","yoast_head_json":{"title":"Van'da Yar\u0131y\u0131l Tatili: 312 Bin \u00d6\u011frenci ve 19 Bin \u00d6\u011fretmen okula Ba\u015flad\u0131 - Van Haber | Van X Haber | Van Haberleri","robots":{"index":"index","follow":"follow","max-snippet":"max-snippet:-1","max-image-preview":"max-image-preview:large","max-video-preview":"max-video-preview:-1"},"canonical":"https:\/\/vanxhaber.com\/index.php\/2024\/02\/05\/vanda-yariyil-tatili-312-bin-ogrenci-ve-19-bin-ogretmen-okula-basladi\/","og_locale":"tr_TR","og_type":"article","og_title":"Van'da Yar\u0131y\u0131l Tatili: 312 Bin \u00d6\u011frenci ve 19 Bin \u00d6\u011fretmen okula Ba\u015flad\u0131","og_description":"Van&#8217;da 2023-2024 e\u011fitim \u00f6\u011fretim y\u0131l\u0131n\u0131n birinci d\u00f6neminin tamamlanmas\u0131yla birlikte 312 bin 238 \u00f6\u011frenci ve 19 bin 256 \u00f6\u011fretmen i\u00e7in yar\u0131y\u0131l tatili ba\u015flad\u0131. E\u011fitim y\u0131l\u0131, 11 Eyl\u00fcl 2023 tarihinde ba\u015flam\u0131\u015ft\u0131 ve birinci d\u00f6nem 19 Ocak-05 \u015eubat 2024 tarihleri aras\u0131nda devam etti. \u0130l Milli E\u011fitim M\u00fcd\u00fcr\u00fc M. Nurettin Aras, tatil s\u00fcrecinin \u00f6\u011frencilere dinlenme ve ikinci d\u00f6nem i\u00e7in &hellip;","og_url":"https:\/\/vanxhaber.com\/index.php\/2024\/02\/05\/vanda-yariyil-tatili-312-bin-ogrenci-ve-19-bin-ogretmen-okula-basladi\/","og_site_name":"Van Haber | Van X Haber | Van Haberleri","article_published_time":"2024-02-05T09:39:19+00:00","article_modified_time":"2024-02-05T09:39:20+00:00","og_image":[{"width":1110,"height":500,"url":"https:\/\/vanxhaber.com\/wp-content\/uploads\/2024\/02\/vanda-yarilyil-tatili.jpg","type":"image\/jpeg"}],"author":"Van X Haber","twitter_card":"summary_large_image","twitter_misc":{"Yazan:":"Van X Haber","Tahmini okuma s\u00fcresi":"1 dakika"},"schema":{"@context":"https:\/\/schema.org","@graph":[{"@type":"Article","@id":"https:\/\/vanxhaber.com\/index.php\/2024\/02\/05\/vanda-yariyil-tatili-312-bin-ogrenci-ve-19-bin-ogretmen-okula-basladi\/#article","isPartOf":{"@id":"https:\/\/vanxhaber.com\/index.php\/2024\/02\/05\/vanda-yariyil-tatili-312-bin-ogrenci-ve-19-bin-ogretmen-okula-basladi\/"},"author":{"name":"Van X Haber","@id":"https:\/\/vanxhaber.com\/#\/schema\/person\/a5fd8d89510cb5370e62ad176f7978ee"},"headline":"Van&#8217;da Yar\u0131y\u0131l Tatili: 312 Bin \u00d6\u011frenci ve 19 Bin \u00d6\u011fretmen okula Ba\u015flad\u0131","datePublished":"2024-02-05T09:39:19+00:00","dateModified":"2024-02-05T09:39:20+00:00","mainEntityOfPage":{"@id":"https:\/\/vanxhaber.com\/index.php\/2024\/02\/05\/vanda-yariyil-tatili-312-bin-ogrenci-ve-19-bin-ogretmen-okula-basladi\/"},"wordCount":147,"commentCount":0,"image":{"@id":"https:\/\/vanxhaber.com\/index.php\/2024\/02\/05\/vanda-yariyil-tatili-312-bin-ogrenci-ve-19-bin-ogretmen-okula-basladi\/#primaryimage"},"thumbnailUrl":"https:\/\/vanxhaber.com\/wp-content\/uploads\/2024\/02\/vanda-yarilyil-tatili.jpg","articleSection":["Van E\u011fitim","Van\u00a0Gen\u00e7lik","Van Haber"],"inLanguage":"tr","potentialAction":[{"@type":"CommentAction","name":"Comment","target":["https:\/\/vanxhaber.com\/index.php\/2024\/02\/05\/vanda-yariyil-tatili-312-bin-ogrenci-ve-19-bin-ogretmen-okula-basladi\/#respond"]}],"copyrightYear":"2024","copyrightHolder":{"@id":"https:\/\/vanxhaber.com\/#organization"}},{"@type":"WebPage","@id":"https:\/\/vanxhaber.com\/index.php\/2024\/02\/05\/vanda-yariyil-tatili-312-bin-ogrenci-ve-19-bin-ogretmen-okula-basladi\/","url":"https:\/\/vanxhaber.com\/index.php\/2024\/02\/05\/vanda-yariyil-tatili-312-bin-ogrenci-ve-19-bin-ogretmen-okula-basladi\/","name":"Van'da Yar\u0131y\u0131l Tatili: 312 Bin \u00d6\u011frenci ve 19 Bin \u00d6\u011fretmen okula Ba\u015flad\u0131 - Van Haber | Van X Haber | Van Haberleri","isPartOf":{"@id":"https:\/\/vanxhaber.com\/#website"},"primaryImageOfPage":{"@id":"https:\/\/vanxhaber.com\/index.php\/2024\/02\/05\/vanda-yariyil-tatili-312-bin-ogrenci-ve-19-bin-ogretmen-okula-basladi\/#primaryimage"},"image":{"@id":"https:\/\/vanxhaber.com\/index.php\/2024\/02\/05\/vanda-yariyil-tatili-312-bin-ogrenci-ve-19-bin-ogretmen-okula-basladi\/#primaryimage"},"thumbnailUrl":"https:\/\/vanxhaber.com\/wp-content\/uploads\/2024\/02\/vanda-yarilyil-tatili.jpg","datePublished":"2024-02-05T09:39:19+00:00","dateModified":"2024-02-05T09:39:20+00:00","author":{"@id":"https:\/\/vanxhaber.com\/#\/schema\/person\/a5fd8d89510cb5370e62ad176f7978ee"},"breadcrumb":{"@id":"https:\/\/vanxhaber.com\/index.php\/2024\/02\/05\/vanda-yariyil-tatili-312-bin-ogrenci-ve-19-bin-ogretmen-okula-basladi\/#breadcrumb"},"inLanguage":"tr","potentialAction":[{"@type":"ReadAction","target":["https:\/\/vanxhaber.com\/index.php\/2024\/02\/05\/vanda-yariyil-tatili-312-bin-ogrenci-ve-19-bin-ogretmen-okula-basladi\/"]}]},{"@type":"ImageObject","inLanguage":"tr","@id":"https:\/\/vanxhaber.com\/index.php\/2024\/02\/05\/vanda-yariyil-tatili-312-bin-ogrenci-ve-19-bin-ogretmen-okula-basladi\/#primaryimage","url":"https:\/\/vanxhaber.com\/wp-content\/uploads\/2024\/02\/vanda-yarilyil-tatili.jpg","contentUrl":"https:\/\/vanxhaber.com\/wp-content\/uploads\/2024\/02\/vanda-yarilyil-tatili.jpg","width":1110,"height":500},{"@type":"BreadcrumbList","@id":"https:\/\/vanxhaber.com\/index.php\/2024\/02\/05\/vanda-yariyil-tatili-312-bin-ogrenci-ve-19-bin-ogretmen-okula-basladi\/#breadcrumb","itemListElement":[{"@type":"ListItem","position":1,"name":"Anasayfa","item":"https:\/\/vanxhaber.com\/"},{"@type":"ListItem","position":2,"name":"Van&#8217;da Yar\u0131y\u0131l Tatili: 312 Bin \u00d6\u011frenci ve 19 Bin \u00d6\u011fretmen okula Ba\u015flad\u0131"}]},{"@type":"WebSite","@id":"https:\/\/vanxhaber.com\/#website","url":"https:\/\/vanxhaber.com\/","name":"Van Haber | Van X Haber | Van Haberleri","description":"Van Haber, Van&#039;\u0131n ilk yapay zeka teknolojileri ile yaz\u0131lan Van X Haber ve Van Haberlerini aktif g\u00fcncel sunan tek vanhaber merkezidir.","potentialAction":[{"@type":"SearchAction","target":{"@type":"EntryPoint","urlTemplate":"https:\/\/vanxhaber.com\/?s={search_term_string}"},"query-input":{"@type":"PropertyValueSpecification","valueRequired":true,"valueName":"search_term_string"}}],"inLanguage":"tr"},{"@type":"Person","@id":"https:\/\/vanxhaber.com\/#\/schema\/person\/a5fd8d89510cb5370e62ad176f7978ee","name":"Van X Haber","image":{"@type":"ImageObject","inLanguage":"tr","@id":"https:\/\/vanxhaber.com\/#\/schema\/person\/image\/","url":"https:\/\/secure.gravatar.com\/avatar\/36f2f63826681263103acb5ca1e7bc1a6db11baea9b75dd091d89b74f2704b07?s=96&d=mm&r=g","contentUrl":"https:\/\/secure.gravatar.com\/avatar\/36f2f63826681263103acb5ca1e7bc1a6db11baea9b75dd091d89b74f2704b07?s=96&d=mm&r=g","caption":"Van X Haber"},"description":"Van X Haber Van'\u0131n ilk ve tek yeni nesil Van Haber merkezi. Son Dakika Van Haberleri ve G\u00fcncel Van haber merkezinde s\u0131cak geli\u015fmeleri aktarmaya devam edece\u011fiz.","url":"https:\/\/vanxhaber.com\/index.php\/author\/vangazetesi\/"}]}},"_links":{"self":[{"href":"https:\/\/vanxhaber.com\/index.php\/wp-json\/wp\/v2\/posts\/1573","targetHints":{"allow":["GET"]}}],"collection":[{"href":"https:\/\/vanxhaber.com\/index.php\/wp-json\/wp\/v2\/posts"}],"about":[{"href":"https:\/\/vanxhaber.com\/index.php\/wp-json\/wp\/v2\/types\/post"}],"author":[{"embeddable":true,"href":"https:\/\/vanxhaber.com\/index.php\/wp-json\/wp\/v2\/users\/2"}],"replies":[{"embeddable":true,"href":"https:\/\/vanxhaber.com\/index.php\/wp-json\/wp\/v2\/comments?post=1573"}],"version-history":[{"count":1,"href":"https:\/\/vanxhaber.com\/index.php\/wp-json\/wp\/v2\/posts\/1573\/revisions"}],"predecessor-version":[{"id":1576,"href":"https:\/\/vanxhaber.com\/index.php\/wp-json\/wp\/v2\/posts\/1573\/revisions\/1576"}],"wp:featuredmedia":[{"embeddable":true,"href":"https:\/\/vanxhaber.com\/index.php\/wp-json\/wp\/v2\/media\/1575"}],"wp:attachment":[{"href":"https:\/\/vanxhaber.com\/index.php\/wp-json\/wp\/v2\/media?parent=1573"}],"wp:term":[{"taxonomy":"category","embeddable":true,"href":"https:\/\/vanxhaber.com\/index.php\/wp-json\/wp\/v2\/categories?post=1573"},{"taxonomy":"post_tag","embeddable":true,"href":"https:\/\/vanxhaber.com\/index.php\/wp-json\/wp\/v2\/tags?post=1573"}],"curies":[{"name":"wp","href":"https:\/\/api.w.org\/{rel}","templated":true}]}}